{"id":11170,"date":"2018-02-04T20:04:31","date_gmt":"2018-02-04T19:04:31","guid":{"rendered":"http:\/\/www.moravecteam.cz\/?p=11170"},"modified":"2018-02-04T20:06:29","modified_gmt":"2018-02-04T19:06:29","slug":"svetova-stopa","status":"publish","type":"post","link":"https:\/\/www.moravecteam.cz\/?p=11170","title":{"rendered":"Sv\u011btov\u00e1 Ad\u00e9l\u010dina stopa!"},"content":{"rendered":"<p style=\"text-align: justify;\"><strong><span style=\"color: #800000;\">Asi hodn\u011b MORAVC\u016e bylo minulou sobotu p\u0159i p\u0159enosu \u010cT 4 Sport ze z\u00e1vodu \u017een U23 v r\u00e1mci Mistrovstv\u00ed sv\u011bta v cyklokrosu z Nizozemsk\u00e9ho Valkenburgu, z\u0159ejm\u011b podobn\u011b jako j\u00e1, hodn\u011b emotivn\u00ed&#8230; Bodej\u0165 ne&#8230; Na\u0161e odchovankyn\u011b Ad\u00e9la \u0160af\u00e1\u0159ov\u00e1 uk\u00e1zala bravurn\u011b cyklokrosa\u0159sk\u00e9 sv\u011btov\u00e9 \u017eensk\u00e9\u00a0 \u0161pi\u010dce ve sv\u00e9 kategorii U23 &#8222;za\u010d je toho na Drahansk\u00e9 vrchovin\u011b loket&#8220;&#8230;<\/span><\/strong><\/p>\n<figure id=\"attachment_11179\" aria-describedby=\"caption-attachment-11179\" style=\"width: 543px\" class=\"wp-caption alignnone\"><a href=\"http:\/\/www.moravecteam.cz\/?attachment_id=11179\" rel=\"attachment wp-att-11179\"><img decoding=\"async\" loading=\"lazy\" class=\" wp-image-11179\" alt=\"imgc02a9eba489a4306990ab3d50b9dfe02\" src=\"http:\/\/www.moravecteam.cz\/wp-content\/uploads\/2018\/02\/imgc02a9eba489a4306990ab3d50b9dfe02.jpg\" width=\"543\" height=\"748\" srcset=\"https:\/\/www.moravecteam.cz\/wp-content\/uploads\/2018\/02\/imgc02a9eba489a4306990ab3d50b9dfe02.jpg 543w, https:\/\/www.moravecteam.cz\/wp-content\/uploads\/2018\/02\/imgc02a9eba489a4306990ab3d50b9dfe02-217x300.jpg 217w\" sizes=\"(max-width: 543px) 100vw, 543px\" \/><\/a><figcaption id=\"caption-attachment-11179\" class=\"wp-caption-text\">Ad\u00e9la \u0160af\u00e1\u0159ov\u00e1 zvl\u00e1dla premi\u00e9rov\u00e9 cyklokrosa\u0159sk\u00e9 Mistrov\u00ed sv\u011bta na jedi\u010dku!<\/figcaption><\/figure>\n<p style=\"text-align: justify;\">U\u017e z p\u0159ed t\u00fddnem fin\u00e1lov\u00fd z\u00e1vod cyklokrosa\u0159sk\u00e9ho sv\u011btov\u00e9ho poh\u00e1ru v Hoogerheide (tak\u00e9 Nizozemsko) napov\u011bd\u011bl, \u017ee <span style=\"color: #800000;\"><strong>Ad\u00e9la \u0160af\u00e1\u0159ov\u00e1<\/strong><\/span> se na p\u0159elomu ledna a \u00fanora t\u011b\u0161\u00ed v\u00fdte\u010dn\u00e9 form\u011b (32. m\u00edsto v z\u00e1vod\u011b \u017een bez rozd\u00edlu v\u011bku). A toto potvrdila i o t\u00fdden pozd\u011bji ve Valkenburgu. V z\u00e1vod\u011b jela skute\u010dn\u011b v\u00fdborn\u011b a\u00a0hodn\u011b dlouho to vypadalo i na to, \u017ee by mohla pom\u00fd\u0161let na medailov\u00e9 pozice. Extr\u00e9m\u011b bl\u00e1tiv\u00e1 a dost t\u011b\u017eko jeteln\u00e1 tra\u0165 si ale vybrala da\u0148 a ve druh\u00e9 polovin\u011b z\u00e1vodu Ad\u00e9la nasazen\u00e9 tempo zvolnila. P\u0159esto si ale um\u00edst\u011bn\u00ed\u00a0 v\u00a0TOP 10 s p\u0159ehledem ohl\u00eddala! Ztr\u00e1ta\u00a0pozi\u010dn\u00edho stup\u00ednku v c\u00edlov\u00e9 rovince sice m\u016f\u017ee mrzet, ale\u00a0vzhledem k tomu, \u017ee Adys dala do z\u00e1vodu v\u0161echno, a\u00a0 kon\u010dila ho u\u017e dost &#8222;pro\u0161it\u00e1&#8220;, \u00a0j\u00ed tuto chybku r\u00e1di odpust\u00edme! Bravo Ad\u00e9la, blahop\u0159ejeme a smek\u00e1me! Zde mrkn\u011bte na report\u00e1\u017ee z vrcholu leto\u0161n\u00ed cyklokrosa\u0159sk\u00e9 sez\u00f3ny.<\/p>\n<ul>\n<li><strong><a href=\"http:\/\/www.cyklokros.cz\/cz\/cyklokros-cz\/aktuality\/879-britka-evie-richards-ziskala-svuj-druhy-titul\">report\u00e1\u017e 1<\/a><\/strong><\/li>\n<li><a href=\"https:\/\/mtbs.cz\/clanek\/nash-dojela-daleko-za-lonskym-bronzem-safarova-devata\/kategorie\/mistrovstvi-sveta-cyklokros#.WndWk-jOW00\"><strong>report\u00e1\u017e 2<\/strong>\u00a0<\/a><\/li>\n<li><strong><a href=\"http:\/\/www.ceskysvazcyklistiky.cz\/clanek\/5886_zlata-obhajoba-cantove-smula-nash\">report\u00e1\u017e 3<\/a><\/strong><\/li>\n<\/ul>\n<p style=\"text-align: justify;\">\n","protected":false},"excerpt":{"rendered":"<p>Asi hodn\u011b MORAVC\u016e bylo minulou sobotu p\u0159i p\u0159enosu \u010cT 4 Sport ze z\u00e1vodu \u017een U23 v r\u00e1mci Mistrovstv\u00ed sv\u011bta v cyklokrosu z Nizozemsk\u00e9ho Valkenburgu, z\u0159ejm\u011b podobn\u011b jako j\u00e1, hodn\u011b emotivn\u00ed&#8230; Bodej\u0165 ne&#8230; Na\u0161e odchovankyn\u011b Ad\u00e9la \u0160af\u00e1\u0159ov\u00e1 uk\u00e1zala bravurn\u011b cyklokrosa\u0159sk\u00e9 sv\u011btov\u00e9 \u017eensk\u00e9\u00a0 \u0161pi\u010dce ve sv\u00e9 kategorii U23 &#8222;za\u010d je toho na Drahansk\u00e9 vrchovin\u011b loket&#8220;&#8230; U\u017e z &hellip; <a href=\"https:\/\/www.moravecteam.cz\/?p=11170\" class=\"more-link\">Pokra\u010dov\u00e1n\u00ed textu <span class=\"screen-reader-text\">Sv\u011btov\u00e1 Ad\u00e9l\u010dina stopa!<\/span> <span class=\"meta-nav\">&rarr;<\/span><\/a><\/p>\n","protected":false},"author":3,"featured_media":11178,"comment_status":"open","ping_status":"closed","sticky":false,"template":"","format":"standard","meta":[],"categories":[1],"tags":[],"_links":{"self":[{"href":"https:\/\/www.moravecteam.cz\/index.php?rest_route=\/wp\/v2\/posts\/11170"}],"collection":[{"href":"https:\/\/www.moravecteam.cz\/index.php?rest_route=\/wp\/v2\/posts"}],"about":[{"href":"https:\/\/www.moravecteam.cz\/index.php?rest_route=\/wp\/v2\/types\/post"}],"author":[{"embeddable":true,"href":"https:\/\/www.moravecteam.cz\/index.php?rest_route=\/wp\/v2\/users\/3"}],"replies":[{"embeddable":true,"href":"https:\/\/www.moravecteam.cz\/index.php?rest_route=%2Fwp%2Fv2%2Fcomments&post=11170"}],"version-history":[{"count":10,"href":"https:\/\/www.moravecteam.cz\/index.php?rest_route=\/wp\/v2\/posts\/11170\/revisions"}],"predecessor-version":[{"id":11186,"href":"https:\/\/www.moravecteam.cz\/index.php?rest_route=\/wp\/v2\/posts\/11170\/revisions\/11186"}],"wp:featuredmedia":[{"embeddable":true,"href":"https:\/\/www.moravecteam.cz\/index.php?rest_route=\/wp\/v2\/media\/11178"}],"wp:attachment":[{"href":"https:\/\/www.moravecteam.cz\/index.php?rest_route=%2Fwp%2Fv2%2Fmedia&parent=11170"}],"wp:term":[{"taxonomy":"category","embeddable":true,"href":"https:\/\/www.moravecteam.cz\/index.php?rest_route=%2Fwp%2Fv2%2Fcategories&post=11170"},{"taxonomy":"post_tag","embeddable":true,"href":"https:\/\/www.moravecteam.cz\/index.php?rest_route=%2Fwp%2Fv2%2Ftags&post=11170"}],"curies":[{"name":"wp","href":"https:\/\/api.w.org\/{rel}","templated":true}]}}