{"id":11188,"date":"2018-02-04T20:32:03","date_gmt":"2018-02-04T19:32:03","guid":{"rendered":"http:\/\/www.moravecteam.cz\/?p=11188"},"modified":"2018-02-04T20:32:03","modified_gmt":"2018-02-04T19:32:03","slug":"co-se-bude-dit-st06-2","status":"publish","type":"post","link":"https:\/\/www.moravecteam.cz\/?p=11188","title":{"rendered":"Co se bude d\u00edt? (ST06)"},"content":{"rendered":"<p style=\"text-align: justify;\"><span style=\"color: #ff0000;\"><strong>POZOR! St\u0159ede\u010dn\u00ed (7.2.) a p\u00e1te\u010dn\u00ed tr\u00e9nink (9.2.) z d\u016fvodu zimn\u00edho soust\u0159ed\u011bn\u00ed\u00a0 na\u0161ich\u00a0 borc\u016f a borek v Jesen\u00edk\u00e1ch &#8211; odpad\u00e1! Tr\u00e9novat v bene\u0161ovsk\u00e9 t\u011blocvi\u010dn\u011b budeme zase a\u017e ve st\u0159edu, 14. \u00fanora.\u00a0<\/strong><\/span><\/p>\n<p style=\"text-align: justify;\"><span style=\"color: #800000; font-size: 18px; font-weight: bold;\">Ned\u011ble 11.2.\u00a02018<\/span><\/p>\n<p style=\"text-align: justify;\">Dal\u0161\u00ed\u00a0 cyklovyj\u00ed\u017e\u010fka s Hankou a Vlast\u00edkem Odehnalov\u00fdmi. Sraz v 9.30 ve Sportparku Boskovice &#8211; Doubravy, zde\u00a0<strong><a href=\"http:\/\/www.moravecteam.cz\/?p=10120\">mrkn\u011bte na podrobnosti.<\/a>..<\/strong>\u00a0<span style=\"color: #ff0000;\">POZOR!\u00a0Info pro d\u011bti, kter\u00e9 nebudou mit na v\u00fdji\u017e\u010fce doprovod rodi\u010d\u016f:\u00a0 mus\u00ed s sebou mit n\u00e1hradn\u00ed rukavice, v\u011btrovku na p\u0159ioble\u010deni, pit\u00ed, sva\u010dinu nebo tra\u0165ovku, nehradni du\u0161i ( ne d\u011bravou)! Toto minim\u00e1ln\u00ed vybaven\u00ed bude p\u0159ed j\u00edzdou u d\u011bt\u00ed zkontrolov\u00e1no a kdo je nebude m\u00edt &#8211;\u00a0na v\u00fdj\u00ed\u017e\u010fku\u00a0nepojede!!!<\/span><\/p>\n<h5><span style=\"color: #800000;\">Akce t\u011bsn\u011b za horizontem<\/span><\/h5>\n<ul>\n<li style=\"text-align: justify;\">4.3. 2018 (ned\u011ble) &#8211; Putov\u00e1n\u00ed\u00a0po stop\u00e1ch YETTI.\u00a0Sraz p\u00e1tra\u010d\u016f ve 13.00 hodin u restaurace Morava Bene\u0161ov.<\/li>\n<li style=\"text-align: justify;\">9.3. &#8211; 18.3. 2018 &#8211;\u00a0\u00a0jarn\u00ed soust\u0159ed\u011bn\u00ed\u00a0&#8211; c\u00edlov\u00e1 destinace &#8211;\u00a0 m\u011bsto Pula v Chorvatsku. P\u0159edpokl\u00e1dan\u00e1 cena za pobyt &#8211; cca 5.000.- K\u010d na osobu. Seznam \u00fa\u010dastn\u00edk\u016f je\u00a0uzav\u0159en, d\u00edky za V\u00e1\u0161 aktivn\u00ed p\u0159\u00edstup! Dal\u0161\u00ed podrobnosti k akci budou postupn\u011b sd\u011blov\u00e1ny.<\/li>\n<li style=\"text-align: justify;\">24.3. &#8211; 25.3. 2018\u00a0 MTB z\u00e1vody Kamptal Klasik Trophy v Langenlois<\/li>\n<li style=\"text-align: justify;\">12.4. 2018 &#8211; Ofici\u00e1ln\u00ed zah\u00e1jen\u00ed cyklistick\u00e9 sez\u00f3ny\u00a0MORAVEC Teamu. P\u0159edpokl\u00e1dan\u00fd za\u010d\u00e1tek: \u00a017.00 hodin v restauraci Morava Bene\u0161ov. Zde si p\u0159ipome\u0148te, co V\u00e1m bylo ozn\u00e1meno na sch\u016fzce s rodi\u010di 12. ledna, tj\u00a0 podle jak\u00fdch odd\u00edlov\u00fdch &#8222;not se letos bude hr\u00e1t&#8220;:\u00a0<strong><a href=\"http:\/\/www.moravecteam.cz\/?attachment_id=11149\" rel=\"attachment wp-att-11149\">Sez\u00f3na 2018 &#8211; koncepce<\/a><\/strong>,\u00a0\u00a0<strong><a href=\"http:\/\/www.moravecteam.cz\/?attachment_id=11150\" rel=\"attachment wp-att-11150\">Status z\u00e1vodn\u00edka cyklistick\u00e9ho odd\u00edlu MORAVEC Team<\/a>.<\/strong>\u00a0A podle jak\u00e9ho kalend\u00e1\u0159e pojedeme:\u00a0<strong><a href=\"http:\/\/www.moravecteam.cz\/?attachment_id=11154\" rel=\"attachment wp-att-11154\">MORAVEC Team &#8211; term\u00ednov\u00fd kalend\u00e1\u0159 2018<\/a>&#8230;<\/strong><\/li>\n<\/ul>\n","protected":false},"excerpt":{"rendered":"<p>POZOR! St\u0159ede\u010dn\u00ed (7.2.) a p\u00e1te\u010dn\u00ed tr\u00e9nink (9.2.) z d\u016fvodu zimn\u00edho soust\u0159ed\u011bn\u00ed\u00a0 na\u0161ich\u00a0 borc\u016f a borek v Jesen\u00edk\u00e1ch &#8211; odpad\u00e1! Tr\u00e9novat v bene\u0161ovsk\u00e9 t\u011blocvi\u010dn\u011b budeme zase a\u017e ve st\u0159edu, 14. \u00fanora.\u00a0 Ned\u011ble 11.2.\u00a02018 Dal\u0161\u00ed\u00a0 cyklovyj\u00ed\u017e\u010fka s Hankou a Vlast\u00edkem Odehnalov\u00fdmi. Sraz v 9.30 ve Sportparku Boskovice &#8211; Doubravy, zde\u00a0mrkn\u011bte na podrobnosti&#8230;\u00a0POZOR!\u00a0Info pro d\u011bti, kter\u00e9 nebudou mit &hellip; <a href=\"https:\/\/www.moravecteam.cz\/?p=11188\" class=\"more-link\">Pokra\u010dov\u00e1n\u00ed textu <span class=\"screen-reader-text\">Co se bude d\u00edt? (ST06)<\/span> <span class=\"meta-nav\">&rarr;<\/span><\/a><\/p>\n","protected":false},"author":3,"featured_media":11192,"comment_status":"open","ping_status":"closed","sticky":false,"template":"","format":"standard","meta":[],"categories":[11],"tags":[],"_links":{"self":[{"href":"https:\/\/www.moravecteam.cz\/index.php?rest_route=\/wp\/v2\/posts\/11188"}],"collection":[{"href":"https:\/\/www.moravecteam.cz\/index.php?rest_route=\/wp\/v2\/posts"}],"about":[{"href":"https:\/\/www.moravecteam.cz\/index.php?rest_route=\/wp\/v2\/types\/post"}],"author":[{"embeddable":true,"href":"https:\/\/www.moravecteam.cz\/index.php?rest_route=\/wp\/v2\/users\/3"}],"replies":[{"embeddable":true,"href":"https:\/\/www.moravecteam.cz\/index.php?rest_route=%2Fwp%2Fv2%2Fcomments&post=11188"}],"version-history":[{"count":3,"href":"https:\/\/www.moravecteam.cz\/index.php?rest_route=\/wp\/v2\/posts\/11188\/revisions"}],"predecessor-version":[{"id":11191,"href":"https:\/\/www.moravecteam.cz\/index.php?rest_route=\/wp\/v2\/posts\/11188\/revisions\/11191"}],"wp:featuredmedia":[{"embeddable":true,"href":"https:\/\/www.moravecteam.cz\/index.php?rest_route=\/wp\/v2\/media\/11192"}],"wp:attachment":[{"href":"https:\/\/www.moravecteam.cz\/index.php?rest_route=%2Fwp%2Fv2%2Fmedia&parent=11188"}],"wp:term":[{"taxonomy":"category","embeddable":true,"href":"https:\/\/www.moravecteam.cz\/index.php?rest_route=%2Fwp%2Fv2%2Fcategories&post=11188"},{"taxonomy":"post_tag","embeddable":true,"href":"https:\/\/www.moravecteam.cz\/index.php?rest_route=%2Fwp%2Fv2%2Ftags&post=11188"}],"curies":[{"name":"wp","href":"https:\/\/api.w.org\/{rel}","templated":true}]}}