{"id":11194,"date":"2018-02-11T19:20:11","date_gmt":"2018-02-11T18:20:11","guid":{"rendered":"http:\/\/www.moravecteam.cz\/?p=11194"},"modified":"2018-02-12T08:17:50","modified_gmt":"2018-02-12T07:17:50","slug":"stribrnice-na-jednicku","status":"publish","type":"post","link":"https:\/\/www.moravecteam.cz\/?p=11194","title":{"rendered":"St\u0159\u00edbrnice na jedni\u010dku!"},"content":{"rendered":"<p style=\"text-align: justify;\"><strong><span style=\"color: #800000;\">Jeden z d\u016fle\u017eit\u00fdch fundament\u016f zimn\u00ed p\u0159\u00edpravy m\u00e1 MORAVEC Team za sebou. Zimn\u00ed soust\u0159ed\u011bn\u00ed, na kter\u00e9m jsou z\u00e1kladn\u00edm tr\u00e9ninkov\u00fdm &#8222;mu\u010didlem&#8220; ly\u017ee &#8211; b\u011b\u017eky, prob\u011bhlo letos v St\u0159\u00edbrnic\u00edch,\u00a0 v mal\u00e9 v\u00edsce v Jesen\u00edk\u00e1ch pobl\u00ed\u017e Star\u00e9ho M\u011bsta, kdy\u017e do\u010dasnou \u00fato\u010dnou z\u00e1kladnou se pro v\u00edc jak t\u0159ic\u00edtku do\u010dasn\u00fdch ly\u017ea\u0159\u016f-b\u011b\u017ec\u016f stala horsk\u00e1 chata N\u00e1vr\u0161\u00ed, kterou pro na\u0161i v\u011bc &#8222;vy\u010denichala&#8220; jedna z opor\u00a0z jesenick\u00e9ho\u00a0 do\u010dasn\u00e9ho horsk\u00e9ho realiza\u010dn\u00edho t\u00fdmu &#8211; M\u00ed\u0161a Hanouskov\u00e1.<\/span><\/strong><\/p>\n<figure id=\"attachment_11199\" aria-describedby=\"caption-attachment-11199\" style=\"width: 1507px\" class=\"wp-caption alignnone\"><a href=\"http:\/\/www.moravecteam.cz\/?attachment_id=11199\" rel=\"attachment wp-att-11199\"><img decoding=\"async\" loading=\"lazy\" class=\" wp-image-11199\" alt=\"02\" src=\"http:\/\/www.moravecteam.cz\/wp-content\/uploads\/2018\/02\/02.jpg\" width=\"1507\" height=\"1241\" srcset=\"https:\/\/www.moravecteam.cz\/wp-content\/uploads\/2018\/02\/02.jpg 1507w, https:\/\/www.moravecteam.cz\/wp-content\/uploads\/2018\/02\/02-300x247.jpg 300w, https:\/\/www.moravecteam.cz\/wp-content\/uploads\/2018\/02\/02-1024x843.jpg 1024w\" sizes=\"(max-width: 1507px) 100vw, 1507px\" \/><\/a><figcaption id=\"caption-attachment-11199\" class=\"wp-caption-text\">Do\u010dasn\u00e9 z\u00e1zem\u00ed n\u00e1m na na\u0161i zimn\u00ed tr\u00e9ninkovou misi pokytnula tato klasick\u00e1 horsk\u00e1 chata&#8230;<\/figcaption><\/figure>\n<p style=\"text-align: justify;\">A M\u00ed\u0161a m\u011bla vskutku dobr\u00fd &#8222;\u010duch&#8220;! Alespo\u0148 co se prvn\u00edch reakc\u00ed\u00a0 z\u00fa\u010dastn\u011bn\u00fdch t\u00fd\u010de. Z\u00e1zem\u00ed horsk\u00e9 chaty n\u00e1m poskytlo p\u0159esn\u011b to, co tren\u00e9\u0159i vy\u017eadovali: dostatek sn\u011bhu pro ly\u017ea\u0159sk\u00fd b\u011b\u017eeck\u00fd sport, snadn\u00fd dosah nejen ly\u017ea\u0159sk\u00fd b\u011b\u017eeck\u00fdch okruh\u016f, kter\u00e9 byly pravideln\u011b upravov\u00e1ny, ale i sjezda\u0159sk\u00e9 svahy byly, co by kamenem dohodil. Z person\u00e1lu horsk\u00e9 chaty jsem m\u011bl od sam\u00e9ho po\u010d\u00e1tku dojedn\u00e1v\u00e1n\u00ed na\u0161eho pobytu dobr\u00fd pocit, a to se potvrdilo i v re\u00e1lu. Kvalitn\u00edho a chutn\u00e9ho j\u00eddla, stejn\u011b jako tekutin,\u00a0 m\u011bli na\u0161i dostatek a ze strany hostitel\u016f byla snaha vych\u00e1zet n\u00e1m, pokud mo\u017eno co nejv\u00edce vst\u0159\u00edc. \u017de se z\u00e1zem\u00edm byli na\u0161i\u00a0 po v\u011bt\u0161inou spokojeni je d\u016fkazem to, \u017ee chata je u\u017e p\u0159eb\u011b\u017en\u011b pro n\u00e1s &#8222;zabukov\u00e1na&#8220; i na \u0159\u00ed\u0161t\u00ed rok&#8230;<\/p>\n<figure id=\"attachment_11198\" aria-describedby=\"caption-attachment-11198\" style=\"width: 720px\" class=\"wp-caption alignnone\"><a href=\"http:\/\/www.moravecteam.cz\/?attachment_id=11198\" rel=\"attachment wp-att-11198\"><img decoding=\"async\" loading=\"lazy\" class=\" wp-image-11198\" alt=\"01\" src=\"http:\/\/www.moravecteam.cz\/wp-content\/uploads\/2018\/02\/01.jpg\" width=\"720\" height=\"664\" srcset=\"https:\/\/www.moravecteam.cz\/wp-content\/uploads\/2018\/02\/01.jpg 720w, https:\/\/www.moravecteam.cz\/wp-content\/uploads\/2018\/02\/01-300x276.jpg 300w\" sizes=\"(max-width: 720px) 100vw, 720px\" \/><\/a><figcaption id=\"caption-attachment-11198\" class=\"wp-caption-text\">Hodn\u011b vysok\u00e9ho postaven\u00ed dos\u00e1hli na\u0161i v tomto okam\u017eiku pod taktovkou Vojty Gr\u00fcna&#8230; Typoval bych, \u017ee jsou ve v\u00fd\u0161ce nad 1000 m.n.m&#8230;<\/figcaption><\/figure>\n<p style=\"text-align: justify;\">Podle zpr\u00e1v tren\u00e9r\u016f (krom\u011b zm\u00edn\u011bn\u00e9 M\u00ed\u0161i se o &#8222;ma\u010daft&#8220; vzorn\u011b postaral jako &#8222;head coach&#8220; <strong><span style=\"color: #800000;\">Milan Tlamka<\/span><\/strong> se sv\u00fdmi dal\u0161\u00edmi dv\u011bma sv\u011bdomit\u00fdmi spolupracovn\u00edky &#8211; <span style=\"color: #800000;\"><strong>Vojtou Gr\u00fcnem<\/strong><\/span> a <strong><span style=\"color: #800000;\">Frantou Pad\u011brou<\/span><\/strong>,\u00a0 prob\u011bhla zimn\u00ed mise v souladu se stanoven\u00fdm &#8222;letov\u00fdm pl\u00e1nem&#8220;.\u00a0 \u00a0Nechyb\u011blo nic, co na takovou akci pat\u0159\u00ed: na\u0161i si notn\u011b &#8222;zaskota\u010dili&#8220; nejen co by ly\u017ea\u0159i-b\u011b\u017eka\u0159i, ale i co by ly\u017ea\u0159i-sjezda\u0159i, horsk\u00fd ter\u00e9n nab\u00edzel i mo\u017enost tr\u00e9nink\u016f z\u00e1kladn\u00ed vytrvalosti formou p\u011b\u0161\u00edch t\u016fr (p\u0159i jedn\u00e9 takov\u00e9 se na\u0161i ocitli dokonce a\u017e &#8222;v oblac\u00edch&#8220;, nechyb\u011bl ani m\u011b\u0159en\u00fd ly\u017ea\u0159sko-b\u011b\u017eka\u0159sk\u00fd kontroln\u00ed z\u00e1vod. Ba ani tane\u010dn\u00ed &#8222;seqence&#8220; &#8211; vhodn\u00fd to variabiln\u00ed dopln\u011bk zimn\u00ed p\u0159\u00edpravy &#8211; nebyly sv\u011bdomit\u00fdmi tren\u00e9ry na z\u00e1v\u011br p\u0159\u00edpravy opomenuty!<\/p>\n<figure id=\"attachment_11200\" aria-describedby=\"caption-attachment-11200\" style=\"width: 1768px\" class=\"wp-caption alignnone\"><a href=\"http:\/\/www.moravecteam.cz\/?attachment_id=11200\" rel=\"attachment wp-att-11200\"><img decoding=\"async\" loading=\"lazy\" class=\" wp-image-11200\" alt=\"03\" src=\"http:\/\/www.moravecteam.cz\/wp-content\/uploads\/2018\/02\/03.jpg\" width=\"1768\" height=\"1056\" srcset=\"https:\/\/www.moravecteam.cz\/wp-content\/uploads\/2018\/02\/03.jpg 1768w, https:\/\/www.moravecteam.cz\/wp-content\/uploads\/2018\/02\/03-300x179.jpg 300w, https:\/\/www.moravecteam.cz\/wp-content\/uploads\/2018\/02\/03-1024x611.jpg 1024w\" sizes=\"(max-width: 1768px) 100vw, 1768px\" \/><\/a><figcaption id=\"caption-attachment-11200\" class=\"wp-caption-text\">Vysok\u00fdch postaven\u00ed si v Jesen\u00edk\u00e1ch u\u017e\u00edvaly i na\u0161e &#8222;mlad\u00e9 pu\u0161ky&#8220; pod Milanov\u00fdm veden\u00edm&#8230;<\/figcaption><\/figure>\n<p style=\"text-align: justify;\">Samoz\u0159ejm\u011b, \u017ee sou\u010d\u00e1st\u00ed soust\u0159ed\u011bn\u00ed byli i &#8222;statick\u00e9&#8220; formy tr\u00e9ninku. M\u00e1m te\u010f na mysli p\u0159edev\u0161\u00edm stre\u010dink, kter\u00fd je pro v\u011bt\u0161inu cyklist\u016f nudou, ale kdy\u017e se jim &#8222;podsrt\u010d\u00ed&#8220; vhodnou, p\u0159ita\u017elivou formou, je to pak v\u017edy o n\u011b\u010dem jin\u00e9m! A to se, mysl\u00edm, na\u0161im &#8222;kou\u010d\u016fm&#8220; ve St\u0159\u00edbrnici, da\u0159ilo praktikovat\u00a0 v\u00fdborn\u011b! No a i kdy\u017e byla na po\u0159adu ka\u017ed\u00e9ho tr\u00e9ninkov\u00e9ho dne sv\u011bdomit\u00e1 pohybov\u00e1 praxe, bylo super, \u017ee d\u00edky vysoce odborn\u011b erudovan\u00e9mu\u00a0<strong><span style=\"color: #800000;\">Vojtovi Gr\u00fcnovi<\/span><\/strong> nechyb\u011bla,\u00a0prost\u0159ednictv\u00edm jeho zasv\u011bcen\u00fdch a vysoce stejn\u011b tak profesion\u00e1ln\u011b, jako\u017e i srozumiteln\u011b\u00a0 podan\u00fdch p\u0159edn\u00e1\u0161ek, ani teorie&#8230; A \u017ee m\u00e1me hodn\u011b teplotn\u011b odoln\u00e9 rajdry, dosv\u011bd\u010duje fotodokumentace, z &#8211; jak tu\u0161\u00edm &#8211; jedn\u00e9 z rann\u00edch rozcvi\u010dek&#8230; Na fotky mrkn\u011bte n\u00ed\u017ee&#8230; I kdy\u017e jsou dost sexy, nejsou sexy zase tak, \u017ee bych musel d\u00e1vat na jejich okouknut\u00ed \u010dasov\u00fd filtr &#8211; tj. mo\u017enost shl\u00e9dnut\u00ed a\u017e po 22.00 hodin\u011b&#8230;<\/p>\n<figure id=\"attachment_11201\" aria-describedby=\"caption-attachment-11201\" style=\"width: 979px\" class=\"wp-caption alignnone\"><a href=\"http:\/\/www.moravecteam.cz\/?attachment_id=11201\" rel=\"attachment wp-att-11201\"><img decoding=\"async\" loading=\"lazy\" class=\" wp-image-11201\" alt=\"04\" src=\"http:\/\/www.moravecteam.cz\/wp-content\/uploads\/2018\/02\/04.jpg\" width=\"979\" height=\"749\" srcset=\"https:\/\/www.moravecteam.cz\/wp-content\/uploads\/2018\/02\/04.jpg 979w, https:\/\/www.moravecteam.cz\/wp-content\/uploads\/2018\/02\/04-300x229.jpg 300w\" sizes=\"(max-width: 979px) 100vw, 979px\" \/><\/a><figcaption id=\"caption-attachment-11201\" class=\"wp-caption-text\">Na trati v pln\u00e9m tempu volnou techikou&#8230;<\/figcaption><\/figure>\n<p style=\"text-align: justify;\">Bezesporu dal\u0161\u00edm pozitivem St\u0159\u00edbrnic je skute\u010dnost, \u017ee v\u00edce jak t\u0159ic\u00edtka \u00fa\u010dastn\u00edk\u016f vytvo\u0159ila sehranou partu, do kter\u00e9 v\u00fdte\u010dn\u011b zapadlo n\u00e1m do t\u00e9 doby nezn\u00e1m\u00e9 a d\u00edk \u0160indel\u00e1\u0159ov\u00fdm pro n\u00e1s objeven\u00e9\u00a0 trio jak Kuglerovic, tak ryz\u00ed atleti &#8211; b\u011b\u017eci z\u00a0 tr\u00e9ninkov\u00e9 skupiny u\u017e n\u011bkolikr\u00e1t po z\u00e1sluze zm\u00edn\u011bn\u00e9ho Vojty Gr\u00fcna.\u00a0 Budeme-li cht\u00edt na pr\u00e1v\u011b skon\u010den\u00e9m zimn\u00edm soust\u0159ed\u011bn\u00ed MORAVEC Teamu hledat &#8222;chloupky&#8220;, najdeme je dost zt\u011b\u017eka. Pravda. Sm\u016flou bylo, \u017ee z d\u016fvodu nemoci se nemohla, bohu\u017eel z\u00fa\u010dastnit Bar\u010da Tlamkov\u00e1 a t\u00edm p\u00e1dem chyb\u011bl v na\u0161\u00ed sehran\u00e9 part\u011b i jej\u00ed t\u00e1ta Pavel. Vir\u00f3za p\u0159\u00edmo na m\u00edst\u011b postihla, bohu\u017eel, i Toma Dou\u0161ka, kter\u00fd si s rodi\u010di u\u017eil nakonec jen hodn\u011b zkr\u00e1cen\u00e9ho pobytu&#8230;<\/p>\n<figure id=\"attachment_11202\" aria-describedby=\"caption-attachment-11202\" style=\"width: 1536px\" class=\"wp-caption alignnone\"><a href=\"http:\/\/www.moravecteam.cz\/?attachment_id=11202\" rel=\"attachment wp-att-11202\"><img decoding=\"async\" loading=\"lazy\" class=\" wp-image-11202\" alt=\"06\" src=\"http:\/\/www.moravecteam.cz\/wp-content\/uploads\/2018\/02\/06.jpg\" width=\"1536\" height=\"1441\" srcset=\"https:\/\/www.moravecteam.cz\/wp-content\/uploads\/2018\/02\/06.jpg 1536w, https:\/\/www.moravecteam.cz\/wp-content\/uploads\/2018\/02\/06-300x281.jpg 300w, https:\/\/www.moravecteam.cz\/wp-content\/uploads\/2018\/02\/06-1024x960.jpg 1024w\" sizes=\"(max-width: 1536px) 100vw, 1536px\" \/><\/a><figcaption id=\"caption-attachment-11202\" class=\"wp-caption-text\">Tudy vede stezka do oblak\u016f&#8230;.<\/figcaption><\/figure>\n<p style=\"text-align: justify;\">A \u017ee jeden den (resp. jedno odpoledne-ve\u010der) byla lokalita, v\u010detn\u011b chaty N\u00e1vr\u0161\u00ed,\u00a0 relativn\u011b dlouho (cca od 16.00 do 23.00 hodin) bez elektrick\u00e9ho proudu? I tuto situaci zvl\u00e1dli na\u0161i bravurn\u011b, &#8222;bez trestnyho bodo&#8220;&#8230; \u010celovky a baterky, kter\u00e9 m\u011bli s sebou sice na \u00fapln\u011b jinou z\u00e1bavnou aktivitu, se za dan\u00e9 kolizn\u00ed\u00a0 situace v\u00fdborn\u011b hodily, a my se jen &#8222;modl\u00edme&#8220;, aby &#8222;qartet&#8220; rodiny Novotn\u00fdch, kter\u00fd\u017eto v\u00fdpadk el. proudu zastihl je\u0161t\u011b na seda\u010dce lanovky sjezda\u0159sk\u00e9ho svahu, a kte\u0159\u00ed t\u00edm p\u00e1dem museli \u010delkat relativn\u011b dlouhou dobu na &#8222;vysvobvozen\u00ed&#8220;, dodate\u010dn\u011b neomarodil&#8230; Zkr\u00e1tka St\u0159\u00edbrnice polo\u017eili po v\u0161ech str\u00e1nk\u00e1ch pevn\u00fd z\u00e1klad pro \u00fasp\u011b\u0161nou sez\u00f3nu 2018. D\u00edky v\u0161em za supr p\u0159\u00edstup a poctivou tr\u00e9ninkovou &#8222;rachotu&#8220;! Bravo MORAVEC Team! Mrkn\u011bte na dv\u011b pr\u016fkazn\u00e9 (sexy) fotogalerie (d\u00edky, Milane, Honzo a hlavn\u011b Franto!):<\/p>\n<ul>\n<li><strong><a href=\"http:\/\/moravecteam.rajce.idnes.cz\/2018.02.10_Zimni_soustredeni_Jeseniky\/\">Fotogalerie \u010d.1<\/a><\/strong><\/li>\n<li><strong><a href=\"http:\/\/moravecteam.rajce.idnes.cz\/2018.02.10_Zimni_soustredeni_Jeseniky_-_2\/\">Fotogalerie \u010d.2<\/a><\/strong><\/li>\n<\/ul>\n<p style=\"text-align: justify;\">\n","protected":false},"excerpt":{"rendered":"<p>Jeden z d\u016fle\u017eit\u00fdch fundament\u016f zimn\u00ed p\u0159\u00edpravy m\u00e1 MORAVEC Team za sebou. Zimn\u00ed soust\u0159ed\u011bn\u00ed, na kter\u00e9m jsou z\u00e1kladn\u00edm tr\u00e9ninkov\u00fdm &#8222;mu\u010didlem&#8220; ly\u017ee &#8211; b\u011b\u017eky, prob\u011bhlo letos v St\u0159\u00edbrnic\u00edch,\u00a0 v mal\u00e9 v\u00edsce v Jesen\u00edk\u00e1ch pobl\u00ed\u017e Star\u00e9ho M\u011bsta, kdy\u017e do\u010dasnou \u00fato\u010dnou z\u00e1kladnou se pro v\u00edc jak t\u0159ic\u00edtku do\u010dasn\u00fdch ly\u017ea\u0159\u016f-b\u011b\u017ec\u016f stala horsk\u00e1 chata N\u00e1vr\u0161\u00ed, kterou pro na\u0161i v\u011bc &#8222;vy\u010denichala&#8220; jedna &hellip; <a href=\"https:\/\/www.moravecteam.cz\/?p=11194\" class=\"more-link\">Pokra\u010dov\u00e1n\u00ed textu <span class=\"screen-reader-text\">St\u0159\u00edbrnice na jedni\u010dku!<\/span> <span class=\"meta-nav\">&rarr;<\/span><\/a><\/p>\n","protected":false},"author":3,"featured_media":11197,"comment_status":"open","ping_status":"closed","sticky":false,"template":"","format":"standard","meta":[],"categories":[9],"tags":[],"_links":{"self":[{"href":"https:\/\/www.moravecteam.cz\/index.php?rest_route=\/wp\/v2\/posts\/11194"}],"collection":[{"href":"https:\/\/www.moravecteam.cz\/index.php?rest_route=\/wp\/v2\/posts"}],"about":[{"href":"https:\/\/www.moravecteam.cz\/index.php?rest_route=\/wp\/v2\/types\/post"}],"author":[{"embeddable":true,"href":"https:\/\/www.moravecteam.cz\/index.php?rest_route=\/wp\/v2\/users\/3"}],"replies":[{"embeddable":true,"href":"https:\/\/www.moravecteam.cz\/index.php?rest_route=%2Fwp%2Fv2%2Fcomments&post=11194"}],"version-history":[{"count":6,"href":"https:\/\/www.moravecteam.cz\/index.php?rest_route=\/wp\/v2\/posts\/11194\/revisions"}],"predecessor-version":[{"id":11210,"href":"https:\/\/www.moravecteam.cz\/index.php?rest_route=\/wp\/v2\/posts\/11194\/revisions\/11210"}],"wp:featuredmedia":[{"embeddable":true,"href":"https:\/\/www.moravecteam.cz\/index.php?rest_route=\/wp\/v2\/media\/11197"}],"wp:attachment":[{"href":"https:\/\/www.moravecteam.cz\/index.php?rest_route=%2Fwp%2Fv2%2Fmedia&parent=11194"}],"wp:term":[{"taxonomy":"category","embeddable":true,"href":"https:\/\/www.moravecteam.cz\/index.php?rest_route=%2Fwp%2Fv2%2Fcategories&post=11194"},{"taxonomy":"post_tag","embeddable":true,"href":"https:\/\/www.moravecteam.cz\/index.php?rest_route=%2Fwp%2Fv2%2Ftags&post=11194"}],"curies":[{"name":"wp","href":"https:\/\/api.w.org\/{rel}","templated":true}]}}