{"id":11250,"date":"2018-02-24T20:23:51","date_gmt":"2018-02-24T19:23:51","guid":{"rendered":"http:\/\/www.moravecteam.cz\/?p=11250"},"modified":"2018-02-24T20:42:53","modified_gmt":"2018-02-24T19:42:53","slug":"patecni-rekord","status":"publish","type":"post","link":"https:\/\/www.moravecteam.cz\/?p=11250","title":{"rendered":"P\u00e1te\u010dn\u00ed rekord!"},"content":{"rendered":"<p style=\"text-align: justify;\"><strong><span style=\"color: #800000;\">P\u00e1r dn\u016f p\u0159ed &#8211; pro \u010ceskou republiku dal\u0161\u00ed zlatou olympijskou sobotou &#8211; dorazilo kone\u010dn\u011b skute\u010dn\u00e9, jak\u017e \/ tak\u017e zimn\u00ed po\u010das\u00ed i do nejvy\u0161\u0161\u00edch poloh Drahansk\u00e9 vrchoviny. Ale p\u0159esto, nebo pr\u00e1v\u011b proto, si do bene\u0161ovsk\u00e9 t\u011blocvi\u010dny, na dal\u0161\u00ed rutinn\u00ed tr\u00e9nink v r\u00e1mci zimn\u00ed p\u0159\u00edpravy, na\u0161el minul\u00fd p\u00e1tek cestu rekordn\u00ed po\u010det cvi\u010denc\u016f! Tato skute\u010dnost hlavn\u011b potvrzuje, \u017ee drtiv\u00e1 v\u011bt\u0161ina \u00fadern\u00fdch \u0161ik\u016f MORAVEC Teamu je po zdravotn\u00ed str\u00e1nce OK a to je samoz\u0159ejm\u011b, v t\u00e9to ro\u010dn\u00ed dob\u011b,\u00a0 velmi pot\u011b\u0161uj\u00edc\u00ed zji\u0161t\u011bn\u00ed!<\/span><\/strong><\/p>\n<figure id=\"attachment_11255\" aria-describedby=\"caption-attachment-11255\" style=\"width: 1536px\" class=\"wp-caption alignnone\"><a href=\"http:\/\/www.moravecteam.cz\/?attachment_id=11255\" rel=\"attachment wp-att-11255\"><img decoding=\"async\" loading=\"lazy\" class=\" wp-image-11255\" alt=\"IMG_4384\" src=\"http:\/\/www.moravecteam.cz\/wp-content\/uploads\/2018\/02\/IMG_4384.jpg\" width=\"1536\" height=\"1367\" srcset=\"https:\/\/www.moravecteam.cz\/wp-content\/uploads\/2018\/02\/IMG_4384.jpg 1536w, https:\/\/www.moravecteam.cz\/wp-content\/uploads\/2018\/02\/IMG_4384-300x266.jpg 300w, https:\/\/www.moravecteam.cz\/wp-content\/uploads\/2018\/02\/IMG_4384-1024x911.jpg 1024w\" sizes=\"(max-width: 1536px) 100vw, 1536px\" \/><\/a><figcaption id=\"caption-attachment-11255\" class=\"wp-caption-text\">Maru\u0161ka Zouharov\u00e1 se p\u0159i ovl\u00e1d\u00e1n\u00ed volejbalov\u00e9ho m\u00ed\u010de tr\u00e9nink od tr\u00e9ninku obdivuhodn\u011b zdokonaluje!<\/figcaption><\/figure>\n<p style=\"text-align: justify;\">P\u00e1te\u010dn\u00ed tr\u00e9nink jednozna\u010dn\u011b potvrdil z hlediska zdravotn\u00ed str\u00e1nky borc\u016f a borek MORAVEC Teamu v\u00fd\u0161e uv\u00e1d\u011bn\u00e9. Neposledn\u00ed aktu\u00e1ln\u00ed skute\u010dnost\u00ed je ale i fakt p\u0159etrv\u00e1vaj\u00edc\u00ed maxim\u00e1ln\u00ed chuti a ochoty odv\u00e9st v tr\u00e9ninku maxim\u00e1ln\u011b poctivou &#8222;rachotu&#8220;!\u00a0Ve dvouhodinovce, kterou rekordn\u00edmu po\u010dtu tr\u00e9nuj\u00edc\u00edch op\u011bt velmi zku\u0161en\u011b sestavil <strong><span style=\"color: #800000;\">Vojta Gr\u00fcn<\/span><\/strong>, jsme se nejd\u0159\u00edve tradi\u010dn\u00edmi zaveden\u00fdmi postupy \u0159\u00e1dn\u011b rozh\u00fdbali, abychom si pak opakovan\u011b ov\u011b\u0159ili, jak po str\u00e1nce stability jsou nejistou cvi\u010debn\u00ed pom\u016fckou gymbaly!<\/p>\n<figure id=\"attachment_11254\" aria-describedby=\"caption-attachment-11254\" style=\"width: 1836px\" class=\"wp-caption alignnone\"><a href=\"http:\/\/www.moravecteam.cz\/?attachment_id=11254\" rel=\"attachment wp-att-11254\"><img decoding=\"async\" loading=\"lazy\" class=\" wp-image-11254\" alt=\"IMG_4370\" src=\"http:\/\/www.moravecteam.cz\/wp-content\/uploads\/2018\/02\/IMG_4370.jpg\" width=\"1836\" height=\"1231\" srcset=\"https:\/\/www.moravecteam.cz\/wp-content\/uploads\/2018\/02\/IMG_4370.jpg 1836w, https:\/\/www.moravecteam.cz\/wp-content\/uploads\/2018\/02\/IMG_4370-300x201.jpg 300w, https:\/\/www.moravecteam.cz\/wp-content\/uploads\/2018\/02\/IMG_4370-1024x686.jpg 1024w\" sizes=\"(max-width: 1836px) 100vw, 1836px\" \/><\/a><figcaption id=\"caption-attachment-11254\" class=\"wp-caption-text\">Jako planet ve Slune\u010dn\u00ed soustav\u011b bylo v p\u00e1tek v bene\u0161ovsk\u00e9 t\u011blocvi\u010dn\u011b gymbal\u016f.. Ba, i mnohem v\u00edce..!<\/figcaption><\/figure>\n<p style=\"text-align: justify;\">Po jejich atakov\u00e1n\u00ed p\u0159i\u0161elo na po\u0159ad n\u00e1ro\u010dn\u00e9 kl\u00e1n\u00ed v podob\u011b z\u00e1vodu dvou osmi\u010dlenn\u00fdch \u0161tafet, p\u0159i\u010dem\u017e v\u0161e vyvrcholilo nefal\u0161ovan\u00fdm basketem! A kdo si mysl\u00ed, \u017ee strefen\u00fdch ko\u0161\u016f bylo jako onoho pov\u011bstn\u00e9ho &#8222;\u0161afr\u00e1nu&#8220;, ten se hluboce zm\u00fdlil&#8230; Na jedn\u00e9 stran\u011b se v koncovce zaskv\u011bli p\u0159edev\u0161\u00edm<strong><span style=\"color: #800000;\"> brat\u0159i \u0160indel\u00e1\u0159ovic<\/span><\/strong>, na druh\u00e9 stran\u011b pak potvrdila svoje nesporn\u00e9 basketbalov\u00e9 kvality <strong><span style=\"color: #800000;\">A\u0148a Zem\u00e1nkov\u00e1.<\/span><\/strong>..Pochvalu beze zbytku ale zaslou\u017e\u00ed v\u0161ichni vyznava\u010di aktivn\u00edho pohybu o posledn\u00edm leto\u0161n\u00edm \u00fanorov\u00e9m p\u00e1tku v podve\u010der v bene\u0161ovsk\u00e9\u00a0 t\u011blocvi\u010dn\u011b! V\u010detn\u011b na\u0161\u00ed <strong><span style=\"color: #800000;\">Maru\u0161ky Zouharov\u00e9<\/span><\/strong>, kter\u00e1 op\u011bt o kousek kup\u0159edu posunula svoje um\u011bn\u00ed zvl\u00e1dat a ovl\u00e1dat volejbalov\u00fd m\u00ed\u010d!\u00a0 Zkr\u00e1tka za p\u00e1tek plat\u00ed: Bravo MORAVEC! <strong><a href=\"http:\/\/moravecteam.rajce.idnes.cz\/2018.02.23_Cviceni_v_telocvicne\/\">Mrkn\u011bte na p\u00e1r fotek..<\/a>.<\/strong><\/p>\n<p style=\"text-align: justify;\">\n","protected":false},"excerpt":{"rendered":"<p>P\u00e1r dn\u016f p\u0159ed &#8211; pro \u010ceskou republiku dal\u0161\u00ed zlatou olympijskou sobotou &#8211; dorazilo kone\u010dn\u011b skute\u010dn\u00e9, jak\u017e \/ tak\u017e zimn\u00ed po\u010das\u00ed i do nejvy\u0161\u0161\u00edch poloh Drahansk\u00e9 vrchoviny. Ale p\u0159esto, nebo pr\u00e1v\u011b proto, si do bene\u0161ovsk\u00e9 t\u011blocvi\u010dny, na dal\u0161\u00ed rutinn\u00ed tr\u00e9nink v r\u00e1mci zimn\u00ed p\u0159\u00edpravy, na\u0161el minul\u00fd p\u00e1tek cestu rekordn\u00ed po\u010det cvi\u010denc\u016f! Tato skute\u010dnost hlavn\u011b potvrzuje, \u017ee &hellip; <a href=\"https:\/\/www.moravecteam.cz\/?p=11250\" class=\"more-link\">Pokra\u010dov\u00e1n\u00ed textu <span class=\"screen-reader-text\">P\u00e1te\u010dn\u00ed rekord!<\/span> <span class=\"meta-nav\">&rarr;<\/span><\/a><\/p>\n","protected":false},"author":3,"featured_media":11253,"comment_status":"open","ping_status":"closed","sticky":false,"template":"","format":"standard","meta":[],"categories":[9],"tags":[],"_links":{"self":[{"href":"https:\/\/www.moravecteam.cz\/index.php?rest_route=\/wp\/v2\/posts\/11250"}],"collection":[{"href":"https:\/\/www.moravecteam.cz\/index.php?rest_route=\/wp\/v2\/posts"}],"about":[{"href":"https:\/\/www.moravecteam.cz\/index.php?rest_route=\/wp\/v2\/types\/post"}],"author":[{"embeddable":true,"href":"https:\/\/www.moravecteam.cz\/index.php?rest_route=\/wp\/v2\/users\/3"}],"replies":[{"embeddable":true,"href":"https:\/\/www.moravecteam.cz\/index.php?rest_route=%2Fwp%2Fv2%2Fcomments&post=11250"}],"version-history":[{"count":7,"href":"https:\/\/www.moravecteam.cz\/index.php?rest_route=\/wp\/v2\/posts\/11250\/revisions"}],"predecessor-version":[{"id":11260,"href":"https:\/\/www.moravecteam.cz\/index.php?rest_route=\/wp\/v2\/posts\/11250\/revisions\/11260"}],"wp:featuredmedia":[{"embeddable":true,"href":"https:\/\/www.moravecteam.cz\/index.php?rest_route=\/wp\/v2\/media\/11253"}],"wp:attachment":[{"href":"https:\/\/www.moravecteam.cz\/index.php?rest_route=%2Fwp%2Fv2%2Fmedia&parent=11250"}],"wp:term":[{"taxonomy":"category","embeddable":true,"href":"https:\/\/www.moravecteam.cz\/index.php?rest_route=%2Fwp%2Fv2%2Fcategories&post=11250"},{"taxonomy":"post_tag","embeddable":true,"href":"https:\/\/www.moravecteam.cz\/index.php?rest_route=%2Fwp%2Fv2%2Ftags&post=11250"}],"curies":[{"name":"wp","href":"https:\/\/api.w.org\/{rel}","templated":true}]}}