{"id":11269,"date":"2018-03-01T12:11:11","date_gmt":"2018-03-01T11:11:11","guid":{"rendered":"http:\/\/www.moravecteam.cz\/?p=11269"},"modified":"2018-03-01T12:11:11","modified_gmt":"2018-03-01T11:11:11","slug":"odmakano-mraz-nemraz","status":"publish","type":"post","link":"https:\/\/www.moravecteam.cz\/?p=11269","title":{"rendered":"Odmak\u00e1no, mr\u00e1z-nemr\u00e1z!"},"content":{"rendered":"<p style=\"text-align: justify;\"><span style=\"color: #800000;\"><b>\u00da\u010dastn\u00edci pravideln\u00e9ho st\u0159ede\u010dn\u00edho tr\u00e9ninku v\u00a0bene\u0161ovsk\u00e9 t\u011blocvi\u010dn\u011b byli v\u00a0r\u00e1mci celoevropsky panuj\u00edc\u00edho extr\u00e9m\u011b mraziv\u00e9ho po\u010das\u00ed vystaveni nav\u00edc i hor\u0161\u00ed sj\u00edzdnosti p\u0159\u00edjezdov\u00fdch komunikac\u00ed do nejv\u00fd\u0161e polo\u017een\u00e9 obce Drahansk\u00e9 vrchoviny. P\u0159\u00ed\u010dinou jsou hlavn\u011b sn\u011bhov\u00e9 z\u00e1v\u011bje, nav\u00e1t\u00e9 siln\u00fdm severov\u00fdchodn\u00edm v\u011btrem, kter\u00fd v\u00a0sou\u010dasnosti tuh\u00e9 mrazy na Vrchovin\u011b je\u0161t\u011b umoc\u0148uje\u2026 \u00a0<\/b><\/span><\/p>\n<figure id=\"attachment_11276\" aria-describedby=\"caption-attachment-11276\" style=\"width: 2000px\" class=\"wp-caption alignnone\"><a href=\"http:\/\/www.moravecteam.cz\/?attachment_id=11276\" rel=\"attachment wp-att-11276\"><img decoding=\"async\" loading=\"lazy\" class=\" wp-image-11276\" alt=\"02\" src=\"http:\/\/www.moravecteam.cz\/wp-content\/uploads\/2018\/03\/02.jpg\" width=\"2000\" height=\"1500\" srcset=\"https:\/\/www.moravecteam.cz\/wp-content\/uploads\/2018\/03\/02.jpg 2000w, https:\/\/www.moravecteam.cz\/wp-content\/uploads\/2018\/03\/02-300x225.jpg 300w, https:\/\/www.moravecteam.cz\/wp-content\/uploads\/2018\/03\/02-1024x768.jpg 1024w\" sizes=\"(max-width: 2000px) 100vw, 2000px\" \/><\/a><figcaption id=\"caption-attachment-11276\" class=\"wp-caption-text\">Kontrola stavu ohebnosti&#8230; Tak kdo je na tom nejl\u00edp?<\/figcaption><\/figure>\n<p style=\"text-align: justify;\">Tato skute\u010dnost dokonce zap\u0159\u00ed\u010dinila nehodu autobusu a n\u00e1sledn\u00e9 omezen\u00ed provozu na silnici mezi Okrouhlou a Bene\u0161ovem, a to zrovna v\u00a0dob\u011b za\u010d\u00e1tku tr\u00e9ninku&#8230; Op\u011bt nadpr\u016fm\u011brn\u00e1 \u201eskvadra\u201c cvi\u010denc\u016f ale potvrdila, \u017ee \u0159idi\u010di\u00a0p\u0159epravn\u00edch vozidel s cvi\u010denci\u00a0MORAVEC Teamu, se s dopravn\u00edmi komplikacemi vypo\u0159\u00e1dali bravurn\u011b\u00a0 a cvi\u010den\u00ed bylo v\u0161emi \u201eomak\u00e1no\u201c velmi, velmi zodpov\u011bdn\u011b, mr\u00e1z \u2013 nemr\u00e1z, sn\u00edh \u2013 nesn\u00edh, dopravn\u00ed komplikace \u2013 nedopravn\u00ed komplikace\u2026<\/p>\n<figure id=\"attachment_11277\" aria-describedby=\"caption-attachment-11277\" style=\"width: 1100px\" class=\"wp-caption alignnone\"><a href=\"http:\/\/www.moravecteam.cz\/?attachment_id=11277\" rel=\"attachment wp-att-11277\"><img decoding=\"async\" loading=\"lazy\" class=\" wp-image-11277\" alt=\"03\" src=\"http:\/\/www.moravecteam.cz\/wp-content\/uploads\/2018\/03\/03.jpg\" width=\"1100\" height=\"1047\" srcset=\"https:\/\/www.moravecteam.cz\/wp-content\/uploads\/2018\/03\/03.jpg 1100w, https:\/\/www.moravecteam.cz\/wp-content\/uploads\/2018\/03\/03-25x25.jpg 25w, https:\/\/www.moravecteam.cz\/wp-content\/uploads\/2018\/03\/03-300x285.jpg 300w, https:\/\/www.moravecteam.cz\/wp-content\/uploads\/2018\/03\/03-1024x974.jpg 1024w\" sizes=\"(max-width: 1100px) 100vw, 1100px\" \/><\/a><figcaption id=\"caption-attachment-11277\" class=\"wp-caption-text\">Bezchybn\u00fd kotoul plavmo nad dv\u011bma lavi\u010dkami v pod\u00e1n\u00ed Bar\u010di Tlamkov\u00e9.<\/figcaption><\/figure>\n<p style=\"text-align: justify;\">P\u0159\u00edstup v\u0161ech k\u00a0zadan\u00fdm tr\u00e9ninkov\u00fdm \u00fakol\u016fm byl vskutku hodn\u011b profesion\u00e1ln\u00ed mo\u017en\u00e1 i proto, \u017ee si s\u00a0n\u00e1mi po \u010dase p\u0159i\u0161la zacvi\u010dit vych\u00e1zej\u00edc\u00ed hv\u011bzdi\u010dka cyklistick\u00e9ho nebe, <span style=\"color: #800000;\"><b>Ad\u00e9la \u0160af\u00e1\u0159ov\u00e1<\/b> <\/span>a tak na\u0161e \u201emlad\u00e9 pu\u0161ky\u201c se cht\u011bli p\u0159ed aktu\u00e1ln\u011b dev\u00e1tou nejlep\u0161\u00ed cyklokrosa\u0159skou do 23 let na sv\u011bt\u011b \u00a0\u2013 samo, \u017ee \u2013 p\u0159edv\u00e9st! A to se jim chv\u00e1lyhodn\u011b da\u0159ilo, jak p\u0159i rutinn\u00ed prvn\u00ed f\u00e1zi tr\u00e9ninku, tak i p\u0159i \u201elavi\u010dkov\u00fdch\u201c \u0161tafet\u00e1ch a p\u0159i tr\u00e9ninku akrobatick\u00fdch prvk\u016f, kter\u00fd byl letos v\u0159azen do p\u0159\u00edpravn\u00e9 dvouhodinovky premi\u00e9rov\u011b.<\/p>\n<figure id=\"attachment_11278\" aria-describedby=\"caption-attachment-11278\" style=\"width: 1181px\" class=\"wp-caption alignnone\"><a href=\"http:\/\/www.moravecteam.cz\/?attachment_id=11278\" rel=\"attachment wp-att-11278\"><img decoding=\"async\" loading=\"lazy\" class=\" wp-image-11278\" alt=\"04\" src=\"http:\/\/www.moravecteam.cz\/wp-content\/uploads\/2018\/03\/04.jpg\" width=\"1181\" height=\"1105\" srcset=\"https:\/\/www.moravecteam.cz\/wp-content\/uploads\/2018\/03\/04.jpg 1181w, https:\/\/www.moravecteam.cz\/wp-content\/uploads\/2018\/03\/04-300x280.jpg 300w, https:\/\/www.moravecteam.cz\/wp-content\/uploads\/2018\/03\/04-1024x958.jpg 1024w\" sizes=\"(max-width: 1181px) 100vw, 1181px\" \/><\/a><figcaption id=\"caption-attachment-11278\" class=\"wp-caption-text\">Tren\u00e9rsk\u00e1 asistence byla u nejmlad\u0161\u00edch cvi\u010denc\u016f nutn\u00e1&#8230;.<\/figcaption><\/figure>\n<p style=\"text-align: justify;\">Rozhoduj\u00edc\u00ed \u0161tafetov\u00fd \u201ema\u010d\u201c nakonec ve velk\u00e9m fin\u00e1le ovl\u00e1dl t\u00fdm kapit\u00e1nky <strong><span style=\"color: #800000;\">Maru\u0161ky Barto\u0161ov\u00e9<\/span><\/strong>, p\u0159i akrobacii prok\u00e1zali svoji obdivuhodnou mr\u0161tnost a ohebnost <span style=\"color: #800000;\"><span style=\"color: #000000;\">brat\u0159i<\/span> <\/span><strong><span style=\"color: #800000;\">Lipen\u0161t\u00ed\u00a0<\/span> <\/strong>a mezi d\u011bv\u010daty pak <strong><span style=\"color: #800000;\">Bar\u010da Tlamkov\u00e1<\/span><\/strong> se sestrami <strong><span style=\"color: #800000;\">Gottwaldov\u00fdmi<\/span><\/strong>. V\u00a0samotn\u00e9m z\u00e1v\u011bru jsme u\u017e pak st\u00edhali pouze n\u00e1cvik startovn\u00edch reakc\u00ed, p\u0159i\u010dem\u017e do slibovan\u00fdch kolektivn\u00edch her se fakt pust\u00edme hned n\u00e1sleduj\u00edc\u00ed st\u0159edu, kdy s nimi za\u010dneme a pravideln\u011b zapln\u00edme fin\u00e1ln\u00ed dobu tr\u00e9ninku &#8211; slibuji &#8211; \u00a0miniturnajem ve florbalu.\u00a0 Zde mrkn\u011bte na, tentokr\u00e1t docela bohatou,<strong><a href=\"http:\/\/moravecteam.rajce.idnes.cz\/2018.02.28_Cviceni_v_telocvicne\/\"> fotogalerii\u2026<\/a><\/strong><\/p>\n","protected":false},"excerpt":{"rendered":"<p>\u00da\u010dastn\u00edci pravideln\u00e9ho st\u0159ede\u010dn\u00edho tr\u00e9ninku v\u00a0bene\u0161ovsk\u00e9 t\u011blocvi\u010dn\u011b byli v\u00a0r\u00e1mci celoevropsky panuj\u00edc\u00edho extr\u00e9m\u011b mraziv\u00e9ho po\u010das\u00ed vystaveni nav\u00edc i hor\u0161\u00ed sj\u00edzdnosti p\u0159\u00edjezdov\u00fdch komunikac\u00ed do nejv\u00fd\u0161e polo\u017een\u00e9 obce Drahansk\u00e9 vrchoviny. P\u0159\u00ed\u010dinou jsou hlavn\u011b sn\u011bhov\u00e9 z\u00e1v\u011bje, nav\u00e1t\u00e9 siln\u00fdm severov\u00fdchodn\u00edm v\u011btrem, kter\u00fd v\u00a0sou\u010dasnosti tuh\u00e9 mrazy na Vrchovin\u011b je\u0161t\u011b umoc\u0148uje\u2026 \u00a0 Tato skute\u010dnost dokonce zap\u0159\u00ed\u010dinila nehodu autobusu a n\u00e1sledn\u00e9 omezen\u00ed provozu na &hellip; <a href=\"https:\/\/www.moravecteam.cz\/?p=11269\" class=\"more-link\">Pokra\u010dov\u00e1n\u00ed textu <span class=\"screen-reader-text\">Odmak\u00e1no, mr\u00e1z-nemr\u00e1z!<\/span> <span class=\"meta-nav\">&rarr;<\/span><\/a><\/p>\n","protected":false},"author":3,"featured_media":11275,"comment_status":"open","ping_status":"closed","sticky":false,"template":"","format":"standard","meta":[],"categories":[9],"tags":[],"_links":{"self":[{"href":"https:\/\/www.moravecteam.cz\/index.php?rest_route=\/wp\/v2\/posts\/11269"}],"collection":[{"href":"https:\/\/www.moravecteam.cz\/index.php?rest_route=\/wp\/v2\/posts"}],"about":[{"href":"https:\/\/www.moravecteam.cz\/index.php?rest_route=\/wp\/v2\/types\/post"}],"author":[{"embeddable":true,"href":"https:\/\/www.moravecteam.cz\/index.php?rest_route=\/wp\/v2\/users\/3"}],"replies":[{"embeddable":true,"href":"https:\/\/www.moravecteam.cz\/index.php?rest_route=%2Fwp%2Fv2%2Fcomments&post=11269"}],"version-history":[{"count":6,"href":"https:\/\/www.moravecteam.cz\/index.php?rest_route=\/wp\/v2\/posts\/11269\/revisions"}],"predecessor-version":[{"id":11279,"href":"https:\/\/www.moravecteam.cz\/index.php?rest_route=\/wp\/v2\/posts\/11269\/revisions\/11279"}],"wp:featuredmedia":[{"embeddable":true,"href":"https:\/\/www.moravecteam.cz\/index.php?rest_route=\/wp\/v2\/media\/11275"}],"wp:attachment":[{"href":"https:\/\/www.moravecteam.cz\/index.php?rest_route=%2Fwp%2Fv2%2Fmedia&parent=11269"}],"wp:term":[{"taxonomy":"category","embeddable":true,"href":"https:\/\/www.moravecteam.cz\/index.php?rest_route=%2Fwp%2Fv2%2Fcategories&post=11269"},{"taxonomy":"post_tag","embeddable":true,"href":"https:\/\/www.moravecteam.cz\/index.php?rest_route=%2Fwp%2Fv2%2Ftags&post=11269"}],"curies":[{"name":"wp","href":"https:\/\/api.w.org\/{rel}","templated":true}]}}