{"id":11290,"date":"2018-03-05T21:19:17","date_gmt":"2018-03-05T20:19:17","guid":{"rendered":"http:\/\/www.moravecteam.cz\/?p=11290"},"modified":"2018-03-09T07:11:28","modified_gmt":"2018-03-09T06:11:28","slug":"yetti-jak-se-patri","status":"publish","type":"post","link":"https:\/\/www.moravecteam.cz\/?p=11290","title":{"rendered":"YETTI jak se pat\u0159\u00ed!"},"content":{"rendered":"<p style=\"text-align: justify;\"><span style=\"color: #800000;\"><strong>Museli bychom\u00a0 zalovit hodn\u011b hluboko v odd\u00edlov\u00fdch pam\u011btech, ne\u017e abychom na\u0161li na\u0161i tradi\u010dn\u00ed odd\u00edlovou p\u00e1trac\u00ed akci s\u00a0podobn\u00fdmi luxusn\u00edmi sn\u011bhov\u00fdmi podm\u00ednkami, jako byly ta leto\u0161n\u00ed! Moc n\u00e1s pot\u011b\u0161ila i op\u011btovn\u00e1 \u00fa\u010dast na\u0161ich kamar\u00e1d\u016f z Brna t\u00edm v\u00edce, \u017ee s sebou p\u0159ivezli k na\u0161im dv\u011bma sn\u011b\u017en\u00fdm p\u0159elud\u016fm do party dal\u0161\u00edho mal\u00e9ho YETTIHO! No a kdy\u017e k tomu p\u0159ipo\u010dteme, \u017ee p\u00e1tra\u010d\u016f se letos se\u0161lo neb\u00fdval\u00e9 mno\u017estv\u00ed, a \u017ee n\u00e1lada byla na vrcholu \u00a0druh\u00e9 nejvy\u0161\u0161\u00ed hory Drahansk\u00e9 Vrchoviny v\u00fdborn\u00e1, byl leto\u0161n\u00ed YETTI skute\u010dn\u011b jak se pat\u0159\u00ed!<\/strong><\/span><\/p>\n<figure id=\"attachment_11305\" aria-describedby=\"caption-attachment-11305\" style=\"width: 1959px\" class=\"wp-caption alignnone\"><a href=\"http:\/\/www.moravecteam.cz\/?attachment_id=11305\" rel=\"attachment wp-att-11305\"><img decoding=\"async\" loading=\"lazy\" class=\" wp-image-11305\" alt=\"IMG_4529\" src=\"http:\/\/www.moravecteam.cz\/wp-content\/uploads\/2018\/03\/IMG_4529.jpg\" width=\"1959\" height=\"1029\" srcset=\"https:\/\/www.moravecteam.cz\/wp-content\/uploads\/2018\/03\/IMG_4529.jpg 1959w, https:\/\/www.moravecteam.cz\/wp-content\/uploads\/2018\/03\/IMG_4529-300x157.jpg 300w, https:\/\/www.moravecteam.cz\/wp-content\/uploads\/2018\/03\/IMG_4529-1024x537.jpg 1024w\" sizes=\"(max-width: 1959px) 100vw, 1959px\" \/><\/a><figcaption id=\"caption-attachment-11305\" class=\"wp-caption-text\">Hlavn\u00ed \u00fadern\u00e1 skupina vyrazila p\u0159esn\u011b ve 13.30 od restaurace Morava.<\/figcaption><\/figure>\n<p style=\"text-align: justify;\">T\u0159eskut\u00e9 mrazy z minul\u00fdch dn\u016f o v\u00edkendu povolily a ned\u011bln\u00ed slun\u00ed\u010dko dokreslilo pohodu dne. Ve stanoven\u00e9m \u010dase vyrazila prvn\u00ed po\u010detn\u00e1 grupa, vst\u0159\u00edc pl\u00e1novan\u00e9mu setk\u00e1n\u00ed se dv\u011bma YETTI. Ti byli na n\u00e1s u\u017e hodn\u011b nat\u011b\u0161en\u00ed! Dokonce den p\u0159ed setk\u00e1n\u00edm se byli za Petrem osobn\u011b ujistit,\u00a0zda jsme nezapomn\u011bli a zda\u00a0je\u00a0po roce op\u011bt p\u0159ijdeme nav\u0161t\u00edvit. Tuh\u00fd mr\u00e1z z minul\u00fdch dn\u016f jim jakoby \u00a0vlil krev do \u017eil, co\u017e bylo jasn\u011b patrn\u00e9 v pr\u016fb\u011bhu cel\u00e9ho na\u0161eho spole\u010dn\u00e9ho odpoledne &#8211;\u00a0 a i ve\u010dera&#8230;.<\/p>\n<figure id=\"attachment_11300\" aria-describedby=\"caption-attachment-11300\" style=\"width: 1471px\" class=\"wp-caption alignnone\"><a href=\"http:\/\/www.moravecteam.cz\/?attachment_id=11300\" rel=\"attachment wp-att-11300\"><img decoding=\"async\" loading=\"lazy\" class=\" wp-image-11300\" alt=\"DSCN2276 (1)\" src=\"http:\/\/www.moravecteam.cz\/wp-content\/uploads\/2018\/03\/DSCN2276-1.jpg\" width=\"1471\" height=\"1117\" srcset=\"https:\/\/www.moravecteam.cz\/wp-content\/uploads\/2018\/03\/DSCN2276-1.jpg 1471w, https:\/\/www.moravecteam.cz\/wp-content\/uploads\/2018\/03\/DSCN2276-1-300x227.jpg 300w, https:\/\/www.moravecteam.cz\/wp-content\/uploads\/2018\/03\/DSCN2276-1-1024x777.jpg 1024w\" sizes=\"(max-width: 1471px) 100vw, 1471px\" \/><\/a><figcaption id=\"caption-attachment-11300\" class=\"wp-caption-text\">Oba YETTI se na kontakt s n\u00e1mi t\u011b\u0161ili a byli u\u017e hodn\u011b nedo\u010dkav\u00ed&#8230;<\/figcaption><\/figure>\n<p style=\"text-align: justify;\">Dv\u011b auta s na\u0161imi kamar\u00e1dy z Brna se m\u00edrn\u011b zpozdila, Petr na n\u011b ale po\u010dkal a spole\u010dn\u011b vytvo\u0159ili druhosledovou \u00fato\u010dnou formaci. Proto\u017ee sn\u011bhu bylo v\u0161ude dostatek, stopy obou YETTI se tud\u00ed\u017e snadno hledali a stopov\u00e1n\u00ed\u00a0bylo bezprobl\u00e9mov\u00e9. Nav\u00edc oba lesn\u00ed mu\u017ei zanechali p\u00e1tra\u010d\u016fm \u00a0pro jistotu t\u0159i naviga\u010dn\u00ed zpr\u00e1vy, tak\u017ee kr\u00e1tce po druh\u00e9 hodin\u011b odpoledn\u00ed do\u0161lo v pl\u00e1novan\u00e9m sektoru ke kontaktu! Po vz\u00e1jemn\u00e9m se &#8222;o\u010duch\u00e1n\u00ed&#8220; p\u0159i\u0161la op\u011bt ke slovu tradi\u010dn\u00ed pohostinnost dvou &#8211; p\u016fvodem nep\u00e1lsk\u00fdch &#8211; sn\u011b\u017en\u00fdch mu\u017e\u016f.<\/p>\n<figure id=\"attachment_11301\" aria-describedby=\"caption-attachment-11301\" style=\"width: 1119px\" class=\"wp-caption alignnone\"><a href=\"http:\/\/www.moravecteam.cz\/?attachment_id=11301\" rel=\"attachment wp-att-11301\"><img decoding=\"async\" loading=\"lazy\" class=\" wp-image-11301\" alt=\"DSCN2322\" src=\"http:\/\/www.moravecteam.cz\/wp-content\/uploads\/2018\/03\/DSCN2322.jpg\" width=\"1119\" height=\"1299\" srcset=\"https:\/\/www.moravecteam.cz\/wp-content\/uploads\/2018\/03\/DSCN2322.jpg 1119w, https:\/\/www.moravecteam.cz\/wp-content\/uploads\/2018\/03\/DSCN2322-258x300.jpg 258w, https:\/\/www.moravecteam.cz\/wp-content\/uploads\/2018\/03\/DSCN2322-882x1024.jpg 882w\" sizes=\"(max-width: 1119px) 100vw, 1119px\" \/><\/a><figcaption id=\"caption-attachment-11301\" class=\"wp-caption-text\">&#8222;Je\u0165\u00e1tko&#8220; z Brna p\u0159ekvapiv\u011b letos skv\u011ble doplnilo dva zku\u0161en\u00e9 &#8222;je\u0165\u00e1ky&#8220;.<\/figcaption><\/figure>\n<p style=\"text-align: justify;\">Zm\u00ednil jsem v p\u0159ede\u0161l\u00e9m odstavci t\u0159i naviga\u010dn\u00ed zpr\u00e1vy od YETTI. Je t\u0159eba objektivn\u011b uznat, \u017ee progres ve v\u00fduce \u010dten\u00ed a psan\u00ed v \u010desk\u00e9m jazyce nen\u00ed u nich po roce p\u0159\u00edli\u0161 znateln\u00fd&#8230; To ale nikomu ani trochu nevadilo. Kolem chaty Hana\u010dka na k\u00f3t\u011b 734 m. n. m. jsme spole\u010dn\u011b s nimi str\u00e1vili moc fajn chvilky, vypln\u011bn\u00e9 \u00fasm\u011bvy, dru\u017en\u00fdmi debatami, to v\u0161e protknuto slun\u00ed\u010dkovou n\u00e1ladou. I letos s n\u00e1mi byla ost\u0159e v akci i\u00a0na\u0161e <strong><span style=\"color: #800000;\">Maru\u0161ka Zouharov\u00e1<\/span><\/strong>, kter\u00e1 si j\u00edzdou v hlubok\u00e9m sn\u011bhu u\u017eila tentokr\u00e1t asi podstatn\u011b v\u00edce adrenalinu, ne\u017e v minul\u00fdch letech! V tomto okam\u017eiku vysek\u00e1v\u00e1me d\u00edk a hlubokou poklonu za bezchybn\u00e9 sil\u00e1ck\u00e9 v\u00fdkony v\u0161em jej\u00edm ned\u011bln\u00edm &#8222;vozataj\u016fm&#8220;. D\u00edky chlapi!<\/p>\n<figure id=\"attachment_11304\" aria-describedby=\"caption-attachment-11304\" style=\"width: 2000px\" class=\"wp-caption alignnone\"><a href=\"http:\/\/www.moravecteam.cz\/?attachment_id=11304\" rel=\"attachment wp-att-11304\"><img decoding=\"async\" loading=\"lazy\" class=\" wp-image-11304\" alt=\"DSCN2385\" src=\"http:\/\/www.moravecteam.cz\/wp-content\/uploads\/2018\/03\/DSCN2385.jpg\" width=\"2000\" height=\"1500\" srcset=\"https:\/\/www.moravecteam.cz\/wp-content\/uploads\/2018\/03\/DSCN2385.jpg 2000w, https:\/\/www.moravecteam.cz\/wp-content\/uploads\/2018\/03\/DSCN2385-300x225.jpg 300w, https:\/\/www.moravecteam.cz\/wp-content\/uploads\/2018\/03\/DSCN2385-1024x768.jpg 1024w\" sizes=\"(max-width: 2000px) 100vw, 2000px\" \/><\/a><figcaption id=\"caption-attachment-11304\" class=\"wp-caption-text\">Trio YETTI p\u0159i z\u00e1v\u011bre\u010dn\u00e9m spole\u010dn\u00e9m fotu p\u011bkn\u011b &#8222;po kop\u011b&#8220;.<\/figcaption><\/figure>\n<p style=\"text-align: justify;\">S p\u0159ipozd\u00edvaj\u00edc\u00edm se odpolednem se zvy\u0161oval op\u011bt chlad a proto\u017ee bu\u0159t\u00edkov\u00fd piknik byl zvl\u00e1dnut na jedni\u010dku, v\u010detn\u011b poctiv\u00e9ho pitn\u00e9ho re\u017eimu, nastal \u010das p\u0159esunu na odd\u00edlovou &#8222;mate\u0159skou z\u00e1kladnu&#8220; &#8211; tj. do \u00fatuln\u00e9 restaurace Morava. Zde jsme\u00a0v &#8222;YETTI j\u00edzd\u011b&#8220; pokra\u010dovali, kdy\u017e hrdiny okam\u017eiku byli op\u011bt \u00a0v\u0161ichni t\u0159i na\u0161i sn\u011b\u017en\u00ed mu\u017e\u00edci! Ano, t\u0159i, proto\u017ee leto\u0161n\u00ed nov\u00e1\u010dek, mal\u00e9 brn\u011bnsk\u00e9 &#8222;je\u0165\u00e1tko&#8220; dva na\u0161e star\u00e9, zku\u0161en\u00e9 a ost\u0159\u00edlen\u00e9 &#8222;je\u0165\u00e1ky&#8220; v\u00fdborn\u011b do party doplnil! \u017de se n\u00e1m s ve\u010derem z tepla restaurace ani moc necht\u011blo, ani nemus\u00edm zd\u016fraz\u0148ovat&#8230; Mrkn\u011bte na hned \u010dty\u0159i hutn\u00e9 fotogalerie (d\u00edky L\u00eddo a Karle!):<\/p>\n<ul>\n<li>\n<div style=\"text-align: justify;\"><strong><a href=\"http:\/\/moravecteam.rajce.idnes.cz\/2018.04.03._Po_stopach_YETTI\/\">Fotogalerie \u010d.1<\/a><\/strong><\/div>\n<\/li>\n<li><strong><a href=\"http:\/\/moravecteam.rajce.idnes.cz\/2018.04.03._Po_stopach_YETTI_-_2\/\">Fotogalerie \u010d.2<\/a><\/strong><\/li>\n<li><a href=\"http:\/\/moravecteam.rajce.idnes.cz\/2018.04.03._Po_stopach_YETTI_-_3\/\"><strong>Fotogalerie \u010d.3<\/strong><\/a><\/li>\n<li><strong><a href=\"http:\/\/moravecteam.rajce.idnes.cz\/2018.04.03._Po_stopach_YETTI_-_4\/\">Fotogalerie \u010d.4<\/a><\/strong><\/li>\n<li><strong><a href=\"http:\/\/moravecteam.rajce.idnes.cz\/2018.04.03_Po_stopach_YETTI_-_5\/\">Fotogalerie \u010d.5<\/a><\/strong><\/li>\n<\/ul>\n<p style=\"text-align: justify;\">\n","protected":false},"excerpt":{"rendered":"<p>Museli bychom\u00a0 zalovit hodn\u011b hluboko v odd\u00edlov\u00fdch pam\u011btech, ne\u017e abychom na\u0161li na\u0161i tradi\u010dn\u00ed odd\u00edlovou p\u00e1trac\u00ed akci s\u00a0podobn\u00fdmi luxusn\u00edmi sn\u011bhov\u00fdmi podm\u00ednkami, jako byly ta leto\u0161n\u00ed! Moc n\u00e1s pot\u011b\u0161ila i op\u011btovn\u00e1 \u00fa\u010dast na\u0161ich kamar\u00e1d\u016f z Brna t\u00edm v\u00edce, \u017ee s sebou p\u0159ivezli k na\u0161im dv\u011bma sn\u011b\u017en\u00fdm p\u0159elud\u016fm do party dal\u0161\u00edho mal\u00e9ho YETTIHO! No a kdy\u017e k tomu &hellip; <a href=\"https:\/\/www.moravecteam.cz\/?p=11290\" class=\"more-link\">Pokra\u010dov\u00e1n\u00ed textu <span class=\"screen-reader-text\">YETTI jak se pat\u0159\u00ed!<\/span> <span class=\"meta-nav\">&rarr;<\/span><\/a><\/p>\n","protected":false},"author":3,"featured_media":11303,"comment_status":"open","ping_status":"closed","sticky":false,"template":"","format":"standard","meta":[],"categories":[13],"tags":[],"_links":{"self":[{"href":"https:\/\/www.moravecteam.cz\/index.php?rest_route=\/wp\/v2\/posts\/11290"}],"collection":[{"href":"https:\/\/www.moravecteam.cz\/index.php?rest_route=\/wp\/v2\/posts"}],"about":[{"href":"https:\/\/www.moravecteam.cz\/index.php?rest_route=\/wp\/v2\/types\/post"}],"author":[{"embeddable":true,"href":"https:\/\/www.moravecteam.cz\/index.php?rest_route=\/wp\/v2\/users\/3"}],"replies":[{"embeddable":true,"href":"https:\/\/www.moravecteam.cz\/index.php?rest_route=%2Fwp%2Fv2%2Fcomments&post=11290"}],"version-history":[{"count":9,"href":"https:\/\/www.moravecteam.cz\/index.php?rest_route=\/wp\/v2\/posts\/11290\/revisions"}],"predecessor-version":[{"id":11312,"href":"https:\/\/www.moravecteam.cz\/index.php?rest_route=\/wp\/v2\/posts\/11290\/revisions\/11312"}],"wp:featuredmedia":[{"embeddable":true,"href":"https:\/\/www.moravecteam.cz\/index.php?rest_route=\/wp\/v2\/media\/11303"}],"wp:attachment":[{"href":"https:\/\/www.moravecteam.cz\/index.php?rest_route=%2Fwp%2Fv2%2Fmedia&parent=11290"}],"wp:term":[{"taxonomy":"category","embeddable":true,"href":"https:\/\/www.moravecteam.cz\/index.php?rest_route=%2Fwp%2Fv2%2Fcategories&post=11290"},{"taxonomy":"post_tag","embeddable":true,"href":"https:\/\/www.moravecteam.cz\/index.php?rest_route=%2Fwp%2Fv2%2Ftags&post=11290"}],"curies":[{"name":"wp","href":"https:\/\/api.w.org\/{rel}","templated":true}]}}