{"id":1131,"date":"2015-08-02T22:37:41","date_gmt":"2015-08-02T20:37:41","guid":{"rendered":"http:\/\/www.moravecteam.cz\/?p=1131"},"modified":"2015-08-03T00:12:32","modified_gmt":"2015-08-02T22:12:32","slug":"rizny-valchov","status":"publish","type":"post","link":"https:\/\/www.moravecteam.cz\/?p=1131","title":{"rendered":"\u0158\u00edzn\u00fd Valchov"},"content":{"rendered":"<p style=\"text-align: justify;\"><span style=\"color: #800000;\"><strong>Do t\u0159etice u\u017e letos p\u0159iv\u00edtala \u00a0bikery obec cyklist\u016fm vpravd\u011b zasl\u00edben\u00e1&#8230; Po MTB \u010dasovce do vrchu a MTB maratonu p\u0159i\u0161lo prvn\u00ed srpnovou sobotu na z\u00e1v\u011br to nejlep\u0161\u00ed: klasick\u00e9 XCO cross country na tradi\u010dn\u00edm, obt\u00ed\u017en\u00e9m a technicky n\u00e1ro\u010dn\u00e9m okruhu, p\u0159ezd\u00edvan\u00e9m Monte Carlo. \u00a0V \u017e\u00e1kovsk\u00fdch kategori\u00edch byla tradi\u010dn\u00ed rychlostn\u00ed disciplina zpest\u0159ena nav\u00edc i dovednostn\u00ed sout\u011b\u017e\u00ed, kdy\u017e oba dosa\u017een\u00e9 v\u00fdsledky se pak z\u00e1vodn\u00edk\u016fm se\u010d\u00edtali. I kdy\u017e \u00fadern\u00e1 s\u00edla MORAVCE byla oslabena hned o \u0161est elitn\u00edch snajpr\u016f, kte\u0159\u00ed pod hlavi\u010dkou SCM p\u0159i Favoritu Brno bojovali na \u017e\u00e1kovsk\u00e9m a kadetsk\u00e9m silni\u010dn\u00edm M\u010cR a dal\u0161\u00ed je\u0161t\u011b chyb\u011bli, u\u017e\u00edvaj\u00edce si dn\u016f rodinn\u00fdch dovolen\u00fdch, ostatn\u00ed se ve Valchov\u011b sna\u017eili je sv\u00fdmi v\u00fdkony i v\u00fdsledky d\u016fstojn\u011b zastoupit. P\u0159edev\u0161\u00edm &#8222;old boys&#8220; tentokr\u00e1t v\u00fdsledkov\u011b vysoko podr\u017eeli n\u00e1\u0161 prapor, v\u017edy\u0165 \u010dty\u0159i zlata, \u010dty\u0159i st\u0159\u00edbra a t\u0159i bronzy &#8211; to za dan\u00e9 person\u00e1ln\u00ed situace nen\u00ed v\u016fbec \u0161patn\u00fd v\u00fdsledek!<\/strong><\/span><\/p>\n<figure id=\"attachment_1141\" aria-describedby=\"caption-attachment-1141\" style=\"width: 2592px\" class=\"wp-caption alignnone\"><a href=\"http:\/\/www.moravecteam.cz\/?attachment_id=1141\" rel=\"attachment wp-att-1141\"><img decoding=\"async\" loading=\"lazy\" class=\" wp-image-1141\" alt=\"02\" src=\"http:\/\/www.moravecteam.cz\/wp-content\/uploads\/2015\/08\/02.jpg\" width=\"2592\" height=\"2645\" srcset=\"https:\/\/www.moravecteam.cz\/wp-content\/uploads\/2015\/08\/02.jpg 2592w, https:\/\/www.moravecteam.cz\/wp-content\/uploads\/2015\/08\/02-25x25.jpg 25w, https:\/\/www.moravecteam.cz\/wp-content\/uploads\/2015\/08\/02-293x300.jpg 293w, https:\/\/www.moravecteam.cz\/wp-content\/uploads\/2015\/08\/02-1003x1024.jpg 1003w\" sizes=\"(max-width: 2592px) 100vw, 2592px\" \/><\/a><figcaption id=\"caption-attachment-1141\" class=\"wp-caption-text\">Spokojen\u00fd Jakub Tesa\u0159 po z\u00e1vod\u011b d\u00e1v\u00e1 vzty\u010den\u00fdm palcem fotoreport\u00e9r\u016fm jasnou informaci, jak se mu da\u0159ilo!<\/figcaption><\/figure>\n<p style=\"text-align: justify;\">St\u0159\u00edbro z Velenova obh\u00e1jila ve startu odr\u00e1\u017eedel d\u00edvek \u0161ikovn\u00e1 <span style=\"color: #800000;\"><strong>Terezka Fritzov\u00e1<\/strong><\/span> a obdobn\u011b se p\u0159i obhajob\u011b st\u0159\u00edbrn\u00e9ho um\u00edst\u011bn\u00ed z p\u0159edchoz\u00edho z\u00e1vodu da\u0159ilo v kategorii d\u00edvek 7-8 let <strong><span style=\"color: #800000;\">Barunce Tlamkov\u00e9.<\/span><\/strong>\u00a0Prvn\u00ed zlat\u00e1 n\u00e1m zacinkala d\u00edk \u0161ikovn\u00e9mu mlad\u0161\u00edmu \u017e\u00e1kovi, <strong><span style=\"color: #800000;\">Jakubovi Tesa\u0159ovi<\/span><\/strong>, kter\u00fd op\u011bt nedal soupe\u0159\u016fm \u0161anci a po presti\u017en\u00edm Valchov\u011b je na nejlep\u0161\u00ed cest\u011b i za celkov\u00fdm prvenstv\u00edm v leto\u0161n\u00ed &#8222;Vrchovin\u011b&#8220;. Dal\u0161\u00ed &#8222;benu&#8220; (2. m\u00edsto) pro na\u0161e barvy vybojovala v z\u00e1vod\u011b star\u0161\u00edch \u017e\u00e1ky\u0148 po bojovn\u00e9m v\u00fdkonu\u00a0<strong><span style=\"color: #800000;\">Anetka Fritzov\u00e1<\/span><\/strong>, co\u017e znamenalo, \u017ee sestry Fritzovi si prvn\u00ed srpnov\u00fd den zabalili do rodinn\u00e9ho st\u0159ibra.<\/p>\n<figure id=\"attachment_1140\" aria-describedby=\"caption-attachment-1140\" style=\"width: 1286px\" class=\"wp-caption alignnone\"><a href=\"http:\/\/www.moravecteam.cz\/?attachment_id=1140\" rel=\"attachment wp-att-1140\"><img decoding=\"async\" loading=\"lazy\" class=\" wp-image-1140 \" alt=\"03\" src=\"http:\/\/www.moravecteam.cz\/wp-content\/uploads\/2015\/08\/03.jpg\" width=\"1286\" height=\"1117\" srcset=\"https:\/\/www.moravecteam.cz\/wp-content\/uploads\/2015\/08\/03.jpg 1286w, https:\/\/www.moravecteam.cz\/wp-content\/uploads\/2015\/08\/03-300x260.jpg 300w, https:\/\/www.moravecteam.cz\/wp-content\/uploads\/2015\/08\/03-1024x889.jpg 1024w\" sizes=\"(max-width: 1286px) 100vw, 1286px\" \/><\/a><figcaption id=\"caption-attachment-1140\" class=\"wp-caption-text\">Cenn\u00fd skalp Martina \u0160\u00edmy vybojoval pro MORAVEC Martin Gottwald. Martinsk\u00fd souboj, nebo chcete-li souboj Martin\u016f bude m\u00edt asi repr\u00fdzu i na Bene\u0161ov\u011b.<\/figcaption><\/figure>\n<p style=\"text-align: justify;\">Dal\u0161\u00ed sn\u016f\u0161ku medail\u00ed n\u00e1m p\u0159inesl a\u017e posledn\u00ed popoledn\u00ed start, kter\u00fd se kupodivu nijak nespozdil. D\u016fvody byly p\u0159edev\u0161\u00edm dva: u\u017e dlouho se na &#8222;Vrchovin\u011b&#8220; nestalo, \u017ee by se do z\u00e1vodu nep\u0159ihl\u00e1sila ani jedna mlad\u0161\u00ed \u017e\u00e1kyn\u011b a stejn\u011b tak je raritou nez\u00e1jem p\u0159\u00edtomn\u00fdch rajdr\u016f o z\u00e1vod \u0161tafet. Ani tento start se nakonec z d\u016fvodu nulov\u00e9ho z\u00e1jmu neuskute\u010dnil&#8230; Doba dovolen\u00fdch si v tomto p\u0159\u00edpad\u011b asi vybrala svou da\u0148&#8230; Tyto skute\u010dnosti ale \u00farove\u0148 race nijak nesn\u00ed\u017eili, proto\u017ee posledn\u00ed starty kadet\u016f, junior\u016f a dosp\u011bl\u00fdch byly na z\u00e1v\u011br tou nejlep\u0161\u00ed te\u010dkou vyda\u0159en\u00e9ho valchovsk\u00e9ho podniku. \u017de n\u00e1\u0161 borec <span style=\"color: #800000;\"><strong>Dominik Prudek<\/strong><\/span>\u00a0(toho \u010dasu GT Opportunity) a na\u0161e borka <strong><span style=\"color: #800000;\">Ad\u00e9la \u0160af\u00e1\u0159ov\u00e1<\/span><\/strong>\u00a0(toho \u010dasu Nutend Specialized) ovl\u00e1dli spole\u010dn\u00e9 starty kadet\u016f a junior\u016f nikoho ani tak moc nep\u0159ekvapilo. V\u017edy\u0165 t\u0159et\u00ed junior z ned\u00e1vn\u00e9ho MTB M\u010cR v Kutn\u00e9 Ho\u0159e a druh\u00e1 juniorka z t\u00e9ho\u017e z\u00e1vodu byli jasn\u00fdmi favority a svoji roli splnili zcela beze zbytku&#8230; Nav\u00edc Adys se m\u016f\u017ee pochlubit 13. m\u00edstem z ned\u00e1vn\u00e9ho Mistrovstv\u00ed Evropy ve \u0160v\u00fdcarsku. Ad\u00e9lu \u0160af\u00e1\u0159ovou po z\u00e1vod\u011b doprovodila na stupn\u011b v\u00edt\u011bz\u016f v c\u00edli t\u0159et\u00ed kadetka <strong><span style=\"color: #800000;\">Monika Kone\u010dn\u00e1<\/span><\/strong>. Pak u\u017e n\u00e1m d\u011blala radost na\u0161e &#8222;star\u00e1 garda&#8220;. Porazit fenomen\u00e1ln\u00edho &#8222;Max\u00edka&#8220; Martina \u0160\u00edmu se hned tak n\u011bkomu nepoda\u0159\u00ed.. Ve Valchov\u011b to dok\u00e1zal n\u00e1\u0161 <strong><span style=\"color: #800000;\">Martin Gottwald<\/span><\/strong>, kdy\u017e nav\u00edc jsme v t\u00e9to kategorii Masters II brali je\u0161t\u011b d\u00edk <strong><span style=\"color: #800000;\">Leo\u0161i Bal\u00e1kovi<\/span><\/strong> bronz! Po zadu nez\u00fastali ani na\u0161e &#8222;druh\u00e9 rakve&#8220;. <strong><span style=\"color: #800000;\">V\u00ed\u0165a Prudek<\/span><\/strong> s <span style=\"color: #800000;\"><strong>Milanem \u0160af\u00e1\u0159em<\/strong><\/span> nakonec nest\u00edhali jenom skv\u011bl\u00e9ho Du\u0161ana Olejn\u00ed\u010dka a doplnili tak na\u0161i valchovskou medailovou sb\u00edrku o cenn\u00e9 st\u0159\u00edbro a cenn\u00fd bronz. Slu\u0161\u00ed se doplnit, \u017ee elitn\u00ed kategorie mu\u017e\u016fse stala ko\u0159ist\u00ed &#8222;po \u010dertech&#8220; rychl\u00e9ho Dana Mayera z Polni\u010dky a v \u017een\u00e1ch si pro prvenstv\u00ed dojela zku\u0161en\u00e1 Lucie Vesel\u00e1 (GT Opportunity). V\u00fdsledkov\u00fd servis najdete u\u017e nyn\u00ed k vid\u011bn\u00ed zde:\u00a0<strong><a href=\"http:\/\/vysledky.pohardrahanskevrchoviny.cz\/2015\/?page=vysledky\">http:\/\/vysledky.pohardrahanskevrchoviny.cz\/2015\/?page=vysledky<\/a>,\u00a0<\/strong>bohat\u00e1 fotodokumentace ze z\u00e1vodu je zase tu\u0165:<strong><a href=\"http:\/\/moravecteam.rajce.idnes.cz\/Pohar_Drahanske_vrchoviny-_Valchov1.8._2015\/\">http:\/\/moravecteam.rajce.idnes.cz\/Pohar_Drahanske_vrchoviny-_Valchov1.8._2015\/<\/a><\/strong><\/p>\n<p style=\"text-align: justify;\">\n","protected":false},"excerpt":{"rendered":"<p>Do t\u0159etice u\u017e letos p\u0159iv\u00edtala \u00a0bikery obec cyklist\u016fm vpravd\u011b zasl\u00edben\u00e1&#8230; Po MTB \u010dasovce do vrchu a MTB maratonu p\u0159i\u0161lo prvn\u00ed srpnovou sobotu na z\u00e1v\u011br to nejlep\u0161\u00ed: klasick\u00e9 XCO cross country na tradi\u010dn\u00edm, obt\u00ed\u017en\u00e9m a technicky n\u00e1ro\u010dn\u00e9m okruhu, p\u0159ezd\u00edvan\u00e9m Monte Carlo. \u00a0V \u017e\u00e1kovsk\u00fdch kategori\u00edch byla tradi\u010dn\u00ed rychlostn\u00ed disciplina zpest\u0159ena nav\u00edc i dovednostn\u00ed sout\u011b\u017e\u00ed, kdy\u017e oba dosa\u017een\u00e9 &hellip; <a href=\"https:\/\/www.moravecteam.cz\/?p=1131\" class=\"more-link\">Pokra\u010dov\u00e1n\u00ed textu <span class=\"screen-reader-text\">\u0158\u00edzn\u00fd Valchov<\/span> <span class=\"meta-nav\">&rarr;<\/span><\/a><\/p>\n","protected":false},"author":3,"featured_media":1139,"comment_status":"closed","ping_status":"closed","sticky":false,"template":"","format":"standard","meta":[],"categories":[1],"tags":[],"_links":{"self":[{"href":"https:\/\/www.moravecteam.cz\/index.php?rest_route=\/wp\/v2\/posts\/1131"}],"collection":[{"href":"https:\/\/www.moravecteam.cz\/index.php?rest_route=\/wp\/v2\/posts"}],"about":[{"href":"https:\/\/www.moravecteam.cz\/index.php?rest_route=\/wp\/v2\/types\/post"}],"author":[{"embeddable":true,"href":"https:\/\/www.moravecteam.cz\/index.php?rest_route=\/wp\/v2\/users\/3"}],"replies":[{"embeddable":true,"href":"https:\/\/www.moravecteam.cz\/index.php?rest_route=%2Fwp%2Fv2%2Fcomments&post=1131"}],"version-history":[{"count":9,"href":"https:\/\/www.moravecteam.cz\/index.php?rest_route=\/wp\/v2\/posts\/1131\/revisions"}],"predecessor-version":[{"id":1153,"href":"https:\/\/www.moravecteam.cz\/index.php?rest_route=\/wp\/v2\/posts\/1131\/revisions\/1153"}],"wp:featuredmedia":[{"embeddable":true,"href":"https:\/\/www.moravecteam.cz\/index.php?rest_route=\/wp\/v2\/media\/1139"}],"wp:attachment":[{"href":"https:\/\/www.moravecteam.cz\/index.php?rest_route=%2Fwp%2Fv2%2Fmedia&parent=1131"}],"wp:term":[{"taxonomy":"category","embeddable":true,"href":"https:\/\/www.moravecteam.cz\/index.php?rest_route=%2Fwp%2Fv2%2Fcategories&post=1131"},{"taxonomy":"post_tag","embeddable":true,"href":"https:\/\/www.moravecteam.cz\/index.php?rest_route=%2Fwp%2Fv2%2Ftags&post=1131"}],"curies":[{"name":"wp","href":"https:\/\/api.w.org\/{rel}","templated":true}]}}