{"id":11338,"date":"2018-03-12T09:08:45","date_gmt":"2018-03-12T08:08:45","guid":{"rendered":"http:\/\/www.moravecteam.cz\/?p=11338"},"modified":"2018-03-12T09:10:18","modified_gmt":"2018-03-12T08:10:18","slug":"co-se-bude-dit-st11-2","status":"publish","type":"post","link":"https:\/\/www.moravecteam.cz\/?p=11338","title":{"rendered":"Co se bude d\u00edt? (ST11)"},"content":{"rendered":"<h5><span style=\"color: #800000;\">St\u0159eda 14.3. 2018<\/span><\/h5>\n<p style=\"text-align: justify;\">Od 16.30 prob\u011bhne\u00a0 v bene\u0161ovsk\u00e9 t\u011blocvi\u010dn\u011b\u00a0 dal\u0161\u00ed cvi\u010den\u00ed v\u00a0r\u00e1mci zimn\u00ed p\u0159\u00edpravy.\u00a0 Cvi\u010dit budeme\u00a0 do 19.30 hod. Zda potr\u00e9nujeme je\u0161t\u011b v p\u00e1tek, na tom se domluv\u00edme p\u0159i st\u0159ede\u010dn\u00edm tr\u00e9ninku.<\/p>\n<h5 style=\"text-align: justify;\"><strong><span style=\"color: #800000;\">Ned\u011ble 18.3.\u00a02018<\/span><\/strong><\/h5>\n<ul>\n<li style=\"text-align: justify;\">Dal\u0161\u00ed\u00a0 cyklovyj\u00ed\u017e\u010fka s Hankou a Vlast\u00edkem Odehnalov\u00fdmi. Sraz v 9.30 ve Sportparku Boskovice &#8211; Doubravy, zde\u00a0<strong><a href=\"http:\/\/www.moravecteam.cz\/?p=10120\">mrkn\u011bte na podrobnosti.<\/a>..\u00a0<span style=\"color: #ff0000;\">POZOR!<\/span><\/strong>\u00a0<span style=\"color: #ff0000;\">Info pro d\u011bti, kter\u00e9 nebudou mit na v\u00fdji\u017e\u010fce doprovod rodi\u010d\u016f:\u00a0 mus\u00ed s sebou mit n\u00e1hradn\u00ed rukavice, v\u011btrovku na p\u0159ioble\u010deni, pit\u00ed, sva\u010dinu nebo tra\u0165ovku, nehradni du\u0161i ( ne d\u011bravou)! Toto minim\u00e1ln\u00ed vybaven\u00ed bude p\u0159ed j\u00edzdou u d\u011bt\u00ed zkontrolov\u00e1no a kdo je nebude m\u00edt &#8211;\u00a0na v\u00fdj\u00ed\u017e\u010fku\u00a0nepojede!!!<\/span><\/li>\n<li style=\"text-align: justify;\">N\u00e1vrat na\u0161ich rajdr\u016f a doprovodu ze soust\u0159ed\u011bn\u00ed v Chorvatsku. \u010cas p\u0159\u00edjezdu bude s up\u0159esn\u011bn s dostate\u010dn\u00fdm p\u0159edstihem.<\/li>\n<\/ul>\n<h5><span style=\"color: #800000;\">Akce t\u011bsn\u011b za horizontem<\/span><\/h5>\n<ul>\n<li style=\"text-align: justify;\">24.3. &#8211; 25.3. 2018\u00a0 MTB z\u00e1vody Kamptal Klasik Trophy v Langenlois. Zde studujte <strong><a href=\"https:\/\/www.kamptal-klassik-trophy.at\/en\/\">podrobnosti k z\u00e1vodu, v\u010detn\u011b propozic a\u00a0on-line p\u0159ihl\u00e1\u0161en\u00ed<\/a>.<\/strong><\/li>\n<li style=\"text-align: justify;\">12.4. 2018 &#8211; Ofici\u00e1ln\u00ed zah\u00e1jen\u00ed cyklistick\u00e9 sez\u00f3ny\u00a0MORAVEC Teamu. Od 16.00 se sejdeme v Pavlovsk\u00e9 kapli\u010dce\u00a0v r\u00e1mci \u00a0M\u0161e Svat\u00e9 za MORAVEC Team a na\u00a0\u00a017.00 hodinu se p\u0159esuneme do restaurace\u00a0 Morava Bene\u0161ov, kde sez\u00f3nu slavnostn\u011b zah\u00e1j\u00edme. Zde si p\u0159ipome\u0148te, co V\u00e1m bylo ozn\u00e1meno na sch\u016fzce s rodi\u010di 12. ledna, tj\u00a0 podle jak\u00fdch odd\u00edlov\u00fdch &#8222;not se letos bude hr\u00e1t&#8220;:\u00a0<strong><a href=\"http:\/\/www.moravecteam.cz\/?attachment_id=11149\" rel=\"attachment wp-att-11149\">Sez\u00f3na 2018 &#8211; koncepce<\/a><\/strong>,\u00a0\u00a0<strong><a href=\"http:\/\/www.moravecteam.cz\/?attachment_id=11150\" rel=\"attachment wp-att-11150\">Status z\u00e1vodn\u00edka cyklistick\u00e9ho odd\u00edlu MORAVEC Team<\/a><\/strong>.\u00a0A podle jak\u00e9ho kalend\u00e1\u0159e pojedeme:\u00a0<strong><a href=\"http:\/\/www.moravecteam.cz\/?attachment_id=11154\" rel=\"attachment wp-att-11154\">MORAVEC Team &#8211;\u00a0term\u00ednov\u00fd kalend\u00e1\u0159 2018<\/a>.<\/strong>..<\/li>\n<\/ul>\n","protected":false},"excerpt":{"rendered":"<p>St\u0159eda 14.3. 2018 Od 16.30 prob\u011bhne\u00a0 v bene\u0161ovsk\u00e9 t\u011blocvi\u010dn\u011b\u00a0 dal\u0161\u00ed cvi\u010den\u00ed v\u00a0r\u00e1mci zimn\u00ed p\u0159\u00edpravy.\u00a0 Cvi\u010dit budeme\u00a0 do 19.30 hod. Zda potr\u00e9nujeme je\u0161t\u011b v p\u00e1tek, na tom se domluv\u00edme p\u0159i st\u0159ede\u010dn\u00edm tr\u00e9ninku. Ned\u011ble 18.3.\u00a02018 Dal\u0161\u00ed\u00a0 cyklovyj\u00ed\u017e\u010fka s Hankou a Vlast\u00edkem Odehnalov\u00fdmi. Sraz v 9.30 ve Sportparku Boskovice &#8211; Doubravy, zde\u00a0mrkn\u011bte na podrobnosti&#8230;\u00a0POZOR!\u00a0Info pro d\u011bti, kter\u00e9 nebudou &hellip; <a href=\"https:\/\/www.moravecteam.cz\/?p=11338\" class=\"more-link\">Pokra\u010dov\u00e1n\u00ed textu <span class=\"screen-reader-text\">Co se bude d\u00edt? (ST11)<\/span> <span class=\"meta-nav\">&rarr;<\/span><\/a><\/p>\n","protected":false},"author":3,"featured_media":11345,"comment_status":"open","ping_status":"closed","sticky":false,"template":"","format":"standard","meta":[],"categories":[11],"tags":[],"_links":{"self":[{"href":"https:\/\/www.moravecteam.cz\/index.php?rest_route=\/wp\/v2\/posts\/11338"}],"collection":[{"href":"https:\/\/www.moravecteam.cz\/index.php?rest_route=\/wp\/v2\/posts"}],"about":[{"href":"https:\/\/www.moravecteam.cz\/index.php?rest_route=\/wp\/v2\/types\/post"}],"author":[{"embeddable":true,"href":"https:\/\/www.moravecteam.cz\/index.php?rest_route=\/wp\/v2\/users\/3"}],"replies":[{"embeddable":true,"href":"https:\/\/www.moravecteam.cz\/index.php?rest_route=%2Fwp%2Fv2%2Fcomments&post=11338"}],"version-history":[{"count":9,"href":"https:\/\/www.moravecteam.cz\/index.php?rest_route=\/wp\/v2\/posts\/11338\/revisions"}],"predecessor-version":[{"id":11348,"href":"https:\/\/www.moravecteam.cz\/index.php?rest_route=\/wp\/v2\/posts\/11338\/revisions\/11348"}],"wp:featuredmedia":[{"embeddable":true,"href":"https:\/\/www.moravecteam.cz\/index.php?rest_route=\/wp\/v2\/media\/11345"}],"wp:attachment":[{"href":"https:\/\/www.moravecteam.cz\/index.php?rest_route=%2Fwp%2Fv2%2Fmedia&parent=11338"}],"wp:term":[{"taxonomy":"category","embeddable":true,"href":"https:\/\/www.moravecteam.cz\/index.php?rest_route=%2Fwp%2Fv2%2Fcategories&post=11338"},{"taxonomy":"post_tag","embeddable":true,"href":"https:\/\/www.moravecteam.cz\/index.php?rest_route=%2Fwp%2Fv2%2Ftags&post=11338"}],"curies":[{"name":"wp","href":"https:\/\/api.w.org\/{rel}","templated":true}]}}