{"id":11349,"date":"2018-03-16T10:56:53","date_gmt":"2018-03-16T09:56:53","guid":{"rendered":"http:\/\/www.moravecteam.cz\/?p=11349"},"modified":"2018-03-16T18:59:53","modified_gmt":"2018-03-16T17:59:53","slug":"drogar-v-plnem-tempu","status":"publish","type":"post","link":"https:\/\/www.moravecteam.cz\/?p=11349","title":{"rendered":"DROGAR v pln\u00e9m tempu-3"},"content":{"rendered":"<p style=\"text-align: justify;\"><span style=\"color: #800000;\"><strong>Fin\u00e1ln\u00ed \u010d\u00e1st leto\u0161n\u00ed zimn\u00ed p\u0159\u00edpravy &#8211; jarn\u00ed soust\u0159ed\u011bn\u00ed v Chorvatsk\u00e9 Pule, kter\u00e9 m\u00e1 volac\u00ed znak DROGAR &#8211; je v pln\u00e9m proudu. Po brzorann\u00edm sobotn\u00edm startu byl ve stejn\u00fd den odpoledne potvzen hladk\u00fd p\u0159esun do p\u0159\u00edpravn\u00e9 balk\u00e1nsk\u00e9\u00a0 lokality a je\u0161t\u011b st\u00e1le ten den za\u010dali borci a borky MORAVEC Teamu zodpov\u011bdn\u011b plnit pe\u010dliv\u011b p\u0159ipraven\u00fd &#8222;letov\u00fd pl\u00e1n&#8220;..!<\/strong><\/span><\/p>\n<figure id=\"attachment_11378\" aria-describedby=\"caption-attachment-11378\" style=\"width: 1440px\" class=\"wp-caption alignnone\"><a href=\"http:\/\/www.moravecteam.cz\/?attachment_id=11378\" rel=\"attachment wp-att-11378\"><img decoding=\"async\" loading=\"lazy\" class=\" wp-image-11378\" alt=\"28946627_2478046715753815_1806652322_o\" src=\"http:\/\/www.moravecteam.cz\/wp-content\/uploads\/2018\/03\/28946627_2478046715753815_1806652322_o.jpg\" width=\"1440\" height=\"810\" srcset=\"https:\/\/www.moravecteam.cz\/wp-content\/uploads\/2018\/03\/28946627_2478046715753815_1806652322_o.jpg 1440w, https:\/\/www.moravecteam.cz\/wp-content\/uploads\/2018\/03\/28946627_2478046715753815_1806652322_o-300x168.jpg 300w, https:\/\/www.moravecteam.cz\/wp-content\/uploads\/2018\/03\/28946627_2478046715753815_1806652322_o-1024x576.jpg 1024w\" sizes=\"(max-width: 1440px) 100vw, 1440px\" \/><\/a><figcaption id=\"caption-attachment-11378\" class=\"wp-caption-text\">Aktu\u00e1ln\u00ed psychick\u00e9 rozpole\u017een\u00ed MORAVEC Teamu v r\u00e1mci mise DROGAR vystihuje, mysl\u00edm, tato fotografie&#8230;<\/figcaption><\/figure>\n<div style=\"text-align: justify;\">\u010ctvrtek byl dle &#8222;letov\u00e9ho pl\u00e1nu&#8220; ur\u010den pro na\u0161e do\u010dasn\u00e9 &#8222;Pulany&#8220; jako voln\u00fd den, tak\u017ee na programu byla\u00a0pouze regenera\u010dn\u00ed vyj\u00ed\u017e\u010fka a\u00a0 po n\u00ed n\u00e1sledovala praktick\u00e1 v\u00fduka \u00fadr\u017eby velotechniky.\u00a0\u00a0Hodiny zaslou\u017een\u00e9ho odpo\u010dinku byly &#8211; samoz\u0159ejm\u011b &#8211; \u00a0ve znamen\u00ed pohody, kl\u00eddku\u00a0a m\u00edsto tab\u00e1\u010dku se pod\u00e1vala hork\u00e1 \u010dokol\u00e1da, kaf\u00ed\u010dko&#8230; P\u00e1tek u\u017e ale bude o n\u011b\u010dem \u00fapln\u011b jin\u00e9m&#8230; Udr\u017e\u00ed-li se po\u010das\u00ed bez de\u0161t\u011b, odmakaj\u00ed na\u0161i dal\u0161\u00ed p\u0159edepsanou plnohodnotnou tr\u00e9ninkovou d\u00e1vku&#8230; <strong><a href=\"https:\/\/moravecteam.rajce.idnes.cz\/2018.03.10._-_18._Jarni_soustredeni_Pula_-_Chorvatsko_-_3\/\">Mrkn\u011bte na fotogalerii \u010d.3&#8230;<\/a><\/strong><\/div>\n<div style=\"text-align: justify;\">&#8212;<\/div>\n<div style=\"text-align: justify;\"><\/div>\n<figure id=\"attachment_11370\" aria-describedby=\"caption-attachment-11370\" style=\"width: 720px\" class=\"wp-caption alignnone\"><a href=\"http:\/\/www.moravecteam.cz\/?attachment_id=11370\" rel=\"attachment wp-att-11370\"><img decoding=\"async\" loading=\"lazy\" class=\" wp-image-11370\" alt=\"29019637_2477343419157478_488114829_n\" src=\"http:\/\/www.moravecteam.cz\/wp-content\/uploads\/2018\/03\/29019637_2477343419157478_488114829_n.jpg\" width=\"720\" height=\"405\" srcset=\"https:\/\/www.moravecteam.cz\/wp-content\/uploads\/2018\/03\/29019637_2477343419157478_488114829_n.jpg 720w, https:\/\/www.moravecteam.cz\/wp-content\/uploads\/2018\/03\/29019637_2477343419157478_488114829_n-300x168.jpg 300w\" sizes=\"(max-width: 720px) 100vw, 720px\" \/><\/a><figcaption id=\"caption-attachment-11370\" class=\"wp-caption-text\">Zat\u00edm, co na Drahanskou Vrchovinu se vrac\u00ed ze severu zima, Pula je kr\u00e1sn\u011b zalita tepl\u00fdmi slune\u010dn\u00edmi paprsky&#8230;<\/figcaption><\/figure>\n<p style=\"text-align: justify;\">I st\u0159eda byla v Pule ve znamen\u00ed ostr\u00e9 jarn\u00ed p\u0159\u00edpravy. Kdy\u017e \u0159\u00edk\u00e1m jarn\u00ed, tak r\u00e1d uvedu, \u017ee po\u010das\u00ed se ve st\u0159edu v Chorvatsk\u00e9 Pule mohlo v celku py\u0161nit t\u00edmto p\u0159\u00edvlastkem. Jen dopoledn\u00ed p\u0159\u00edpravnou f\u00e1zi naru\u0161ila lehk\u00e1 spr\u0161ka, pak u\u017e ale, odpoledne p\u0159i v\u00fd\u0161lapu do m\u011bsta Puly, bylo v\u0161e v modr\u00e9m &#8222;a\u017e\u016fru&#8220;! Podp\u016frn\u00fd t\u00fdm hl\u00e1s\u00ed, \u017ee v r\u00e1mci mise DROGAR je po &#8222;prvn\u00edm polo\u010dase&#8220; pobytu v\u0161e OK a v poho. Drobn\u00e9 zdravotn\u00ed obt\u00ed\u017ee nestoj\u00ed za \u0159e\u010d. A d\u00edky na\u0161im u\u017e\u00a0 po dne\u0161ku v\u00edme, \u017ee Koloseem se nepy\u0161n\u00ed jen italsk\u00e1 metropole&#8230; <strong><a href=\"http:\/\/moravecteam.rajce.idnes.cz\/2018.03.10._-_18._Jarni_soustredeni_Pula_-_Chorvatsko_-_2\/#\">Mrkn\u011bte na pr\u016fkaznou fotogalerii \u010d.2&#8230;<\/a>\u00a0<\/strong><\/p>\n<figure id=\"attachment_11356\" aria-describedby=\"caption-attachment-11356\" style=\"width: 900px\" class=\"wp-caption alignnone\"><a href=\"http:\/\/www.moravecteam.cz\/?attachment_id=11356\" rel=\"attachment wp-att-11356\"><img decoding=\"async\" loading=\"lazy\" class=\" wp-image-11356\" alt=\"sta\u017een\u00fd soubor\" src=\"http:\/\/www.moravecteam.cz\/wp-content\/uploads\/2018\/03\/sta\u017een\u00fd-soubor.jpg\" width=\"900\" height=\"452\" srcset=\"https:\/\/www.moravecteam.cz\/wp-content\/uploads\/2018\/03\/sta\u017een\u00fd-soubor.jpg 900w, https:\/\/www.moravecteam.cz\/wp-content\/uploads\/2018\/03\/sta\u017een\u00fd-soubor-300x150.jpg 300w\" sizes=\"(max-width: 900px) 100vw, 900px\" \/><\/a><figcaption id=\"caption-attachment-11356\" class=\"wp-caption-text\">Jadersk\u00e9 mo\u0159e je n\u00e1m &#8211; zd\u00e1 se &#8211; osudn\u00fdm&#8230; I letos u n\u011bho dojde k rozhoduj\u00edc\u00edmu umocn\u011bn\u00ed sil na\u0161ich rajdr\u016f na sez\u00f3nu 2018.<\/figcaption><\/figure>\n<p style=\"text-align: justify;\">Prvn\u00ed \u010dty\u0159i dny p\u0159\u00edpravy prob\u011bhly bez pot\u00ed\u017e\u00ed a co je p\u0159edev\u0161\u00edm hlavn\u00ed, po zdravotn\u00ed str\u00e1nce jsou v\u0161ichni OK! Pravda, po\u010das\u00ed v invazn\u00edm teritoriu nen\u00ed stabiln\u00ed, ale to n\u00e1s nezasko\u010dilo, neb jsme s t\u00edmto proz\u00edrav\u011b &#8211; v\u00edce \/ m\u00e9n\u011b &#8211; po\u010d\u00edtali&#8230; Z\u00edtra hl\u00e1s\u00ed veden\u00ed jednotky po tr\u00e9ninku n\u00e1v\u0161t\u011bvu Kolosea&#8230;. Ale to je p\u0159ece v \u0158\u00edm\u011b!? Jsme fakt dob\u0159\u00ed..!!! Mrkn\u011bte na <strong><a href=\"http:\/\/moravecteam.rajce.idnes.cz\/2018.03.10._-_18._Jarni_soustredeni_Pula_-_Chorvatsko\/\">prvn\u00ed fotogalerii&#8230;<\/a><\/strong><\/p>\n<figure id=\"attachment_11353\" aria-describedby=\"caption-attachment-11353\" style=\"width: 949px\" class=\"wp-caption alignnone\"><a href=\"http:\/\/www.moravecteam.cz\/?attachment_id=11353\" rel=\"attachment wp-att-11353\"><img decoding=\"async\" loading=\"lazy\" class=\" wp-image-11353\" alt=\"28810979_2476572775901209_1874561890_o\" src=\"http:\/\/www.moravecteam.cz\/wp-content\/uploads\/2018\/03\/28810979_2476572775901209_1874561890_o.jpg\" width=\"949\" height=\"704\" srcset=\"https:\/\/www.moravecteam.cz\/wp-content\/uploads\/2018\/03\/28810979_2476572775901209_1874561890_o.jpg 949w, https:\/\/www.moravecteam.cz\/wp-content\/uploads\/2018\/03\/28810979_2476572775901209_1874561890_o-300x222.jpg 300w\" sizes=\"(max-width: 949px) 100vw, 949px\" \/><\/a><figcaption id=\"caption-attachment-11353\" class=\"wp-caption-text\">Lokalita na\u0161eho do\u010dasn\u00e9ho p\u0159\u00edpravn\u00e9ho pobytu je historick\u00fdmi pam\u00e1tkami doslova &#8222;pro\u0161pikovan\u00e1&#8220;! Ale nenechte se m\u00fdlit&#8230; Kv\u016fli nim tam na\u0161i nejsou&#8230;<\/figcaption><\/figure>\n","protected":false},"excerpt":{"rendered":"<p>Fin\u00e1ln\u00ed \u010d\u00e1st leto\u0161n\u00ed zimn\u00ed p\u0159\u00edpravy &#8211; jarn\u00ed soust\u0159ed\u011bn\u00ed v Chorvatsk\u00e9 Pule, kter\u00e9 m\u00e1 volac\u00ed znak DROGAR &#8211; je v pln\u00e9m proudu. Po brzorann\u00edm sobotn\u00edm startu byl ve stejn\u00fd den odpoledne potvzen hladk\u00fd p\u0159esun do p\u0159\u00edpravn\u00e9 balk\u00e1nsk\u00e9\u00a0 lokality a je\u0161t\u011b st\u00e1le ten den za\u010dali borci a borky MORAVEC Teamu zodpov\u011bdn\u011b plnit pe\u010dliv\u011b p\u0159ipraven\u00fd &#8222;letov\u00fd pl\u00e1n&#8220;..! \u010ctvrtek &hellip; <a href=\"https:\/\/www.moravecteam.cz\/?p=11349\" class=\"more-link\">Pokra\u010dov\u00e1n\u00ed textu <span class=\"screen-reader-text\">DROGAR v pln\u00e9m tempu-3<\/span> <span class=\"meta-nav\">&rarr;<\/span><\/a><\/p>\n","protected":false},"author":3,"featured_media":11354,"comment_status":"open","ping_status":"closed","sticky":false,"template":"","format":"standard","meta":[],"categories":[9],"tags":[],"_links":{"self":[{"href":"https:\/\/www.moravecteam.cz\/index.php?rest_route=\/wp\/v2\/posts\/11349"}],"collection":[{"href":"https:\/\/www.moravecteam.cz\/index.php?rest_route=\/wp\/v2\/posts"}],"about":[{"href":"https:\/\/www.moravecteam.cz\/index.php?rest_route=\/wp\/v2\/types\/post"}],"author":[{"embeddable":true,"href":"https:\/\/www.moravecteam.cz\/index.php?rest_route=\/wp\/v2\/users\/3"}],"replies":[{"embeddable":true,"href":"https:\/\/www.moravecteam.cz\/index.php?rest_route=%2Fwp%2Fv2%2Fcomments&post=11349"}],"version-history":[{"count":17,"href":"https:\/\/www.moravecteam.cz\/index.php?rest_route=\/wp\/v2\/posts\/11349\/revisions"}],"predecessor-version":[{"id":11382,"href":"https:\/\/www.moravecteam.cz\/index.php?rest_route=\/wp\/v2\/posts\/11349\/revisions\/11382"}],"wp:featuredmedia":[{"embeddable":true,"href":"https:\/\/www.moravecteam.cz\/index.php?rest_route=\/wp\/v2\/media\/11354"}],"wp:attachment":[{"href":"https:\/\/www.moravecteam.cz\/index.php?rest_route=%2Fwp%2Fv2%2Fmedia&parent=11349"}],"wp:term":[{"taxonomy":"category","embeddable":true,"href":"https:\/\/www.moravecteam.cz\/index.php?rest_route=%2Fwp%2Fv2%2Fcategories&post=11349"},{"taxonomy":"post_tag","embeddable":true,"href":"https:\/\/www.moravecteam.cz\/index.php?rest_route=%2Fwp%2Fv2%2Ftags&post=11349"}],"curies":[{"name":"wp","href":"https:\/\/api.w.org\/{rel}","templated":true}]}}