{"id":11383,"date":"2018-03-19T08:55:29","date_gmt":"2018-03-19T07:55:29","guid":{"rendered":"http:\/\/www.moravecteam.cz\/?p=11383"},"modified":"2018-03-19T08:55:29","modified_gmt":"2018-03-19T07:55:29","slug":"co-se-bude-dit-st12-3","status":"publish","type":"post","link":"https:\/\/www.moravecteam.cz\/?p=11383","title":{"rendered":"Co se bude d\u00edt? (ST12)"},"content":{"rendered":"<h5><span style=\"color: #800000;\"><strong>St\u0159eda 21.3. 2018<\/strong><\/span><\/h5>\n<p><span style=\"color: #000000;\">Od 16.30 prob\u011bhne\u00a0 v bene\u0161ovsk\u00e9 t\u011blocvi\u010dn\u011b\u00a0 dal\u0161\u00ed cvi\u010den\u00ed v\u00a0r\u00e1mci zimn\u00ed p\u0159\u00edpravy.\u00a0 Cvi\u010dit budeme\u00a0 do 19.30 hod.<strong> <\/strong><\/span><\/p>\n<h5><span style=\"color: #800000;\">P\u00e1tek 23.3. 2018<\/span><\/h5>\n<p>Od 18.00 prob\u011bhne\u00a0 v bene\u0161ovsk\u00e9 t\u011blocvi\u010dn\u011b dal\u0161\u00ed cvi\u010den\u00ed v\u00a0r\u00e1mci zimn\u00ed p\u0159\u00edpravy.\u00a0 Cvi\u010dit budeme\u00a0 do 20.00 hod.<\/p>\n<h5><span style=\"color: #800000;\"><strong>Sobota 24.3. 2018<\/strong><\/span><\/h5>\n<ul>\n<li>MTB z\u00e1vody Kamptal Klasik Trophy v Langenlois. Zde studujte <strong><a href=\"https:\/\/www.kamptal-klassik-trophy.at\/en\/\">podrobnosti k z\u00e1vodu, v\u010detn\u011b propozic a\u00a0on-line p\u0159ihl\u00e1\u0161en\u00ed<\/a>.<\/strong><\/li>\n<li>Sez\u00f3na MTB z\u00e1vod\u016f startuje nejen v Rakousku, ale i v \u010cesku. V Praze Zli\u010d\u00edn\u011b se jede prvn\u00ed z\u00e1vod z letos osmid\u00edln\u00e9ho seri\u00e1lu <a href=\"http:\/\/prahamtb.cz\/\"><strong>Pra\u017esk\u00e9ho MTB poh\u00e1ru<\/strong><\/a>.<\/li>\n<li>Sez\u00f3na\u00a0cyklistick\u00fdch silni\u010dn\u00edch z\u00e1vod\u016f startuje \u00a0v Hlohovci. Mrkn\u011bte\u00a0 ofici\u00e1ln\u00ed plak\u00e1t&#8230;<a href=\"http:\/\/www.moravecteam.cz\/?attachment_id=11387\" rel=\"attachment wp-att-11387\"><img decoding=\"async\" loading=\"lazy\" class=\"alignnone size-full wp-image-11387\" alt=\"Plakat Trof\" src=\"http:\/\/www.moravecteam.cz\/wp-content\/uploads\/2018\/03\/Plakat-Trof.jpg\" width=\"2245\" height=\"1587\" srcset=\"https:\/\/www.moravecteam.cz\/wp-content\/uploads\/2018\/03\/Plakat-Trof.jpg 2245w, https:\/\/www.moravecteam.cz\/wp-content\/uploads\/2018\/03\/Plakat-Trof-300x212.jpg 300w, https:\/\/www.moravecteam.cz\/wp-content\/uploads\/2018\/03\/Plakat-Trof-1024x723.jpg 1024w\" sizes=\"(max-width: 2245px) 100vw, 2245px\" \/><\/a><\/li>\n<\/ul>\n<p style=\"text-align: justify;\"><strong><\/strong>Kdo bude v r\u00e1mci prvn\u00edch cyklistick\u00fdch z\u00e1vod\u016f pot\u0159ebovat UCI licenci, kontaktujte m\u011b, zap\u016fj\u010d\u00edm V\u00e1m ji. Ofici\u00e1ln\u011b V\u00e1m bude p\u0159ed\u00e1na a\u017e na zah\u00e1jen\u00ed sez\u00f3ny 12.4. 2018.<\/p>\n<h5><span style=\"color: #800000;\"><strong>Ned\u011ble 25.3.\u00a02018<\/strong><\/span><\/h5>\n<ul>\n<li style=\"text-align: justify;\">Dal\u0161\u00ed\u00a0 cyklovyj\u00ed\u017e\u010fka s Hankou a Vlast\u00edkem Odehnalov\u00fdmi. Sraz v 9.30 ve Sportparku Boskovice &#8211; Doubravy, zde\u00a0<strong><a href=\"http:\/\/www.moravecteam.cz\/?p=10120\">mrkn\u011bte na podrobnosti.<\/a>..<span style=\"color: #ff0000;\">\u00a0POZOR!<\/span><\/strong>\u00a0Info pro d\u011bti, kter\u00e9 nebudou mit na v\u00fdji\u017e\u010fce doprovod rodi\u010d\u016f:\u00a0 mus\u00ed s sebou mit n\u00e1hradn\u00ed rukavice, v\u011btrovku na p\u0159ioble\u010deni, pit\u00ed, sva\u010dinu nebo tra\u0165ovku, nehradni du\u0161i ( ne d\u011bravou)! Toto minim\u00e1ln\u00ed vybaven\u00ed bude p\u0159ed j\u00edzdou u d\u011bt\u00ed zkontrolov\u00e1no a kdo je nebude m\u00edt &#8211;\u00a0na v\u00fdj\u00ed\u017e\u010fku\u00a0nepojede!!!<\/li>\n<li style=\"text-align: justify;\">Brn\u011bnsk\u00fd b\u011b\u017eeck\u00fd poh\u00e1r kon\u010d\u00ed fin\u00e1lov\u00fdm z\u00e1vodem v Brn\u011b, v okol\u00ed Brn\u011bnsk\u00e9 p\u0159ehrady.<strong>\u00a0<a href=\"https:\/\/www.atletikauni.cz\/cz\/s1522\/Kalendar-akci\/Seznam-akci\/c2130-Detail-akce\/ata480-BBP-10-Brnenska-prehrada\">Mrkn\u011bte na <\/a><a href=\"https:\/\/www.atletikauni.cz\/cz\/s1522\/Kalendar-akci\/Seznam-akci\/c2130-Detail-akce\/ata480-BBP-10-Brnenska-prehrada\">propozice.<\/a>\u00a0<\/strong><\/li>\n<\/ul>\n<h5><span style=\"color: #800000;\">Akce t\u011bsn\u011b za horizontem<\/span><\/h5>\n<ul>\n<li style=\"text-align: justify;\">31.3. 2018 (sobota) &#8211; tradi\u010dn\u00ed plav\u00e1n\u00ed v l\u00e1zn\u00edch Boskovice. &#8222;Rochnit&#8220; se budeme v \u010dase od 13.00 do 14.00 hodin.<\/li>\n<li style=\"text-align: justify;\">7.4. 2018 (sobota) &#8211; tradi\u010dn\u00ed zah\u00e1jen\u00ed cyklistick\u00e9 sez\u00f3ny s Vlastimilem MORVCEM v Brn\u011b &#8211; Kohoutovic\u00edch. Sraz \u00fa\u010dastn\u00edk\u016f akce, jej\u00ed\u017e sou\u010d\u00e1st\u00ed je cyklov\u00fdj\u00ed\u017e\u010fka, je n fotbalov\u00e9m h\u0159i\u0161ti Tatranu Kohoutovice v 9.00 hodin.<\/li>\n<li style=\"text-align: justify;\">12.4. 2018 (\u010dtvrtek) &#8211; Ofici\u00e1ln\u00ed zah\u00e1jen\u00ed cyklistick\u00e9 sez\u00f3ny\u00a0MORAVEC Teamu. Od 16.00 se sejdeme v Pavlovsk\u00e9 kapli\u010dce\u00a0v r\u00e1mci \u00a0M\u0161e Svat\u00e9 za MORAVEC Team a na\u00a0\u00a017.00 hodinu se p\u0159esuneme do restaurace\u00a0 Morava Bene\u0161ov, kde sez\u00f3nu slavnostn\u011b zah\u00e1j\u00edme. Zde si p\u0159ipome\u0148te, co V\u00e1m bylo ozn\u00e1meno na sch\u016fzce s rodi\u010di 12. ledna, tj\u00a0 podle jak\u00fdch odd\u00edlov\u00fdch &#8222;not se letos bude hr\u00e1t&#8220;:\u00a0<strong><a href=\"http:\/\/www.moravecteam.cz\/?attachment_id=11149\" rel=\"attachment wp-att-11149\">Sez\u00f3na 2018 &#8211; koncepce<\/a><\/strong>,\u00a0\u00a0<strong><a href=\"http:\/\/www.moravecteam.cz\/?attachment_id=11150\" rel=\"attachment wp-att-11150\">Status z\u00e1vodn\u00edka cyklistick\u00e9ho odd\u00edlu MORAVEC Team<\/a><\/strong>.\u00a0A podle jak\u00e9ho kalend\u00e1\u0159e pojedeme:\u00a0<strong><a href=\"http:\/\/www.moravecteam.cz\/?attachment_id=11154\" rel=\"attachment wp-att-11154\">MORAVEC Team &#8211;\u00a0term\u00ednov\u00fd kalend\u00e1\u0159 2018<\/a>.<\/strong>..<\/li>\n<\/ul>\n","protected":false},"excerpt":{"rendered":"<p>St\u0159eda 21.3. 2018 Od 16.30 prob\u011bhne\u00a0 v bene\u0161ovsk\u00e9 t\u011blocvi\u010dn\u011b\u00a0 dal\u0161\u00ed cvi\u010den\u00ed v\u00a0r\u00e1mci zimn\u00ed p\u0159\u00edpravy.\u00a0 Cvi\u010dit budeme\u00a0 do 19.30 hod. P\u00e1tek 23.3. 2018 Od 18.00 prob\u011bhne\u00a0 v bene\u0161ovsk\u00e9 t\u011blocvi\u010dn\u011b dal\u0161\u00ed cvi\u010den\u00ed v\u00a0r\u00e1mci zimn\u00ed p\u0159\u00edpravy.\u00a0 Cvi\u010dit budeme\u00a0 do 20.00 hod. Sobota 24.3. 2018 MTB z\u00e1vody Kamptal Klasik Trophy v Langenlois. Zde studujte podrobnosti k z\u00e1vodu, v\u010detn\u011b propozic &hellip; <a href=\"https:\/\/www.moravecteam.cz\/?p=11383\" class=\"more-link\">Pokra\u010dov\u00e1n\u00ed textu <span class=\"screen-reader-text\">Co se bude d\u00edt? (ST12)<\/span> <span class=\"meta-nav\">&rarr;<\/span><\/a><\/p>\n","protected":false},"author":3,"featured_media":11390,"comment_status":"open","ping_status":"closed","sticky":false,"template":"","format":"standard","meta":[],"categories":[11],"tags":[],"_links":{"self":[{"href":"https:\/\/www.moravecteam.cz\/index.php?rest_route=\/wp\/v2\/posts\/11383"}],"collection":[{"href":"https:\/\/www.moravecteam.cz\/index.php?rest_route=\/wp\/v2\/posts"}],"about":[{"href":"https:\/\/www.moravecteam.cz\/index.php?rest_route=\/wp\/v2\/types\/post"}],"author":[{"embeddable":true,"href":"https:\/\/www.moravecteam.cz\/index.php?rest_route=\/wp\/v2\/users\/3"}],"replies":[{"embeddable":true,"href":"https:\/\/www.moravecteam.cz\/index.php?rest_route=%2Fwp%2Fv2%2Fcomments&post=11383"}],"version-history":[{"count":7,"href":"https:\/\/www.moravecteam.cz\/index.php?rest_route=\/wp\/v2\/posts\/11383\/revisions"}],"predecessor-version":[{"id":11392,"href":"https:\/\/www.moravecteam.cz\/index.php?rest_route=\/wp\/v2\/posts\/11383\/revisions\/11392"}],"wp:featuredmedia":[{"embeddable":true,"href":"https:\/\/www.moravecteam.cz\/index.php?rest_route=\/wp\/v2\/media\/11390"}],"wp:attachment":[{"href":"https:\/\/www.moravecteam.cz\/index.php?rest_route=%2Fwp%2Fv2%2Fmedia&parent=11383"}],"wp:term":[{"taxonomy":"category","embeddable":true,"href":"https:\/\/www.moravecteam.cz\/index.php?rest_route=%2Fwp%2Fv2%2Fcategories&post=11383"},{"taxonomy":"post_tag","embeddable":true,"href":"https:\/\/www.moravecteam.cz\/index.php?rest_route=%2Fwp%2Fv2%2Ftags&post=11383"}],"curies":[{"name":"wp","href":"https:\/\/api.w.org\/{rel}","templated":true}]}}