{"id":11394,"date":"2018-03-19T22:00:36","date_gmt":"2018-03-19T21:00:36","guid":{"rendered":"http:\/\/www.moravecteam.cz\/?p=11394"},"modified":"2018-03-20T07:47:05","modified_gmt":"2018-03-20T06:47:05","slug":"zdravo-drogari","status":"publish","type":"post","link":"https:\/\/www.moravecteam.cz\/?p=11394","title":{"rendered":"&#8222;Zdravo DROGARI&#8220;!"},"content":{"rendered":"<p style=\"text-align: justify;\"><strong><span style=\"color: #800000;\">U\u017e po t\u0159et\u00ed v \u0159ad\u011b v historii odd\u00edlu byla fin\u00e1ln\u00ed \u010d\u00e1st zimn\u00ed p\u0159\u00edpravy zakon\u010dena jarn\u00edm soust\u0159ed\u011bn\u00edm v ji\u017en\u011bj\u0161\u00edch zem\u011bpisn\u00fdch \u0161\u00ed\u0159k\u00e1ch, kdy na\u0161i rajd\u0159i za p\u0159ece jen p\u0159\u00edzniv\u011bj\u0161\u00edch klimatick\u00fdch podm\u00ednek zdol\u00e1vali na silni\u010dn\u00edch speci\u00e1lech tolik pot\u0159ebn\u00e9,\u00a0 prvn\u00ed jarn\u00ed kilometry. Po italsk\u00e9m Garganu (p\u0159edloni) a chorvatsk\u00e9 Podstran\u011b (loni) padla letos volba na\u0161ho specialisty pro zahrani\u010d\u00ed, Jirky Zav\u0159ela, op\u011bt na chorvatskou destinaci, kdy\u017e MORAVEC Team tentorkt\u00e1t pohostilo p\u0159\u00edmo\u0159sk\u00e9 letovisko Pula.<\/span><\/strong><\/p>\n<figure id=\"attachment_11402\" aria-describedby=\"caption-attachment-11402\" style=\"width: 2048px\" class=\"wp-caption alignnone\"><a href=\"http:\/\/www.moravecteam.cz\/?attachment_id=11402\" rel=\"attachment wp-att-11402\"><img decoding=\"async\" loading=\"lazy\" class=\" wp-image-11402\" alt=\"IMG_5029\" src=\"http:\/\/www.moravecteam.cz\/wp-content\/uploads\/2018\/03\/IMG_5029.jpg\" width=\"2048\" height=\"944\" srcset=\"https:\/\/www.moravecteam.cz\/wp-content\/uploads\/2018\/03\/IMG_5029.jpg 2048w, https:\/\/www.moravecteam.cz\/wp-content\/uploads\/2018\/03\/IMG_5029-300x138.jpg 300w, https:\/\/www.moravecteam.cz\/wp-content\/uploads\/2018\/03\/IMG_5029-1024x472.jpg 1024w\" sizes=\"(max-width: 2048px) 100vw, 2048px\" \/><\/a><figcaption id=\"caption-attachment-11402\" class=\"wp-caption-text\">\u00dasp\u011b\u0161n\u00fd v\u00fdsadek DROGAR 2018 kr\u00e1tce p\u0159ed odjezdem zp\u011bt na Drahanskou Vrchovinu, v tom \u010dase \u0161lehanou v\u0161emi studen\u00fdmi v\u011btry&#8230;<\/figcaption><\/figure>\n<p style=\"text-align: justify;\">A byla to volba veskrze \u0161\u0165astn\u00e1! Z\u00e1zem\u00ed bylo pro n\u00e1s v optim\u00e1ln\u00ed podob\u011b, kvalitn\u00ed a hlavn\u011b bezpe\u010dn\u00e9 byly i m\u00edstn\u00ed silnice a ostatn\u00ed ter\u00e9ny s mo\u017enost\u00ed navolen\u00ed vhodn\u00e9ho v\u00fd\u0161kov\u00e9ho profilu trasy. A kdy\u017e k tomu p\u0159ipo\u010dteme skute\u010dnost, \u017ee i po\u010das\u00ed n\u00e1m \u0161lo v pr\u016fb\u011bhu cel\u00e9ho pobytu v podstat\u011b &#8222;na ruku&#8220;, je mo\u017eno v\u00fdsadek s volac\u00edm znakem DROGAR, kter\u00fd ve sv\u00e9 v\u011bt\u0161inov\u00e9 podob\u011b bezpe\u010dn\u011b &#8222;dosednul&#8220; na parkovi\u0161ti u restaurace\u00a0 Morava Bene\u0161ov minulou ned\u011bli podle pl\u00e1nu asi 15 minut p\u0159ed 17. hodinou, hodnotit v\u00fdhradn\u011b pozitivn\u011b!<\/p>\n<figure id=\"attachment_11378\" aria-describedby=\"caption-attachment-11378\" style=\"width: 1440px\" class=\"wp-caption alignnone\"><a href=\"http:\/\/www.moravecteam.cz\/?attachment_id=11378\" rel=\"attachment wp-att-11378\"><img decoding=\"async\" loading=\"lazy\" class=\" wp-image-11378\" alt=\"28946627_2478046715753815_1806652322_o\" src=\"http:\/\/www.moravecteam.cz\/wp-content\/uploads\/2018\/03\/28946627_2478046715753815_1806652322_o.jpg\" width=\"1440\" height=\"810\" srcset=\"https:\/\/www.moravecteam.cz\/wp-content\/uploads\/2018\/03\/28946627_2478046715753815_1806652322_o.jpg 1440w, https:\/\/www.moravecteam.cz\/wp-content\/uploads\/2018\/03\/28946627_2478046715753815_1806652322_o-300x168.jpg 300w, https:\/\/www.moravecteam.cz\/wp-content\/uploads\/2018\/03\/28946627_2478046715753815_1806652322_o-1024x576.jpg 1024w\" sizes=\"(max-width: 1440px) 100vw, 1440px\" \/><\/a><figcaption id=\"caption-attachment-11378\" class=\"wp-caption-text\">Dv\u011b Barunky by mohly vystupovat &#8211; podle jejich z\u00e1\u0159\u00edc\u00edch \u00fasm\u011bv\u016f &#8211; v reklam\u011b na zubn\u00ed pasty!<\/figcaption><\/figure>\n<p style=\"text-align: justify;\">Z prvn\u00edch informac\u00ed tren\u00e9r\u016f a podp\u016frn\u00e9ho Teamu m\u016f\u017eeme vysledovat t\u00e9\u017e spokojenost s disciplinou a odpov\u011bdn\u00fdm p\u0159\u00edstupem k pln\u011bn\u00ed povinnost\u00ed borc\u016f a borek MORAVCE. Jedin\u00fdm ru\u0161iv\u00fdm elementem byla, jako\u00a0 obvykle, komunika\u010dn\u00ed technika, kter\u00e1 dok\u00e1\u017ee naru\u0161ovat harmonii p\u0159\u00edpravy opravdu zna\u010dn\u011b. Pro p\u0159\u00ed\u0161t\u011b ud\u011bl\u00e1me samoz\u0159ejm\u011b\u00a0 ale i vt\u00e9to v\u011bci radik\u00e1ln\u00ed opat\u0159en\u00ed.<\/p>\n<figure id=\"attachment_11404\" aria-describedby=\"caption-attachment-11404\" style=\"width: 1673px\" class=\"wp-caption alignnone\"><a href=\"http:\/\/www.moravecteam.cz\/?attachment_id=11404\" rel=\"attachment wp-att-11404\"><img decoding=\"async\" loading=\"lazy\" class=\" wp-image-11404\" alt=\"IMG_4892\" src=\"http:\/\/www.moravecteam.cz\/wp-content\/uploads\/2018\/03\/IMG_4892.jpg\" width=\"1673\" height=\"1123\" srcset=\"https:\/\/www.moravecteam.cz\/wp-content\/uploads\/2018\/03\/IMG_4892.jpg 1673w, https:\/\/www.moravecteam.cz\/wp-content\/uploads\/2018\/03\/IMG_4892-300x201.jpg 300w, https:\/\/www.moravecteam.cz\/wp-content\/uploads\/2018\/03\/IMG_4892-1024x687.jpg 1024w\" sizes=\"(max-width: 1673px) 100vw, 1673px\" \/><\/a><figcaption id=\"caption-attachment-11404\" class=\"wp-caption-text\">N\u00e1v\u0161t\u011bvu p\u016fsobiv\u00e9ho Kolosea nemohl MORAVEC Team ve voln\u00e9 chvilce vynechat&#8230;<\/figcaption><\/figure>\n<p style=\"text-align: justify;\">Tvrd\u00e1 p\u0159\u00edprava, jej\u00ed\u017e parametry a data zde samoz\u0159ejm\u011b uv\u00e1d\u011bt nebudu (neb &#8222;nep\u0159\u00edtel naslouch\u00e1&#8220;), byla velice citliv\u011b vyv\u00e1\u017eena i tolik pot\u0159ebn\u00fdmi chvilkami relaxace. Tak\u017ee d\u011bti u\u017e znaj\u00ed nap\u0159\u00edklad odpov\u011b\u010f na ot\u00e1zku, kter\u00fd \u017ee to v\u011bhlasn\u00fd n\u00e1rod p\u0159\u00edmo\u0159sk\u00e9 m\u011bste\u010dko Pulu v d\u00e1vn\u00e9 historii posunul hodn\u011b vp\u0159ed, co \u017ee je to vlastn\u011b &#8222;Coloseum&#8220;, kolik chorvatsk\u00fdch soudruh\u016f se vejde do chorvatsk\u00e9 ryb\u00e1\u0159sk\u00e9 &#8222;d\u017eunky&#8220;, nebo \u010d\u00edm se vlastn\u011b \u017eiv\u00ed a co maj\u00ed nejrad\u0161i \u017eelvy a \u017eelvi\u010dky?<\/p>\n<figure id=\"attachment_11403\" aria-describedby=\"caption-attachment-11403\" style=\"width: 1846px\" class=\"wp-caption alignnone\"><a href=\"http:\/\/www.moravecteam.cz\/?attachment_id=11403\" rel=\"attachment wp-att-11403\"><img decoding=\"async\" loading=\"lazy\" class=\" wp-image-11403\" alt=\"IMG_4824\" src=\"http:\/\/www.moravecteam.cz\/wp-content\/uploads\/2018\/03\/IMG_4824.jpg\" width=\"1846\" height=\"1159\" srcset=\"https:\/\/www.moravecteam.cz\/wp-content\/uploads\/2018\/03\/IMG_4824.jpg 1846w, https:\/\/www.moravecteam.cz\/wp-content\/uploads\/2018\/03\/IMG_4824-300x188.jpg 300w, https:\/\/www.moravecteam.cz\/wp-content\/uploads\/2018\/03\/IMG_4824-1024x642.jpg 1024w\" sizes=\"(max-width: 1846px) 100vw, 1846px\" \/><\/a><figcaption id=\"caption-attachment-11403\" class=\"wp-caption-text\">&#8222;Self\u00ed\u010dko&#8220; jde ud\u011blat i s fo\u0165\u00e1kem! Pro Franty to nebyl \u017e\u00e1dn\u00fd probl\u00e9m&#8230;<\/figcaption><\/figure>\n<p style=\"text-align: justify;\">Architektovi leto\u0161n\u00edho jarn\u00edho soust\u0159ed\u011bn\u00ed, &#8222;\u017dor\u017eovi&#8220; Zav\u0159elovic jsem u\u017e poklonu &#8222;vysekl&#8220;, samoz\u0159ejm\u011b, \u017ee je\u0161t\u011b o &#8222;chlup&#8220; hlub\u0161\u00ed sklon\u011bn\u00ed pat\u0159\u00ed jeho man\u017eelce <span style=\"color: #800000;\"><strong>Ilonce Zav\u0159elov\u00e9<\/strong><\/span>, kter\u00e1 se skv\u011ble zhostila \u00fakolu nakrmit denno &#8211; denn\u011b v\u00edce jak dva tucty hladov\u00fdch krk\u016f! Bravo Ilono! A je\u0161t\u011b jednou velk\u00fd d\u00edk! Ten pat\u0159\u00ed samoz\u0159ejm\u011b i tren\u00e9r\u016fm, kte\u0159\u00ed, vysoce odborn\u011b d\u00e1vkovali ka\u017edodenn\u011b pot\u0159ebn\u00e9 objemy a taky pe\u010dliv\u011b bd\u011bli nad bezpe\u010dnost\u00ed sv\u00fdch sv\u011b\u0159enc\u016f. No a nem\u016f\u017eu s d\u00edkem opomenout \u0159idi\u010de \u010dty\u0159 invazn\u00edch vozidel. Sedm stovek kilometr\u016f nen\u00ed zrovna kr\u00e1tk\u00e1 distanc a n\u00e1klad byl vskutku drahocenn\u00fd&#8230; D\u011bkova\u010dka ale i v\u0161em ostatn\u00edm, kte\u0159\u00ed v r\u00e1mci veled\u016fle\u017eit\u00e9 p\u0159\u00edpravn\u00e9 mise &#8211; p\u0159ilo\u017eily ruce k poveden\u00e9mu d\u00edlu!<\/p>\n<figure id=\"attachment_11405\" aria-describedby=\"caption-attachment-11405\" style=\"width: 1863px\" class=\"wp-caption alignnone\"><a href=\"http:\/\/www.moravecteam.cz\/?attachment_id=11405\" rel=\"attachment wp-att-11405\"><img decoding=\"async\" loading=\"lazy\" class=\" wp-image-11405\" alt=\"IMG_5019\" src=\"http:\/\/www.moravecteam.cz\/wp-content\/uploads\/2018\/03\/IMG_5019.jpg\" width=\"1863\" height=\"1347\" srcset=\"https:\/\/www.moravecteam.cz\/wp-content\/uploads\/2018\/03\/IMG_5019.jpg 1863w, https:\/\/www.moravecteam.cz\/wp-content\/uploads\/2018\/03\/IMG_5019-300x216.jpg 300w, https:\/\/www.moravecteam.cz\/wp-content\/uploads\/2018\/03\/IMG_5019-1024x740.jpg 1024w\" sizes=\"(max-width: 1863px) 100vw, 1863px\" \/><\/a><figcaption id=\"caption-attachment-11405\" class=\"wp-caption-text\">U kan\u00f3nu st\u00e1l(i) a po\u0159\u00e1d, po\u0159\u00e1d l\u00e1doval(i)..!<\/figcaption><\/figure>\n<p style=\"text-align: justify;\">Jako bych vid\u011bl hladov\u00e9 o\u010di na\u0161ich konkurent\u016f, a soupe\u0159\u016f, jak st\u00e1le marn\u011b v tomto \u010dl\u00e1nku hledaj\u00ed, jak \u017ee to tam, v t\u00e9 Pule, Ti MORAVCI tr\u00e9novali&#8230; OK, dobr\u00e1&#8230; Prozrad\u00edm V\u00e1m to: tr\u00e9novali jsme tam p\u0159esn\u011b tak a p\u0159esn\u011b toliko, abychom i letos V\u00e1m v\u0161em byli v\u00edc ne\u017e zdatn\u00fdmi soupe\u0159i! A bu\u010fte si jisti, \u017ee V\u00e1m v z\u00e1vodech nedarujeme ani milimetr trat\u011b zadarmo..!\u00a0Po Garganu 2016 i Podstran\u011b 2017 se to \u00fasp\u011bchy MORAVEC Teamu v cyklistick\u00e9 sez\u00f3n\u011b v\u017edy jen hem\u017eilo&#8230; Tak pro\u010d by to po leto\u0161n\u00ed Pule m\u011blo b\u00fdt jinak? Pevn\u00fd fundament pro vyda\u0159enou sez\u00f3nu je tedy polo\u017een\u00a0 j\u00e1 mysl\u00edm, \u017ee jako v minul\u00fdch letech ji m\u016f\u017eeme vyhl\u00ed\u017eet s on\u00edm, pro n\u00e1s p\u0159\u00edslove\u010dn\u00fdm, opatrn\u00fdm optimismem! Mrkn\u011bte na souhrnou fotogalerii z cel\u00e9ho pobytu (d\u00edky Franto):<\/p>\n<ul>\n<li><strong><a href=\"http:\/\/moravecteam.rajce.idnes.cz\/2018.03.10._-_18._Jarni_soustredeni_Pula_-_Chorvatsko_-_4\/\">Fotogalerie \u010d.4&#8230;<\/a><\/strong><\/li>\n<\/ul>\n<p style=\"text-align: justify;\">&#8230;a p\u0159ipome\u0148te si p\u0159ede\u0161l\u00e9, minul\u00fd t\u00fdden postupn\u011b vkl\u00e1dan\u00e9\u00a0 fotogalerie:<\/p>\n<ul>\n<li><strong><a href=\"http:\/\/moravecteam.rajce.idnes.cz\/2018.03.10._-_18._Jarni_soustredeni_Pula_-_Chorvatsko\/\">Fotogalerie \u010d. 1<\/a><\/strong><\/li>\n<li><strong><a href=\"http:\/\/moravecteam.rajce.idnes.cz\/2018.03.10._-_18._Jarni_soustredeni_Pula_-_Chorvatsko_-_2\/\">Fotogalerie \u010d. 2<\/a><\/strong><\/li>\n<li><strong><a href=\"http:\/\/moravecteam.rajce.idnes.cz\/2018.03.10._-_18._Jarni_soustredeni_Pula_-_Chorvatsko_-_3\/\">Fotogalerie \u010d. 3<\/a><\/strong><\/li>\n<\/ul>\n<figure id=\"attachment_11401\" aria-describedby=\"caption-attachment-11401\" style=\"width: 2048px\" class=\"wp-caption alignnone\"><a href=\"http:\/\/www.moravecteam.cz\/?attachment_id=11401\" rel=\"attachment wp-att-11401\"><img decoding=\"async\" loading=\"lazy\" class=\" wp-image-11401\" alt=\"IMG_5030\" src=\"http:\/\/www.moravecteam.cz\/wp-content\/uploads\/2018\/03\/IMG_5030.jpg\" width=\"2048\" height=\"1127\" srcset=\"https:\/\/www.moravecteam.cz\/wp-content\/uploads\/2018\/03\/IMG_5030.jpg 2048w, https:\/\/www.moravecteam.cz\/wp-content\/uploads\/2018\/03\/IMG_5030-300x165.jpg 300w, https:\/\/www.moravecteam.cz\/wp-content\/uploads\/2018\/03\/IMG_5030-1024x563.jpg 1024w\" sizes=\"(max-width: 2048px) 100vw, 2048px\" \/><\/a><figcaption id=\"caption-attachment-11401\" class=\"wp-caption-text\">&#8222;Qartet&#8220; invazn\u00edch vozidel MORAVEC Teamu na ned\u011bln\u00ed dr\u00e1ze voln\u00e9ho n\u00e1vratu&#8230; L\u00eddrem zcela vp\u0159edu\u00a0 s voz\u00edkem\u00a0 Honza, za n\u00edm Pavel, Milan a ze zadn\u00ed pozice to jist\u00ed Jura, z jeho\u017e vozu cvakl Franta tuto fotku.<\/figcaption><\/figure>\n","protected":false},"excerpt":{"rendered":"<p>U\u017e po t\u0159et\u00ed v \u0159ad\u011b v historii odd\u00edlu byla fin\u00e1ln\u00ed \u010d\u00e1st zimn\u00ed p\u0159\u00edpravy zakon\u010dena jarn\u00edm soust\u0159ed\u011bn\u00edm v ji\u017en\u011bj\u0161\u00edch zem\u011bpisn\u00fdch \u0161\u00ed\u0159k\u00e1ch, kdy na\u0161i rajd\u0159i za p\u0159ece jen p\u0159\u00edzniv\u011bj\u0161\u00edch klimatick\u00fdch podm\u00ednek zdol\u00e1vali na silni\u010dn\u00edch speci\u00e1lech tolik pot\u0159ebn\u00e9,\u00a0 prvn\u00ed jarn\u00ed kilometry. Po italsk\u00e9m Garganu (p\u0159edloni) a chorvatsk\u00e9 Podstran\u011b (loni) padla letos volba na\u0161ho specialisty pro zahrani\u010d\u00ed, Jirky Zav\u0159ela, &hellip; <a href=\"https:\/\/www.moravecteam.cz\/?p=11394\" class=\"more-link\">Pokra\u010dov\u00e1n\u00ed textu <span class=\"screen-reader-text\">&#8222;Zdravo DROGARI&#8220;!<\/span> <span class=\"meta-nav\">&rarr;<\/span><\/a><\/p>\n","protected":false},"author":3,"featured_media":11406,"comment_status":"open","ping_status":"closed","sticky":false,"template":"","format":"standard","meta":[],"categories":[9],"tags":[],"_links":{"self":[{"href":"https:\/\/www.moravecteam.cz\/index.php?rest_route=\/wp\/v2\/posts\/11394"}],"collection":[{"href":"https:\/\/www.moravecteam.cz\/index.php?rest_route=\/wp\/v2\/posts"}],"about":[{"href":"https:\/\/www.moravecteam.cz\/index.php?rest_route=\/wp\/v2\/types\/post"}],"author":[{"embeddable":true,"href":"https:\/\/www.moravecteam.cz\/index.php?rest_route=\/wp\/v2\/users\/3"}],"replies":[{"embeddable":true,"href":"https:\/\/www.moravecteam.cz\/index.php?rest_route=%2Fwp%2Fv2%2Fcomments&post=11394"}],"version-history":[{"count":12,"href":"https:\/\/www.moravecteam.cz\/index.php?rest_route=\/wp\/v2\/posts\/11394\/revisions"}],"predecessor-version":[{"id":11414,"href":"https:\/\/www.moravecteam.cz\/index.php?rest_route=\/wp\/v2\/posts\/11394\/revisions\/11414"}],"wp:featuredmedia":[{"embeddable":true,"href":"https:\/\/www.moravecteam.cz\/index.php?rest_route=\/wp\/v2\/media\/11406"}],"wp:attachment":[{"href":"https:\/\/www.moravecteam.cz\/index.php?rest_route=%2Fwp%2Fv2%2Fmedia&parent=11394"}],"wp:term":[{"taxonomy":"category","embeddable":true,"href":"https:\/\/www.moravecteam.cz\/index.php?rest_route=%2Fwp%2Fv2%2Fcategories&post=11394"},{"taxonomy":"post_tag","embeddable":true,"href":"https:\/\/www.moravecteam.cz\/index.php?rest_route=%2Fwp%2Fv2%2Ftags&post=11394"}],"curies":[{"name":"wp","href":"https:\/\/api.w.org\/{rel}","templated":true}]}}