{"id":11415,"date":"2018-03-22T21:44:19","date_gmt":"2018-03-22T20:44:19","guid":{"rendered":"http:\/\/www.moravecteam.cz\/?p=11415"},"modified":"2018-03-23T06:29:36","modified_gmt":"2018-03-23T05:29:36","slug":"lamani-rekordu","status":"publish","type":"post","link":"https:\/\/www.moravecteam.cz\/?p=11415","title":{"rendered":"L\u00e1m\u00e1n\u00ed rekord\u016f&#8230;"},"content":{"rendered":"<p style=\"text-align: justify;\"><span style=\"color: #800000;\"><strong>Rekordy nepadaly v minul\u00fdch dnech jen ty teplotn\u00ed&#8230; Minulou st\u0159edu padl\u00a0pravd\u011bpodobn\u011b i rekord v po\u010dtu \u00fa\u010dastn\u00edk\u016f p\u0159i dal\u0161\u00edm pravideln\u00e9m cvi\u010den\u00ed v t\u011blocvi\u010dn\u011b! Mo\u017en\u00e1\u00a0skute\u010dnost, \u017ee n\u00e1m pan\u00ed \u0161vadlenka zkou\u0161ela vzorky t\u00fdmov\u00e9ho o\u0161acen\u00ed na sez\u00f3nu 2018, zp\u016fsobila nadpr\u016fm\u011brn\u00fd z\u00e1jem cvi\u010denc\u016f o rutinn\u00ed tr\u00e9nink&#8230; Svou roli sehr\u00e1l ur\u010dit\u011b tak\u00e9 fakt, \u017ee se mo\u017en\u00e1 jednalo o posledn\u00ed st\u0159ede\u010dn\u00ed cvi\u010dko v r\u00e1mci vrchol\u00edc\u00ed zimn\u00ed p\u0159\u00edpravy&#8230;<\/strong><\/span><\/p>\n<figure id=\"attachment_11418\" aria-describedby=\"caption-attachment-11418\" style=\"width: 594px\" class=\"wp-caption alignnone\"><a href=\"http:\/\/www.moravecteam.cz\/?attachment_id=11418\" rel=\"attachment wp-att-11418\"><img decoding=\"async\" loading=\"lazy\" class=\" wp-image-11418\" alt=\"IMG_5041\" src=\"http:\/\/www.moravecteam.cz\/wp-content\/uploads\/2018\/03\/IMG_5041.jpg\" width=\"594\" height=\"613\" srcset=\"https:\/\/www.moravecteam.cz\/wp-content\/uploads\/2018\/03\/IMG_5041.jpg 594w, https:\/\/www.moravecteam.cz\/wp-content\/uploads\/2018\/03\/IMG_5041-25x25.jpg 25w, https:\/\/www.moravecteam.cz\/wp-content\/uploads\/2018\/03\/IMG_5041-290x300.jpg 290w\" sizes=\"(max-width: 594px) 100vw, 594px\" \/><\/a><figcaption id=\"caption-attachment-11418\" class=\"wp-caption-text\">Oporou jsou si Leonka a Zitu\u0161ka p\u0159i protahov\u00e1n\u00ed stehenn\u00edch sval\u016f. Tento stre\u010dinkov\u00fd prvek \u0159e\u0161\u00ed velice zodpov\u011bdn\u011b&#8230; A hlavn\u011b s \u00fasm\u011bvem.<\/figcaption><\/figure>\n<p style=\"text-align: justify;\">A\u0165 tak, \u010di tak, jedno je jist\u00e9: tr\u00e9ninkov\u00fd projev mlad\u00fdch cvi\u010denc\u016f vzbuzuje na prahu nov\u00e9 sez\u00f3ny\u00a0opr\u00e1vn\u011bn\u00fd optimismus! V\u00fdbu\u0161nost, dynamika, neposednost, vitalita, aktivn\u00ed p\u0159\u00edstup&#8230; T\u011bmito slovy by se daly vystihnout znaky obvykl\u00e9 st\u0159ede\u010dn\u00ed tr\u00e9ninkov\u00e9 skupiny, nikoho z &#8222;mlad\u00fdch pu\u0161ek&#8220; nevyj\u00edmaje&#8230; Od nejmen\u0161\u00edch &#8211; Leonky, Ton\u00edka a Jon\u00e1\u0161ka a\u017e po zku\u0161en\u00e9 Ani\u010dku, V\u00edtka, Eli\u0161ku, Romana&#8230; O na\u0161ich \u00fasudc\u00edch se budeme m\u00edt mo\u017enost p\u0159esv\u011bd\u010dit u\u017e brzy&#8230; V\u017edy\u0165 u\u017e o tomto v\u00edkendu vyraz\u00ed borky a borci MORAVEC Teamu na prvn\u00ed ostr\u00e1 cyklistick\u00e1 kl\u00e1n\u00ed &#8211; a to hned do t\u0159ech destinac\u00ed!<\/p>\n<figure id=\"attachment_11419\" aria-describedby=\"caption-attachment-11419\" style=\"width: 1523px\" class=\"wp-caption alignnone\"><a href=\"http:\/\/www.moravecteam.cz\/?attachment_id=11419\" rel=\"attachment wp-att-11419\"><img decoding=\"async\" loading=\"lazy\" class=\" wp-image-11419\" alt=\"IMG_5047\" src=\"http:\/\/www.moravecteam.cz\/wp-content\/uploads\/2018\/03\/IMG_5047.jpg\" width=\"1523\" height=\"1362\" srcset=\"https:\/\/www.moravecteam.cz\/wp-content\/uploads\/2018\/03\/IMG_5047.jpg 1523w, https:\/\/www.moravecteam.cz\/wp-content\/uploads\/2018\/03\/IMG_5047-300x268.jpg 300w, https:\/\/www.moravecteam.cz\/wp-content\/uploads\/2018\/03\/IMG_5047-1024x915.jpg 1024w\" sizes=\"(max-width: 1523px) 100vw, 1523px\" \/><\/a><figcaption id=\"caption-attachment-11419\" class=\"wp-caption-text\">To je dnes ale &#8222;ho\u0148ka&#8220;&#8230;<\/figcaption><\/figure>\n<p style=\"text-align: justify;\">Z\u00e1vod\u011bn\u00ed je ale jin\u00e1 kapitola, poj\u010fme se je\u0161t\u011b vr\u00e1tit do podve\u010dern\u00ed st\u0159ede\u010dn\u00ed bene\u0161ovsk\u00e9 t\u011blocvi\u010dny. O pokro\u010dil\u00e9 ro\u010dn\u00ed dob\u011b, kter\u00e1 nazna\u010duje, \u017ee je start do nov\u00e9 cyklistick\u00e9 sez\u00f3na &#8222;na spadnut\u00ed&#8220;, sv\u011bd\u010d\u00ed i fakt, \u017ee d\u00edky slun\u00ed\u010dku, kter\u00e9 v odpoledni d\u011blalo svoji povinnost, bylo t\u0159eba rozsv\u00edtit osv\u011btlen\u00ed v hale a\u017e na druhou polovinu tr\u00e9ninku. Po nezbytn\u00fdch \u010d\u00e1stech dvouhodinovky (kombinovan\u00e9 rozb\u011bh\u00e1n\u00ed, rozcvi\u010dka, t\u0159\u00edd\u0159epov\u00e1 vybi\u0161ka a &#8222;Ryb\u00e1\u0159i &#8211; rybi\u010dky) se \u0161lo do \u0161tafet, kter\u00e9 byly &#8211; d\u00edky nadpr\u016fm\u011brn\u00e9mu po\u010dtu tr\u00e9nuj\u00ed\u00edc\u00edch MORAVC\u016e hned \u010dty\u0159i po \u0161esti \u010dlenech!<\/p>\n<figure id=\"attachment_11423\" aria-describedby=\"caption-attachment-11423\" style=\"width: 758px\" class=\"wp-caption alignnone\"><a href=\"http:\/\/www.moravecteam.cz\/?attachment_id=11423\" rel=\"attachment wp-att-11423\"><img decoding=\"async\" loading=\"lazy\" class=\" wp-image-11423\" alt=\"DSCN3039\" src=\"http:\/\/www.moravecteam.cz\/wp-content\/uploads\/2018\/03\/DSCN3039.jpg\" width=\"758\" height=\"382\" srcset=\"https:\/\/www.moravecteam.cz\/wp-content\/uploads\/2018\/03\/DSCN3039.jpg 758w, https:\/\/www.moravecteam.cz\/wp-content\/uploads\/2018\/03\/DSCN3039-300x151.jpg 300w\" sizes=\"(max-width: 758px) 100vw, 758px\" \/><\/a><figcaption id=\"caption-attachment-11423\" class=\"wp-caption-text\">Posezen\u00ed, pokec, pohoda, kl\u00eddek&#8230; V &#8222;chaloupce st\u00ednu&#8220; chyb\u011bl u\u017e jen &#8211; \u00a0<strong><a href=\"https:\/\/www.youtube.com\/watch?v=_nKNpSgEyMM\">&#8222;tab\u00e1\u010dek&#8220;.<\/a><\/strong>..<\/figcaption><\/figure>\n<p style=\"text-align: justify;\">Obt\u00ed\u017enost jednotliv\u00fdch z\u00e1vodn\u00edch &#8222;rund&#8220; gradovala, &#8222;mla\u010fo\u0161i&#8220; v\u0161ak, jako by byli k neutah\u00e1n\u00ed&#8230; Po \u010dase jsme se vr\u00e1tili k hr\u00e1tk\u00e1m s medicinbaly a p\u0159i h\u00e1zen\u00ed p\u0159es t\u011blocvi\u010dnu nap\u0159\u00ed\u010d to vypadalo v hale jako za palby u pov\u011bstn\u00e9ho &#8222;Verdunu&#8220;! Cvi\u010denci v\u0161ak v\u0161e disciplinovan\u011b zvl\u00e1dli, tak\u017ee \u017e\u00e1dn\u00e9 ztr\u00e1ty! Hr\u00e1tky s &#8222;t\u011b\u017ek\u00fdmi m\u00ed\u010di&#8220; p\u0159e\u0161li v hr\u00e1tky s t\u00edmto n\u00e1\u0159ad\u00edm ve dvojic\u00edch, v\u0161e zavr\u0161il t\u0159\u00edkolov\u00fd slalomek kombinovan\u00fd sprintem. Fin\u00e1ln\u00ed rozd\u011blen\u00ed do dvojic se hodilo pro posledn\u00ed &#8222;\u010d\u00edslo&#8220; tr\u00e9ninku &#8211; premi\u00e9rovou vy\u0159azovac\u00ed vybi\u0161ku dvojic, kterou po dramatick\u00e9m souboji holek a kluk\u016f vyhr\u00e1la dvoji\u010dka <strong><span style=\"color: #800000;\">Bar\u010da Tlamkov\u00e1 \/ Ani\u010dka Han\u00e1kov\u00e1<\/span><\/strong>. A pak u\u017e jen na sam\u00e9 &#8222;padla&#8220; zabur\u00e1cely t\u011blocvi\u010dnou stejn\u011b tak odhodlan\u00e9, jako mocn\u00e9 &#8211; bojov\u00e9 odd\u00edlov\u00e9 pok\u0159iky! <strong><a href=\"http:\/\/moravecteam.rajce.idnes.cz\/2018.03.21_Cviceni_v_telocvicne\/\">Mrkn\u011bte na malou fotogalerii<\/a>&#8230;<\/strong><\/p>\n<p style=\"text-align: justify;\">\n","protected":false},"excerpt":{"rendered":"<p>Rekordy nepadaly v minul\u00fdch dnech jen ty teplotn\u00ed&#8230; Minulou st\u0159edu padl\u00a0pravd\u011bpodobn\u011b i rekord v po\u010dtu \u00fa\u010dastn\u00edk\u016f p\u0159i dal\u0161\u00edm pravideln\u00e9m cvi\u010den\u00ed v t\u011blocvi\u010dn\u011b! Mo\u017en\u00e1\u00a0skute\u010dnost, \u017ee n\u00e1m pan\u00ed \u0161vadlenka zkou\u0161ela vzorky t\u00fdmov\u00e9ho o\u0161acen\u00ed na sez\u00f3nu 2018, zp\u016fsobila nadpr\u016fm\u011brn\u00fd z\u00e1jem cvi\u010denc\u016f o rutinn\u00ed tr\u00e9nink&#8230; Svou roli sehr\u00e1l ur\u010dit\u011b tak\u00e9 fakt, \u017ee se mo\u017en\u00e1 jednalo o posledn\u00ed st\u0159ede\u010dn\u00ed cvi\u010dko &hellip; <a href=\"https:\/\/www.moravecteam.cz\/?p=11415\" class=\"more-link\">Pokra\u010dov\u00e1n\u00ed textu <span class=\"screen-reader-text\">L\u00e1m\u00e1n\u00ed rekord\u016f&#8230;<\/span> <span class=\"meta-nav\">&rarr;<\/span><\/a><\/p>\n","protected":false},"author":3,"featured_media":11421,"comment_status":"open","ping_status":"closed","sticky":false,"template":"","format":"standard","meta":[],"categories":[9],"tags":[],"_links":{"self":[{"href":"https:\/\/www.moravecteam.cz\/index.php?rest_route=\/wp\/v2\/posts\/11415"}],"collection":[{"href":"https:\/\/www.moravecteam.cz\/index.php?rest_route=\/wp\/v2\/posts"}],"about":[{"href":"https:\/\/www.moravecteam.cz\/index.php?rest_route=\/wp\/v2\/types\/post"}],"author":[{"embeddable":true,"href":"https:\/\/www.moravecteam.cz\/index.php?rest_route=\/wp\/v2\/users\/3"}],"replies":[{"embeddable":true,"href":"https:\/\/www.moravecteam.cz\/index.php?rest_route=%2Fwp%2Fv2%2Fcomments&post=11415"}],"version-history":[{"count":7,"href":"https:\/\/www.moravecteam.cz\/index.php?rest_route=\/wp\/v2\/posts\/11415\/revisions"}],"predecessor-version":[{"id":11428,"href":"https:\/\/www.moravecteam.cz\/index.php?rest_route=\/wp\/v2\/posts\/11415\/revisions\/11428"}],"wp:featuredmedia":[{"embeddable":true,"href":"https:\/\/www.moravecteam.cz\/index.php?rest_route=\/wp\/v2\/media\/11421"}],"wp:attachment":[{"href":"https:\/\/www.moravecteam.cz\/index.php?rest_route=%2Fwp%2Fv2%2Fmedia&parent=11415"}],"wp:term":[{"taxonomy":"category","embeddable":true,"href":"https:\/\/www.moravecteam.cz\/index.php?rest_route=%2Fwp%2Fv2%2Fcategories&post=11415"},{"taxonomy":"post_tag","embeddable":true,"href":"https:\/\/www.moravecteam.cz\/index.php?rest_route=%2Fwp%2Fv2%2Ftags&post=11415"}],"curies":[{"name":"wp","href":"https:\/\/api.w.org\/{rel}","templated":true}]}}