{"id":1143,"date":"2015-08-02T23:41:25","date_gmt":"2015-08-02T21:41:25","guid":{"rendered":"http:\/\/www.moravecteam.cz\/?p=1143"},"modified":"2015-08-02T23:50:02","modified_gmt":"2015-08-02T21:50:02","slug":"co-se-bude-dit-st32","status":"publish","type":"post","link":"https:\/\/www.moravecteam.cz\/?p=1143","title":{"rendered":"Co se bude d\u00edt? (ST32)"},"content":{"rendered":"<h5>\u00dater\u00fd 4.8. 2015<\/h5>\n<p style=\"text-align: justify;\">Dal\u0161\u00ed &#8222;Vyklus\u00e1vac\u00ed&#8220; tr\u00e9nink z\u00e1vodn\u00edho t\u00fdmu pro \u010cesk\u00e9 poh\u00e1ry s\u00a0V\u00ed\u0165ou Prudkem.\u00a0Sraz v Boskovic\u00edch u Novibry v 17.00 hodin. Kdo se nebude moci \u00fa\u010dastnit, omluvte se v\u010das V\u00ed\u0165ovi na jeho mobiln\u00ed apart\u00e1t s identifik\u00e1torem\u00a0731 180 096.<\/p>\n<h5>St\u0159eda 5.8. 2015<\/h5>\n<p style=\"text-align: justify;\">Pravideln\u00fd tr\u00e9nink biker\u016f MORAVCE &#8222;druh\u00e9ho sledu&#8220; &#8211; tj. t\u011bch, kte\u0159\u00ed je\u0161t\u011b \u010cesk\u00fd poh\u00e1r horsk\u00fdch kol nejezd\u00ed, ale jsou zdatn\u00ed v region\u00e1ln\u00edm seri\u00e1lu o Poh\u00e1r Drahansk\u00e9 vrchoviny. Sraz mlad\u00fdch biker\u016f je v 17.00 hodin, u Z\u0160 Bene\u0161ov, tr\u00e9nink povede\u00a0Milan Tlamka.\u00a0V p\u0159\u00edpad\u011b \u00a0dotaz\u016f kontaktujte Milana na jeho mobiln\u00ed apar\u00e1t s identifik\u00e1torem\u00a0776 108 046.<\/p>\n<h5>Ned\u011ble 9.8. 2015<\/h5>\n<p style=\"text-align: justify;\">Dal\u0161\u00ed z\u00e1vod MTB Poh\u00e1ru Drahansk\u00e9 vrchoviny na dom\u00e1c\u00ed bene\u0161ovsk\u00e9 trati. \u00da\u010dast a dopravu si ka\u017ed\u00fd zaji\u0161\u0165uje s\u00e1m, propozice hledejte na\u00a0<strong><a href=\"http:\/\/www.pohardrahanskevrchoviny.cz\/.\">http:\/\/www.pohardrahanskevrchoviny.cz\/.<\/a><\/strong><\/p>\n<p style=\"text-align: justify;\">P\u0159\u00edprava trat\u00ed bide prob\u00edhat po cel\u00fd t\u00fdden, kdo budete cht\u00edt p\u0159ilo\u017eit ruku ke zdaru d\u00edla p\u0159ij\u010fte na bene\u0161ovsk\u00e9 h\u0159i\u0161t\u011b:<\/p>\n<ul>\n<li>v pond\u011bl\u00ed 3.8. 2015 v 18.00 hodin<\/li>\n<li>v \u00fater\u00fd 4.8. 2015 v 17.00 hodin<\/li>\n<li>ve st\u0159edu 5.8. 2015 dopoledne v 9.00 hodin a odpoledne ve 14.00 hodin<\/li>\n<li>ve \u010dtvrtek 6.8. 2015 v 17.00 hodin<\/li>\n<li>v p\u00e1tek 7.8. 2015 v 17.00 hodin<\/li>\n<li>v sobotu 8.8. dopoledne v 9.00 hodin a odpoledne od 14.00 hodin<\/li>\n<\/ul>\n<p style=\"text-align: justify;\">\n<p>&nbsp;<\/p>\n","protected":false},"excerpt":{"rendered":"<p>\u00dater\u00fd 4.8. 2015 Dal\u0161\u00ed &#8222;Vyklus\u00e1vac\u00ed&#8220; tr\u00e9nink z\u00e1vodn\u00edho t\u00fdmu pro \u010cesk\u00e9 poh\u00e1ry s\u00a0V\u00ed\u0165ou Prudkem.\u00a0Sraz v Boskovic\u00edch u Novibry v 17.00 hodin. Kdo se nebude moci \u00fa\u010dastnit, omluvte se v\u010das V\u00ed\u0165ovi na jeho mobiln\u00ed apart\u00e1t s identifik\u00e1torem\u00a0731 180 096. St\u0159eda 5.8. 2015 Pravideln\u00fd tr\u00e9nink biker\u016f MORAVCE &#8222;druh\u00e9ho sledu&#8220; &#8211; tj. t\u011bch, kte\u0159\u00ed je\u0161t\u011b \u010cesk\u00fd poh\u00e1r horsk\u00fdch kol &hellip; <a href=\"https:\/\/www.moravecteam.cz\/?p=1143\" class=\"more-link\">Pokra\u010dov\u00e1n\u00ed textu <span class=\"screen-reader-text\">Co se bude d\u00edt? (ST32)<\/span> <span class=\"meta-nav\">&rarr;<\/span><\/a><\/p>\n","protected":false},"author":3,"featured_media":0,"comment_status":"closed","ping_status":"closed","sticky":false,"template":"","format":"standard","meta":[],"categories":[11],"tags":[],"_links":{"self":[{"href":"https:\/\/www.moravecteam.cz\/index.php?rest_route=\/wp\/v2\/posts\/1143"}],"collection":[{"href":"https:\/\/www.moravecteam.cz\/index.php?rest_route=\/wp\/v2\/posts"}],"about":[{"href":"https:\/\/www.moravecteam.cz\/index.php?rest_route=\/wp\/v2\/types\/post"}],"author":[{"embeddable":true,"href":"https:\/\/www.moravecteam.cz\/index.php?rest_route=\/wp\/v2\/users\/3"}],"replies":[{"embeddable":true,"href":"https:\/\/www.moravecteam.cz\/index.php?rest_route=%2Fwp%2Fv2%2Fcomments&post=1143"}],"version-history":[{"count":3,"href":"https:\/\/www.moravecteam.cz\/index.php?rest_route=\/wp\/v2\/posts\/1143\/revisions"}],"predecessor-version":[{"id":1146,"href":"https:\/\/www.moravecteam.cz\/index.php?rest_route=\/wp\/v2\/posts\/1143\/revisions\/1146"}],"wp:attachment":[{"href":"https:\/\/www.moravecteam.cz\/index.php?rest_route=%2Fwp%2Fv2%2Fmedia&parent=1143"}],"wp:term":[{"taxonomy":"category","embeddable":true,"href":"https:\/\/www.moravecteam.cz\/index.php?rest_route=%2Fwp%2Fv2%2Fcategories&post=1143"},{"taxonomy":"post_tag","embeddable":true,"href":"https:\/\/www.moravecteam.cz\/index.php?rest_route=%2Fwp%2Fv2%2Ftags&post=1143"}],"curies":[{"name":"wp","href":"https:\/\/api.w.org\/{rel}","templated":true}]}}