{"id":11443,"date":"2018-03-24T22:52:06","date_gmt":"2018-03-24T21:52:06","guid":{"rendered":"http:\/\/www.moravecteam.cz\/?p=11443"},"modified":"2018-03-26T09:00:18","modified_gmt":"2018-03-26T07:00:18","slug":"vydarene-premiery","status":"publish","type":"post","link":"https:\/\/www.moravecteam.cz\/?p=11443","title":{"rendered":"Vyda\u0159en\u00e9 premi\u00e9ry!"},"content":{"rendered":"<p style=\"text-align: justify;\"><strong><span style=\"color: #800000;\">Tak jsme se do\u010dkali! P\u0159edposledn\u00ed b\u0159eznov\u00fd v\u00edkend se na plno rozto\u010dila kola cyklistick\u00e9 sez\u00f3ny a borci a borky MORAVEC Teamu zas\u00e1hli hned na t\u0159ech kolbi\u0161t\u00edch do ostr\u00fdch souboj\u016f, aby si ov\u011b\u0159ili, jak\u00fd je aktu\u00e1ln\u00ed stav jejich p\u0159ipravenosti, i kdy\u017e\u00a0&#8222;na to vl\u00edtli&#8220; vlastn\u011b p\u0159\u00edmo ze z\u00e1v\u011bre\u010dn\u00e9, intenzivn\u00ed f\u00e1ze zimn\u00ed p\u0159\u00edpravy&#8230; S radost\u00ed m\u016f\u017eeme zapsat, \u017ee jak v rakousk\u00e9m Langenlois \u010di slovensk\u00e9m Hlohovci, tak i v Praze &#8211; \u0158ep\u00edch zanechal MORAVEC medailovou stopu! A to je na prahu sez\u00f3ny s uv\u00e1\u017een\u00edm, \u017ee\u00a0 reprezentace MORAVEC Teamu nebyla na zm\u00edn\u011bn\u00fdch z\u00e1vodn\u00edch &#8222;\u0161tac\u00edch&#8220; zrovna masov\u011b zastoupena, velice slibn\u00e9..!<\/span><\/strong><\/p>\n<h5 style=\"text-align: justify;\"><strong><span style=\"color: #800000;\">27. Kamptal Klassik Trophy Langenlois &#8211; Rakousko<\/span><\/strong><\/h5>\n<p style=\"text-align: justify;\"><a href=\"http:\/\/www.moravecteam.cz\/?attachment_id=11473\" rel=\"attachment wp-att-11473\"><img decoding=\"async\" loading=\"lazy\" class=\"size-full wp-image-11473 alignleft\" title=\"Jedno z p\u0159ekvapen\u00ed sobotn\u00edho odpoledne v Langenlois se jmenuje Barbora Janovsk\u00e1  - MORAVEC Team!\" alt=\"DSC_7110a\" src=\"http:\/\/www.moravecteam.cz\/wp-content\/uploads\/2018\/03\/DSC_7110a.jpg\" width=\"170\" height=\"250\" \/><\/a>\u010cty\u0159i &#8222;mu\u0161ket\u00fd\u0159i&#8220; v dresu MORAVEC Teamu\u00a0promluvili letos\u00a0do presti\u017en\u00edho kl\u00e1n\u00ed, kter\u00e9 neofici\u00e1ln\u011b otev\u00edr\u00e1 MTB sez\u00f3nu na &#8222;Star\u00e9m Kontinentu&#8220;. Nem\u00fdl\u00edm-li se, startovali v\u0161ichi na\u0161i na t\u011b\u017ek\u00e9, \u010dlenit\u00e9 trati mezi vinicemi poprv\u00e9. A u\u017e z tohoto pohledu jsou jejich v\u00fdkony a v\u00fdsledky pozoruhodn\u00e9! V kategorii ekvivalentn\u00ed na\u0161im &#8222;EXPERT\u016eM&#8220; zabojoval\u00a0 jako prvn\u00ed z na\u0161ich, letos u\u017e dosp\u011bl\u00fd, <strong><span style=\"color: #800000;\">Petr \u0160ich<\/span><\/strong> a v\u00fdborn\u00fdm 7. m\u00edstem v c\u00edli uk\u00e1zal, \u017ee jeho v\u00fdkonnostn\u00ed r\u016fst neust\u00e1le pokra\u010duje! Byli spolu s Pol\u00e1kem Kamilem Hodylou\u00a0 (10. m\u00edsto) jedin\u00ed, kte\u0159\u00ed dok\u00e1zali v t\u00e9to kategorii naru\u0161it hegemonii dom\u00e1c\u00edch rajdr\u016f&#8230; Dobr\u00e1 pr\u00e1ce Pe\u0165o, d\u00edky!<\/p>\n<p style=\"text-align: justify;\">Po zadu za Petrem necht\u011bli ale z\u016fstat ani na\u0161i dal\u0161\u00ed t\u0159i reprezentanti. Smoln\u00fd z\u00e1vod m\u00e1 za sebou <strong><span style=\"color: #800000;\">Kl\u00e1ra Odehnalov\u00e1<\/span><\/strong>, kter\u00e1 ve sv\u00e9 kategorii musela ze z\u00e1vodu odstoupit, kdy\u017e j\u00ed po kolizi ze soupe\u0159kou\u00a0 p\u0159estalo fungovat spr\u00e1vn\u011b \u0159azen\u00ed jej\u00edho biku. Se ct\u00ed m\u00e1 za sebou velkou mezin\u00e1rodn\u00ed premi\u00e9ru\u00a0 i na\u0161e posila pro leto\u0161n\u00ed sez\u00f3nu, v Langenlois ve sv\u00e9 kategorii v c\u00edli 23,. boskovick\u00fd <strong><span style=\"color: #800000;\">Luk\u00e1\u0161 Sedl\u00e1k.\u00a0<\/span><\/strong><span style=\"color: #800000;\">\u00a0<span style=\"color: #000000;\">Avizovanou m<\/span><\/span>edailovou radost n\u00e1m odpoledne v Langenlois p\u0159ipravila v kategorii mlad\u0161\u00edch \u017e\u00e1ky\u0148 <span style=\"color: #800000;\"><strong>Barborka Janovsk\u00e1<\/strong><\/span>, kter\u00e1 fini\u0161ovala na skv\u011bl\u00e9m, 2. m\u00edst\u011b! V z\u00e1vod\u011b se na start postavila jako jedin\u00e1 reprezentantla \u010ceska a nesta\u010dila pouze na Ma\u010farku Sz\u00fcczovou, na kterou ztratila slabou p\u016flminutku&#8230; Blahop\u0159ejeme Barunce k prvn\u00edmu velk\u00e9mu mezin\u00e1rodn\u00edmu\u00a0 \u00fasp\u011bchu! A za Langenlois v\u0161em \u010dty\u0159em MORAVC\u016eM, rodinn\u00e9 podp\u016frn\u00e9 t\u00fdmy v\u010detn\u011b &#8211; jednozna\u010dn\u011b palec nahoru! Zde si m\u016f\u017eete ov\u011b\u0159it v\u00fd\u0161e uveden\u00e9 na\u0161e<strong>\u00a0<\/strong>pozoruhodn\u00e9<strong>\u00a0<a href=\"https:\/\/www.kamptal-klassik-trophy.at\/service\/ergebnisse\/\">v\u00fdsledky<\/a>.<\/strong><\/p>\n<h5 style=\"text-align: justify;\"><strong><span style=\"color: #800000;\">Trofeo Cinelli Velk\u00e1 cena Hlohovce<\/span><\/strong><\/h5>\n<p style=\"text-align: justify;\"><a href=\"http:\/\/www.moravecteam.cz\/?attachment_id=11454\" rel=\"attachment wp-att-11454\"><img decoding=\"async\" loading=\"lazy\" class=\"size-full wp-image-11454 alignleft\" title=\"Ani\u010dka Han\u00e1kov\u00e1 bronzem na silnici v Hlohovci p\u0159\u00edjemn\u011b p\u0159ekvapila!\" alt=\"sta\u017een\u00fd soubor (1)\" src=\"http:\/\/www.moravecteam.cz\/wp-content\/uploads\/2018\/03\/sta\u017een\u00fd-soubor-11.jpg\" width=\"160\" height=\"278\" \/><\/a>Podobn\u011b, jako Ba\u010da Janovsk\u00e1 v Langenlois, \u0161okovali cyklistickou ve\u0159ejnost minulou sobotu na silni\u010dn\u00edch z\u00e1vodech v Hlohovci, kter\u00e9 zde velice sv\u011bdomit\u011b zorganizoval n\u00e1\u0161 kamar\u00e1d Petr &#8222;Herson&#8220; Herman, dal\u0161\u00ed dv\u011b borky MORAVEC Teamu,\u00a0 <strong><span style=\"color: #800000;\">Anna Han\u00e1kov\u00e1<\/span><\/strong> s <span style=\"color: #800000;\"><strong>Am\u00e1lkou Gottwaldovou<\/strong><\/span>. Vezmeme-li v \u00favahu, \u017ee ob\u011b jeli silni\u010dn\u00ed z\u00e1vod tohoto typu prakticky poprv\u00e9 v \u017eivot\u011b, je 3. m\u00edsto Ani\u010dky a 4. m\u00edsto Am\u00e1lky super v\u00fdsledkem! Blahop\u0159ejeme holky a d\u00edky moc za vzorn\u00e9 repre MORAVCE! Z n\u00ed\u017ee uv\u00e1d\u011bn\u00e9 v\u00fdslekov\u00e9 listiny m\u016f\u017eeme vy\u010d\u00edst, \u017ee Ani\u010dku d\u011blila ve fini\u0161i <a href=\"http:\/\/www.moravecteam.cz\/?attachment_id=11455\" rel=\"attachment wp-att-11455\"><img decoding=\"async\" loading=\"lazy\" class=\"size-full wp-image-11455 alignright\" title=\"I Am\u00e1lka Gottwaldov\u00e1 v Hlohovci potvrdila svoje silni\u010d\u00e1\u0159sk\u00e9 kvality!\" alt=\"sta\u017een\u00fd soubor (1)a\" src=\"http:\/\/www.moravecteam.cz\/wp-content\/uploads\/2018\/03\/sta\u017een\u00fd-soubor-1a.jpg\" width=\"121\" height=\"264\" \/><\/a>od st\u0159\u00edbra pouh\u00e1 vte\u0159inka&#8230; Dovedu si \u017eiv\u011b p\u0159estavit, jakou radost ud\u011blala Ani\u010dka (nejen) sv\u00e9mu d\u011bd\u011b\u010dkovi <strong><span style=\"color: #800000;\">Karlovi V\u0161etulovi<\/span><\/strong>, b\u00fdval\u00e9mu v\u00fdborn\u00e9mu cyklistovi\u00a0 &#8211; silni\u010d\u00e1\u0159i&#8230; A taky v cyklistick\u00e9m Nebi dl\u00edc\u00edmu na\u0161emu Patronovi, tak\u00e9 &#8222;kovan\u00e9mu&#8220; silni\u010d\u00e1\u0159i, <strong><span style=\"color: #800000;\">Vlastimilu MORAVCOVI&#8230;<\/span><\/strong> I Am\u00e1l\u010dina &#8222;brambora&#8220; (na medailov\u00e9 pozice ztratila nicotn\u00fdch 7 vte\u0159inek) m\u00e1 v konkurenci \u0161estn\u00e1cti borek, vesm\u011bs specialistek &#8211; silni\u010d\u00e1\u0159ek, &#8222;sakra&#8220; vysokou hodnotu! Bravo MORAVEC! Zde si\u00a0<strong>\u00a0<a href=\"http:\/\/www.championchip.cz\/results\/2018032410\/VysZZM.pdf\">zkontrolujte &#8222;result&#8220;<\/a>, <\/strong>kter\u00fd je vskutku oku lahod\u00edc\u00ed!<\/p>\n<h5 style=\"text-align: justify;\"><strong><span style=\"color: #800000;\">Pra\u017esk\u00fd MTB Poh\u00e1r &#8211; Praha Zli\u010d\u00edn<\/span><\/strong><\/h5>\n<p style=\"text-align: justify;\"><a href=\"http:\/\/www.moravecteam.cz\/?attachment_id=11466\" rel=\"attachment wp-att-11466\"><img decoding=\"async\" loading=\"lazy\" class=\"size-full wp-image-11466 alignleft\" title=\"Tom\u00e1\u0161 Tlamka &quot;Contador&quot; ovl\u00e1dl v Praze - \u0158ep\u00edch z\u00e1vod kadet\u016f.\" alt=\"DSC_6676\" src=\"http:\/\/www.moravecteam.cz\/wp-content\/uploads\/2018\/03\/DSC_6676.jpg\" width=\"184\" height=\"250\" \/><\/a>Medailovou sb\u00edrku borc\u016f a borek MORAVEC Teamu &#8222;nep\u0159\u00edmo&#8220; zkompletoval v\u00edt\u011bzstv\u00edm v kategorii kadet\u016f na prvn\u00edm z\u00e1vod\u011b Pra\u017esk\u00e9ho MTB Poh\u00e1ru v Praze Zli\u010d\u00edn\u011b n\u00e1\u0161 odchovanec,\u00a0<strong><span style=\"color: #800000;\">Tom\u00e1\u0161 Tlamka &#8222;Contador&#8220;<\/span><\/strong>, kter\u00fd p\u0159i ne\u00fa\u010dasti aktu\u00e1ln\u011b\u00a0 do\u010dasn\u011b zdravotn\u011b indisponovan\u00e9, dal\u0161\u00ed na\u0161\u00ed odchovankyni, <strong><span style=\"color: #800000;\">Ad\u00e9ly \u0160af\u00e1\u0159ov\u00e9<\/span><\/strong> (oba Nutrend Specialized Racing Team) podr\u017eel suver\u00e9nn\u00edm v\u00edt\u011bzstv\u00edm hodn\u011b vysoko prapor t\u00fdmu &#8222;Rud\u00fdch \u010f\u00e1bl\u016f&#8220; Viktora Zapletala. <strong><a href=\"http:\/\/prahamtb.cz\/\">Zde hledejte v\u00fdsledky<\/a>.<\/strong><\/p>\n","protected":false},"excerpt":{"rendered":"<p>Tak jsme se do\u010dkali! P\u0159edposledn\u00ed b\u0159eznov\u00fd v\u00edkend se na plno rozto\u010dila kola cyklistick\u00e9 sez\u00f3ny a borci a borky MORAVEC Teamu zas\u00e1hli hned na t\u0159ech kolbi\u0161t\u00edch do ostr\u00fdch souboj\u016f, aby si ov\u011b\u0159ili, jak\u00fd je aktu\u00e1ln\u00ed stav jejich p\u0159ipravenosti, i kdy\u017e\u00a0&#8222;na to vl\u00edtli&#8220; vlastn\u011b p\u0159\u00edmo ze z\u00e1v\u011bre\u010dn\u00e9, intenzivn\u00ed f\u00e1ze zimn\u00ed p\u0159\u00edpravy&#8230; S radost\u00ed m\u016f\u017eeme zapsat, \u017ee jak &hellip; <a href=\"https:\/\/www.moravecteam.cz\/?p=11443\" class=\"more-link\">Pokra\u010dov\u00e1n\u00ed textu <span class=\"screen-reader-text\">Vyda\u0159en\u00e9 premi\u00e9ry!<\/span> <span class=\"meta-nav\">&rarr;<\/span><\/a><\/p>\n","protected":false},"author":3,"featured_media":11469,"comment_status":"open","ping_status":"closed","sticky":false,"template":"","format":"standard","meta":[],"categories":[1],"tags":[],"_links":{"self":[{"href":"https:\/\/www.moravecteam.cz\/index.php?rest_route=\/wp\/v2\/posts\/11443"}],"collection":[{"href":"https:\/\/www.moravecteam.cz\/index.php?rest_route=\/wp\/v2\/posts"}],"about":[{"href":"https:\/\/www.moravecteam.cz\/index.php?rest_route=\/wp\/v2\/types\/post"}],"author":[{"embeddable":true,"href":"https:\/\/www.moravecteam.cz\/index.php?rest_route=\/wp\/v2\/users\/3"}],"replies":[{"embeddable":true,"href":"https:\/\/www.moravecteam.cz\/index.php?rest_route=%2Fwp%2Fv2%2Fcomments&post=11443"}],"version-history":[{"count":17,"href":"https:\/\/www.moravecteam.cz\/index.php?rest_route=\/wp\/v2\/posts\/11443\/revisions"}],"predecessor-version":[{"id":11485,"href":"https:\/\/www.moravecteam.cz\/index.php?rest_route=\/wp\/v2\/posts\/11443\/revisions\/11485"}],"wp:featuredmedia":[{"embeddable":true,"href":"https:\/\/www.moravecteam.cz\/index.php?rest_route=\/wp\/v2\/media\/11469"}],"wp:attachment":[{"href":"https:\/\/www.moravecteam.cz\/index.php?rest_route=%2Fwp%2Fv2%2Fmedia&parent=11443"}],"wp:term":[{"taxonomy":"category","embeddable":true,"href":"https:\/\/www.moravecteam.cz\/index.php?rest_route=%2Fwp%2Fv2%2Fcategories&post=11443"},{"taxonomy":"post_tag","embeddable":true,"href":"https:\/\/www.moravecteam.cz\/index.php?rest_route=%2Fwp%2Fv2%2Ftags&post=11443"}],"curies":[{"name":"wp","href":"https:\/\/api.w.org\/{rel}","templated":true}]}}