{"id":11475,"date":"2018-03-25T22:01:52","date_gmt":"2018-03-25T20:01:52","guid":{"rendered":"http:\/\/www.moravecteam.cz\/?p=11475"},"modified":"2018-03-26T09:22:50","modified_gmt":"2018-03-26T07:22:50","slug":"co-se-bude-dit-st13-3","status":"publish","type":"post","link":"https:\/\/www.moravecteam.cz\/?p=11475","title":{"rendered":"Co se bude d\u00edt? (ST13)-2"},"content":{"rendered":"<p><strong><span style=\"color: #800000;\">St\u0159eda 28.3. 2018<\/span><\/strong><\/p>\n<p>Od 16.30 prob\u011bhne\u00a0 v bene\u0161ovsk\u00e9 t\u011blocvi\u010dn\u011b\u00a0 dal\u0161\u00ed cvi\u010den\u00ed v\u00a0r\u00e1mci zimn\u00ed p\u0159\u00edpravy.\u00a0 Cvi\u010dit budeme\u00a0 do 19.30 hod.<\/p>\n<h5><span style=\"color: #800000;\"><strong>Sobota 31.3. 2018<\/strong><\/span><\/h5>\n<ul>\n<li style=\"text-align: justify;\">MTB z\u00e1vody v Morkovic\u00edch &#8211; &#8222;Morkovsk\u00e9 bajk&#8220;. Mrkn\u011bte na <strong><a href=\"https:\/\/www.biketriatlonmorkovice.cz\/morkovske-bajk\/detske-zavody\/\">propozice<\/a><\/strong>,<strong> <\/strong>\u00fa\u010dast a dopravu si ka\u017ed\u00fd zaji\u0161\u0165uje individu\u00e1ln\u011b.<\/li>\n<li>\n<div style=\"text-align: justify;\">Tradi\u010dn\u00ed ka\u017edoro\u010dn\u00ed, tentokr\u00e1t Velikono\u010dn\u00ed plav\u00e1n\u00ed v l\u00e1zn\u00edch Boskovice. &#8222;Rochnit&#8220; se budeme v \u010dase od 13.00 do 14.00 hodin. D\u011btem do 18-ti let hrad\u00ed plav\u00e1n\u00ed odd\u00edl, dosp\u011bl\u00ed zaplat\u00ed 50.- K\u010d. Nezapome\u0148te si s sebou vzit desetikorunovou minci na sk\u0159\u00ed\u0148ku v \u0161atn\u011b! Zde si p\u0159ipome\u0148te na\u0161e <strong><a href=\"http:\/\/www.moravecteam.cz\/?p=7356\">lo\u0148sk\u00e9 plaveck\u00e9 v\u00fdkony<\/a><\/strong>&#8230;<\/div>\n<\/li>\n<\/ul>\n<h5><strong><span style=\"font-size: 18px; color: #800000;\">Ned\u011ble 1.4.\u00a02018<\/span><\/strong><\/h5>\n<p style=\"text-align: justify;\"><strong><\/strong>Dal\u0161\u00ed, tentokr\u00e1t velikono\u010dn\u00ed\u00a0 cyklovyj\u00ed\u017e\u010fka s Hankou a Vlast\u00edkem Odehnalov\u00fdmi. Sraz v 9.30 ve Sportparku Boskovice &#8211; Doubravy, zde\u00a0<a href=\"http:\/\/www.moravecteam.cz\/?p=10120\">mrkn\u011bte na podrobnosti.<\/a>..\u00a0<strong><span style=\"color: #ff0000;\">POZOR!<\/span><\/strong>\u00a0<span style=\"color: #ff0000;\">Info pro d\u011bti, kter\u00e9 nebudou mit na v\u00fdji\u017e\u010fce doprovod rodi\u010d\u016f:\u00a0 mus\u00ed s sebou mit n\u00e1hradn\u00ed rukavice, v\u011btrovku na p\u0159ioble\u010deni, pit\u00ed, sva\u010dinu nebo tra\u0165ovku, nehradni du\u0161i ( ne d\u011bravou)! Toto minim\u00e1ln\u00ed vybaven\u00ed bude p\u0159ed j\u00edzdou u d\u011bt\u00ed zkontrolov\u00e1no a kdo je nebude m\u00edt &#8211;\u00a0na v\u00fdj\u00ed\u017e\u010fku\u00a0nepojede!!!<\/span><\/p>\n<h5><span style=\"color: #800000;\"><strong>Akce t\u011bsn\u011b za horizontem<\/strong><\/span><\/h5>\n<ul>\n<li style=\"text-align: justify;\">7.4. 2018 (sobota) &#8211; tradi\u010dn\u00ed zah\u00e1jen\u00ed cyklistick\u00e9 sez\u00f3ny s Vlastimilem MORVCEM v Brn\u011b &#8211; Kohoutovic\u00edch. Sraz \u00fa\u010dastn\u00edk\u016f akce, jej\u00ed\u017e sou\u010d\u00e1st\u00ed je cyklov\u00fdj\u00ed\u017e\u010fka, je n fotbalov\u00e9m h\u0159i\u0161ti Tatranu Kohoutovice v 9.00 hodin.<\/li>\n<li style=\"text-align: justify;\">12.4. 2018 (\u010dtvrtek) &#8211; Ofici\u00e1ln\u00ed zah\u00e1jen\u00ed cyklistick\u00e9 sez\u00f3ny\u00a0MORAVEC Teamu. Od 16.00 se sejdeme v Pavlovsk\u00e9 kapli\u010dce\u00a0v r\u00e1mci \u00a0M\u0161e Svat\u00e9 za MORAVEC Team a na\u00a0\u00a017.00 hodinu se p\u0159esuneme do restaurace\u00a0 Morava Bene\u0161ov, kde sez\u00f3nu slavnostn\u011b zah\u00e1j\u00edme. Zde si p\u0159ipome\u0148te, co V\u00e1m bylo ozn\u00e1meno na sch\u016fzce s rodi\u010di 12. ledna, tj\u00a0 podle jak\u00fdch odd\u00edlov\u00fdch &#8222;not se letos bude hr\u00e1t&#8220;:\u00a0<a href=\"http:\/\/www.moravecteam.cz\/?attachment_id=11149\" rel=\"attachment wp-att-11149\">Sez\u00f3na 2018 &#8211; koncepce<\/a>,\u00a0\u00a0<a href=\"http:\/\/www.moravecteam.cz\/?attachment_id=11150\" rel=\"attachment wp-att-11150\">Status z\u00e1vodn\u00edka cyklistick\u00e9ho odd\u00edlu MORAVEC Team<\/a>.\u00a0A podle jak\u00e9ho kalend\u00e1\u0159e pojedeme:\u00a0<a href=\"http:\/\/www.moravecteam.cz\/?attachment_id=11154\" rel=\"attachment wp-att-11154\">MORAVEC Team &#8211;\u00a0term\u00ednov\u00fd kalend\u00e1\u0159 2018<\/a>&#8230;<\/li>\n<\/ul>\n","protected":false},"excerpt":{"rendered":"<p>St\u0159eda 28.3. 2018 Od 16.30 prob\u011bhne\u00a0 v bene\u0161ovsk\u00e9 t\u011blocvi\u010dn\u011b\u00a0 dal\u0161\u00ed cvi\u010den\u00ed v\u00a0r\u00e1mci zimn\u00ed p\u0159\u00edpravy.\u00a0 Cvi\u010dit budeme\u00a0 do 19.30 hod. Sobota 31.3. 2018 MTB z\u00e1vody v Morkovic\u00edch &#8211; &#8222;Morkovsk\u00e9 bajk&#8220;. Mrkn\u011bte na propozice, \u00fa\u010dast a dopravu si ka\u017ed\u00fd zaji\u0161\u0165uje individu\u00e1ln\u011b. Tradi\u010dn\u00ed ka\u017edoro\u010dn\u00ed, tentokr\u00e1t Velikono\u010dn\u00ed plav\u00e1n\u00ed v l\u00e1zn\u00edch Boskovice. &#8222;Rochnit&#8220; se budeme v \u010dase od 13.00 do &hellip; <a href=\"https:\/\/www.moravecteam.cz\/?p=11475\" class=\"more-link\">Pokra\u010dov\u00e1n\u00ed textu <span class=\"screen-reader-text\">Co se bude d\u00edt? (ST13)-2<\/span> <span class=\"meta-nav\">&rarr;<\/span><\/a><\/p>\n","protected":false},"author":3,"featured_media":11482,"comment_status":"open","ping_status":"closed","sticky":false,"template":"","format":"standard","meta":[],"categories":[11],"tags":[],"_links":{"self":[{"href":"https:\/\/www.moravecteam.cz\/index.php?rest_route=\/wp\/v2\/posts\/11475"}],"collection":[{"href":"https:\/\/www.moravecteam.cz\/index.php?rest_route=\/wp\/v2\/posts"}],"about":[{"href":"https:\/\/www.moravecteam.cz\/index.php?rest_route=\/wp\/v2\/types\/post"}],"author":[{"embeddable":true,"href":"https:\/\/www.moravecteam.cz\/index.php?rest_route=\/wp\/v2\/users\/3"}],"replies":[{"embeddable":true,"href":"https:\/\/www.moravecteam.cz\/index.php?rest_route=%2Fwp%2Fv2%2Fcomments&post=11475"}],"version-history":[{"count":7,"href":"https:\/\/www.moravecteam.cz\/index.php?rest_route=\/wp\/v2\/posts\/11475\/revisions"}],"predecessor-version":[{"id":11488,"href":"https:\/\/www.moravecteam.cz\/index.php?rest_route=\/wp\/v2\/posts\/11475\/revisions\/11488"}],"wp:featuredmedia":[{"embeddable":true,"href":"https:\/\/www.moravecteam.cz\/index.php?rest_route=\/wp\/v2\/media\/11482"}],"wp:attachment":[{"href":"https:\/\/www.moravecteam.cz\/index.php?rest_route=%2Fwp%2Fv2%2Fmedia&parent=11475"}],"wp:term":[{"taxonomy":"category","embeddable":true,"href":"https:\/\/www.moravecteam.cz\/index.php?rest_route=%2Fwp%2Fv2%2Fcategories&post=11475"},{"taxonomy":"post_tag","embeddable":true,"href":"https:\/\/www.moravecteam.cz\/index.php?rest_route=%2Fwp%2Fv2%2Ftags&post=11475"}],"curies":[{"name":"wp","href":"https:\/\/api.w.org\/{rel}","templated":true}]}}