{"id":11502,"date":"2018-04-02T00:27:09","date_gmt":"2018-04-01T22:27:09","guid":{"rendered":"http:\/\/www.moravecteam.cz\/?p=11502"},"modified":"2018-04-02T08:46:41","modified_gmt":"2018-04-02T06:46:41","slug":"pohoda-ve-vlnach","status":"publish","type":"post","link":"https:\/\/www.moravecteam.cz\/?p=11502","title":{"rendered":"Pohoda ve vln\u00e1ch..!"},"content":{"rendered":"<p style=\"text-align: justify;\"><strong><span style=\"color: #800000;\">Velikono\u010dn\u00ed plav\u00e1n\u00ed v Boskovick\u00fdch l\u00e1zn\u00edch, by\u0165\u00a0 oproti minul\u00fdm rok\u016fm term\u00ednov\u011b posunuto, bylo i letos za sympaticky po\u010detn\u00e9 \u00fa\u010dasti borc\u016f a borek MORAVEC Teamu, o kter\u00fdch se d\u00e1 t\u00edm p\u00e1dem jednozna\u010dn\u011b prohl\u00e1sit, \u017ee si s &#8222;vodn\u00edm \u017eivlem&#8220; skute\u010dn\u011b rorzum\u00ed a spole\u010dn\u011b se fakt &#8222;m\u016f\u017eou&#8220; v\u017edy a za ka\u017ed\u00fdch okolnost\u00ed!<\/span><\/strong><\/p>\n<figure id=\"attachment_11508\" aria-describedby=\"caption-attachment-11508\" style=\"width: 526px\" class=\"wp-caption alignnone\"><a href=\"http:\/\/www.moravecteam.cz\/?attachment_id=11508\" rel=\"attachment wp-att-11508\"><img decoding=\"async\" loading=\"lazy\" class=\" wp-image-11508\" alt=\"DSCN3125\" src=\"http:\/\/www.moravecteam.cz\/wp-content\/uploads\/2018\/04\/DSCN3125.jpg\" width=\"526\" height=\"541\" srcset=\"https:\/\/www.moravecteam.cz\/wp-content\/uploads\/2018\/04\/DSCN3125.jpg 526w, https:\/\/www.moravecteam.cz\/wp-content\/uploads\/2018\/04\/DSCN3125-25x25.jpg 25w, https:\/\/www.moravecteam.cz\/wp-content\/uploads\/2018\/04\/DSCN3125-291x300.jpg 291w\" sizes=\"(max-width: 526px) 100vw, 526px\" \/><\/a><figcaption id=\"caption-attachment-11508\" class=\"wp-caption-text\">Tak co, holky? Vyplave op\u011bt nad hladinu odv\u00e1\u017en\u00e1 pot\u00e1p\u011b\u010dka Leonka?<\/figcaption><\/figure>\n<p style=\"text-align: justify;\">Za p\u011bt minut t\u0159in\u00e1ct se u vchodu do prostoru baz\u00e9nu &#8222;t\u00edsnili&#8220; 3 (slovy t\u0159i &#8211; &#8222;mu\u0161ket\u00fd\u0159i&#8220;) MORAVCI&#8230; S duem holek \u017dern\u00ed\u010dkovic se z n\u00e1s po\u010detn\u011b stala skupina dle Pol\u00e1\u010dkovy knihy &#8222;Bylo n\u00e1s p\u011bt&#8220;&#8230; A p\u0159es &#8222;Sedm state\u010dn\u00fdch&#8220; se nakonec v l\u00e1ze\u0148sk\u00fdch baz\u00e9nech a na tobog\u00e1nu objevilo MORAVC\u016e v po\u010dtu, okter\u00e9m se n\u00e1m p\u0159ed onou t\u0159in\u00e1ctou hodinou ani nesnilo, p\u0159i\u010dem\u017e pochvalu zaslou\u017eila hlavn\u011b &#8222;Morkovick\u00e1 rota&#8220; (sestaven\u00e1 z Koudelkovic a Zav\u0159elovic &#8222;familly&#8220;), kter\u00e1 se do blankytu vodn\u00ed plochy boskovick\u00fdch l\u00e1zn\u00ed p\u0159esunula z jihomoravsk\u00fdch Morkovic, maj\u00edc \u00fasp\u011b\u0161n\u011b v noh\u00e1ch m\u00edstn\u00ed MTB &#8222;race&#8220; &#8211; &#8222;Morkovsk\u00e9 bajk&#8220;!<\/p>\n<figure id=\"attachment_11506\" aria-describedby=\"caption-attachment-11506\" style=\"width: 515px\" class=\"wp-caption alignnone\"><a href=\"http:\/\/www.moravecteam.cz\/?attachment_id=11506\" rel=\"attachment wp-att-11506\"><img decoding=\"async\" loading=\"lazy\" class=\" wp-image-11506\" alt=\"IMG_5237\" src=\"http:\/\/www.moravecteam.cz\/wp-content\/uploads\/2018\/04\/IMG_5237.jpg\" width=\"515\" height=\"440\" srcset=\"https:\/\/www.moravecteam.cz\/wp-content\/uploads\/2018\/04\/IMG_5237.jpg 515w, https:\/\/www.moravecteam.cz\/wp-content\/uploads\/2018\/04\/IMG_5237-300x256.jpg 300w\" sizes=\"(max-width: 515px) 100vw, 515px\" \/><\/a><figcaption id=\"caption-attachment-11506\" class=\"wp-caption-text\">Ano, vyplavala! Leonka je jako rybka-m\u0159enka &#8211; nepotopiteln\u00e1 a t\u00edm p\u00e1dem neutopiteln\u00e1! Bravo MORAVEC!<\/figcaption><\/figure>\n<p style=\"text-align: justify;\">\u017de l\u00e1ze\u0148sk\u00fd \u00fadr\u017eb\u00e1\u0159 musel do baz\u00e9nu dospustit zna\u010dn\u00e9 mno\u017estv\u00ed vody po t\u00e9 co, se do jeho vln &#8211; jak jinak, ne\u017e po hlav\u011b &#8211; vrhnul Petr, to se &#8211; vzhledem k jeho sou\u010dasn\u00e9mu t\u011blesn\u00e9mu objemu a trval\u00e9 a nem\u011bnn\u00e9 platnosti Archimedova z\u00e1kona &#8211; dalo \u010dekat&#8230; Stejn\u011b tak se dalo i \u010dakat, \u017ee za TOP &#8222;prsa vojensk\u00fd&#8220; sklidil u na\u0161ich holek\u00a0 nejv\u011bt\u0161\u00ed obdiv v\u0161emi sv\u011btov\u00fdmi v\u011btry o\u0161lehan\u00fd, n\u00e1\u0161 Jirka &#8222;\u017dor\u017e&#8220;! \u017de jsme si ve vln\u00e1ch boskovick\u00fdch l\u00e1zn\u00ed v onu posledn\u00ed b\u0159eznovou sobotu u\u017eili pohodu, kl\u00eddek a &#8211; bez tab\u00e1\u010dku, je patrno i z <strong><a href=\"http:\/\/moravecteam.rajce.idnes.cz\/2018.03.31_Plavani_v_Boskovickych_laznich\/\">foto-video galero\u0161ky&#8230;<\/a><\/strong><\/p>\n<p>&nbsp;<\/p>\n","protected":false},"excerpt":{"rendered":"<p>Velikono\u010dn\u00ed plav\u00e1n\u00ed v Boskovick\u00fdch l\u00e1zn\u00edch, by\u0165\u00a0 oproti minul\u00fdm rok\u016fm term\u00ednov\u011b posunuto, bylo i letos za sympaticky po\u010detn\u00e9 \u00fa\u010dasti borc\u016f a borek MORAVEC Teamu, o kter\u00fdch se d\u00e1 t\u00edm p\u00e1dem jednozna\u010dn\u011b prohl\u00e1sit, \u017ee si s &#8222;vodn\u00edm \u017eivlem&#8220; skute\u010dn\u011b rorzum\u00ed a spole\u010dn\u011b se fakt &#8222;m\u016f\u017eou&#8220; v\u017edy a za ka\u017ed\u00fdch okolnost\u00ed! Za p\u011bt minut t\u0159in\u00e1ct se u vchodu &hellip; <a href=\"https:\/\/www.moravecteam.cz\/?p=11502\" class=\"more-link\">Pokra\u010dov\u00e1n\u00ed textu <span class=\"screen-reader-text\">Pohoda ve vln\u00e1ch..!<\/span> <span class=\"meta-nav\">&rarr;<\/span><\/a><\/p>\n","protected":false},"author":3,"featured_media":11507,"comment_status":"open","ping_status":"closed","sticky":false,"template":"","format":"standard","meta":[],"categories":[9],"tags":[],"_links":{"self":[{"href":"https:\/\/www.moravecteam.cz\/index.php?rest_route=\/wp\/v2\/posts\/11502"}],"collection":[{"href":"https:\/\/www.moravecteam.cz\/index.php?rest_route=\/wp\/v2\/posts"}],"about":[{"href":"https:\/\/www.moravecteam.cz\/index.php?rest_route=\/wp\/v2\/types\/post"}],"author":[{"embeddable":true,"href":"https:\/\/www.moravecteam.cz\/index.php?rest_route=\/wp\/v2\/users\/3"}],"replies":[{"embeddable":true,"href":"https:\/\/www.moravecteam.cz\/index.php?rest_route=%2Fwp%2Fv2%2Fcomments&post=11502"}],"version-history":[{"count":7,"href":"https:\/\/www.moravecteam.cz\/index.php?rest_route=\/wp\/v2\/posts\/11502\/revisions"}],"predecessor-version":[{"id":11536,"href":"https:\/\/www.moravecteam.cz\/index.php?rest_route=\/wp\/v2\/posts\/11502\/revisions\/11536"}],"wp:featuredmedia":[{"embeddable":true,"href":"https:\/\/www.moravecteam.cz\/index.php?rest_route=\/wp\/v2\/media\/11507"}],"wp:attachment":[{"href":"https:\/\/www.moravecteam.cz\/index.php?rest_route=%2Fwp%2Fv2%2Fmedia&parent=11502"}],"wp:term":[{"taxonomy":"category","embeddable":true,"href":"https:\/\/www.moravecteam.cz\/index.php?rest_route=%2Fwp%2Fv2%2Fcategories&post=11502"},{"taxonomy":"post_tag","embeddable":true,"href":"https:\/\/www.moravecteam.cz\/index.php?rest_route=%2Fwp%2Fv2%2Ftags&post=11502"}],"curies":[{"name":"wp","href":"https:\/\/api.w.org\/{rel}","templated":true}]}}