{"id":11513,"date":"2018-04-02T01:23:50","date_gmt":"2018-04-01T23:23:50","guid":{"rendered":"http:\/\/www.moravecteam.cz\/?p=11513"},"modified":"2018-04-02T09:12:49","modified_gmt":"2018-04-02T07:12:49","slug":"cekani-na-zlato","status":"publish","type":"post","link":"https:\/\/www.moravecteam.cz\/?p=11513","title":{"rendered":"\u010cek\u00e1n\u00ed na zlato..?-2"},"content":{"rendered":"<p style=\"text-align: justify;\"><span style=\"color: #800000;\"><strong>&#8230;pro MORAVEC Team v pr\u00e1v\u011b odstartovan\u00e9 cyklistick\u00e9 sez\u00f3n\u011b pokra\u010duje? Ani na druh\u00fd pokus se je borc\u016fm a bork\u00e1m MORAVEC Teamu nepoda\u0159ilo(?) vybojovat zlato, kdy\u017e se o to tentokr\u00e1t pokou\u0161eli v jihomoravsk\u00fdch Morkovic\u00edch, v r\u00e1mci MTB z\u00e1vod\u016f &#8222;Morkovsk\u00e9 bajk&#8220;? A\u0165 tak- \u010di tak, nevrac\u00edme se ale z Morkovic v\u016fbec s pr\u00e1zdnou&#8230; Naopak! jedno ofici\u00e1ln\u00ed st\u0159\u00edbro(nebo zlato? nebo dv\u011b zalata?), (jedno st\u0159\u00edbro?), jeden snad jist\u00fd bronz a jedna (nebo dv\u011b?) ur\u010do jist\u00e1 &#8222;brambora&#8220; + dal\u0161\u00ed um\u00edst\u011bn\u00ed na\u0161ich v TOP 10 ur\u010dit\u011b maj\u00ed na startu sez\u00f3ny svoji vysokou cenu!<\/strong><\/span><\/p>\n<figure id=\"attachment_11522\" aria-describedby=\"caption-attachment-11522\" style=\"width: 635px\" class=\"wp-caption alignnone\"><a href=\"http:\/\/www.moravecteam.cz\/?attachment_id=11522\" rel=\"attachment wp-att-11522\"><img decoding=\"async\" loading=\"lazy\" class=\" wp-image-11522\" alt=\"30007345_1115726391914603_200470134_n\" src=\"http:\/\/www.moravecteam.cz\/wp-content\/uploads\/2018\/04\/30007345_1115726391914603_200470134_n.jpg\" width=\"635\" height=\"440\" srcset=\"https:\/\/www.moravecteam.cz\/wp-content\/uploads\/2018\/04\/30007345_1115726391914603_200470134_n.jpg 635w, https:\/\/www.moravecteam.cz\/wp-content\/uploads\/2018\/04\/30007345_1115726391914603_200470134_n-300x207.jpg 300w\" sizes=\"(max-width: 635px) 100vw, 635px\" \/><\/a><figcaption id=\"caption-attachment-11522\" class=\"wp-caption-text\">Na fotce Jon\u00e1\u0161ek jako v\u00edt\u011bz? \u017de by pop\u0159en\u00ed ofici\u00e1ln\u00ed <strong><a href=\"https:\/\/biketriatlonmorkovice.cz\/_files\/200000865-4265d435fb\/v%C3%BDsledky%20D%C4%9Btsk%C3%BD%20Bajk%202018.pdf\">v\u00fdsledkov\u00e9 listiny?<\/a>\u00a0Ano!!! <\/strong>Jon\u00e1\u0161ek vybojoval letos pro MORAVEC Team prvn\u00ed &#8222;zlatku&#8220;!<\/figcaption><\/figure>\n<p style=\"text-align: justify;\">D\u011btsk\u00e9 kategorie v r\u00e1mci &#8222;D\u011btsk\u00e9ho Morkovsk\u00e9ho biku&#8220; toti\u017e m\u00edstn\u00ed po\u0159adatel\u00e9 ne\u0159e\u0161\u00ed rozd\u011blov\u00e1n\u00edm na holky a kluky&#8230; A ani s v\u011bkovou diferenci si ned\u011blaj\u00ed t\u011b\u017ekou hlavu&#8230; Tu je kategorie vyhl\u00e1\u0161ena kategorie &#8222;dvouro\u010d\u00e1k\u016f&#8220;, tu zas &#8222;t\u0159\u00edro\u010d\u00e1k\u016f&#8220;&#8230; Samoz\u0159ejm\u011b jim to &#8211; nedej B\u016fh &#8211; nijak nezazl\u00edv\u00e1me a jsme r\u00e1di, \u017ee z\u00e1vod tohoto typu v tak rann\u00e9 \u010d\u00e1sti sez\u00f3ny v\u016fbec po\u0159\u00e1daj\u00ed&#8230; \u017de p\u0159i spole\u010dn\u00fdch startech kluk\u016f a holek jsou\u00a0 holky tro\u0161ku diskriminov\u00e1ny, je mysl\u00edm, legitimn\u011b uznateln\u00e9&#8230;<\/p>\n<figure id=\"attachment_11520\" aria-describedby=\"caption-attachment-11520\" style=\"width: 1151px\" class=\"wp-caption alignnone\"><a href=\"http:\/\/www.moravecteam.cz\/?attachment_id=11520\" rel=\"attachment wp-att-11520\"><img decoding=\"async\" loading=\"lazy\" class=\" wp-image-11520\" alt=\"IMG_20180331_114731\" src=\"http:\/\/www.moravecteam.cz\/wp-content\/uploads\/2018\/04\/IMG_20180331_114731.jpg\" width=\"1151\" height=\"645\" srcset=\"https:\/\/www.moravecteam.cz\/wp-content\/uploads\/2018\/04\/IMG_20180331_114731.jpg 1151w, https:\/\/www.moravecteam.cz\/wp-content\/uploads\/2018\/04\/IMG_20180331_114731-300x168.jpg 300w, https:\/\/www.moravecteam.cz\/wp-content\/uploads\/2018\/04\/IMG_20180331_114731-1024x573.jpg 1024w\" sizes=\"(max-width: 1151px) 100vw, 1151px\" \/><\/a><figcaption id=\"caption-attachment-11520\" class=\"wp-caption-text\">I na t\u00e9to fotce, ofici\u00e1ln\u011b dle v\u00fdsledkov\u00fdch listin v c\u00edli 10. na\u0161e Ad\u00e9lka jako st\u0159\u00edbrn\u00e1&#8230; Tak jak to tedy v t\u011bch Morkovic\u00edch bylo? Brn\u00ed m\u011b z toho &#8222;\u0161i\u0161a&#8220;&#8230; &#8222;B&#8220; je spr\u00e1vm\u011b! Ad\u00e9la byla vskutku v Morkovic\u00edch st\u0159\u00edbrn\u00e1! Cen p\u0159ed\u00e1vaj\u00edc\u00edho jste ur\u010do, samo, \u017ee, poznali&#8230;<\/figcaption><\/figure>\n<p style=\"text-align: justify;\">Ale jak ji\u017e jsem v\u00fd\u0161e uvedl, pohlavn\u011b spole\u010dn\u00e9 kategorie n\u00e1s nikterak neiritovaly a i za dan\u00fdch okolnost\u00ed to pro MORAVEC Team medailov\u011b zacinkalo! V kategorii d\u011bt\u00ed 4-5 let vybojoval pro n\u00e1s <span style=\"color: #800000;\"><strong>Jon\u00e1\u0161ek Janovsk\u00fd<\/strong><\/span> v konkurenci 10 borc\u016f a borek skv\u011bl\u00e9 st\u0159\u00edbro!\u00a0 Skoro ho posl\u00e9ze\u00a0 ve startu d\u011bt\u00ed 8-9 let napodobil rtu\u0165ovit\u00fd <span style=\"color: #800000;\"><strong>Jirka Zav\u0159el,<\/strong> <\/span>kter\u00fd se mohl po bojovn\u00e9m v\u00fdkonu radovat ze t\u0159et\u00edho m\u00edsta a t\u00edm p\u00e1dem z bronzov\u00e9 medaile! V t\u00e9to kategorii ho doplnila na 10. m\u00edst\u011b fini\u0161uj\u00edc\u00ed <strong><span style=\"color: #800000;\">Just\u00fdnka Novotn\u00e1<\/span><\/strong>, ky\u017e oba na\u0161i soupe\u0159ili v celkem sedmn\u00e1ctihlav\u00e9m startovn\u00edm poli&#8230;<\/p>\n<figure id=\"attachment_11524\" aria-describedby=\"caption-attachment-11524\" style=\"width: 1132px\" class=\"wp-caption alignnone\"><a href=\"http:\/\/www.moravecteam.cz\/?attachment_id=11524\" rel=\"attachment wp-att-11524\"><img decoding=\"async\" loading=\"lazy\" class=\" wp-image-11524\" alt=\"IMG_20180331_114550\" src=\"http:\/\/www.moravecteam.cz\/wp-content\/uploads\/2018\/04\/IMG_20180331_114550.jpg\" width=\"1132\" height=\"1124\" srcset=\"https:\/\/www.moravecteam.cz\/wp-content\/uploads\/2018\/04\/IMG_20180331_114550.jpg 1132w, https:\/\/www.moravecteam.cz\/wp-content\/uploads\/2018\/04\/IMG_20180331_114550-25x25.jpg 25w, https:\/\/www.moravecteam.cz\/wp-content\/uploads\/2018\/04\/IMG_20180331_114550-300x297.jpg 300w, https:\/\/www.moravecteam.cz\/wp-content\/uploads\/2018\/04\/IMG_20180331_114550-1024x1016.jpg 1024w\" sizes=\"(max-width: 1132px) 100vw, 1132px\" \/><\/a><figcaption id=\"caption-attachment-11524\" class=\"wp-caption-text\">Na Jirku je alespo\u0148 spoleh za v\u0161ech okolnost\u00ed&#8230; Jeho 3. m\u00edsto &#8222;sed\u00ed&#8220;&#8230;? A na &#8222;pokec&#8220; taky nese\u017eenete lep\u0161\u00edho borce&#8230;<\/figcaption><\/figure>\n<p style=\"text-align: justify;\">V &#8211; pro zm\u011bnu &#8211; t\u0159\u00edlet\u00e9m rozp\u011bt\u00ed spole\u010dn\u00e9 kategorie d\u00edvek a chlapc\u016f 10-12 let se do TOP10 ve\u0161li v c\u00edli sedm\u00fd <span style=\"color: #800000;\"><strong>Maty\u00e1\u0161 Koudelka<\/strong> <\/span>a des\u00e1t\u00e1 <strong><span style=\"color: #800000;\">Ad\u00e9lka Zav\u017eelov\u00e1<\/span><\/strong>, kdy\u017e \u00fa\u010det na\u0161ich &#8222;mlad\u00fdch pu\u0161ek&#8220; v t\u00e9to kategorii podtrhla vybojovan\u00fdm 21. m\u00edstem <span style=\"color: #800000;\"><strong>Lucka Koudelkov\u00e1<\/strong><\/span>, Pro po\u0159\u00e1dek p\u0159ipomenu, \u017ee\u00a0v t\u00e9to kategorii z\u00e1polilo celkem 33 rajdr\u016f.<\/p>\n<figure id=\"attachment_11521\" aria-describedby=\"caption-attachment-11521\" style=\"width: 882px\" class=\"wp-caption alignnone\"><a href=\"http:\/\/www.moravecteam.cz\/?attachment_id=11521\" rel=\"attachment wp-att-11521\"><img decoding=\"async\" loading=\"lazy\" class=\" wp-image-11521\" alt=\"IMG_20180331_180752\" src=\"http:\/\/www.moravecteam.cz\/wp-content\/uploads\/2018\/04\/IMG_20180331_180752.jpg\" width=\"882\" height=\"558\" srcset=\"https:\/\/www.moravecteam.cz\/wp-content\/uploads\/2018\/04\/IMG_20180331_180752.jpg 882w, https:\/\/www.moravecteam.cz\/wp-content\/uploads\/2018\/04\/IMG_20180331_180752-300x189.jpg 300w\" sizes=\"(max-width: 882px) 100vw, 882px\" \/><\/a><figcaption id=\"caption-attachment-11521\" class=\"wp-caption-text\">Vyhla\u0161ovali-li po\u0159adatel\u00e9 nakonec, v rozporu se z\u00e1znamem v ofici\u00e1ln\u00edch v\u00fdsledkov\u00fdch listin\u00e1ch, kluky a holky zvl\u00e1\u0161\u0165, tak pak vyhr\u00e1la i Just\u00fdnka Novotn\u00e1&#8230; Jsem z toho &#8222;tak\u00fd ak\u00fdsi velmo zmat\u011bn\u00fd&#8220;&#8230;<\/figcaption><\/figure>\n<p style=\"text-align: justify;\">V Morkovic\u00edch nechyb\u011bli ani na\u0161i dosp\u011bl\u00e1ci. V kategorii Masters 4 vybojoval na trati 46 km cennou &#8222;bramboru&#8220; <strong><span style=\"color: #800000;\">Pavel Bal\u00e1k<\/span><\/strong>, kter\u00fd nesta\u010dil pouze na fenomen\u00e1ln\u00edho v\u00edt\u011bze a na\u0161eho kamar\u00e1da Leopolda Sp\u00e1\u010dila (blahop\u0159ejeme Leo!), jako i dal\u0161\u00ed skv\u011bl\u00e9 &#8222;vousat\u00e9&#8220; bikery, kter\u00e9 zn\u00e1me z PDV, Kova\u0159\u00edka s Pe\u0148\u00e1\u010dkem. &#8222;Hoch\u016f&#8220; startovalo v t\u00e9to kategorii startovalo 14. V &#8222;mastrech&#8220; o level v\u00fd\u0161e bodoval v cili 22. n\u00e1\u0161 <strong><span style=\"color: #800000;\">Franta Pad\u011bra<\/span><\/strong>, kter\u00fd ale \u010delil soustavn\u00e9mu\u00a0 tlaku hned 65 soupe\u0159\u016f! A na trati 27 km potvrdil 8. m\u00edstem mezi mu\u017ei &#8222;faz\u00f3nu&#8220; z \u00favody sez\u00f3ny n\u00e1\u0161 <span style=\"color: #800000;\"><strong>Petr \u0160ich<\/strong><\/span>. Se\u0161lo se z Morkovic i <strong><a href=\"https:\/\/moravecteam.rajce.idnes.cz\/2018.03.31_MTB_Morkovske_bajk\/\">p\u00e1r fotek do fotogalerie<\/a><\/strong>, zde si m\u016f\u017eete <strong><a href=\"https:\/\/www.biketriatlonmorkovice.cz\/morkovske-bajk\/vysledky\/\">ov\u011b\u0159it v\u00fdsledky&#8230;<\/a><\/strong><\/p>\n<p style=\"text-align: justify;\">Up\u0159es\u0148uj\u00edc\u00ed info Vl\u00e1di Janovsk\u00e9ho, kter\u00e9 jsem pr\u00e1v\u011b obdr\u017eel, hovo\u0159\u00ed jasn\u011b. Prvn\u00ed dv\u011b zlata v sez\u00f3n\u011b 2018 pro MORAVEC Team jsou d\u00edky <span style=\"color: #ff6600;\"><strong>Jon\u00e1\u0161kovi Janovsk\u00e9mu<\/strong><\/span> a <strong><span style=\"color: #ff6600;\">Just\u00fdnce Novotn\u00e9<\/span><\/strong> &#8222;na sv\u011bt\u011b&#8220;! Tak\u017ee nehle\u010fte na ofici\u00e1ln\u00ed result a v\u011b\u0159te tomuto v\u00fdsledkov\u00e9mu z\u00e1pisu:<\/p>\n<ul>\n<li>Chalpci 4-5 let: <strong><span style=\"color: #ff6600;\">1. Jon\u00e1\u0161 Janovsk\u00fd<\/span><\/strong><\/li>\n<li>Chlapci 8-9 let: <strong><span style=\"color: #800000;\">3. Jirka Zav\u0159el<\/span><\/strong><\/li>\n<li>D\u00edvky 8-9 let: <span style=\"color: #ff6600;\"><strong>1. Just\u00fdna Novotn\u00e1<\/strong><\/span><\/li>\n<li>Chlapci 10-12 let: 7. Maty\u00e1\u0161 Koudelka<\/li>\n<li>D\u00edvky 10-12 let:<span style=\"color: #808080;\"><strong> 2. Ad\u00e9lka Zav\u0159elov\u00e1<\/strong><\/span>, &#8230; 4. Lucinka Koudelkov\u00e1<\/li>\n<\/ul>\n<p style=\"text-align: justify;\">V\u00fdsledky dosp\u011bl\u00fdch jsou, douf\u00e1m v platnosti stabiln\u00ed a\u00a0 beze zm\u011bn&#8230;<\/p>\n<p style=\"text-align: justify;\">\n","protected":false},"excerpt":{"rendered":"<p>&#8230;pro MORAVEC Team v pr\u00e1v\u011b odstartovan\u00e9 cyklistick\u00e9 sez\u00f3n\u011b pokra\u010duje? Ani na druh\u00fd pokus se je borc\u016fm a bork\u00e1m MORAVEC Teamu nepoda\u0159ilo(?) vybojovat zlato, kdy\u017e se o to tentokr\u00e1t pokou\u0161eli v jihomoravsk\u00fdch Morkovic\u00edch, v r\u00e1mci MTB z\u00e1vod\u016f &#8222;Morkovsk\u00e9 bajk&#8220;? A\u0165 tak- \u010di tak, nevrac\u00edme se ale z Morkovic v\u016fbec s pr\u00e1zdnou&#8230; Naopak! jedno ofici\u00e1ln\u00ed st\u0159\u00edbro(nebo zlato? &hellip; <a href=\"https:\/\/www.moravecteam.cz\/?p=11513\" class=\"more-link\">Pokra\u010dov\u00e1n\u00ed textu <span class=\"screen-reader-text\">\u010cek\u00e1n\u00ed na zlato..?-2<\/span> <span class=\"meta-nav\">&rarr;<\/span><\/a><\/p>\n","protected":false},"author":3,"featured_media":11519,"comment_status":"open","ping_status":"closed","sticky":false,"template":"","format":"standard","meta":[],"categories":[1],"tags":[],"_links":{"self":[{"href":"https:\/\/www.moravecteam.cz\/index.php?rest_route=\/wp\/v2\/posts\/11513"}],"collection":[{"href":"https:\/\/www.moravecteam.cz\/index.php?rest_route=\/wp\/v2\/posts"}],"about":[{"href":"https:\/\/www.moravecteam.cz\/index.php?rest_route=\/wp\/v2\/types\/post"}],"author":[{"embeddable":true,"href":"https:\/\/www.moravecteam.cz\/index.php?rest_route=\/wp\/v2\/users\/3"}],"replies":[{"embeddable":true,"href":"https:\/\/www.moravecteam.cz\/index.php?rest_route=%2Fwp%2Fv2%2Fcomments&post=11513"}],"version-history":[{"count":14,"href":"https:\/\/www.moravecteam.cz\/index.php?rest_route=\/wp\/v2\/posts\/11513\/revisions"}],"predecessor-version":[{"id":11542,"href":"https:\/\/www.moravecteam.cz\/index.php?rest_route=\/wp\/v2\/posts\/11513\/revisions\/11542"}],"wp:featuredmedia":[{"embeddable":true,"href":"https:\/\/www.moravecteam.cz\/index.php?rest_route=\/wp\/v2\/media\/11519"}],"wp:attachment":[{"href":"https:\/\/www.moravecteam.cz\/index.php?rest_route=%2Fwp%2Fv2%2Fmedia&parent=11513"}],"wp:term":[{"taxonomy":"category","embeddable":true,"href":"https:\/\/www.moravecteam.cz\/index.php?rest_route=%2Fwp%2Fv2%2Fcategories&post=11513"},{"taxonomy":"post_tag","embeddable":true,"href":"https:\/\/www.moravecteam.cz\/index.php?rest_route=%2Fwp%2Fv2%2Ftags&post=11513"}],"curies":[{"name":"wp","href":"https:\/\/api.w.org\/{rel}","templated":true}]}}