{"id":11527,"date":"2018-04-02T02:14:55","date_gmt":"2018-04-02T00:14:55","guid":{"rendered":"http:\/\/www.moravecteam.cz\/?p=11527"},"modified":"2018-04-03T14:27:26","modified_gmt":"2018-04-03T12:27:26","slug":"co-se-bude-dit-st14-3","status":"publish","type":"post","link":"https:\/\/www.moravecteam.cz\/?p=11527","title":{"rendered":"Co se bude d\u00edt? (ST14)-2"},"content":{"rendered":"<p><span style=\"color: #800000; font-size: 18px; font-weight: bold;\">\u00dater\u00fd 3.4. 2018<\/span><\/p>\n<p style=\"text-align: justify;\"><span style=\"text-align: justify;\">Tr\u00e9nink na silni\u010dn\u00edch kolech s <strong><span style=\"color: #800000;\">Frantou Pad\u011brou<\/span><\/strong> a <span style=\"color: #800000;\"><strong>Martinem Lipensk\u00fdm<\/strong><\/span>. Sraz v 16.30 u budovy Zkladn\u00ed \u0161koly v Bene\u0161ov\u011b.<\/span><\/p>\n<h5><span style=\"color: #800000;\"><strong>St\u0159eda 4.4. 2018<\/strong><\/span><\/h5>\n<p style=\"text-align: justify;\">MTB tr\u00e9nink rajdr\u016f MORAVEC Teamu s <span style=\"color: #800000;\"><strong>Milanem Tlamkou<\/strong><\/span>.\u00a0 Sraz v 16.30 na Okrouhl\u00e9 u Tlamk\u016f. <strong><span style=\"color: #ff0000;\">POZOR!<\/span> <\/strong>Ti z V\u00e1s, kte\u0159\u00ed jste je\u0161t\u011b tren\u00e9rovi neodevzdali z\u00e1znam ze zimn\u00edho\u00a0 l\u00e9ka\u0159sk\u00e9ho vy\u0161et\u0159en\u00ed (ergometrie, spiroergometrie) u\u010di\u0148te tak nejpozd\u011bji ve st\u0159edu! Jinak se dost\u00e1v\u00e1te zbyte\u010dn\u011b do z\u00e1va\u017en\u00e9 kolize se Statusem z\u00e1vodn\u00edka:\u00a0<strong><a href=\"http:\/\/www.moravecteam.cz\/?attachment_id=11533\" rel=\"attachment wp-att-11533\">Status z\u00e1vodn\u00edka cyklistick\u00e9ho odd\u00edlu MORAVEC Team<\/a>.<\/strong><\/p>\n<h5><span style=\"color: #800000;\">Sobota 7.4. 2018<\/span><\/h5>\n<p style=\"text-align: justify;\">Tradi\u010dn\u00ed zah\u00e1jen\u00ed cyklistick\u00e9 sez\u00f3ny s <span style=\"color: #800000;\"><strong>Vlastimilem MORVCEM<\/strong><\/span> v Brn\u011b &#8211; Kohoutovic\u00edch. Sraz \u00fa\u010dastn\u00edk\u016f akce, jej\u00ed\u017e sou\u010d\u00e1st\u00ed je cyklov\u00fdj\u00ed\u017e\u010fka, je na fotbalov\u00e9m h\u0159i\u0161ti Tatranu Kohoutovice v 9.00 hodin.<\/p>\n<p style=\"text-align: justify;\"><a href=\"http:\/\/www.moravecteam.cz\/?attachment_id=11545\" rel=\"attachment wp-att-11545\"><img decoding=\"async\" loading=\"lazy\" class=\"alignnone size-full wp-image-11545\" alt=\"imageresize\" src=\"http:\/\/www.moravecteam.cz\/wp-content\/uploads\/2018\/04\/imageresize.jpg\" width=\"872\" height=\"654\" srcset=\"https:\/\/www.moravecteam.cz\/wp-content\/uploads\/2018\/04\/imageresize.jpg 872w, https:\/\/www.moravecteam.cz\/wp-content\/uploads\/2018\/04\/imageresize-300x225.jpg 300w\" sizes=\"(max-width: 872px) 100vw, 872px\" \/><\/a><\/p>\n<h5><span style=\"color: #800000;\">Ned\u011ble 8.4.\u00a02018<\/span><\/h5>\n<ul>\n<li style=\"text-align: justify;\">Silni\u010dn\u00ed z\u00e1vody ve Zbraslavi u Brna, kter\u00e9 jsou za\u0159azeny do \u010cesk\u00e9ho poh\u00e1ru. Zde mrkn\u011bte na <a href=\"http:\/\/new.cyklovysledky.cz\/kalendar\/race\/6559\"><strong>informace o z\u00e1vod\u011b<\/strong><\/a>, d\u016fle\u017eit\u00e1 je skute\u010dnost, <span style=\"color: #ff0000;\"><strong>\u017ee uz\u00e1v\u011brka p\u0159ihl\u00e1\u0161ek je do \u010dtvrtku 5. dubna!<\/strong><\/span> A je\u0161t\u011b p\u0159ipom\u00edn\u00e1m, \u017ee tento typ je pro MORAVCE, kter\u00fdm byla vyhotovena z\u00e1vodn\u00ed licence.<\/li>\n<li>\n<div style=\"text-align: justify;\">Dal\u0161\u00ed, tentokr\u00e1t velikono\u010dn\u00ed\u00a0 cyklovyj\u00ed\u017e\u010fka s Hankou a Vlast\u00edkem Odehnalov\u00fdmi. Sraz v 9.30 ve Sportparku Boskovice &#8211; Doubravy, zde\u00a0<strong><a href=\"http:\/\/www.moravecteam.cz\/?p=10120\">mrkn\u011bte na podrobnosti.<\/a>..\u00a0<span style=\"color: #ff0000;\">POZOR!<\/span><\/strong>\u00a0<span style=\"color: #ff0000;\">Info pro d\u011bti, kter\u00e9 nebudou mit na v\u00fdji\u017e\u010fce doprovod rodi\u010d\u016f:\u00a0 mus\u00ed s sebou mit n\u00e1hradn\u00ed rukavice, v\u011btrovku na p\u0159ioble\u010deni, pit\u00ed, sva\u010dinu nebo tra\u0165ovku, nehradni du\u0161i ( ne d\u011bravou)! Toto minim\u00e1ln\u00ed vybaven\u00ed bude p\u0159ed j\u00edzdou u d\u011bt\u00ed zkontrolov\u00e1no a kdo je nebude m\u00edt &#8211;\u00a0na v\u00fdj\u00ed\u017e\u010fku\u00a0nepojede!!!<\/span><\/div>\n<\/li>\n<\/ul>\n<h5><strong><span style=\"color: #800000;\">Akce t\u011bsn\u011b za horizontem<\/span><\/strong><\/h5>\n<p style=\"text-align: justify;\"><strong><\/strong>12.4. 2018 (\u010dtvrtek) &#8211; Ofici\u00e1ln\u00ed zah\u00e1jen\u00ed cyklistick\u00e9 sez\u00f3ny\u00a0MORAVEC Teamu. <span style=\"color: #800000;\"><strong>Od 16.00 se sejdeme v Pavlovsk\u00e9 kapli\u010dce\u00a0v r\u00e1mci \u00a0M\u0161e Svat\u00e9 za MORAVEC Team<\/strong><\/span> a na\u00a0\u00a017.00 hodinu se p\u0159esuneme do restaurace\u00a0 Morava Bene\u0161ov, kde sez\u00f3nu slavnostn\u011b zah\u00e1j\u00edme. Zde si p\u0159ipome\u0148te, co V\u00e1m bylo ozn\u00e1meno na sch\u016fzce s rodi\u010di 12. ledna, tj.\u00a0 podle jak\u00fdch odd\u00edlov\u00fdch &#8222;not se letos bude hr\u00e1t&#8220;:\u00a0<strong><a href=\"http:\/\/www.moravecteam.cz\/?attachment_id=11149\" rel=\"attachment wp-att-11149\">Sez\u00f3na 2018 &#8211; koncepce<\/a>,\u00a0\u00a0<a href=\"http:\/\/www.moravecteam.cz\/?attachment_id=11533\" rel=\"attachment wp-att-11533\">Status z\u00e1vodn\u00edka cyklistick\u00e9ho odd\u00edlu MORAVEC Team<\/a>.<\/strong>\u00a0A podle jak\u00e9ho kalend\u00e1\u0159e pojedeme:\u00a0<strong><a href=\"http:\/\/www.moravecteam.cz\/?attachment_id=11154\" rel=\"attachment wp-att-11154\">MORAVEC Team &#8211;\u00a0term\u00ednov\u00fd kalend\u00e1\u0159 2018<\/a>&#8230;<\/strong><\/p>\n","protected":false},"excerpt":{"rendered":"<p>\u00dater\u00fd 3.4. 2018 Tr\u00e9nink na silni\u010dn\u00edch kolech s Frantou Pad\u011brou a Martinem Lipensk\u00fdm. Sraz v 16.30 u budovy Zkladn\u00ed \u0161koly v Bene\u0161ov\u011b. St\u0159eda 4.4. 2018 MTB tr\u00e9nink rajdr\u016f MORAVEC Teamu s Milanem Tlamkou.\u00a0 Sraz v 16.30 na Okrouhl\u00e9 u Tlamk\u016f. POZOR! Ti z V\u00e1s, kte\u0159\u00ed jste je\u0161t\u011b tren\u00e9rovi neodevzdali z\u00e1znam ze zimn\u00edho\u00a0 l\u00e9ka\u0159sk\u00e9ho vy\u0161et\u0159en\u00ed (ergometrie, &hellip; <a href=\"https:\/\/www.moravecteam.cz\/?p=11527\" class=\"more-link\">Pokra\u010dov\u00e1n\u00ed textu <span class=\"screen-reader-text\">Co se bude d\u00edt? (ST14)-2<\/span> <span class=\"meta-nav\">&rarr;<\/span><\/a><\/p>\n","protected":false},"author":3,"featured_media":11529,"comment_status":"open","ping_status":"closed","sticky":false,"template":"","format":"standard","meta":[],"categories":[11],"tags":[],"_links":{"self":[{"href":"https:\/\/www.moravecteam.cz\/index.php?rest_route=\/wp\/v2\/posts\/11527"}],"collection":[{"href":"https:\/\/www.moravecteam.cz\/index.php?rest_route=\/wp\/v2\/posts"}],"about":[{"href":"https:\/\/www.moravecteam.cz\/index.php?rest_route=\/wp\/v2\/types\/post"}],"author":[{"embeddable":true,"href":"https:\/\/www.moravecteam.cz\/index.php?rest_route=\/wp\/v2\/users\/3"}],"replies":[{"embeddable":true,"href":"https:\/\/www.moravecteam.cz\/index.php?rest_route=%2Fwp%2Fv2%2Fcomments&post=11527"}],"version-history":[{"count":8,"href":"https:\/\/www.moravecteam.cz\/index.php?rest_route=\/wp\/v2\/posts\/11527\/revisions"}],"predecessor-version":[{"id":11546,"href":"https:\/\/www.moravecteam.cz\/index.php?rest_route=\/wp\/v2\/posts\/11527\/revisions\/11546"}],"wp:featuredmedia":[{"embeddable":true,"href":"https:\/\/www.moravecteam.cz\/index.php?rest_route=\/wp\/v2\/media\/11529"}],"wp:attachment":[{"href":"https:\/\/www.moravecteam.cz\/index.php?rest_route=%2Fwp%2Fv2%2Fmedia&parent=11527"}],"wp:term":[{"taxonomy":"category","embeddable":true,"href":"https:\/\/www.moravecteam.cz\/index.php?rest_route=%2Fwp%2Fv2%2Fcategories&post=11527"},{"taxonomy":"post_tag","embeddable":true,"href":"https:\/\/www.moravecteam.cz\/index.php?rest_route=%2Fwp%2Fv2%2Ftags&post=11527"}],"curies":[{"name":"wp","href":"https:\/\/api.w.org\/{rel}","templated":true}]}}