{"id":11548,"date":"2018-04-09T12:36:01","date_gmt":"2018-04-09T10:36:01","guid":{"rendered":"http:\/\/www.moravecteam.cz\/?p=11548"},"modified":"2018-04-09T12:36:01","modified_gmt":"2018-04-09T10:36:01","slug":"pohoda-s-kohoty","status":"publish","type":"post","link":"https:\/\/www.moravecteam.cz\/?p=11548","title":{"rendered":"Pohoda s &#8222;Koh\u00f3ty&#8220;!"},"content":{"rendered":"<p style=\"text-align: justify;\"><span style=\"color: #800000;\"><strong>Zat\u00edm co MORAVEC\u00a0ofici\u00e1ln\u011b odstartuje novou sez\u00f3nu tento \u010dtvrtek, cyklist\u00e9 Tatranu Kohoutovice si posp\u00ed\u0161ili\u00a0a slavnostn\u00edmi v\u00fdst\u0159ely zah\u00e1jili sez\u00f3nu na h\u0159i\u0161ti m\u00edstn\u00edho fotbalov\u00e9ho odd\u00edlu\u00a0 ji\u017e minulou sobotu, kdy\u017e akce byla\u00a0, jak u\u017e je zde po l\u00e9ta zvykem, spjata se jm\u00e9nem\u00a0\u00a0b\u00fdval\u00e9ho ob\u010dana Kohoutovic\u00a0a na\u0161eho Patrona &#8211; Vlastimila MORAVCE\u00a0.\u00a0Na zah\u00e1jen\u00ed n\u00e1s reprezentovali <\/strong><strong>t\u0159i borci, kte\u0159\u00ed str\u00e1vili ve spole\u010dnosti\u00a0 &#8222;Koh\u00f3t\u016f&#8220; veskrze p\u0159\u00edjemn\u00fd a pohodov\u00fd den! <\/strong><\/span><\/p>\n<figure id=\"attachment_11553\" aria-describedby=\"caption-attachment-11553\" style=\"width: 2000px\" class=\"wp-caption alignnone\"><a href=\"http:\/\/www.moravecteam.cz\/?attachment_id=11553\" rel=\"attachment wp-att-11553\"><img decoding=\"async\" loading=\"lazy\" class=\" wp-image-11553\" alt=\"OLYMPUS DIGITAL CAMERA\" src=\"http:\/\/www.moravecteam.cz\/wp-content\/uploads\/2018\/04\/001.jpg\" width=\"2000\" height=\"1151\" srcset=\"https:\/\/www.moravecteam.cz\/wp-content\/uploads\/2018\/04\/001.jpg 2000w, https:\/\/www.moravecteam.cz\/wp-content\/uploads\/2018\/04\/001-300x172.jpg 300w, https:\/\/www.moravecteam.cz\/wp-content\/uploads\/2018\/04\/001-1024x589.jpg 1024w\" sizes=\"(max-width: 2000px) 100vw, 2000px\" \/><\/a><figcaption id=\"caption-attachment-11553\" class=\"wp-caption-text\">Po\u010detn\u00e1 sestava Zah\u00e1jen\u00ed cyklistick\u00e9 sez\u00f3ny s Vlastimilem MORAVCEM v Brn\u011b &#8211; Kohoutovic\u00edch.<\/figcaption><\/figure>\n<p style=\"text-align: justify;\"><strong><span style=\"color: #800000;\">Jardou Blahou<\/span> <\/strong>a jeho kamar\u00e1dy vzorn\u011b p\u0159ipravenou akci umocnilo tak\u0159ka ide\u00e1ln\u00ed po\u010das\u00ed, tak\u017ee\u00a0tv\u00e1\u0159e po\u010detn\u00e9 skupiny \u00fa\u010dastn\u00edk\u016f z\u00e1\u0159ily \u00fasm\u011bvy, stejn\u011b jako h\u0159ejiv\u00e9 slun\u00ed\u010dko, kter\u00e9 bylo v sobotu v &#8222;Koh\u00f3tk\u00e1ch&#8220; v\u0161em \u00fa\u010dastn\u00edk\u016fm\u00a0v\u011bru velmi \u00a0p\u0159\u00edjemn\u00fdm &#8222;par\u0165\u00e1kem!<\/p>\n<figure id=\"attachment_11555\" aria-describedby=\"caption-attachment-11555\" style=\"width: 2000px\" class=\"wp-caption alignnone\"><a href=\"http:\/\/www.moravecteam.cz\/?attachment_id=11555\" rel=\"attachment wp-att-11555\"><img decoding=\"async\" loading=\"lazy\" class=\" wp-image-11555\" alt=\"02\" src=\"http:\/\/www.moravecteam.cz\/wp-content\/uploads\/2018\/04\/02.jpg\" width=\"2000\" height=\"1333\" srcset=\"https:\/\/www.moravecteam.cz\/wp-content\/uploads\/2018\/04\/02.jpg 2000w, https:\/\/www.moravecteam.cz\/wp-content\/uploads\/2018\/04\/02-300x199.jpg 300w, https:\/\/www.moravecteam.cz\/wp-content\/uploads\/2018\/04\/02-1024x682.jpg 1024w\" sizes=\"(max-width: 2000px) 100vw, 2000px\" \/><\/a><figcaption id=\"caption-attachment-11555\" class=\"wp-caption-text\">Holky (nejen) Moravcovy. Zleva Pavl\u00edna, &#8222;mal\u00e1&#8220; Eva &#8211; m\u00e1 v n\u00e1ru\u010d\u00ed Ladu\u0161ku, &#8222;Velk\u00e1&#8220; Eva, Tobi\u00e1\u0161 a dole\u00a0Zitu\u0161ka.<\/figcaption><\/figure>\n<p style=\"text-align: justify;\">Mil\u00fdmi VIP hosty se to zde jen &#8222;hem\u017eilo&#8220; i letos. P\u0159edev\u0161\u00edm\u00a0nechyb\u011bly ob\u011b dcery Vlastimila MORVCE &#8211; \u00a0<strong><span style=\"color: #800000;\">Pavla<\/span><\/strong>, kterou doprov\u00e1zel man\u017eel,\u00a0 <strong><span style=\"color: #800000;\">&#8222;mal\u00e1&#8220; Eva<\/span> <\/strong>(man\u017eel <strong><span style=\"color: #800000;\">V\u00edtek Bartol\u0161ic<\/span><\/strong>, dcery \u00a0<strong><span style=\"color: #800000;\">Ladu\u0161ka<\/span><\/strong> a <strong><span style=\"color: #800000;\">Zitu\u0161ka<\/span><\/strong> v\u010detn\u011b), \u00a0nechyb\u011bla samoz\u0159ejm\u011b ani <strong><span style=\"color: #800000;\">&#8222;velk\u00e1&#8220; Eva<\/span> <\/strong>s vnou\u010dkem <strong><span style=\"color: #800000;\">Tobi\u00e1\u0161kem<\/span><\/strong>. No, s vnou\u010dkem&#8230; Asi p\u0159esn\u011bj\u0161\u00ed z\u00e1pis bude: s vnukem Tobi\u00e1\u0161em&#8230; Od t\u00e9 doby co jsme ho vid\u011bli naposled, vyrostl n\u00e1m hoch \u00a0jako z vody&#8230;<\/p>\n<figure id=\"attachment_11558\" aria-describedby=\"caption-attachment-11558\" style=\"width: 2000px\" class=\"wp-caption alignnone\"><a href=\"http:\/\/www.moravecteam.cz\/?attachment_id=11558\" rel=\"attachment wp-att-11558\"><img decoding=\"async\" loading=\"lazy\" class=\" wp-image-11558\" alt=\"OLYMPUS DIGITAL CAMERA\" src=\"http:\/\/www.moravecteam.cz\/wp-content\/uploads\/2018\/04\/05.jpg\" width=\"2000\" height=\"1608\" srcset=\"https:\/\/www.moravecteam.cz\/wp-content\/uploads\/2018\/04\/05.jpg 2000w, https:\/\/www.moravecteam.cz\/wp-content\/uploads\/2018\/04\/05-300x241.jpg 300w, https:\/\/www.moravecteam.cz\/wp-content\/uploads\/2018\/04\/05-1024x823.jpg 1024w\" sizes=\"(max-width: 2000px) 100vw, 2000px\" \/><\/a><figcaption id=\"caption-attachment-11558\" class=\"wp-caption-text\">Spole\u010dn\u00e1 fotka \u010d.2 u kohoutovick\u00e9ho vodojemu.<\/figcaption><\/figure>\n<p style=\"text-align: justify;\">Dal\u0161\u00edm supr hostem byl zlat\u00fd olympionik z letn\u00ed olympi\u00e1dy 1980 v Moskv\u011b, st\u0159elec v\u00edt\u011bzn\u00e9ho g\u00f3lu\u00a0fin\u00e1lov\u00e9ho\u00a0z\u00e1pasu fotbalov\u00e9ho turnaje (\u010ceskoslovensko &#8211; N\u011bmeck\u00e1 demokratick\u00e1 republika 1:0), &#8222;kovan\u00fd&#8220; Zbrojov\u00e1k &#8211;\u00a0<span style=\"color: #008000;\">\u00a0<a href=\"https:\/\/cs.wikipedia.org\/wiki\/Jind%C5%99ich_Svoboda_(fotbalista)\"><span style=\"color: #008000;\"><strong><span style=\"color: #800000;\">Jindra Svoboda<\/span><\/strong><\/span><\/a><\/span>! Cyklistick\u00e9\u00a0legendy pak zastupoval &#8211;\u00a0p\u0159i omluvenk\u00e1ch Jirky Dalera a Rudly Labuse &#8211;\u00a0p\u0159edev\u0161\u00edm n\u011bkolikan\u00e1sobn\u00fd Mistr sv\u011bta na dr\u00e1ze &#8211; <strong><span style=\"color: #800000;\">Ivan Ku\u010d\u00edrek.<\/span><\/strong><\/p>\n<figure id=\"attachment_11556\" aria-describedby=\"caption-attachment-11556\" style=\"width: 1345px\" class=\"wp-caption alignnone\"><a href=\"http:\/\/www.moravecteam.cz\/?attachment_id=11556\" rel=\"attachment wp-att-11556\"><img decoding=\"async\" loading=\"lazy\" class=\" wp-image-11556\" alt=\"03\" src=\"http:\/\/www.moravecteam.cz\/wp-content\/uploads\/2018\/04\/03.jpg\" width=\"1345\" height=\"1234\" srcset=\"https:\/\/www.moravecteam.cz\/wp-content\/uploads\/2018\/04\/03.jpg 1345w, https:\/\/www.moravecteam.cz\/wp-content\/uploads\/2018\/04\/03-300x275.jpg 300w, https:\/\/www.moravecteam.cz\/wp-content\/uploads\/2018\/04\/03-1024x939.jpg 1024w\" sizes=\"(max-width: 1345px) 100vw, 1345px\" \/><\/a><figcaption id=\"caption-attachment-11556\" class=\"wp-caption-text\">Princezna Ladu\u0161ka&#8230;<\/figcaption><\/figure>\n<p style=\"text-align: justify;\">Hned na \u00favod se n\u00e1m &#8222;Blagyn&#8220; pochlubil zbrusu nov\u00fdm praporem cyklistick\u00e9ho odd\u00edlu Tatran Kohoutovice s d\u016fle\u017eit\u00fdm upozorn\u011bn\u00edm, \u017ee praporu po\u017eehnal v jihoamerick\u00e9m Rio de Janeiru symbolicky s\u00e1m <strong><span style=\"color: #800000;\">Je\u017e\u00ed\u0161 Kristus<\/span><\/strong>! Kdo nev\u011b\u0159\u00edte mrkn\u011bte <strong><a href=\"http:\/\/moravecteam.rajce.idnes.cz\/2018.04.07_Zahajeni_sezony_v_Kohoutovicich\/\">na pr\u016fkazn\u00e9 foto ve fotoglerii&#8230; <\/a><\/strong>Po startovn\u00edm v\u00fdst\u0159elu a nezbytn\u00e9 prvn\u00ed spole\u010dn\u00e9 fotce jsme nasko\u010dili do sedel a vyrazili zdol\u00e1vat do okol\u00ed Kohoutovic prvn\u00ed jarn\u00ed kilometry&#8230;<\/p>\n<figure id=\"attachment_11557\" aria-describedby=\"caption-attachment-11557\" style=\"width: 1337px\" class=\"wp-caption alignnone\"><a href=\"http:\/\/www.moravecteam.cz\/?attachment_id=11557\" rel=\"attachment wp-att-11557\"><img decoding=\"async\" loading=\"lazy\" class=\" wp-image-11557\" alt=\"04\" src=\"http:\/\/www.moravecteam.cz\/wp-content\/uploads\/2018\/04\/04.jpg\" width=\"1337\" height=\"1119\" srcset=\"https:\/\/www.moravecteam.cz\/wp-content\/uploads\/2018\/04\/04.jpg 1337w, https:\/\/www.moravecteam.cz\/wp-content\/uploads\/2018\/04\/04-300x251.jpg 300w, https:\/\/www.moravecteam.cz\/wp-content\/uploads\/2018\/04\/04-1024x857.jpg 1024w\" sizes=\"(max-width: 1337px) 100vw, 1337px\" \/><\/a><figcaption id=\"caption-attachment-11557\" class=\"wp-caption-text\">Princezna Zitu\u0161ka&#8230;<\/figcaption><\/figure>\n<p style=\"text-align: justify;\">Po\u0159adatel\u00e9\u00a0trasu\u00a0vyj\u00ed\u017e\u010fky tentokr\u00e1t &#8211; a nutno \u0159\u00edct, \u017ee velmi vhodn\u011b a \u00a0citliv\u011b &#8211; pozm\u011bnili. Na \u00favod jsme vystoupali k m\u00edstn\u00ed dominant\u011b &#8211; vodojemu, odkud jsme teprve (op\u011bt po po\u0159\u00edzen\u00ed spole\u010dn\u00e9 fotky), sjeli k m\u00edstu tragick\u00e9ho skonu <strong><span style=\"color: #800000;\">Vlast\u00edka MORAVCE<\/span><\/strong>, kter\u00e9mu v\u00e9vod\u00ed jeho pomn\u00ed\u010dek. \u00a0Kop\u00edrovali jsme tedy prakticky p\u0159esn\u011b posledn\u00ed stovky metr\u016f, kter\u00e9 p\u0159ed 32 lety\u00a0 \u010desk\u00e1 cyklistick\u00e1 legenda najela&#8230; Siln\u00fd z\u00e1\u017eitek&#8230;<\/p>\n<figure id=\"attachment_11561\" aria-describedby=\"caption-attachment-11561\" style=\"width: 1834px\" class=\"wp-caption alignnone\"><a href=\"http:\/\/www.moravecteam.cz\/?attachment_id=11561\" rel=\"attachment wp-att-11561\"><img decoding=\"async\" loading=\"lazy\" class=\" wp-image-11561\" alt=\"OLYMPUS DIGITAL CAMERA\" src=\"http:\/\/www.moravecteam.cz\/wp-content\/uploads\/2018\/04\/P4070063.jpg\" width=\"1834\" height=\"845\" srcset=\"https:\/\/www.moravecteam.cz\/wp-content\/uploads\/2018\/04\/P4070063.jpg 1834w, https:\/\/www.moravecteam.cz\/wp-content\/uploads\/2018\/04\/P4070063-300x138.jpg 300w, https:\/\/www.moravecteam.cz\/wp-content\/uploads\/2018\/04\/P4070063-1024x471.jpg 1024w\" sizes=\"(max-width: 1834px) 100vw, 1834px\" \/><\/a><figcaption id=\"caption-attachment-11561\" class=\"wp-caption-text\">Spole\u010dn\u00e1 fotka \u010d.3 u pomn\u00ed\u010dku.<\/figcaption><\/figure>\n<p style=\"text-align: justify;\">T\u0159et\u00ed spole\u010dn\u00e1 fotka a druh\u00fd startovn\u00ed v\u00fdst\u0159el do sez\u00f3ny &#8211; to oboj\u00ed se odehr\u00e1lo u zm\u00edn\u011bn\u00e9ho pomn\u00ed\u010dku, odtud \u00a0docela po\u010detn\u00fd peloton ji\u017e zam\u00ed\u0159il\u00a0 po tradi\u010dn\u00ed trase sm\u011br &#8211; &#8222;prigl&#8220;, kdy\u017e i letos jsme zajeli (alespo\u0148 v\u011bt\u0161ina z \u00fa\u010dastn\u00edk\u016f) \u00a0a\u017e k lodn\u00ed zast\u00e1vce, kter\u00e1 je vzd\u00e1len\u00e1\u00a0u\u017e jen\u00a08km od Veversk\u00e9 Bit\u00fd\u0161ky. Zde se &#8222;cvakala&#8220;\u00a0 spole\u010dn\u00e1 fota s po\u0159adov\u00fdm \u010d\u00edslem\u00a0\u010dty\u0159i a n\u00e1sledoval p\u0159esun na\u00a0\u00a0\u00a0&#8222;depo&#8220; &#8211; do n\u00e1b\u0159e\u017en\u00ed restaurace &#8222;U \u010d\u00e1pa&#8220;.<\/p>\n<figure id=\"attachment_11559\" aria-describedby=\"caption-attachment-11559\" style=\"width: 1332px\" class=\"wp-caption alignnone\"><a href=\"http:\/\/www.moravecteam.cz\/?attachment_id=11559\" rel=\"attachment wp-att-11559\"><img decoding=\"async\" loading=\"lazy\" class=\" wp-image-11559\" alt=\"06\" src=\"http:\/\/www.moravecteam.cz\/wp-content\/uploads\/2018\/04\/06.jpg\" width=\"1332\" height=\"789\" srcset=\"https:\/\/www.moravecteam.cz\/wp-content\/uploads\/2018\/04\/06.jpg 1332w, https:\/\/www.moravecteam.cz\/wp-content\/uploads\/2018\/04\/06-300x177.jpg 300w, https:\/\/www.moravecteam.cz\/wp-content\/uploads\/2018\/04\/06-1024x606.jpg 1024w\" sizes=\"(max-width: 1332px) 100vw, 1332px\" \/><\/a><figcaption id=\"caption-attachment-11559\" class=\"wp-caption-text\">Zcela krotk\u00fd, p\u0159\u00e1telsk\u00fd a hlavn\u011b mlsn\u00fd &#8211; jelen dan\u011bk.<\/figcaption><\/figure>\n<p style=\"text-align: justify;\">P\u0159ed &#8222;posledn\u00ed etapou&#8220; sobotn\u00ed vyj\u00ed\u017e\u010fky p\u0159i\u0161la n\u00e1pojov\u00e1 regenerace vhod. &#8222;\u00dadol\u00edm oddechu&#8220; jsme ve spole\u010dnosti hlavn\u011b <strong><span style=\"color: #800000;\">Mirka Baksy<\/span> <\/strong>projeli lesn\u00ed oborou, ve kter\u00e9 jsme i letos mohli obdivovat lidumilnost m\u00edstn\u00edch zv\u00ed\u0159at, kter\u00e9 ji ob\u00fdvaj\u00ed. Tentokr\u00e1t n\u00e1s svou neboj\u00e1cnost\u00ed k lidem p\u0159ekvapili p\u0159edev\u0161\u00edm jeleni &#8211; da\u0148ci&#8230; Uct\u00edt pam\u00e1tku padl\u00e9ho mlad\u00e9ho rusk\u00e9ho pilota, kter\u00fd byl v lese nedaleko Kohoutovic sest\u0159elen v posledn\u00edm roce v\u00e1lky, jsme neopomn\u011bli na fin\u00e1ln\u00edch kilometrech z\u00e1v\u011bre\u010dn\u00e9 &#8222;etapy&#8220;,\u00a0ani letos&#8230;<\/p>\n<figure id=\"attachment_11560\" aria-describedby=\"caption-attachment-11560\" style=\"width: 1000px\" class=\"wp-caption alignnone\"><a href=\"http:\/\/www.moravecteam.cz\/?attachment_id=11560\" rel=\"attachment wp-att-11560\"><img decoding=\"async\" loading=\"lazy\" class=\" wp-image-11560\" alt=\"07\" src=\"http:\/\/www.moravecteam.cz\/wp-content\/uploads\/2018\/04\/07.jpg\" width=\"1000\" height=\"750\" srcset=\"https:\/\/www.moravecteam.cz\/wp-content\/uploads\/2018\/04\/07.jpg 1000w, https:\/\/www.moravecteam.cz\/wp-content\/uploads\/2018\/04\/07-300x225.jpg 300w\" sizes=\"(max-width: 1000px) 100vw, 1000px\" \/><\/a><figcaption id=\"caption-attachment-11560\" class=\"wp-caption-text\">Pomn\u00edk rusk\u00e9ho letce je asi 1km od Kohoutovic.<\/figcaption><\/figure>\n<p style=\"text-align: justify;\">\u017de po n\u00e1vratu na &#8222;z\u00e1kldnu&#8220; (na h\u0159i\u0161t\u011b Tatranu Kohoutovice) bylo pozorn\u00fdmi hostiteli pro n\u00e1s p\u0159ipraveno je\u0161t\u011b jedno &#8222;depo&#8220; nemus\u00edm nikterak zd\u016fraz\u0148ovat&#8230; No a jako v minul\u00fdch letech, ani letos se n\u00e1m od &#8222;Kohout\u016f&#8220;, po &#8211; s nimi str\u00e1ven\u00e9m prima \u00a0dni &#8211;\u00a0moc necht\u011blo&#8230; Z MORVC\u016e byl hrdinou dne byl <strong><span style=\"color: #800000;\">Karel V\u0161etula<\/span><\/strong>, kter\u00fd si na prvn\u00ed leto\u0161n\u00ed j\u00edzdu &#8222;ukrojil&#8220; docela velk\u00fd &#8222;kraj\u00edc&#8220;, ale zvl\u00e1dnul ho s cyklistickou bravurou jemu vlastn\u00ed&#8230; A i <span style=\"color: #800000;\"><strong>Franta Pad\u011bra<\/strong> <\/span>zslou\u017e\u00ed uzn\u00e1n\u00ed: v\u017edy\u0165 z &#8222;Koh\u00f3tek&#8220; jel dom\u016f, do Drnovic, po vlastn\u00ed ose! Zde mrkn\u011bte na t\u0159i hutn\u00e9 fotogalerie:<\/p>\n<ul>\n<li>\n<div style=\"text-align: justify;\"><strong><a href=\"http:\/\/moravecteam.rajce.idnes.cz\/2018.04.07_Zahajeni_sezony_v_Kohoutovicich\/\">Fotogalerie \u010d.1<\/a><\/strong><\/div>\n<\/li>\n<li><a href=\"http:\/\/moravecteam.rajce.idnes.cz\/2018.04.07_Zahajeni_sezony_v_Kohoutovicich_-_2\/\"><strong>Fotogalerie \u010d.2<\/strong><\/a><\/li>\n<li><a href=\"http:\/\/moravecteam.rajce.idnes.cz\/2018.04.07_Zahajeni_sezony_v_Kohoutovicich_-_3\/\"><strong>Fotogalerie \u010d.3<\/strong><\/a><\/li>\n<\/ul>\n<p style=\"text-align: justify;\">\n","protected":false},"excerpt":{"rendered":"<p>Zat\u00edm co MORAVEC\u00a0ofici\u00e1ln\u011b odstartuje novou sez\u00f3nu tento \u010dtvrtek, cyklist\u00e9 Tatranu Kohoutovice si posp\u00ed\u0161ili\u00a0a slavnostn\u00edmi v\u00fdst\u0159ely zah\u00e1jili sez\u00f3nu na h\u0159i\u0161ti m\u00edstn\u00edho fotbalov\u00e9ho odd\u00edlu\u00a0 ji\u017e minulou sobotu, kdy\u017e akce byla\u00a0, jak u\u017e je zde po l\u00e9ta zvykem, spjata se jm\u00e9nem\u00a0\u00a0b\u00fdval\u00e9ho ob\u010dana Kohoutovic\u00a0a na\u0161eho Patrona &#8211; Vlastimila MORAVCE\u00a0.\u00a0Na zah\u00e1jen\u00ed n\u00e1s reprezentovali t\u0159i borci, kte\u0159\u00ed str\u00e1vili ve spole\u010dnosti\u00a0 &#8222;Koh\u00f3t\u016f&#8220; &hellip; <a href=\"https:\/\/www.moravecteam.cz\/?p=11548\" class=\"more-link\">Pokra\u010dov\u00e1n\u00ed textu <span class=\"screen-reader-text\">Pohoda s &#8222;Koh\u00f3ty&#8220;!<\/span> <span class=\"meta-nav\">&rarr;<\/span><\/a><\/p>\n","protected":false},"author":3,"featured_media":11554,"comment_status":"open","ping_status":"closed","sticky":false,"template":"","format":"standard","meta":[],"categories":[13],"tags":[],"_links":{"self":[{"href":"https:\/\/www.moravecteam.cz\/index.php?rest_route=\/wp\/v2\/posts\/11548"}],"collection":[{"href":"https:\/\/www.moravecteam.cz\/index.php?rest_route=\/wp\/v2\/posts"}],"about":[{"href":"https:\/\/www.moravecteam.cz\/index.php?rest_route=\/wp\/v2\/types\/post"}],"author":[{"embeddable":true,"href":"https:\/\/www.moravecteam.cz\/index.php?rest_route=\/wp\/v2\/users\/3"}],"replies":[{"embeddable":true,"href":"https:\/\/www.moravecteam.cz\/index.php?rest_route=%2Fwp%2Fv2%2Fcomments&post=11548"}],"version-history":[{"count":8,"href":"https:\/\/www.moravecteam.cz\/index.php?rest_route=\/wp\/v2\/posts\/11548\/revisions"}],"predecessor-version":[{"id":11571,"href":"https:\/\/www.moravecteam.cz\/index.php?rest_route=\/wp\/v2\/posts\/11548\/revisions\/11571"}],"wp:featuredmedia":[{"embeddable":true,"href":"https:\/\/www.moravecteam.cz\/index.php?rest_route=\/wp\/v2\/media\/11554"}],"wp:attachment":[{"href":"https:\/\/www.moravecteam.cz\/index.php?rest_route=%2Fwp%2Fv2%2Fmedia&parent=11548"}],"wp:term":[{"taxonomy":"category","embeddable":true,"href":"https:\/\/www.moravecteam.cz\/index.php?rest_route=%2Fwp%2Fv2%2Fcategories&post=11548"},{"taxonomy":"post_tag","embeddable":true,"href":"https:\/\/www.moravecteam.cz\/index.php?rest_route=%2Fwp%2Fv2%2Ftags&post=11548"}],"curies":[{"name":"wp","href":"https:\/\/api.w.org\/{rel}","templated":true}]}}