{"id":11564,"date":"2018-04-09T12:36:29","date_gmt":"2018-04-09T10:36:29","guid":{"rendered":"http:\/\/www.moravecteam.cz\/?p=11564"},"modified":"2018-04-09T12:36:29","modified_gmt":"2018-04-09T10:36:29","slug":"co-se-bude-dit-st15-3","status":"publish","type":"post","link":"https:\/\/www.moravecteam.cz\/?p=11564","title":{"rendered":"Co se bude d\u00edt? (ST15)"},"content":{"rendered":"<h5><span style=\"color: #800000;\"><strong>\u00dater\u00fd 10.4. 2018<\/strong><\/span><\/h5>\n<p style=\"text-align: justify;\">Tr\u00e9nink na silni\u010dn\u00edch kolech s <strong><span style=\"color: #800000;\">Frantou Pad\u011brou <\/span><\/strong>a <span style=\"color: #800000;\"><strong>Martinem Lipensk\u00fdm<\/strong>.<\/span> Sraz v 16.30 u budovy Z\u00e1kladn\u00ed \u0161koly v Bene\u0161ov\u011b. V p\u0159\u00edpad\u011b pot\u0159eby kontaktujte Franty Pad\u011bry na <strong><span style=\"color: #800000;\">605 838 404.<\/span><\/strong><\/p>\n<h5><span style=\"color: #800000;\"><strong>St\u0159eda 11.4. 2018<\/strong><\/span><\/h5>\n<p style=\"text-align: justify;\">MTB tr\u00e9nink rajdr\u016f MORAVEC Teamu s <span style=\"color: #800000;\"><strong>Milanem Tlamkou (776 108 046)<\/strong>.\u00a0<\/span> Sraz v 16.30 ve Sportparku Boskovice &#8211; Doubravy\u00a0.<\/p>\n<h5 style=\"text-align: justify;\"><strong><span style=\"color: #800000;\">\u010ctvrtek 12.4. 2018<\/span><\/strong><\/h5>\n<p style=\"text-align: justify;\">Ofici\u00e1ln\u00ed zah\u00e1jen\u00ed cyklistick\u00e9 sez\u00f3ny\u00a0MORAVEC Teamu. <strong><span style=\"color: #800000;\">Od 16.00 se sejdeme v Pavlovsk\u00e9 kapli\u010dce\u00a0v r\u00e1mci \u00a0M\u0161e Svat\u00e9 za MORAVEC Team<\/span><\/strong> a na\u00a0\u00a017.00 hodinu se p\u0159esuneme do restaurace\u00a0 Morava Bene\u0161ov, kde sez\u00f3nu slavnostn\u011b zah\u00e1j\u00edme. Zde si p\u0159ipome\u0148te, co V\u00e1m bylo ozn\u00e1meno na sch\u016fzce s rodi\u010di 12. ledna, tj.\u00a0 podle jak\u00fdch odd\u00edlov\u00fdch &#8222;not se letos bude hr\u00e1t&#8220;:\u00a0<strong><a href=\"http:\/\/www.moravecteam.cz\/?attachment_id=11149\" rel=\"attachment wp-att-11149\">Sez\u00f3na 2018 &#8211; koncepce<\/a>,\u00a0\u00a0<a href=\"http:\/\/www.moravecteam.cz\/?attachment_id=11533\" rel=\"attachment wp-att-11533\">Status z\u00e1vodn\u00edka cyklistick\u00e9ho odd\u00edlu MORAVEC Team<\/a>.<\/strong>\u00a0A podle jak\u00e9ho z\u00e1vodn\u00edho \u00a0kalend\u00e1\u0159e pojedeme:\u00a0<strong><a href=\"http:\/\/www.moravecteam.cz\/?attachment_id=11154\" rel=\"attachment wp-att-11154\">MORAVEC Team &#8211;\u00a0term\u00ednov\u00fd kalend\u00e1\u0159 2018<\/a>&#8230;<\/strong><\/p>\n<h5><span style=\"color: #800000;\">Ned\u011ble 15.4.\u00a02018<\/span><\/h5>\n<p style=\"text-align: justify;\">Dal\u0161\u00ed, tentokr\u00e1t\u00a0\u00a0 cyklovyj\u00ed\u017e\u010fka s Hankou a Vlast\u00edkem Odehnalov\u00fdmi. Sraz v 9.30 ve Sportparku Boskovice &#8211; Doubravy, zde\u00a0<strong><a href=\"http:\/\/www.moravecteam.cz\/?p=10120\">mrkn\u011bte na podrobnosti.<\/a>..\u00a0<span style=\"color: #ff0000;\">POZOR!<\/span><\/strong>\u00a0Info pro d\u011bti, kter\u00e9 nebudou mit na v\u00fdji\u017e\u010fce doprovod rodi\u010d\u016f:\u00a0 mus\u00ed s sebou mit\u00a0 v\u011btrovku na p\u0159ioble\u010deni, pit\u00ed, sva\u010dinu nebo tra\u0165ovku, n\u00e1hradn\u00ed du\u0161i ( ne d\u011bravou)! Toto minim\u00e1ln\u00ed vybaven\u00ed bude p\u0159ed j\u00edzdou u d\u011bt\u00ed zkontrolov\u00e1no a kdo je nebude m\u00edt &#8211;\u00a0na v\u00fdj\u00ed\u017e\u010fku\u00a0nepojede!!!<\/p>\n<h5 style=\"text-align: justify;\"><span style=\"color: #800000;\"><strong>Akce t\u011bsn\u011b za horizontem<\/strong><\/span><\/h5>\n<h5><span style=\"color: #800000;\"><strong>P\u00e1tek\u00a020.4. 2018<\/strong><\/span><\/h5>\n<p style=\"text-align: justify;\">Od 17.00 s tren\u00e9ry &#8211; prohl\u00eddka trat\u00ed prvn\u00edho z\u00e1vodu \u010cesk\u00e9ho poh\u00e1ru MTB XCO v Praze &#8211; \u0158ep\u00edch. Zde mrkn\u011bte na <strong><a href=\"http:\/\/www.poharmtb.cz\/cross-country\/rozpis-cross-country\/\">rozpis seri\u00e1lu.<\/a><\/strong><\/p>\n<h5><strong><span style=\"color: #800000;\">Sobota 21.4. 2018<\/span><\/strong><\/h5>\n<p style=\"text-align: justify;\">Prvn\u00ed z\u00e1vod \u010cesk\u00e9ho poh\u00e1ru MTB XCO v Praze &#8211; \u0158ep\u00edch. Pojedou se kategorie d\u011bt\u00ed &#8211; MINIME + mlad\u0161\u00ed a star\u0161\u00ed \u017e\u00e1ci a \u017e\u00e1kyn\u011b. Zde mrkn\u011bte na propozice: <strong><a href=\"http:\/\/www.moravecteam.cz\/?attachment_id=11577\" rel=\"attachment wp-att-11577\">Propozice-MTB-2018-Praha-\u0158epy<\/a><\/strong><\/p>\n<h5><span style=\"color: #800000;\"><strong>Ned\u011ble\u00a022.4. 2018<\/strong><\/span><\/h5>\n<p style=\"text-align: justify;\">Prvn\u00ed z\u00e1vod \u010cesk\u00e9ho poh\u00e1ru MTB XCO v Praze &#8211; \u0158ep\u00edch. Pojedou se kategorie od kadet\u016f v\u010detn\u011b a star\u0161\u00ed. Zde mrkn\u011bte na propozice <strong><a href=\"http:\/\/www.moravecteam.cz\/?attachment_id=11577\" rel=\"attachment wp-att-11577\">Propozice-MTB-2018-Praha-\u0158epy<\/a><\/strong><\/p>\n<p style=\"text-align: justify;\">\n","protected":false},"excerpt":{"rendered":"<p>\u00dater\u00fd 10.4. 2018 Tr\u00e9nink na silni\u010dn\u00edch kolech s Frantou Pad\u011brou a Martinem Lipensk\u00fdm. Sraz v 16.30 u budovy Z\u00e1kladn\u00ed \u0161koly v Bene\u0161ov\u011b. V p\u0159\u00edpad\u011b pot\u0159eby kontaktujte Franty Pad\u011bry na 605 838 404. St\u0159eda 11.4. 2018 MTB tr\u00e9nink rajdr\u016f MORAVEC Teamu s Milanem Tlamkou (776 108 046).\u00a0 Sraz v 16.30 ve Sportparku Boskovice &#8211; Doubravy\u00a0. \u010ctvrtek &hellip; <a href=\"https:\/\/www.moravecteam.cz\/?p=11564\" class=\"more-link\">Pokra\u010dov\u00e1n\u00ed textu <span class=\"screen-reader-text\">Co se bude d\u00edt? (ST15)<\/span> <span class=\"meta-nav\">&rarr;<\/span><\/a><\/p>\n","protected":false},"author":3,"featured_media":11575,"comment_status":"open","ping_status":"closed","sticky":false,"template":"","format":"standard","meta":[],"categories":[11],"tags":[],"_links":{"self":[{"href":"https:\/\/www.moravecteam.cz\/index.php?rest_route=\/wp\/v2\/posts\/11564"}],"collection":[{"href":"https:\/\/www.moravecteam.cz\/index.php?rest_route=\/wp\/v2\/posts"}],"about":[{"href":"https:\/\/www.moravecteam.cz\/index.php?rest_route=\/wp\/v2\/types\/post"}],"author":[{"embeddable":true,"href":"https:\/\/www.moravecteam.cz\/index.php?rest_route=\/wp\/v2\/users\/3"}],"replies":[{"embeddable":true,"href":"https:\/\/www.moravecteam.cz\/index.php?rest_route=%2Fwp%2Fv2%2Fcomments&post=11564"}],"version-history":[{"count":6,"href":"https:\/\/www.moravecteam.cz\/index.php?rest_route=\/wp\/v2\/posts\/11564\/revisions"}],"predecessor-version":[{"id":11578,"href":"https:\/\/www.moravecteam.cz\/index.php?rest_route=\/wp\/v2\/posts\/11564\/revisions\/11578"}],"wp:featuredmedia":[{"embeddable":true,"href":"https:\/\/www.moravecteam.cz\/index.php?rest_route=\/wp\/v2\/media\/11575"}],"wp:attachment":[{"href":"https:\/\/www.moravecteam.cz\/index.php?rest_route=%2Fwp%2Fv2%2Fmedia&parent=11564"}],"wp:term":[{"taxonomy":"category","embeddable":true,"href":"https:\/\/www.moravecteam.cz\/index.php?rest_route=%2Fwp%2Fv2%2Fcategories&post=11564"},{"taxonomy":"post_tag","embeddable":true,"href":"https:\/\/www.moravecteam.cz\/index.php?rest_route=%2Fwp%2Fv2%2Ftags&post=11564"}],"curies":[{"name":"wp","href":"https:\/\/api.w.org\/{rel}","templated":true}]}}