{"id":1157,"date":"2015-08-06T14:58:21","date_gmt":"2015-08-06T12:58:21","guid":{"rendered":"http:\/\/www.moravecteam.cz\/?p=1157"},"modified":"2015-08-06T15:01:11","modified_gmt":"2015-08-06T13:01:11","slug":"horka-ceka-na-bikery","status":"publish","type":"post","link":"https:\/\/www.moravecteam.cz\/?p=1157","title":{"rendered":"Horka \u010dek\u00e1 na bikery!"},"content":{"rendered":"<p style=\"text-align: justify;\">Z\u00e1vod na nejv\u00fd\u0161e polo\u017een\u00e9 trati v r\u00e1mci MTB seri\u00e1lu o Poh\u00e1r Drahansk\u00e9 vrchoviny je na po\u0159adu u\u017e v ned\u011bli 9. srpna. P\u0159\u00edpravy na presti\u017en\u00ed race jsou v pln\u00e9m proudu a jejich aktu\u00e1ln\u00ed stav je tento: je kompletn\u011b &#8222;vyml\u00edkov\u00e1n&#8220; les + technick\u00e9 pas\u00e1\u017ee v r\u00e1mci d\u011btsk\u00fdch trat\u00ed, kter\u00e9 jsou p\u0159ev\u00e1\u017en\u011b i sou\u010d\u00e1st\u00ed hlavn\u00edho okruhu. Ve zb\u00fdvaj\u00edc\u00edch dnech se bude v\u0161e dola\u010fovat.\u00a0Je t\u0159eba je\u0161t\u011b pokosit n\u00e1jezd do &#8222;Pa\u0159ezov\u00e9 ligy \u010d.3&#8220;, v\u00edce otev\u0159\u00edt pr\u016fjezd &#8222;Dukelsk\u00fdm pr\u016fsmykem&#8220;, doplnit orienta\u010dn\u00ed cedulky i popisy jednotliv\u00fdch kl\u00ed\u010dov\u00fdch m\u00edst na trati.\u00a0Stav p\u0159\u00edprav ale nazna\u010duje, \u017ee v \u010dase ofici\u00e1ln\u00edho tr\u00e9ninku (sobota 8.8.2015\u00a0v 17.00 hodin) bude v\u0161e OK.\u00a0Jen aby n\u00e1s nepotr\u00e1pily na ten den avizovan\u00e9 bou\u0159ky. Pak bychom mohli za\u017e\u00edt jednu z nej\u017ehav\u011bj\u0161\u00edch, ne-li teplotn\u011b nej\u017ehav\u011bj\u0161\u00ed velkou cenu Bene\u0161ova&#8230;<\/p>\n<p style=\"text-align: justify;\">Horka se jede u\u017e po patn\u00e1ct\u00e9 a tak bude mo\u017en\u00e1 na m\u00edst\u011b p\u0159ipomenout si n\u011bkter\u00e1 kl\u00ed\u010dov\u00e1 data se z\u00e1vodem souvisej\u00edc\u00ed:<\/p>\n<ul>\n<li>\n<div style=\"text-align: justify;\">Inici\u00e1torem postaven\u00ed trat\u011b a my\u0161lenky, aby se na Bene\u0161ov\u011b jezdily z\u00e1vody horsk\u00fdch kol byl na po\u010d\u00e1tku tohoto stolet\u00ed Erik \u0158ezn\u00edk.<\/div>\n<\/li>\n<li style=\"text-align: justify;\">Prvn\u00ed trat\u011b v okol\u00ed k\u00f3ty Horka (720 m.n.m.) postavil Milan \u0160af\u00e1\u0159, autory prvn\u00ed modifikace (&#8222;\u00dadol\u00ed smrti&#8220;, &#8222;Pa\u0159ezov\u00e1 liga \u010d.2&#8220;) byli tehdy elitn\u00ed jezdci MORAVCE Petr \u0160vancara s Radkem \u0160\u00ednem a definitivn\u00ed r\u00e1z dal trati v\u00fdjezdy na\u00a0Mal\u00e9 a Velk\u00e9 Macchu Picchu\u00a0Jirka Pecha.<\/li>\n<li style=\"text-align: justify;\">V\u00edt\u011bzi prvn\u00edho ro\u010dn\u00edku (2001) se stali v elitn\u00edch kategoei\u00edch Milan \u0160ustek a Martina N\u011bmcov\u00e1.<\/li>\n<li style=\"text-align: justify;\">V mu\u017e\u00edch vyhr\u00e1l na Bene\u0161ov\u011b nej\u010dast\u011bji skv\u011bl\u00fd cyklokrosa\u0159 Zden\u011bk Mlyn\u00e1\u0159 a v \u017een\u00e1ch m\u00e1 z Horky nejv\u00edce vav\u0159\u00edn\u016f \u0160\u00e1rka Chmurov\u00e1 (oba MaxCursor).<\/li>\n<li style=\"text-align: justify;\">Pro MORAVEC dobyly v\u00edt\u011bzstv\u00ed v elit\u011b mu\u017e\u016f v minulosti Michal \u0160imerle a Radim Kov\u00e1\u0159, v \u017een\u00e1ch pak Eva Zem\u00e1nkov\u00e1. Posledn\u011b jmenovan\u00ed budou v ned\u011bli obhajovat &#8211; a v\u011b\u0159\u00edme, \u017ee \u00fasp\u011b\u0161n\u011b &#8211; svoje lo\u0148sk\u00e1 prvenstv\u00ed.<\/li>\n<\/ul>\n<p style=\"text-align: justify;\">\n","protected":false},"excerpt":{"rendered":"<p>Z\u00e1vod na nejv\u00fd\u0161e polo\u017een\u00e9 trati v r\u00e1mci MTB seri\u00e1lu o Poh\u00e1r Drahansk\u00e9 vrchoviny je na po\u0159adu u\u017e v ned\u011bli 9. srpna. P\u0159\u00edpravy na presti\u017en\u00ed race jsou v pln\u00e9m proudu a jejich aktu\u00e1ln\u00ed stav je tento: je kompletn\u011b &#8222;vyml\u00edkov\u00e1n&#8220; les + technick\u00e9 pas\u00e1\u017ee v r\u00e1mci d\u011btsk\u00fdch trat\u00ed, kter\u00e9 jsou p\u0159ev\u00e1\u017en\u011b i sou\u010d\u00e1st\u00ed hlavn\u00edho okruhu. Ve zb\u00fdvaj\u00edc\u00edch &hellip; <a href=\"https:\/\/www.moravecteam.cz\/?p=1157\" class=\"more-link\">Pokra\u010dov\u00e1n\u00ed textu <span class=\"screen-reader-text\">Horka \u010dek\u00e1 na bikery!<\/span> <span class=\"meta-nav\">&rarr;<\/span><\/a><\/p>\n","protected":false},"author":3,"featured_media":0,"comment_status":"closed","ping_status":"closed","sticky":false,"template":"","format":"standard","meta":[],"categories":[1],"tags":[],"_links":{"self":[{"href":"https:\/\/www.moravecteam.cz\/index.php?rest_route=\/wp\/v2\/posts\/1157"}],"collection":[{"href":"https:\/\/www.moravecteam.cz\/index.php?rest_route=\/wp\/v2\/posts"}],"about":[{"href":"https:\/\/www.moravecteam.cz\/index.php?rest_route=\/wp\/v2\/types\/post"}],"author":[{"embeddable":true,"href":"https:\/\/www.moravecteam.cz\/index.php?rest_route=\/wp\/v2\/users\/3"}],"replies":[{"embeddable":true,"href":"https:\/\/www.moravecteam.cz\/index.php?rest_route=%2Fwp%2Fv2%2Fcomments&post=1157"}],"version-history":[{"count":6,"href":"https:\/\/www.moravecteam.cz\/index.php?rest_route=\/wp\/v2\/posts\/1157\/revisions"}],"predecessor-version":[{"id":1163,"href":"https:\/\/www.moravecteam.cz\/index.php?rest_route=\/wp\/v2\/posts\/1157\/revisions\/1163"}],"wp:attachment":[{"href":"https:\/\/www.moravecteam.cz\/index.php?rest_route=%2Fwp%2Fv2%2Fmedia&parent=1157"}],"wp:term":[{"taxonomy":"category","embeddable":true,"href":"https:\/\/www.moravecteam.cz\/index.php?rest_route=%2Fwp%2Fv2%2Fcategories&post=1157"},{"taxonomy":"post_tag","embeddable":true,"href":"https:\/\/www.moravecteam.cz\/index.php?rest_route=%2Fwp%2Fv2%2Ftags&post=1157"}],"curies":[{"name":"wp","href":"https:\/\/api.w.org\/{rel}","templated":true}]}}