{"id":11579,"date":"2018-04-15T18:19:10","date_gmt":"2018-04-15T16:19:10","guid":{"rendered":"http:\/\/www.moravecteam.cz\/?p=11579"},"modified":"2018-04-15T18:19:10","modified_gmt":"2018-04-15T16:19:10","slug":"ostra-priprava-vrcholi","status":"publish","type":"post","link":"https:\/\/www.moravecteam.cz\/?p=11579","title":{"rendered":"Ostr\u00e1 p\u0159\u00edprava vrchol\u00ed!"},"content":{"rendered":"<p style=\"text-align: justify;\"><span style=\"color: #800000;\"><strong>Dal\u0161\u00ed ostrou z\u00e1vodn\u00ed p\u0159\u00edpravou p\u0159ed zah\u00e1jen\u00edm n\u00e1rodn\u00edho poh\u00e1ru horsk\u00fdch kol byl p\u0159edminulou ned\u011bli silni\u010dn\u00ed poh\u00e1r ml\u00e1de\u017ee a \u017een\u00a0na tradi\u010dn\u00ed moravsk\u00e9 trati &#8211; ve Zbraslavi u Brna. Do boj\u016f na\u00a0 trati, jej\u00ed\u017e dominantou je ob\u00e1van\u00e9 stoup\u00e1n\u00ed a jej\u00ed\u017e n\u00e1ro\u010dnost umocnil nep\u0159\u00edjemn\u00fd, siln\u00fd v\u00edtr zas\u00e1hlo tentokr\u00e1t hned p\u011bt borc\u016f a borek z MORAVEC Teamu.<\/strong><\/span><\/p>\n<figure id=\"attachment_11586\" aria-describedby=\"caption-attachment-11586\" style=\"width: 1319px\" class=\"wp-caption alignnone\"><a href=\"http:\/\/www.moravecteam.cz\/?attachment_id=11586\" rel=\"attachment wp-att-11586\"><img decoding=\"async\" loading=\"lazy\" class=\" wp-image-11586\" alt=\"DSC_0003\" src=\"http:\/\/www.moravecteam.cz\/wp-content\/uploads\/2018\/04\/DSC_0003.jpg\" width=\"1319\" height=\"838\" srcset=\"https:\/\/www.moravecteam.cz\/wp-content\/uploads\/2018\/04\/DSC_0003.jpg 1319w, https:\/\/www.moravecteam.cz\/wp-content\/uploads\/2018\/04\/DSC_0003-300x190.jpg 300w, https:\/\/www.moravecteam.cz\/wp-content\/uploads\/2018\/04\/DSC_0003-1024x650.jpg 1024w\" sizes=\"(max-width: 1319px) 100vw, 1319px\" \/><\/a><figcaption id=\"caption-attachment-11586\" class=\"wp-caption-text\">Eli\u0161ka Han\u00e1kov\u00e1 ve Zbraslavi &#8222;tvrdila silni\u010d\u00e1\u0159skou muziku&#8220; velice sympaticky!<\/figcaption><\/figure>\n<p style=\"text-align: justify;\">\u017d\u00e1kyn\u011b maj\u00ed v r\u00e1mci silni\u010dn\u00edho \u010cesk\u00e9ho poh\u00e1ru vyps\u00e1nu jednu spole\u010dnou kategorii a tak jsme byli ve Zbraslavi sv\u011bdky vz\u00e1jemn\u00e9ho souboje dvou na\u0161ich \u0161ikovn\u00fdch bikerek a z\u00e1rove\u0148 sester, <span style=\"color: #800000;\"><strong>Eli\u0161ky a Ani\u010dky Han\u00e1kov\u00fdch<\/strong><\/span>. Eli\u0161ka se po zdol\u00e1n\u00ed t\u0159\u00ed okruh\u016f o celkov\u00e9 dictanci 16,5 km mohla t\u011b\u0161it v konkurenci 33 d\u011bv\u010dat ze solidn\u00edho 16. m\u00edsta, kdy\u017e jej\u00ed ztr\u00e1ta na v\u00edt\u011bzku \u010d\u00edtala\u00a0 pouze necel\u00e9 t\u0159i minuty. Stejn\u011b dob\u0159e si vedla i jej\u00ed\u00a0 \u00a0mlad\u0161\u00ed sestra,\u00a0 kter\u00e1 za n\u00ed o mnoho nezaostala, ale z nezn\u00e1m\u00fdch d\u016fvod\u016f, z\u0159ejm\u011b d\u00edky\u00a0 chyb\u011b po\u0159adatel\u016f p\u0159i zpracov\u00e1n\u00ed v\u00fdsledn\u00fdch \u010das\u016f, nen\u00ed jej\u00ed um\u00edst\u011bn\u00ed , bohu\u017eel, zaznanen\u00e1no.<\/p>\n<figure id=\"attachment_11587\" aria-describedby=\"caption-attachment-11587\" style=\"width: 1561px\" class=\"wp-caption alignnone\"><a href=\"http:\/\/www.moravecteam.cz\/?attachment_id=11587\" rel=\"attachment wp-att-11587\"><img decoding=\"async\" loading=\"lazy\" class=\" wp-image-11587\" alt=\"DSC_0005\" src=\"http:\/\/www.moravecteam.cz\/wp-content\/uploads\/2018\/04\/DSC_0005.jpg\" width=\"1561\" height=\"1334\" srcset=\"https:\/\/www.moravecteam.cz\/wp-content\/uploads\/2018\/04\/DSC_0005.jpg 1561w, https:\/\/www.moravecteam.cz\/wp-content\/uploads\/2018\/04\/DSC_0005-300x256.jpg 300w, https:\/\/www.moravecteam.cz\/wp-content\/uploads\/2018\/04\/DSC_0005-1024x875.jpg 1024w\" sizes=\"(max-width: 1561px) 100vw, 1561px\" \/><\/a><figcaption id=\"caption-attachment-11587\" class=\"wp-caption-text\">Ani\u010dka Han\u00e1kov\u00e1 sv\u00fdm v\u00fdkonem potvrdila, \u017ee jej\u00ed v\u00fdborn\u00fd v\u00fdsledek z Hlohovce nebyl n\u00e1hodou!<\/figcaption><\/figure>\n<p style=\"text-align: justify;\">Ve sm\u010dce 83 (!) star\u0161\u00edch \u017e\u00e1k\u016f (odkrou\u017eili 7 okruh\u016fa najeli celkem 33 km) za\u017e\u00edval svoji premi\u00e9ru v t\u00e9to kategorii <span style=\"color: #800000;\"><strong>Roman \u0160indel\u00e1\u0159<\/strong><\/span>, kter\u00fd st\u00edhal v z\u00e1vod\u011b pln\u00fd po\u010det kol a byl se zm\u011b\u0159en\u00fdm \u010dasem klasifikov\u00e1n na 74. m\u00edst\u011b. Poctiv\u00fd v\u00fdkon odvedl i Roman\u016fv star\u0161\u00ed br\u00e1cha, <span style=\"color: #800000;\"><strong>Honza &#8222;D\u017eony&#8220; \u0160indel\u00e1\u0159<\/strong><\/span>. V z\u00e1vod\u011b, jeho\u017e suver\u00e9nem byl Pavel Bitner (Mapei Merida Ka\u0148kovsk\u00fd), se a\u017e do posledn\u00edho kola pohyboval na trati 55 km (11 kol) v &#8222;horn\u00edch patrech&#8220; \u0161estapades\u00e1tihlav\u00e9ho startovn\u00edho pole kadet\u016f a v c\u00edli z toho bylo pro &#8222;Johnyho&#8220; ur\u010dit\u011b\u00a0 cenn\u00e9, 23. m\u00edsto.<\/p>\n<figure id=\"attachment_11588\" aria-describedby=\"caption-attachment-11588\" style=\"width: 1259px\" class=\"wp-caption alignnone\"><a href=\"http:\/\/www.moravecteam.cz\/?attachment_id=11588\" rel=\"attachment wp-att-11588\"><img decoding=\"async\" loading=\"lazy\" class=\" wp-image-11588\" alt=\"DSC_0013\" src=\"http:\/\/www.moravecteam.cz\/wp-content\/uploads\/2018\/04\/DSC_0013.jpg\" width=\"1259\" height=\"1436\" srcset=\"https:\/\/www.moravecteam.cz\/wp-content\/uploads\/2018\/04\/DSC_0013.jpg 1259w, https:\/\/www.moravecteam.cz\/wp-content\/uploads\/2018\/04\/DSC_0013-263x300.jpg 263w, https:\/\/www.moravecteam.cz\/wp-content\/uploads\/2018\/04\/DSC_0013-897x1024.jpg 897w\" sizes=\"(max-width: 1259px) 100vw, 1259px\" \/><\/a><figcaption id=\"caption-attachment-11588\" class=\"wp-caption-text\">Silni\u010dn\u00ed premi\u00e9ru mezi star\u0161\u00edmi \u017e\u00e1ky m\u00e1 za sebou po Zbraslavi Roman \u0160indel\u00e1\u0159.<\/figcaption><\/figure>\n<p style=\"text-align: justify;\">Druhoro\u010d\u00e1kem juniorem je letos i <strong><span style=\"color: #800000;\">Tom\u00e1\u0161 Dou\u0161ek<\/span> <\/strong>a ani on nevynechal p\u0159\u00edle\u017eitost doladit z\u00e1vodn\u00ed formu p\u0159ed prvn\u00edm bikov\u00fdm poh\u00e1rem\u00a0 na silnic\u00edch v okol\u00ed Zbraslavi. V siln\u00e9 konkurenci tentokr\u00e1t v\u00edce jak \u0161edes\u00e1ti soupe\u0159\u016f nezajel sice pln\u00fd po\u010det ze 17 ( vypsan\u00fdch okruh\u016f (93,5 km), ale za sv\u016fj v\u00fdkon se ur\u010dit\u011b styd\u011bt nemus\u00ed. V\u00fdsledky na\u0161ich ve Zbraslavi nejsou &#8211; vzhledem ke skute\u010dnosti, \u017ee se jednalo rize o p\u0159\u00edpravn\u00fd z\u00e1vod &#8211;\u00a0 a\u017e zas tak podstatn\u00e9. D\u016fle\u017eit\u011bj\u0161\u00ed ur\u010dit\u011b je prost\u0159ednictv\u00edm &#8222;race&#8220; tohoto typu\u00a0 zodpov\u011bdn\u011b &#8222;doladit&#8220; formu na prvn\u00ed &#8222;poh\u00e1r&#8220; v na\u0161\u00ed hlavn\u00ed disciplin\u011b, kter\u00fd pohost\u00ed u\u017e brzy na\u0161e hlavn\u00ed m\u011bsto. A z tohoto pohledu splnila ur\u010dit\u011b Zbraslav na\u0161im rajdr\u016fm\u00a0 \u00fa\u010del. Zde mrkn\u011bte na <strong><a href=\"http:\/\/moravecteam.rajce.idnes.cz\/2018.04.08_CP_silnice_Zbraslav\/\">fotogalerii<\/a><\/strong>\u00a0Karla V\u0161etuly\u00a0 a zde si odkontrolujte <strong><a href=\"http:\/\/www.ceskysvazcyklistiky.cz\/clanek\/5995_prvni-dil-kalas-cupu-pro-mladez-a-zeny-zna-viteze\">kompletn\u00ed v\u00fdsledky<\/a>.<\/strong><\/p>\n<figure id=\"attachment_11589\" aria-describedby=\"caption-attachment-11589\" style=\"width: 942px\" class=\"wp-caption alignnone\"><a href=\"http:\/\/www.moravecteam.cz\/?attachment_id=11589\" rel=\"attachment wp-att-11589\"><img decoding=\"async\" loading=\"lazy\" class=\" wp-image-11589\" alt=\"DSCN3505\" src=\"http:\/\/www.moravecteam.cz\/wp-content\/uploads\/2018\/04\/DSCN3505.jpg\" width=\"942\" height=\"831\" srcset=\"https:\/\/www.moravecteam.cz\/wp-content\/uploads\/2018\/04\/DSCN3505.jpg 942w, https:\/\/www.moravecteam.cz\/wp-content\/uploads\/2018\/04\/DSCN3505-300x264.jpg 300w\" sizes=\"(max-width: 942px) 100vw, 942px\" \/><\/a><figcaption id=\"caption-attachment-11589\" class=\"wp-caption-text\">Honza \u0160indel\u00e1\u0159 (vpravo) se po celou dobu z\u00e1vodu pohyboval v kontaktu s \u010delem pelotonu.<\/figcaption><\/figure>\n<p style=\"text-align: justify;\">\n","protected":false},"excerpt":{"rendered":"<p>Dal\u0161\u00ed ostrou z\u00e1vodn\u00ed p\u0159\u00edpravou p\u0159ed zah\u00e1jen\u00edm n\u00e1rodn\u00edho poh\u00e1ru horsk\u00fdch kol byl p\u0159edminulou ned\u011bli silni\u010dn\u00ed poh\u00e1r ml\u00e1de\u017ee a \u017een\u00a0na tradi\u010dn\u00ed moravsk\u00e9 trati &#8211; ve Zbraslavi u Brna. Do boj\u016f na\u00a0 trati, jej\u00ed\u017e dominantou je ob\u00e1van\u00e9 stoup\u00e1n\u00ed a jej\u00ed\u017e n\u00e1ro\u010dnost umocnil nep\u0159\u00edjemn\u00fd, siln\u00fd v\u00edtr zas\u00e1hlo tentokr\u00e1t hned p\u011bt borc\u016f a borek z MORAVEC Teamu. \u017d\u00e1kyn\u011b maj\u00ed v &hellip; <a href=\"https:\/\/www.moravecteam.cz\/?p=11579\" class=\"more-link\">Pokra\u010dov\u00e1n\u00ed textu <span class=\"screen-reader-text\">Ostr\u00e1 p\u0159\u00edprava vrchol\u00ed!<\/span> <span class=\"meta-nav\">&rarr;<\/span><\/a><\/p>\n","protected":false},"author":3,"featured_media":11584,"comment_status":"open","ping_status":"closed","sticky":false,"template":"","format":"standard","meta":[],"categories":[1],"tags":[],"_links":{"self":[{"href":"https:\/\/www.moravecteam.cz\/index.php?rest_route=\/wp\/v2\/posts\/11579"}],"collection":[{"href":"https:\/\/www.moravecteam.cz\/index.php?rest_route=\/wp\/v2\/posts"}],"about":[{"href":"https:\/\/www.moravecteam.cz\/index.php?rest_route=\/wp\/v2\/types\/post"}],"author":[{"embeddable":true,"href":"https:\/\/www.moravecteam.cz\/index.php?rest_route=\/wp\/v2\/users\/3"}],"replies":[{"embeddable":true,"href":"https:\/\/www.moravecteam.cz\/index.php?rest_route=%2Fwp%2Fv2%2Fcomments&post=11579"}],"version-history":[{"count":7,"href":"https:\/\/www.moravecteam.cz\/index.php?rest_route=\/wp\/v2\/posts\/11579\/revisions"}],"predecessor-version":[{"id":11591,"href":"https:\/\/www.moravecteam.cz\/index.php?rest_route=\/wp\/v2\/posts\/11579\/revisions\/11591"}],"wp:featuredmedia":[{"embeddable":true,"href":"https:\/\/www.moravecteam.cz\/index.php?rest_route=\/wp\/v2\/media\/11584"}],"wp:attachment":[{"href":"https:\/\/www.moravecteam.cz\/index.php?rest_route=%2Fwp%2Fv2%2Fmedia&parent=11579"}],"wp:term":[{"taxonomy":"category","embeddable":true,"href":"https:\/\/www.moravecteam.cz\/index.php?rest_route=%2Fwp%2Fv2%2Fcategories&post=11579"},{"taxonomy":"post_tag","embeddable":true,"href":"https:\/\/www.moravecteam.cz\/index.php?rest_route=%2Fwp%2Fv2%2Ftags&post=11579"}],"curies":[{"name":"wp","href":"https:\/\/api.w.org\/{rel}","templated":true}]}}