{"id":11593,"date":"2018-04-15T22:50:28","date_gmt":"2018-04-15T20:50:28","guid":{"rendered":"http:\/\/www.moravecteam.cz\/?p=11593"},"modified":"2018-04-16T22:43:18","modified_gmt":"2018-04-16T20:43:18","slug":"hradec-pula-praha","status":"publish","type":"post","link":"https:\/\/www.moravecteam.cz\/?p=11593","title":{"rendered":"Hradec, Pula, Praha,&#8230;-2"},"content":{"rendered":"<p style=\"text-align: justify;\"><strong><span style=\"color: #800000;\">Bl\u00ed\u017e\u00edc\u00ed se start 1. \u010cesk\u00e9 MTB ligy &#8211; tj. \u010cesk\u00e9ho poh\u00e1ru horsk\u00fdch kol, kter\u00fd pomysln\u011b vyraz\u00ed vp\u0159ed, na sv\u016fj \u0161estikolov\u00fd z\u00e1vod\u00a0 o v\u00edkendu 21. &#8211; 22. dubna v Praze &#8211; \u0158ep\u00edch , je ve znamen\u00ed aktivity biker\u016f, kte\u0159\u00ed vyu\u017e\u00edvaj\u00ed ji\u017e v tomto obdob\u00ed po\u0159\u00e1dan\u00e9 cyklistick\u00e9 z\u00e1vody k ov\u011b\u0159en\u00ed aktu\u00e1ln\u00edho stavu sv\u00e9 p\u0159ipravenosti. Dob\u0159e rajdr\u016fm poslou\u017eily o p\u0159edminul\u00e9m v\u00edkendu z\u00e1vody v Pule a v Praze, o minul\u00e9m v\u00edkendu hostil rajdry zase t\u0159eba Hradec Kr\u00e1lov\u00e9 \u010di Moravsk\u00e1 T\u0159ebov\u00e1&#8230; Na v\u0161ech t\u011bchto\u00a0 destinac\u00edch byli MORAVCI ost\u0159e v akci&#8230;<\/span><\/strong><\/p>\n<figure id=\"attachment_11600\" aria-describedby=\"caption-attachment-11600\" style=\"width: 563px\" class=\"wp-caption alignnone\"><a href=\"http:\/\/www.moravecteam.cz\/?attachment_id=11600\" rel=\"attachment wp-att-11600\"><img decoding=\"async\" loading=\"lazy\" class=\" wp-image-11600\" alt=\"30715522_1125440090943233_2658134368773472256_n\" src=\"http:\/\/www.moravecteam.cz\/wp-content\/uploads\/2018\/04\/30715522_1125440090943233_2658134368773472256_n.jpg\" width=\"563\" height=\"497\" srcset=\"https:\/\/www.moravecteam.cz\/wp-content\/uploads\/2018\/04\/30715522_1125440090943233_2658134368773472256_n.jpg 563w, https:\/\/www.moravecteam.cz\/wp-content\/uploads\/2018\/04\/30715522_1125440090943233_2658134368773472256_n-300x264.jpg 300w\" sizes=\"(max-width: 563px) 100vw, 563px\" \/><\/a><figcaption id=\"caption-attachment-11600\" class=\"wp-caption-text\">Jon\u00e1\u0161ek Janovsk\u00fd spou s Leonkou Eclerovou byli prvn\u00ed, kdo v odd\u00edlov\u00e9m dresu vzor 2018 vybojovali medaili! A pevn\u011b v\u011b\u0159\u00edme, \u017ee nebudou ani posledn\u00edmi&#8230;<\/figcaption><\/figure>\n<h5><span style=\"color: #800000;\"><strong>Silni\u010dn\u00ed \u010dasovka do vrchu Moravsk\u00e1 T\u0159ebov\u00e1 &#8211; K\u0159enov<\/strong><\/span><\/h5>\n<p style=\"text-align: justify;\">U\u017e v Langenlois<strong><span style=\"color: #800000;\"> Petr \u0160ich<\/span><\/strong> nazna\u010dil, \u017ee leto\u0161n\u00ed sez\u00f3na se r\u00fdsuje pro n\u011bho ve velmi dobr\u00fdch kontur\u00e1ch&#8230; Tuto skute\u010dnost potvrdil suver\u00e9nn\u00edm v\u00edt\u011bzstv\u00edm ve sv\u00e9 kategorii minulou ned\u011bli v silni\u010dn\u00ed \u010dasovce do vrchu na dev\u00edtiilometrov\u00e9 trati Moravsk\u00e1 T\u0159ebov\u00e1 &#8211; K\u0159enov. V absolutn\u00edm po\u0159ad\u00ed 68 z\u00e1vodn\u00edk\u016f m\u011bl Petr 15. nejlep\u0161\u00ed \u010das. Z\u00e1vod byl o to t\u011b\u017e\u0161\u00ed, \u017ee prakticky po celou tra\u0165 foukal z\u00e1vodn\u00edk\u016fm protiv\u00edtr&#8230; Bravo MORAVEC! Blahop\u017eejeme Pa\u0165o a d\u00edky za vzorn\u00e9 repre odd\u00edlu!<\/p>\n<figure id=\"attachment_11648\" aria-describedby=\"caption-attachment-11648\" style=\"width: 470px\" class=\"wp-caption alignnone\"><a href=\"http:\/\/www.moravecteam.cz\/?attachment_id=11648\" rel=\"attachment wp-att-11648\"><img decoding=\"async\" loading=\"lazy\" class=\"size-full wp-image-11648\" alt=\"sta\u017een\u00fd soubor (1)\" src=\"http:\/\/www.moravecteam.cz\/wp-content\/uploads\/2018\/04\/sta\u017een\u00fd-soubor-1.jpg\" width=\"470\" height=\"338\" srcset=\"https:\/\/www.moravecteam.cz\/wp-content\/uploads\/2018\/04\/sta\u017een\u00fd-soubor-1.jpg 470w, https:\/\/www.moravecteam.cz\/wp-content\/uploads\/2018\/04\/sta\u017een\u00fd-soubor-1-300x215.jpg 300w\" sizes=\"(max-width: 470px) 100vw, 470px\" \/><\/a><figcaption id=\"caption-attachment-11648\" class=\"wp-caption-text\">Spokojen\u00fd Petr \u0160ich po v\u00edt\u011bzn\u00e9m z\u00e1vod\u011b s \u010d\u00e1st\u00ed rodinn\u00e9ho podp\u016frn\u00e9ho t\u00fdmu.<\/figcaption><\/figure>\n<p><strong style=\"font-size: 18px; text-align: justify;\"><span style=\"color: #800000;\">MTB Mitas Nova Cup &#8211; Hradec Kr\u00e1lov\u00e9 14.4. 2018\u00a0<\/span><\/strong><\/p>\n<p style=\"text-align: justify;\">Minulou sobotu se jel v Hradci Kr\u00e1lov\u00e9 z\u00e1vod s\u00e9rie Nova Cup a zbrusu nov\u00e9 dresy MORAVEC Teamu, vzor 2018 byly &#8211; d\u00edky agyln\u00edm sourozenc\u016fm, Barunce a Jon\u00e1\u0161ovi Janovsk\u00fdch, Leonce a Filipu Eclerov\u00fdch a Luk\u00e1\u0161i Sedl\u00e1kov\u00ed &#8211;\u00a0 &#8222;ost\u0159e&#8220; p\u0159i tom. A nejen to! Pr\u00e1v\u011b <span style=\"color: #800000;\"><strong>Leonka Eclerov\u00e1<\/strong><\/span> a\u00a0<strong><span style=\"color: #800000;\">Jon\u00e1\u0161ek Janovsk\u00fd<\/span><\/strong> &#8222;pok\u0159tili&#8220; n\u00e1\u0161 leto\u0161n\u00ed &#8222;parcovn\u00ed od\u011bv&#8220; i medailov\u011b, kdy\u017e v kategoriich chlapc\u016f a d\u00edvek do 5-ti let vybojovali zlato (Leonka) a\u00a0 st\u0159\u00edbro (&#8222;Jony&#8220;)! V Hradci si v\u00fdborn\u011b vedli i <span style=\"color: #800000;\"><strong>Luk\u00e1\u0161 Sedl\u00e1k,<\/strong><\/span> kter\u00fd fini\u0161oval v z\u00e1vod\u011b star\u0161\u00edch \u017e\u00e1k\u016f v &#8222;Nova j\u00edzd\u011b&#8220;\u00a0 na 5. m\u00edst\u011b a i &#8222;Jonyho&#8220; star\u0161\u00ed\u00a0 sestra <strong><span style=\"color: #800000;\">Barunka Janovsk\u00e1<\/span><\/strong>, kter\u00e1 dojela v kategorii d\u00edvek 11-12 let na 6. m\u00edst\u011b a potvrdila, \u017ee jej\u00ed v\u00fdborn\u00fd ned\u00e1vn\u00fd v\u00fdsledek z Rakousk\u00e9ho Langenlois nebyl v\u016fbec n\u00e1hodou&#8230; Stejn\u00e9ho v\u00fdsledku (6. m\u00edsto) dos\u00e1hl v kategorii chlapc\u016f 8-9 let i dal\u0161\u00ed n\u00e1\u0161 osv\u011bd\u010den\u00fd reprezentant, \u0161ikovn\u00fd <span style=\"color: #800000;\"><strong>Filip Ecler<\/strong><\/span>. Bravo MORAVEC! Blahop\u0159ejeme a d\u00edky za vzorn\u00e9 repre odd\u00edlu! Zde si odkontrolujte <strong><a href=\"http:\/\/www.novacup.cz\/vysledky-mitas-hradec-kralove\/\">na\u0161e okulib\u00e9 v\u00fdsledky&#8230;<\/a><\/strong><\/p>\n<figure id=\"attachment_11599\" aria-describedby=\"caption-attachment-11599\" style=\"width: 458px\" class=\"wp-caption alignnone\"><a href=\"http:\/\/www.moravecteam.cz\/?attachment_id=11599\" rel=\"attachment wp-att-11599\"><img decoding=\"async\" loading=\"lazy\" class=\"size-full wp-image-11599\" alt=\"30713976_1125440050943237_7459116011300585472_n\" src=\"http:\/\/www.moravecteam.cz\/wp-content\/uploads\/2018\/04\/30713976_1125440050943237_7459116011300585472_n.jpg\" width=\"458\" height=\"465\" srcset=\"https:\/\/www.moravecteam.cz\/wp-content\/uploads\/2018\/04\/30713976_1125440050943237_7459116011300585472_n.jpg 458w, https:\/\/www.moravecteam.cz\/wp-content\/uploads\/2018\/04\/30713976_1125440050943237_7459116011300585472_n-25x25.jpg 25w, https:\/\/www.moravecteam.cz\/wp-content\/uploads\/2018\/04\/30713976_1125440050943237_7459116011300585472_n-295x300.jpg 295w\" sizes=\"(max-width: 458px) 100vw, 458px\" \/><\/a><figcaption id=\"caption-attachment-11599\" class=\"wp-caption-text\">Soust\u0159ed\u011bn\u00e1 Bar\u010da Janovsk\u00e1 na startu z\u00e1vodu, ve kter\u00e9m vybojovala cenn\u00e9 6. m\u00edsto!<\/figcaption><\/figure>\n<h5 style=\"text-align: justify;\"><span style=\"color: #800000;\">MTB Pula &#8211; Chorvatsko 7. &#8211; 8.4. 2018<\/span><\/h5>\n<p style=\"text-align: justify;\">Kvalitn\u00ed MTB z\u00e1vody u na\u0161ich balk\u00e1nsk\u00fdch soused\u016f balah\u00e9 pam\u011bti objevil pro \u010cesko severomoravsk\u00fd team MaxCursor a MORAVEC Team na nich letos zdatn\u011b reprezentovala rodinn\u00e1 dvojice t\u00e1ta a syn \u0160t\u011bpanikov\u00fdch. V sobotu 7. dubna se jelo v n\u00e1m dob\u0159e z leto\u0161ka zn\u00e1m\u00e9 Pule klasick\u00e9 MTB XCO na trati, kterou t\u00e1ta \u0160t\u011bpan\u00edk charakterizoval jedin\u00fdm slovem: kamenolom&#8230; Z\u00e1vod C1, ve kter\u00e9m se se\u0161la h\u00f3\u00f3\u00f3dn\u011b siln\u00e1 sv\u011btov\u00e1 \u0161pi\u010dka, ovl\u00e1dl v\u00fdborn\u00fd Ital Luca Braidot, kdy\u017e n\u00e1\u0161 <span style=\"color: #800000;\"><strong>Jirka \u0160t\u011bpan\u00edk ml.<\/strong><\/span> byl klasifikov\u00e1n na 81. m\u00edst\u011b. <strong><a href=\"http:\/\/www.uci.ch\/mountain-bike\/results\/\">Zde si odkontrolujte v\u00fdsledky<\/a>.<\/strong><\/p>\n<figure id=\"attachment_11601\" aria-describedby=\"caption-attachment-11601\" style=\"width: 557px\" class=\"wp-caption alignnone\"><a href=\"http:\/\/www.moravecteam.cz\/?attachment_id=11601\" rel=\"attachment wp-att-11601\"><img decoding=\"async\" loading=\"lazy\" class=\" wp-image-11601\" alt=\"30412499_2515427652016563_6957935457191591936_n\" src=\"http:\/\/www.moravecteam.cz\/wp-content\/uploads\/2018\/04\/30412499_2515427652016563_6957935457191591936_n.jpg\" width=\"557\" height=\"431\" srcset=\"https:\/\/www.moravecteam.cz\/wp-content\/uploads\/2018\/04\/30412499_2515427652016563_6957935457191591936_n.jpg 557w, https:\/\/www.moravecteam.cz\/wp-content\/uploads\/2018\/04\/30412499_2515427652016563_6957935457191591936_n-300x232.jpg 300w\" sizes=\"(max-width: 557px) 100vw, 557px\" \/><\/a><figcaption id=\"caption-attachment-11601\" class=\"wp-caption-text\">Ne jenom ve Valchov\u011b maj\u00ed &#8222;Kamenjak&#8220;..taky v Chorvatsku&#8230; Na tomto z\u00e1vod\u011b byl ost\u0159e v akci n\u00e1\u0161 pro leto\u0161ek jedin\u00fd &#8222;Eli\u0165\u00e1k&#8220; &#8211; Jirka \u0160t\u011bpan\u00edk ml.<\/figcaption><\/figure>\n<p style=\"text-align: justify;\">O den pozd\u011bji se &#8222;mlad\u00fd&#8220; Jura postavil &#8211; tentokr\u00e1t i s t\u00e1tou &#8222;Jurou&#8220; &#8211; na start MTB maratonu, jeho\u017e povaha trat\u011b byla hodn\u011b analogick\u00e1 z &#8222;kamenolomovitou&#8220; trat\u00ed z XCO z\u00e1vodu. Mlad\u0161\u00ed Jirka nakonec z\u00e1vod nedokon\u010dil, star\u0161\u00ed<strong><span style=\"color: #800000;\"> Jirka \u0160t\u011bpan\u00edk<\/span><\/strong> byl ve sv\u00e9 veter\u00e1nsk\u00e9 kategorii klasifikov\u00e1n na 42. m\u00edst\u011b. Dobr\u00e1 stopa MORAVCE v Chorvatsku&#8230; <strong><a href=\"https:\/\/drive.google.com\/file\/d\/1Nzyig0dUOL-qBHnxNe6UsxdasduNqFlx\/view\">Zde si op\u011bt odkontrolujte v\u00fdsledky<\/a><\/strong> z ned\u011bln\u00edho maratonu&#8230;<\/p>\n<dl class=\"wp-caption alignnone\" id=\"attachment_11602\" style=\"width: 545px;\">\n<dt class=\"wp-caption-dt\" style=\"display: inline !important;\"><a href=\"http:\/\/www.moravecteam.cz\/?attachment_id=11602\" rel=\"attachment wp-att-11602\"><img decoding=\"async\" loading=\"lazy\" class=\" wp-image-11602\" alt=\"30441560_2515439115348750_4953731415674978304_n\" src=\"http:\/\/www.moravecteam.cz\/wp-content\/uploads\/2018\/04\/30441560_2515439115348750_4953731415674978304_n.jpg\" width=\"535\" height=\"515\" srcset=\"https:\/\/www.moravecteam.cz\/wp-content\/uploads\/2018\/04\/30441560_2515439115348750_4953731415674978304_n.jpg 535w, https:\/\/www.moravecteam.cz\/wp-content\/uploads\/2018\/04\/30441560_2515439115348750_4953731415674978304_n-25x25.jpg 25w, https:\/\/www.moravecteam.cz\/wp-content\/uploads\/2018\/04\/30441560_2515439115348750_4953731415674978304_n-300x288.jpg 300w\" sizes=\"(max-width: 535px) 100vw, 535px\" \/><\/a><\/dt>\n<\/dl>\n<dl class=\"wp-caption alignnone\" id=\"attachment_11602\" style=\"width: 545px;\">\n<dd class=\"wp-caption-dd\">Jirka \u0160t\u011bpan\u00edk st., tak jak ho zn\u00e1me: i v Chorvatsk\u00e9 Pule dr\u017eel na MTB maratonu konkurenci &#8222;v \u0161achu&#8220;..!<\/dd>\n<\/dl>\n<h5 style=\"text-align: justify;\"><strong><span style=\"color: #800000;\">MTB Pra\u017esk\u00fd poh\u00e1r 7.4. 2018<\/span><\/strong><\/h5>\n<p style=\"text-align: justify;\">Zat\u00edm, co MTB Superior Poh\u00e1r Drahansk\u00e9 vrchoviny odstartuje prvn\u00edm z\u00e1vodem &#8222;a\u017e&#8220; 19. kv\u011btna v Bene\u0161ov\u011b, Pra\u017esk\u00fd MTB poh\u00e1r m\u00e1 po p\u0159edminul\u00e9m v\u00edkendu za sebou u\u017e druh\u00fd z\u00e1vod. Sledujeme ho, protu\u017ee jsou v n\u011bm &#8211; a\u0165 u\u017e p\u0159\u00edmo \u010di nep\u0159\u00edmo &#8211; ak\u010dn\u00ed dva na\u0161i odchovanci. Nep\u0159\u00edmo Ad\u00e9la \u0160af\u00e1\u0159ov\u00e1, kter\u00e1 toho \u010dasu ze zdravotn\u00edch d\u016fvod\u016f zat\u00edm do boj\u016f nezasahuje a p\u0159\u00edmo <span style=\"color: #800000;\"><strong>Tom\u00e1\u0161 Tlamka &#8222;Contador&#8220;<\/strong><\/span>, kter\u00fd i na podruh\u00e9, na zbrusu nov\u00e9 trati v Praze &#8211; Jene\u010di nedal v kategorii kadet\u016f sv\u00fdm soupe\u0159\u016fm \u0161anci a i podruh\u00e9 z\u00e1vod t\u00e9to kategorie s p\u0159ehledem ovl\u00e1dnul!<\/p>\n<figure id=\"attachment_11606\" aria-describedby=\"caption-attachment-11606\" style=\"width: 3456px\" class=\"wp-caption alignnone\"><a href=\"http:\/\/www.moravecteam.cz\/?attachment_id=11606\" rel=\"attachment wp-att-11606\"><img decoding=\"async\" loading=\"lazy\" class=\" wp-image-11606\" alt=\"IMG_0490\" src=\"http:\/\/www.moravecteam.cz\/wp-content\/uploads\/2018\/04\/IMG_0490.jpg\" width=\"3456\" height=\"3886\" srcset=\"https:\/\/www.moravecteam.cz\/wp-content\/uploads\/2018\/04\/IMG_0490.jpg 3456w, https:\/\/www.moravecteam.cz\/wp-content\/uploads\/2018\/04\/IMG_0490-266x300.jpg 266w, https:\/\/www.moravecteam.cz\/wp-content\/uploads\/2018\/04\/IMG_0490-910x1024.jpg 910w\" sizes=\"(max-width: 3456px) 100vw, 3456px\" \/><\/a><figcaption id=\"caption-attachment-11606\" class=\"wp-caption-text\">Dosavadn\u00edm TOP kadetem v Pra\u017esk\u00e9m MTB poh\u00e1ru je n\u00e1\u0161 odchovanec, Tom\u00e1\u0161 Tlamka &#8222;Contador&#8220;.<\/figcaption><\/figure>\n<p style=\"text-align: justify;\">\u017de vede i pr\u016fb\u011b\u017en\u00e9 po\u0159ad\u00ed seri\u00e1lu, nemus\u00edm zd\u016fraz\u0148ovat, zm\u00ednit se ale chci o hv\u011bzdn\u00e9m obsazen\u00ed kategorie mu\u017e\u016f ELITE v tomto z\u00e1vod\u011b,\u00a0 kdy \u010cesk\u00e1 &#8222;jedni\u010dka&#8220; Jaroslav Kulhav\u00fd, svedla vz\u00e1cn\u011b vyrovnan\u00fd v\u00edt\u011bzn\u00fd souboj s \u010deskou toho \u010dasu\u00a0 &#8222;dvojkou&#8220; &#8211; Honzou \u0160karnitzlem. V c\u00edli je d\u011blila nicotn\u00e1 jedna vte\u0159inka&#8230; Na v\u00fdborn\u00e9m 5. m\u00edst\u011b dojel n\u00e1m v\u0161em dob\u0159e zn\u00e1m\u00fd Michal Kozel, hrdina MTB &#8222;Vrchoviny&#8220; 2016, kter\u00fd z\u00e1vod\u00ed za nov\u00e9 uskupen\u00ed SUNINVENT MTB Team, jeho\u017e &#8222;\u0159\u00eddic\u00edm&#8220; nen\u00ed nikdo jin\u00fd, ne\u017e n\u00e1\u0161 kamar\u00e1d a tra\u0165ov\u00fd \u0159editel trat\u00ed SP v NMnM &#8211; Luk\u00e1\u0161 Vlach&#8230;. Zde mrkn\u011bte na <strong><a href=\"https:\/\/www.sportt.cz\/racesResults\/resultlist\/701\">komplet v\u00fdsledkov\u00fd servis<\/a><\/strong> z pra\u017esk\u00e9 Jene\u010de..<\/p>\n","protected":false},"excerpt":{"rendered":"<p>Bl\u00ed\u017e\u00edc\u00ed se start 1. \u010cesk\u00e9 MTB ligy &#8211; tj. \u010cesk\u00e9ho poh\u00e1ru horsk\u00fdch kol, kter\u00fd pomysln\u011b vyraz\u00ed vp\u0159ed, na sv\u016fj \u0161estikolov\u00fd z\u00e1vod\u00a0 o v\u00edkendu 21. &#8211; 22. dubna v Praze &#8211; \u0158ep\u00edch , je ve znamen\u00ed aktivity biker\u016f, kte\u0159\u00ed vyu\u017e\u00edvaj\u00ed ji\u017e v tomto obdob\u00ed po\u0159\u00e1dan\u00e9 cyklistick\u00e9 z\u00e1vody k ov\u011b\u0159en\u00ed aktu\u00e1ln\u00edho stavu sv\u00e9 p\u0159ipravenosti. Dob\u0159e rajdr\u016fm poslou\u017eily &hellip; <a href=\"https:\/\/www.moravecteam.cz\/?p=11593\" class=\"more-link\">Pokra\u010dov\u00e1n\u00ed textu <span class=\"screen-reader-text\">Hradec, Pula, Praha,&#8230;-2<\/span> <span class=\"meta-nav\">&rarr;<\/span><\/a><\/p>\n","protected":false},"author":3,"featured_media":11598,"comment_status":"open","ping_status":"closed","sticky":false,"template":"","format":"standard","meta":[],"categories":[1],"tags":[],"_links":{"self":[{"href":"https:\/\/www.moravecteam.cz\/index.php?rest_route=\/wp\/v2\/posts\/11593"}],"collection":[{"href":"https:\/\/www.moravecteam.cz\/index.php?rest_route=\/wp\/v2\/posts"}],"about":[{"href":"https:\/\/www.moravecteam.cz\/index.php?rest_route=\/wp\/v2\/types\/post"}],"author":[{"embeddable":true,"href":"https:\/\/www.moravecteam.cz\/index.php?rest_route=\/wp\/v2\/users\/3"}],"replies":[{"embeddable":true,"href":"https:\/\/www.moravecteam.cz\/index.php?rest_route=%2Fwp%2Fv2%2Fcomments&post=11593"}],"version-history":[{"count":20,"href":"https:\/\/www.moravecteam.cz\/index.php?rest_route=\/wp\/v2\/posts\/11593\/revisions"}],"predecessor-version":[{"id":11656,"href":"https:\/\/www.moravecteam.cz\/index.php?rest_route=\/wp\/v2\/posts\/11593\/revisions\/11656"}],"wp:featuredmedia":[{"embeddable":true,"href":"https:\/\/www.moravecteam.cz\/index.php?rest_route=\/wp\/v2\/media\/11598"}],"wp:attachment":[{"href":"https:\/\/www.moravecteam.cz\/index.php?rest_route=%2Fwp%2Fv2%2Fmedia&parent=11593"}],"wp:term":[{"taxonomy":"category","embeddable":true,"href":"https:\/\/www.moravecteam.cz\/index.php?rest_route=%2Fwp%2Fv2%2Fcategories&post=11593"},{"taxonomy":"post_tag","embeddable":true,"href":"https:\/\/www.moravecteam.cz\/index.php?rest_route=%2Fwp%2Fv2%2Ftags&post=11593"}],"curies":[{"name":"wp","href":"https:\/\/api.w.org\/{rel}","templated":true}]}}