{"id":11610,"date":"2018-04-15T18:40:26","date_gmt":"2018-04-15T16:40:26","guid":{"rendered":"http:\/\/www.moravecteam.cz\/?p=11610"},"modified":"2018-04-16T06:55:22","modified_gmt":"2018-04-16T04:55:22","slug":"i-moravec-odstartoval","status":"publish","type":"post","link":"https:\/\/www.moravecteam.cz\/?p=11610","title":{"rendered":"I MORAVEC odstartoval!"},"content":{"rendered":"<p style=\"text-align: justify;\"><strong><span style=\"color: #800000;\">Necel\u00fd t\u00fdden po &#8222;Kohoutech&#8220; i cyklistick\u00fd odd\u00edl MORAVEC Team ofici\u00e1ln\u011b odstartoval do sez\u00f3ny 2018. Prologem slavnostn\u00edho \u010dtvrte\u010dn\u00edho odpoledne byla M\u0161e Svat\u00e1 za MORAVEC, abychom se pak p\u0159esunuli na na\u0161i &#8222;mate\u0159skou z\u00e1kladnu&#8220;. Tou je u\u017e po l\u00e9ta, co je MORAVEC MORAVCEM restaurace Morava Bene\u0161ov, kde jsme si \u0159ekli k nast\u00e1vaj\u00edc\u00ed sez\u00f3n\u011b, co bylo t\u0159eba a na\u0161emu \u00fadern\u00e9mu z\u00e1vodn\u00edmu \u0161iku rozdali dresy &#8211; vzor 2018 + licence.<\/span><\/strong><\/p>\n<figure id=\"attachment_11617\" aria-describedby=\"caption-attachment-11617\" style=\"width: 2000px\" class=\"wp-caption alignnone\"><a href=\"http:\/\/www.moravecteam.cz\/?attachment_id=11617\" rel=\"attachment wp-att-11617\"><img decoding=\"async\" loading=\"lazy\" class=\" wp-image-11617\" alt=\"DSCN3522\" src=\"http:\/\/www.moravecteam.cz\/wp-content\/uploads\/2018\/04\/DSCN3522.jpg\" width=\"2000\" height=\"1500\" srcset=\"https:\/\/www.moravecteam.cz\/wp-content\/uploads\/2018\/04\/DSCN3522.jpg 2000w, https:\/\/www.moravecteam.cz\/wp-content\/uploads\/2018\/04\/DSCN3522-300x225.jpg 300w, https:\/\/www.moravecteam.cz\/wp-content\/uploads\/2018\/04\/DSCN3522-1024x768.jpg 1024w\" sizes=\"(max-width: 2000px) 100vw, 2000px\" \/><\/a><figcaption id=\"caption-attachment-11617\" class=\"wp-caption-text\">M\u0161e Svat\u00e1 za MORAVEC Team pro sez\u00f3nu 2018 prob\u011bhla slavnostn\u011b v Pavlovsk\u00e9 kapli minul\u00fd \u010dtvrtek v podve\u010der.<\/figcaption><\/figure>\n<p style=\"text-align: justify;\">\u017de na prologu a na vlastn\u00edm ofici\u00e1ln\u00edm zah\u00e1jen\u00ed sez\u00f3ny na &#8222;Morav\u011b&#8220;\u00a0 byla na\u0161\u00edm mil\u00fdm hostem sen\u00e1torka, ale p\u0159edev\u0161\u00edm na\u0161e kamar\u00e1dka a p\u0159\u00edznivkyn\u011b Mirka V\u00edtkov\u00e1, n\u00e1s moc pot\u011b\u0161ilo! O co jsme P\u00e1na Boha v Pavlovsk\u00e9 kapli poprosili, si m\u016f\u017eete p\u0159ipomenout zde:\u00a0<strong><a href=\"http:\/\/www.moravecteam.cz\/?attachment_id=11622\" rel=\"attachment wp-att-11622\">M\u0161e Svtat\u00e1 za MORAVEC Team 04-2018<\/a>.\u00a0<\/strong>Bohu\u017eel jsme museli o\u017eelet p\u0159\u00edtomnost celebruj\u00edc\u00edho na\u0161\u00ed M\u0161e, P\u00e1tera Pavla Koutn\u00edka na na\u0161em n\u00e1sledn\u00e9m slavnostn\u00edm setk\u00e1n\u00ed v reastauraci Morava Bene\u0161ov, neb m\u011bl je\u0161t\u011b dal\u0161\u00ed jin\u00e9 d\u016fle\u017eit\u00e9 povinnosti.<\/p>\n<figure id=\"attachment_11618\" aria-describedby=\"caption-attachment-11618\" style=\"width: 1971px\" class=\"wp-caption alignnone\"><a href=\"http:\/\/www.moravecteam.cz\/?attachment_id=11618\" rel=\"attachment wp-att-11618\"><img decoding=\"async\" loading=\"lazy\" class=\" wp-image-11618\" alt=\"DSCN3527\" src=\"http:\/\/www.moravecteam.cz\/wp-content\/uploads\/2018\/04\/DSCN3527.jpg\" width=\"1971\" height=\"1302\" srcset=\"https:\/\/www.moravecteam.cz\/wp-content\/uploads\/2018\/04\/DSCN3527.jpg 1971w, https:\/\/www.moravecteam.cz\/wp-content\/uploads\/2018\/04\/DSCN3527-300x198.jpg 300w, https:\/\/www.moravecteam.cz\/wp-content\/uploads\/2018\/04\/DSCN3527-1024x676.jpg 1024w\" sizes=\"(max-width: 1971px) 100vw, 1971px\" \/><\/a><figcaption id=\"caption-attachment-11618\" class=\"wp-caption-text\">Spole\u010dn\u00e1 fotka po skon\u010den\u00ed M\u0161e Svat\u00e9.<\/figcaption><\/figure>\n<p style=\"text-align: justify;\">Na &#8222;Morav\u011b&#8220; jsme n\u00e1sledn\u011b zaplnili b\u00fdvalou &#8222;neku\u0159\u00e1ckou \u010d\u00e1st&#8220; t\u00e9to restaurace nejen, \u017ee beze zbytku, ale naopak &#8211; s p\u0159ebytkem&#8230; Pades\u00e1t p\u0159ipraven\u00fdch \u017eidli\u010dek n\u00e1m bylo tentokr\u00e1t\u00a0 m\u00e1lo! Nesporn\u00e1 zn\u00e1mka toho, \u017ee o d\u011bn\u00ed v MORAVEC teamu je aktu\u00e1ln\u011b zdrav\u00fd z\u00e1jem! Petr p\u0159ipom\u011bl &#8222;noty&#8220; podle kter\u00fdch se letos bude v r\u00e1mci odd\u00edlu &#8222;hr\u00e1t&#8220;, p\u0159i\u010dem\u017e d\u016fle\u017eit\u00fd dokument\u00a0 &#8222;Status z\u00e1vodn\u00edka MORAVEC Teamu&#8220; &#8211; podpsali rajd\u0159i p\u0159i p\u0159eb\u00edr\u00e1n\u00ed dres\u016f a licenc\u00ed\u00a0 na leto\u0161n\u00ed sez\u00f3nu.<\/p>\n<figure id=\"attachment_11619\" aria-describedby=\"caption-attachment-11619\" style=\"width: 1029px\" class=\"wp-caption alignnone\"><a href=\"http:\/\/www.moravecteam.cz\/?attachment_id=11619\" rel=\"attachment wp-att-11619\"><img decoding=\"async\" loading=\"lazy\" class=\" wp-image-11619\" alt=\"DSCN3544\" src=\"http:\/\/www.moravecteam.cz\/wp-content\/uploads\/2018\/04\/DSCN3544.jpg\" width=\"1029\" height=\"1078\" srcset=\"https:\/\/www.moravecteam.cz\/wp-content\/uploads\/2018\/04\/DSCN3544.jpg 1029w, https:\/\/www.moravecteam.cz\/wp-content\/uploads\/2018\/04\/DSCN3544-25x25.jpg 25w, https:\/\/www.moravecteam.cz\/wp-content\/uploads\/2018\/04\/DSCN3544-286x300.jpg 286w, https:\/\/www.moravecteam.cz\/wp-content\/uploads\/2018\/04\/DSCN3544-977x1024.jpg 977w\" sizes=\"(max-width: 1029px) 100vw, 1029px\" \/><\/a><figcaption id=\"caption-attachment-11619\" class=\"wp-caption-text\">Moc mil\u00fdm hostem slavnostn\u00edho zah\u00e1jen\u00ed sez\u00f3ny MORAVEC teamu byla na\u0161e kamar\u00e1dka Mirka V\u00edtkov\u00e1,<\/figcaption><\/figure>\n<p style=\"text-align: justify;\">A kdy\u017e u\u017e jsme u t\u011bch dres\u016f: l\u00edbiv\u00fd vylep\u0161en\u00fd design nem\u00e1 &#8222;na sv\u011bdom\u00ed&#8220; nikdo jin\u00fd, ne\u017e Libor Barto\u0161 a jsme pravd\u011bpodobn\u011b v historii \u010cesk\u00e9 a mo\u017en\u00e1 i Evropsk\u00e9, neboj\u00edm se napsat \u017ee i sv\u011btov\u00e9 cyklistiky prvn\u00edm teamem, kter\u00fd velice vhodn\u011b a decentn\u011b rozli\u0161il\u00a0\u00a0designov\u011b (barvou kalhot) d\u00edv\u010d\u00ed (\u017eenskou) a chlapeckou (mu\u017eskou) verzi dres\u016f! \u017de slavnostn\u00ed podve\u010der byl zavr\u0161en spole\u010dn\u00fdm fotem v &#8222;nov\u00e9m h\u00e1vu&#8220; p\u0159ipom\u00ednat u\u017e v\u016fbec nemus\u00edm&#8230;\u00a0\u00a0<strong><a href=\"http:\/\/moravecteam.rajce.idnes.cz\/2018.04.12_Zahajeni_sezony_MORAVEC_Team\/\">Zde mrkn\u011bte na fotogalerii Karla V\u0161etuly&#8230;<\/a><\/strong><\/p>\n<p style=\"text-align: justify;\">\n","protected":false},"excerpt":{"rendered":"<p>Necel\u00fd t\u00fdden po &#8222;Kohoutech&#8220; i cyklistick\u00fd odd\u00edl MORAVEC Team ofici\u00e1ln\u011b odstartoval do sez\u00f3ny 2018. Prologem slavnostn\u00edho \u010dtvrte\u010dn\u00edho odpoledne byla M\u0161e Svat\u00e1 za MORAVEC, abychom se pak p\u0159esunuli na na\u0161i &#8222;mate\u0159skou z\u00e1kladnu&#8220;. Tou je u\u017e po l\u00e9ta, co je MORAVEC MORAVCEM restaurace Morava Bene\u0161ov, kde jsme si \u0159ekli k nast\u00e1vaj\u00edc\u00ed sez\u00f3n\u011b, co bylo t\u0159eba a na\u0161emu &hellip; <a href=\"https:\/\/www.moravecteam.cz\/?p=11610\" class=\"more-link\">Pokra\u010dov\u00e1n\u00ed textu <span class=\"screen-reader-text\">I MORAVEC odstartoval!<\/span> <span class=\"meta-nav\">&rarr;<\/span><\/a><\/p>\n","protected":false},"author":3,"featured_media":11620,"comment_status":"open","ping_status":"closed","sticky":false,"template":"","format":"standard","meta":[],"categories":[13],"tags":[],"_links":{"self":[{"href":"https:\/\/www.moravecteam.cz\/index.php?rest_route=\/wp\/v2\/posts\/11610"}],"collection":[{"href":"https:\/\/www.moravecteam.cz\/index.php?rest_route=\/wp\/v2\/posts"}],"about":[{"href":"https:\/\/www.moravecteam.cz\/index.php?rest_route=\/wp\/v2\/types\/post"}],"author":[{"embeddable":true,"href":"https:\/\/www.moravecteam.cz\/index.php?rest_route=\/wp\/v2\/users\/3"}],"replies":[{"embeddable":true,"href":"https:\/\/www.moravecteam.cz\/index.php?rest_route=%2Fwp%2Fv2%2Fcomments&post=11610"}],"version-history":[{"count":9,"href":"https:\/\/www.moravecteam.cz\/index.php?rest_route=\/wp\/v2\/posts\/11610\/revisions"}],"predecessor-version":[{"id":11626,"href":"https:\/\/www.moravecteam.cz\/index.php?rest_route=\/wp\/v2\/posts\/11610\/revisions\/11626"}],"wp:featuredmedia":[{"embeddable":true,"href":"https:\/\/www.moravecteam.cz\/index.php?rest_route=\/wp\/v2\/media\/11620"}],"wp:attachment":[{"href":"https:\/\/www.moravecteam.cz\/index.php?rest_route=%2Fwp%2Fv2%2Fmedia&parent=11610"}],"wp:term":[{"taxonomy":"category","embeddable":true,"href":"https:\/\/www.moravecteam.cz\/index.php?rest_route=%2Fwp%2Fv2%2Fcategories&post=11610"},{"taxonomy":"post_tag","embeddable":true,"href":"https:\/\/www.moravecteam.cz\/index.php?rest_route=%2Fwp%2Fv2%2Ftags&post=11610"}],"curies":[{"name":"wp","href":"https:\/\/api.w.org\/{rel}","templated":true}]}}