{"id":11630,"date":"2018-04-16T21:30:26","date_gmt":"2018-04-16T19:30:26","guid":{"rendered":"http:\/\/www.moravecteam.cz\/?p=11630"},"modified":"2018-04-16T21:51:33","modified_gmt":"2018-04-16T19:51:33","slug":"co-se-bude-dit-st16-2","status":"publish","type":"post","link":"https:\/\/www.moravecteam.cz\/?p=11630","title":{"rendered":"Co se bude d\u00edt? (ST16)"},"content":{"rendered":"<h5><span style=\"color: #800000;\">\u00dater\u00fd 17.4. 2018<\/span><\/h5>\n<p style=\"text-align: justify;\">Tr\u00e9nink na silni\u010dn\u00edch kolech s <strong><span style=\"color: #800000;\">Jirkou \u0160t\u011bpan\u00edkem st.<\/span><\/strong> a\u00a0<span style=\"color: #800000;\"><strong>Martinem Lipensk\u00fdm<\/strong><\/span>.\u00a0Sraz v 16.30 u budovy Z\u00e1kladn\u00ed \u0161koly v Bene\u0161ov\u011b. V p\u0159\u00edpad\u011b pot\u0159eby kontaktujte Jirku na\u00a0<span style=\"color: #800000;\"><strong>603 247 484<\/strong><\/span>.<\/p>\n<h5><span style=\"color: #800000;\">St\u0159eda 18.4. 2018<\/span><\/h5>\n<p style=\"text-align: justify;\">MTB tr\u00e9nink rajdr\u016f MORAVEC Teamu s\u00a0<span style=\"color: #800000;\"><strong>Milanem Tlamkou (776 108 046).\u00a0<\/strong><\/span>\u00a0Sraz v 16.30 ve na h\u0159i\u0161ti ve Valchov\u011b.<\/p>\n<h5><span style=\"color: #800000;\"><strong>P\u00e1tek 20.4. 2018<\/strong><\/span><\/h5>\n<p style=\"text-align: justify;\"><span style=\"color: #800000;\"><span style=\"color: #000000;\">Od 17.00 s tren\u00e9ry &#8211; prohl\u00eddka trat\u00ed prvn\u00edho z\u00e1vodu \u010cesk\u00e9ho poh\u00e1ru MTB XCO v Praze &#8211; \u0158ep\u00edch. Zde mrkn\u011bte na kompletn\u00ed\u00a0<\/span><\/span><strong><a href=\"http:\/\/www.poharmtb.cz\/cross-country\/rozpis-cross-country\/\">rozpis seri\u00e1lu.<\/a>\u00a0<\/strong>Na\u0161i lo\u0148skou misi v Praze &#8211; \u0158ep\u00edch\u00a0 si p\u0159ipome\u0148te <a href=\"https:\/\/moravecteam.rajce.idnes.cz\/2017.04.23_CP_MTB_Praha\"><strong>touto fotogaleri\u00ed..<\/strong><\/a><\/p>\n<h5><span style=\"color: #800000;\">Sobota 21.4. 2018<\/span><\/h5>\n<p style=\"text-align: justify;\">Prvn\u00ed z\u00e1vod \u010cesk\u00e9ho poh\u00e1ru MTB XCO v Praze &#8211; \u0158ep\u00edch. Pojedou se kategorie d\u011bt\u00ed &#8211; MINIME + mlad\u0161\u00ed a star\u0161\u00ed \u017e\u00e1ci a \u017e\u00e1kyn\u011b. Zde mrkn\u011bte na propozice:\u00a0<strong><a href=\"http:\/\/www.moravecteam.cz\/?attachment_id=11577\" rel=\"attachment wp-att-11577\">Propozice-MTB-2018-Praha-\u0158epy<\/a><\/strong><\/p>\n<p><span style=\"color: #800000; font-size: 18px; font-weight: bold;\">Ned\u011ble\u00a022.4. 2018<\/span><\/p>\n<p style=\"text-align: justify;\">Prvn\u00ed z\u00e1vod \u010cesk\u00e9ho poh\u00e1ru MTB XCO v Praze &#8211; \u0158ep\u00edch. Pojedou se kategorie od kadet\u016f v\u010detn\u011b a star\u0161\u00ed. Zde mrkn\u011bte na propozice\u00a0<strong><a href=\"http:\/\/www.moravecteam.cz\/?attachment_id=11577\" rel=\"attachment wp-att-11577\">Propozice-MTB-2018-Praha-\u0158epy<\/a><\/strong><\/p>\n<h5><span style=\"font-size: 18px; font-weight: bold; color: #800000;\">Akce t\u011bsn\u011b za horizontem<\/span><\/h5>\n<ul>\n<li style=\"text-align: justify;\">1.5. 2018 &#8211; pomoc nahl\u00e1\u0161en\u00fdch dobrovoln\u00edk\u016f na Boskovick\u00fdch b\u011bz\u00edch. Zde je <strong><a href=\"http:\/\/boskovice.sportujsnami.cz\/informace\/program.html\">v\u0161e o akci.<\/a><\/strong><\/li>\n<li style=\"text-align: justify;\">5.5. 2018 &#8211; Druh\u00fd\u00a0z\u00e1vod \u010cesk\u00e9ho poh\u00e1ru MTB XCO v Brn\u011b. Pojedou se kategorie d\u011bt\u00ed &#8211; MINIME + mlad\u0161\u00ed a star\u0161\u00ed \u017e\u00e1ci a \u017e\u00e1kyn\u011b. Zde mrkn\u011bte na propozice:\u00a0<strong><a href=\"http:\/\/www.moravecteam.cz\/?attachment_id=11633\" rel=\"attachment wp-att-11633\">Propozice-MTB-2018-Brno<\/a><\/strong><\/li>\n<li style=\"text-align: justify;\">6.5. 2018 -Druh\u00fd z\u00e1vod \u010cesk\u00e9ho poh\u00e1ru MTB XCO v Brn\u011b. Pojedou se kategorie od kadet\u016f v\u010detn\u011b a star\u0161\u00ed. Zde mrkn\u011bte na propozice:\u00a0<strong><a href=\"http:\/\/www.moravecteam.cz\/?attachment_id=11633\" rel=\"attachment wp-att-11633\">Propozice-MTB-2018-Brno<\/a><\/strong><\/li>\n<li style=\"text-align: justify;\">12.5. 2018 &#8211; Cykloteam MXM Hul\u00edn po\u0159\u00e1d\u00e1\u00a0\u00a06. ro\u010dn\u00edk Junior MTB, kter\u00fd po\u0159\u00e1d\u00e1me u n\u00e1s v Hul\u00edn\u011b v sobotu 12.5.2018. Podrobnosti hledejte zde:\u00a0\u00a0<strong><a href=\"http:\/\/www.moravecteam.cz\/?attachment_id=11641\" rel=\"attachment wp-att-11641\">Plak\u00e1t Junior MTB -tisk<\/a><\/strong>,\u00a0<strong><a href=\"http:\/\/www.moravecteam.cz\/?attachment_id=11642\" rel=\"attachment wp-att-11642\">propozice 2018<\/a><\/strong>,\u00a0<strong><a href=\"http:\/\/www.moravecteam.cz\/?attachment_id=11643\" rel=\"attachment wp-att-11643\">\u010dasov\u00fd harmonogram 2018<\/a>\u00a0<\/strong><strong><span style=\"color: #ff0000;\">Pozor!<\/span><\/strong><span style=\"color: #ff0000;\">\u00a0<\/span><span style=\"color: #ff0000;\"><span style=\"color: #000000;\">z\u00e1vod nen\u00ed v t\u00fdmov\u00e9m kalend\u00e1\u0159i, proto p\u0159\u00edpadnou \u00fa\u010dast na n\u011bm konzultujte se sv\u00fdm tren\u00e9rem!<\/span><\/span><\/li>\n<\/ul>\n<p><span style=\"color: #800000;\"><strong>Pl\u00e1nek trat\u00ed:<\/strong><\/span><\/p>\n<p><a href=\"http:\/\/www.moravecteam.cz\/?attachment_id=11644\" rel=\"attachment wp-att-11644\"><img decoding=\"async\" loading=\"lazy\" class=\"alignnone size-full wp-image-11644\" alt=\"pl\u00e1nek trati 2018\" src=\"http:\/\/www.moravecteam.cz\/wp-content\/uploads\/2018\/04\/pl\u00e1nek-trati-2018.jpg\" width=\"1027\" height=\"608\" srcset=\"https:\/\/www.moravecteam.cz\/wp-content\/uploads\/2018\/04\/pl\u00e1nek-trati-2018.jpg 1027w, https:\/\/www.moravecteam.cz\/wp-content\/uploads\/2018\/04\/pl\u00e1nek-trati-2018-300x177.jpg 300w, https:\/\/www.moravecteam.cz\/wp-content\/uploads\/2018\/04\/pl\u00e1nek-trati-2018-1024x606.jpg 1024w\" sizes=\"(max-width: 1027px) 100vw, 1027px\" \/><\/a><\/p>\n<h5><\/h5>\n<p>&nbsp;<\/p>\n","protected":false},"excerpt":{"rendered":"<p>\u00dater\u00fd 17.4. 2018 Tr\u00e9nink na silni\u010dn\u00edch kolech s Jirkou \u0160t\u011bpan\u00edkem st. a\u00a0Martinem Lipensk\u00fdm.\u00a0Sraz v 16.30 u budovy Z\u00e1kladn\u00ed \u0161koly v Bene\u0161ov\u011b. V p\u0159\u00edpad\u011b pot\u0159eby kontaktujte Jirku na\u00a0603 247 484. St\u0159eda 18.4. 2018 MTB tr\u00e9nink rajdr\u016f MORAVEC Teamu s\u00a0Milanem Tlamkou (776 108 046).\u00a0\u00a0Sraz v 16.30 ve na h\u0159i\u0161ti ve Valchov\u011b. P\u00e1tek 20.4. 2018 Od 17.00 s &hellip; <a href=\"https:\/\/www.moravecteam.cz\/?p=11630\" class=\"more-link\">Pokra\u010dov\u00e1n\u00ed textu <span class=\"screen-reader-text\">Co se bude d\u00edt? (ST16)<\/span> <span class=\"meta-nav\">&rarr;<\/span><\/a><\/p>\n","protected":false},"author":3,"featured_media":11637,"comment_status":"open","ping_status":"closed","sticky":false,"template":"","format":"standard","meta":[],"categories":[11],"tags":[],"_links":{"self":[{"href":"https:\/\/www.moravecteam.cz\/index.php?rest_route=\/wp\/v2\/posts\/11630"}],"collection":[{"href":"https:\/\/www.moravecteam.cz\/index.php?rest_route=\/wp\/v2\/posts"}],"about":[{"href":"https:\/\/www.moravecteam.cz\/index.php?rest_route=\/wp\/v2\/types\/post"}],"author":[{"embeddable":true,"href":"https:\/\/www.moravecteam.cz\/index.php?rest_route=\/wp\/v2\/users\/3"}],"replies":[{"embeddable":true,"href":"https:\/\/www.moravecteam.cz\/index.php?rest_route=%2Fwp%2Fv2%2Fcomments&post=11630"}],"version-history":[{"count":10,"href":"https:\/\/www.moravecteam.cz\/index.php?rest_route=\/wp\/v2\/posts\/11630\/revisions"}],"predecessor-version":[{"id":11646,"href":"https:\/\/www.moravecteam.cz\/index.php?rest_route=\/wp\/v2\/posts\/11630\/revisions\/11646"}],"wp:featuredmedia":[{"embeddable":true,"href":"https:\/\/www.moravecteam.cz\/index.php?rest_route=\/wp\/v2\/media\/11637"}],"wp:attachment":[{"href":"https:\/\/www.moravecteam.cz\/index.php?rest_route=%2Fwp%2Fv2%2Fmedia&parent=11630"}],"wp:term":[{"taxonomy":"category","embeddable":true,"href":"https:\/\/www.moravecteam.cz\/index.php?rest_route=%2Fwp%2Fv2%2Fcategories&post=11630"},{"taxonomy":"post_tag","embeddable":true,"href":"https:\/\/www.moravecteam.cz\/index.php?rest_route=%2Fwp%2Fv2%2Ftags&post=11630"}],"curies":[{"name":"wp","href":"https:\/\/api.w.org\/{rel}","templated":true}]}}