{"id":1164,"date":"2015-08-10T09:58:03","date_gmt":"2015-08-10T07:58:03","guid":{"rendered":"http:\/\/www.moravecteam.cz\/?p=1164"},"modified":"2015-08-11T23:05:10","modified_gmt":"2015-08-11T21:05:10","slug":"horka-horka","status":"publish","type":"post","link":"https:\/\/www.moravecteam.cz\/?p=1164","title":{"rendered":"Hork\u00e1 Horka&#8230;"},"content":{"rendered":"<p style=\"text-align: justify;\"><span style=\"color: #800000;\"><strong>Dev\u00e1t\u00fd z\u00e1vod MTB Poh\u00e1ru Drahansk\u00e9 vrchoviny 2015, kter\u00fd se jel minulou ned\u011bli na\u00a0klasick\u00e9, dalo by se \u0159\u00edct u\u017e kultovn\u00ed bene\u0161ovsk\u00e9 trati, bude spojov\u00e1n s p\u0159\u00edvlastkem hork\u00fd, rozp\u00e1len\u00fd, teplotn\u011b extr\u00e9mn\u00ed&#8230;\u00a0I nejv\u00fd\u0161e polo\u017een\u00e1 obec Drahansk\u00e9 vrchoviny se v t\u011bchto dnech nach\u00e1z\u00ed v\u00a0sev\u0159en\u00ed nezvykle vysok\u00fdch teplot a i kdy\u017e v\u011bt\u0159\u00edk\u00a0ov\u00edval teplem zu\u017eovan\u00e9 z\u00e1vodn\u00edky i n\u00e1v\u0161t\u011bvn\u00edky bene\u0161ovsk\u00e9 race, na osv\u011b\u017een\u00ed to tentokr\u00e1t p\u0159\u00edli\u0161 nebylo&#8230; Bezm\u00e1la stopades\u00e1tka z\u00e1vodn\u00edk\u016f v\u0161ech v\u011bkov\u00fdch kategori\u00ed se s extr\u00e9mn\u00ed teplotou musela &#8222;chca\u010dky-nechca\u010dky&#8220; vyrovnat a budi\u017e jim ke cti, \u017ee to zvl\u00e1dli excelentn\u011b! Ani siln\u00fd, tak\u0159ka ji\u017e op\u011bt kompletn\u00ed \u0161ik MORAVC\u016e po\u010das\u00ed nijak nezbrzdilo a na\u0161i rajd\u0159i se v\u00fdkonov\u011b a v\u00fdsledkov\u011b op\u011bt bl\u00fdskli!\u00a0<\/strong><\/span><\/p>\n<figure id=\"attachment_1198\" aria-describedby=\"caption-attachment-1198\" style=\"width: 1205px\" class=\"wp-caption alignnone\"><a href=\"http:\/\/www.moravecteam.cz\/?attachment_id=1198\" rel=\"attachment wp-att-1198\"><img decoding=\"async\" loading=\"lazy\" class=\" wp-image-1198\" alt=\"01\" src=\"http:\/\/www.moravecteam.cz\/wp-content\/uploads\/2015\/08\/015.jpg\" width=\"1205\" height=\"1088\" srcset=\"https:\/\/www.moravecteam.cz\/wp-content\/uploads\/2015\/08\/015.jpg 1205w, https:\/\/www.moravecteam.cz\/wp-content\/uploads\/2015\/08\/015-300x270.jpg 300w, https:\/\/www.moravecteam.cz\/wp-content\/uploads\/2015\/08\/015-1024x924.jpg 1024w\" sizes=\"(max-width: 1205px) 100vw, 1205px\" \/><\/a><figcaption id=\"caption-attachment-1198\" class=\"wp-caption-text\">Nejv\u011bt\u0161\u00ed hv\u011bzdi\u010dka bene\u0161ovsk\u00e9ho z\u00e1vodu, letos 13. nejlep\u0161\u00ed juniorka v Evrop\u011b. Ad\u00e9la \u0160af\u00e1\u0159ov\u00e1 prom\u011bnila sv\u016fj start na Horce v jist\u00e9 prvenstv\u00ed&#8230;<\/figcaption><\/figure>\n<p style=\"text-align: justify;\">V prostoru startu a c\u00edle jsme mohli p\u0159iv\u00edtat a t\u011b\u0161it se z p\u0159\u00edtomnosti nejen &#8222;Velk\u00e9&#8220; Evy Moravcov\u00e9, ale i &#8222;Mal\u00e9&#8220; Evy Bartol\u0161ic &#8211; Moravcov\u00e9, a premi\u00e9rov\u011b p\u0159i tom byla i Vlast\u00edkova vnu\u010dka Zitu\u0161ka a vnuci \u0160iomon s Tobi\u00e1\u0161kem. Prost\u0159edn\u011b jmenovan\u00fd \u0160imon Pant\u016f\u010dek \u00a0dokonce zas\u00e1hl ost\u0159e do boj\u016f a nevedl si v\u016fbec \u0161patn\u011b. Nav\u00edc MORAVCOVIC rodinu doprovodili i jejich dal\u0161\u00ed p\u0159\u00e1tel\u00e9 a p\u0159\u00edbuzn\u00ed, tak\u017ee &#8222;br\u0148\u00e1ce&#8220; tentokr\u00e1t v\u00fdznamn\u011b pos\u00edlili p\u0159\u00edtomnou, u\u017e tak po\u010detnou, div\u00e1ckou enkl\u00e1vu. Rajdry MORAVCE asistence Vlastov\u00fdch nejbli\u017e\u0161\u00edch pat\u0159i\u010dn\u011b motivovala, \u010deho\u017e je d\u016fkazem zisk rekordn\u00edch \u0161esti zlat\u00fdch, \u0161esti st\u0159\u00edbrn\u00fdch a \u010dty\u0159 bronzov\u00fdch medail\u00ed v po\u0159ad\u00ed OPEN! V tomto sum\u00e1rn\u00edm v\u00fdsledku je obsa\u017eeno i jedno &#8222;bednov\u00e9 double&#8220; a jeden &#8222;bednov\u00fd hattrick&#8220;! Bravo MORAVEC!<\/p>\n<figure id=\"attachment_1196\" aria-describedby=\"caption-attachment-1196\" style=\"width: 1000px\" class=\"wp-caption alignnone\"><a href=\"http:\/\/www.moravecteam.cz\/?attachment_id=1196\" rel=\"attachment wp-att-1196\"><img decoding=\"async\" loading=\"lazy\" class=\" wp-image-1196\" alt=\"03\" src=\"http:\/\/www.moravecteam.cz\/wp-content\/uploads\/2015\/08\/032.jpg\" width=\"1000\" height=\"1020\" srcset=\"https:\/\/www.moravecteam.cz\/wp-content\/uploads\/2015\/08\/032.jpg 1000w, https:\/\/www.moravecteam.cz\/wp-content\/uploads\/2015\/08\/032-25x25.jpg 25w, https:\/\/www.moravecteam.cz\/wp-content\/uploads\/2015\/08\/032-294x300.jpg 294w\" sizes=\"(max-width: 1000px) 100vw, 1000px\" \/><\/a><figcaption id=\"caption-attachment-1196\" class=\"wp-caption-text\">Z\u00e1vod od z\u00e1vodu se lep\u0161\u00edc\u00ed star\u0161\u00ed \u017e\u00e1kyn\u011b Aneta Fritzov\u00e1, potvrdila sou\u010dasnou v\u00fdbornou formu t\u0159et\u00edm m\u00edstem i na Bene\u0161ov\u011b.<\/figcaption><\/figure>\n<p style=\"text-align: justify;\">Medailovou ned\u011bli odstartovala v\u00edt\u011bzstv\u00edm v odr\u00e1\u017eedlech modrook\u00e1 <span style=\"color: #800000;\"><strong>Terezka Fritzov\u00e1.<\/strong> <\/span>Po \u010dase se na startu op\u011bt objevil v kategorii chlapc\u016f do 6 let <strong><span style=\"color: #800000;\">Va\u0161ek Kol\u00e1\u0159<\/span><\/strong> a\u00a0sv\u016fj start prom\u011bnil ve zisk cenn\u00e9ho st\u0159\u00edbra. Snad ho v\u00fdsledek spr\u00e1vn\u011b namotivuje ke startu i ve zb\u00fdvaj\u00edc\u00edch \u010dty\u0159ech z\u00e1vodech&#8230; Medail\u00ed jsme se do\u010dkali obratem\u00a0i ve startu kategori\u00ed\u00a07-8 let. \u00a0<strong><span style=\"color: #800000;\">Bar\u010da Tlamkov\u00e1<\/span><\/strong> z\u00faro\u010dila poctiv\u00fd p\u0159edz\u00e1vodn\u00ed tr\u00e9nink a na n\u00e1ro\u010dn\u00e9 trati n\u00e1sledn\u011b nedala soupe\u0159k\u00e1m \u0161anci&#8230; Zdatn\u011b si vedl i dal\u0161\u00ed navr\u00e1tiv\u0161\u00ed se na z\u00e1vody PDV &#8211; <strong><span style=\"color: #800000;\">Maty\u00e1\u0161 Vond\u00e1l.<\/span><\/strong> I on t\u0159et\u00edm m\u00edstem nazna\u010dil, \u017ee je mo\u017en\u00e1 lep\u0161\u00ed cyklista ne\u017e fotbalista..? V kategori\u00edch 9-10 let jsme sice na medaile bohu\u017eel nedos\u00e1hli, ale po p\u0159estavb\u011b trat\u011b pro start mlad\u0161\u00edch \u017e\u00e1k\u016f a \u017e\u00e1ky\u0148\u00a0 a n\u00e1sledn\u00fdch startech rajdr\u016f t\u00e9to v\u011bkov\u00e9 kategorie jsem mohli u\u017e op\u011bt oslavovat! St\u0159\u00edbro <strong><span style=\"color: #800000;\">Kuby Tesa\u0159e<\/span><\/strong> a bronz <strong><span style=\"color: #800000;\">Krist\u00fdny Kol\u00e1\u0159ov\u00e9<\/span><\/strong>! A po dal\u0161\u00edm &#8222;p\u0159eml\u00edkov\u00e1n\u00ed&#8220;, kdy tra\u0165 u\u017e vedla \u00a0do lesa na legend\u00e1rn\u00ed kopec Horka (720 m.n.m.) to p\u0159\u00ed\u0161lo! Favority z\u00e1vod\u016f star\u0161\u00edch \u017e\u00e1ky\u0148 a \u017e\u00e1k\u016f bylo pot\u0159eba hledat jedin\u011b v \u0159ad\u00e1ch MORAVCE. A p\u0159edz\u00e1vodn\u00ed progn\u00f3zy nezklamaly. &#8222;Double&#8220; pro n\u00e1s vybojoval <strong><span style=\"color: #800000;\">Michal \u0160m\u00edda<\/span><\/strong> (zlato)\u00a0a <span style=\"color: #800000;\"><strong>Tom\u00e1\u0161 Tlamka &#8222;Contador&#8220;<\/strong><\/span> (st\u0159\u00edbro) a dokonce &#8222;hattrick&#8220; pak \u010derstv\u00e1 silni\u010dn\u00ed mistryn\u011b \u010cR v z\u00e1vod\u011b dvojic <span style=\"color: #800000;\"><strong>Terka Obo\u0159ilov\u00e1<\/strong><\/span> (zlato) spolu s <strong><span style=\"color: #800000;\">A\u0148ou Zem\u00e1nkovou<\/span><\/strong> (st\u0159\u00edbro) a <span style=\"color: #800000;\"><strong>Anetou Fritzovou<\/strong><\/span> (bronz)!<\/p>\n<figure id=\"attachment_1195\" aria-describedby=\"caption-attachment-1195\" style=\"width: 2000px\" class=\"wp-caption alignnone\"><a href=\"http:\/\/www.moravecteam.cz\/?attachment_id=1195\" rel=\"attachment wp-att-1195\"><img decoding=\"async\" loading=\"lazy\" class=\" wp-image-1195\" alt=\"04\" src=\"http:\/\/www.moravecteam.cz\/wp-content\/uploads\/2015\/08\/041.jpg\" width=\"2000\" height=\"1822\" srcset=\"https:\/\/www.moravecteam.cz\/wp-content\/uploads\/2015\/08\/041.jpg 2000w, https:\/\/www.moravecteam.cz\/wp-content\/uploads\/2015\/08\/041-300x273.jpg 300w, https:\/\/www.moravecteam.cz\/wp-content\/uploads\/2015\/08\/041-1024x932.jpg 1024w\" sizes=\"(max-width: 2000px) 100vw, 2000px\" \/><\/a><figcaption id=\"caption-attachment-1195\" class=\"wp-caption-text\">UKRAYNA Cup &#8211; Eva Ry\u0161av\u00e1: hlavn\u011b bacha na ty sukn\u011b&#8230;<\/figcaption><\/figure>\n<p style=\"text-align: justify;\">To nejlep\u0161\u00ed p\u0159i\u0161lo ale na po\u0159ad v posledn\u00edm popoledn\u00edm startu kadet\u016f, junior\u016f a dosp\u011bl\u00fdch. Ten ozdobila svoj\u00ed \u00fa\u010dast\u00ed p\u0159edev\u0161\u00edm letos t\u0159in\u00e1ct\u00e1 juniorka v Evrop\u011b a vicemistryn\u011b \u010cR, na\u0161e odchovankyn\u011b <strong><span style=\"color: #000000;\">\u00a0<\/span><\/strong><span style=\"color: #000000;\">Ad\u00e9la \u0160af\u00e1\u0159ov\u00e1<\/span><span style=\"color: #800000;\">\u00a0<\/span><span style=\"color: #800000;\"><span style=\"color: #000000;\">(Nutrend Specialized)<\/span><\/span>, d\u00e1le nechyb\u011bl dom\u00e1c\u00ed favorit a obh\u00e1jce prvenstv\u00ed v kategorii ELITE mu\u017ei Radim Kov\u00e1\u0159, s\u00edlu p\u0159edstavovalo i zku\u0161en\u00e9 duo GT Opportunity Olejn\u00ed\u010dek (Masters III) &#8211; Lucie Vesel\u00e1 (\u017eeny), jako\u017e i oran\u017eov\u00ed zabij\u00e1ci ze severu Moravy Martin \u0160\u00edma (Masters II)\u00a0 Karlem Videck\u00fdm zvan\u00fdm \u0160akal&#8220;&#8230; Jako \u010dern\u00e9ho kon\u011b z\u00e1vodu mu\u017e\u016f ozna\u010dovali pak odborn\u00edci Dana Mayera z Polni\u010dky. A jejich rogn\u00f3zy se vesm\u011bs vyyplnili&#8230; Spole\u010dn\u00fd start kadetek a juniorek ovl\u00e1dla s p\u0159ehledem <span style=\"color: #800000;\"><strong>Ad\u00e9la \u0160af\u00e1\u0159ov\u00e1,<\/strong><\/span> kdy\u017e j\u00ed z\u00e1da zdatn\u011b p\u0159ikryla v c\u00edli druh\u00e1, na\u0161e \u0161ikovn\u00e1 <span style=\"color: #800000;\"><strong>Jana Tesa\u0159ov\u00e1<\/strong><\/span>. Ta se postarala spolu se sv\u00fdm br\u00e1chou Jakubemo to, \u017ee Tesa\u0159ovi si u\u017e v tomto ro\u010dn\u00edm obdob\u00ed mohli p\u0159ipojit k ned\u011bli p\u0159\u00edvlastek &#8222;st\u0159\u00edbrn\u00e1&#8220;&#8230; St\u0159\u00edbro n\u00e1m zacinkalo i p\u0159i spoe\u010dn\u00e9m startu junior\u016f a kdat\u016f. Postaral se o n\u011b <span style=\"color: #800000;\"><strong>Patrik Kol\u00e1\u0159<\/strong><\/span>, kter\u00fd nazna\u010dil, \u017ee mu forma p\u0159ed dom\u00e1c\u00edm z\u00e1vodem v Ko\u0159enci p\u0159ich\u00e1z\u00ed v prav\u00fd \u010das&#8230; Radost n\u00e1m v osledn\u00ed dob\u011b d\u011blaj\u00ed i na\u0161i &#8222;veto\u0161i&#8220; a Bene\u0161ov nebyl vyj\u00edmkou. Oboj\u00ed &#8222;oldies&#8220; se postarali div\u00e1k\u016fm o zaj\u00edmavou pod\u00edvanou a barvy MORAVCE se op\u011bt do\u010dkali medailov\u00fdch um\u00edst\u011bn\u00ed. V Mastrech dvojk\u00e1ch dok\u00e1zal n\u00e1\u0161 <span style=\"color: #800000;\"><strong>Martin Gottwald<\/strong><\/span> op\u011bt &#8222;skalpovat&#8220; fenomen\u00e1ln\u00edho a t\u011b\u017eko \u0159emo\u017eiteln\u00e9ho \u00a0&#8222;ostarvskeho maxika&#8220; Martina \u0160\u00edmu a t\u00edm potvrdil, \u017ee v\u00fdsledek z valchovsk\u00e9ho &#8222;Monaka&#8220; nebyl n\u00e1hodn\u00fd. Mastr\u016fm jedni\u010dk\u00e1m s p\u0159ehledem kraloval \u00fahlavn\u00ed favorit Du\u0161an Olejn\u00ed\u010dek, nicm\u00e9n\u011b v c\u00edli druh\u00fd n\u00e1\u0161 <span style=\"color: #800000;\"><strong>V\u00ed\u0165a Prudek<\/strong><\/span> mu byl v\u00edc ne\u017e d\u016fstojn\u00fdm soupe\u0159em. V \u017een\u00e1ch k na\u0161\u00ed velk\u00e9 radosti si pro bronz dojela v dresu MORAVCE <strong><span style=\"color: #800000;\">Eva Zem\u00e1nkov\u00e1.<\/span><\/strong> Ta v\u00fdsledkov\u011b na\u0161e nedailov\u00e9 hody druhou srpnovou ned\u011bli pod kopcem Horka uzav\u0159ela.<\/p>\n<figure id=\"attachment_1197\" aria-describedby=\"caption-attachment-1197\" style=\"width: 2000px\" class=\"wp-caption alignnone\"><a href=\"http:\/\/www.moravecteam.cz\/?attachment_id=1197\" rel=\"attachment wp-att-1197\"><img decoding=\"async\" loading=\"lazy\" class=\" wp-image-1197\" alt=\"02\" src=\"http:\/\/www.moravecteam.cz\/wp-content\/uploads\/2015\/08\/022.jpg\" width=\"2000\" height=\"1946\" srcset=\"https:\/\/www.moravecteam.cz\/wp-content\/uploads\/2015\/08\/022.jpg 2000w, https:\/\/www.moravecteam.cz\/wp-content\/uploads\/2015\/08\/022-25x25.jpg 25w, https:\/\/www.moravecteam.cz\/wp-content\/uploads\/2015\/08\/022-300x291.jpg 300w, https:\/\/www.moravecteam.cz\/wp-content\/uploads\/2015\/08\/022-1024x996.jpg 1024w\" sizes=\"(max-width: 2000px) 100vw, 2000px\" \/><\/a><figcaption id=\"caption-attachment-1197\" class=\"wp-caption-text\">Dal\u0161\u00ed z vyda\u0159en\u00fdch bene\u0161ovsk\u00fdch come-back\u016f v pod\u00e1n\u00ed Petr Bo\u0159ila. O jeho hlavn\u00edch leto\u0161n\u00edch sportovn\u00edch aktivit\u00e1ch si p\u0159e\u010dtete na na\u0161\u00ed www v nejbli\u017e\u0161\u00ed dob\u011b.<\/figcaption><\/figure>\n<p style=\"text-align: justify;\">Vyda\u0159enou bene\u0161ovskou race odleh\u010dil i vlo\u017een\u00fd UKRAYNA Cup &#8211; recesistick\u00fd start odv\u00e1\u017elivc\u016f na kolech\u00a0pouze a v\u00fdhradn\u011b s jedn\u00edm p\u0159evodem, \u010di jin\u00fdch podobn\u00fdch jednostop\u00fdch voz\u00edtek, p\u0159i\u010dem\u017e n\u011bkter\u00e9 origin\u00e1ln\u00ed p\u0159evleky startuj\u00edc\u00edch (Eva Ry\u0161av\u00e1, Polda Sp\u00e1\u010dil&#8230;), zaslou\u017eili obdiv a \u00fadiv div\u00e1k\u016f z\u00e1rove\u0148!\u00a0\u00a0V elitn\u00edch kategori\u00edch si pro v\u00edt\u011bzstv\u00ed dojeli favorit\u00e9: Dan Mayer z Polni\u010dky se letos na &#8222;Vrchovinu&#8220; zam\u011b\u0159il a doposud v\u0161echny svoje starty prom\u011bnil v jist\u00e1 prvenstv\u00ed. Ne jinak tomu bylo i na Horce a tak v kolonce pro elitn\u00edho v\u00edt\u011bze jubilejn\u00edho 15. ro\u010dn\u00edku Velk\u00e9 ceny Bene\u0161ova bude zaps\u00e1no pr\u00e1vem jeho jm\u00e9no. Mezi \u017eenami nena\u0161la soupe\u0159ku Lucie Vesel\u00e1 (GT Opportunity), kter\u00e1 si po ji\u017e t\u0159et\u00edm v\u00edt\u011bzstv\u00ed na t\u00e9to trati dala z\u00e1vazek, \u017ee se pokus\u00ed ve sv\u00e9 dal\u0161\u00ed bikersk\u00e9 kari\u00e9\u0159e atakovat co do po\u010dtu v\u00edt\u011bzstv\u00ed na Bene\u0161ov\u011b dosavadn\u00ed rekordmanku &#8211; \u0160\u00e1rku Chmurovou (MaxCursor), kter\u00e1 zde vyhr\u00e1la celkem 5x.<\/p>\n<figure id=\"attachment_1194\" aria-describedby=\"caption-attachment-1194\" style=\"width: 1141px\" class=\"wp-caption alignnone\"><a href=\"http:\/\/www.moravecteam.cz\/?attachment_id=1194\" rel=\"attachment wp-att-1194\"><img decoding=\"async\" loading=\"lazy\" class=\" wp-image-1194\" alt=\"05\" src=\"http:\/\/www.moravecteam.cz\/wp-content\/uploads\/2015\/08\/051.jpg\" width=\"1141\" height=\"974\" srcset=\"https:\/\/www.moravecteam.cz\/wp-content\/uploads\/2015\/08\/051.jpg 1141w, https:\/\/www.moravecteam.cz\/wp-content\/uploads\/2015\/08\/051-300x256.jpg 300w, https:\/\/www.moravecteam.cz\/wp-content\/uploads\/2015\/08\/051-1024x874.jpg 1024w\" sizes=\"(max-width: 1141px) 100vw, 1141px\" \/><\/a><figcaption id=\"caption-attachment-1194\" class=\"wp-caption-text\">Dvojn\u00e1sobn\u00fd v\u00edt\u011bz Horky z minul\u00fdch let, Milan \u0160ustek, si z\u00e1vod u\u017e\u00edval i tentokr\u00e1t. Takhle letmo zdol\u00e1v\u00e1 &#8222;Velkou houpavou&#8220;!<\/figcaption><\/figure>\n<p style=\"text-align: justify;\">A je\u0161t\u011b dva post\u0159ehy z pod rozp\u00e1len\u00e9 Horky: v roce 2001, kdy\u017e se zde jelo poprv\u00e9, vyhr\u00e1l elitn\u00ed kategorii mu\u017e\u016f Milan \u0160ustek a tehdy se jelo na trati, na kter\u00e9 letos odkrou\u017eili sv\u016fj z\u00e1vod\u00a0star\u0161\u00ed \u017e\u00e1ci&#8230; Tato skute\u010dnost ukazuje na to, jak v regionu prudce vzrostla \u00farove\u0148 MTB cross country.\u00a0\u00a0D\u00e9le pak nen\u00ed ur\u010dit\u011b bez zaj\u00edmavosti \u00a0 ani to , \u017ee obl\u00edben\u00e9 okruhy v okol\u00ed\u00a0k\u00f3ty 720 m.n.m.\u00a0\u00a0jsou \u010dist\u011b a veskrze &#8211; p\u0159\u00edrodn\u00edmi, bez jak\u00fdchkoli\u00a0 um\u011bl\u00fdch z\u00e1sah\u016f do trat\u00ed. A i toto u\u017e je tak\u00e9 dnes sp\u00ed\u0161e raritn\u00ed, \u00a0v\u00fdjime\u010dn\u00e9&#8230; V\u00fdsledkov\u00fd servis\u00a0hledejte\u00a0postupn\u011b\u00a0v pr\u016fb\u011bhu tohoto \u00a0t\u00fddne zde:\u00a0<strong><a href=\"http:\/\/vysledky.pohardrahanskevrchoviny.cz\/2015\/?page=vysledky\">http:\/\/vysledky.pohardrahanskevrchoviny.cz\/2015\/?<\/a>\u00a0<\/strong>Bohat\u00e1 fotogalerie z trat\u00ed dev\u00e1t\u00e9ho z\u00e1vodu PDV \u00a0je u\u017e taky tu\u0165: <strong><a href=\"http:\/\/moravecteam.rajce.idnes.cz\/2015.08.09._PDV_Benesov\/\">http:\/\/moravecteam.rajce.idnes.cz\/2015.08.09._PDV_Benesov\/<\/a><\/strong><\/p>\n","protected":false},"excerpt":{"rendered":"<p>Dev\u00e1t\u00fd z\u00e1vod MTB Poh\u00e1ru Drahansk\u00e9 vrchoviny 2015, kter\u00fd se jel minulou ned\u011bli na\u00a0klasick\u00e9, dalo by se \u0159\u00edct u\u017e kultovn\u00ed bene\u0161ovsk\u00e9 trati, bude spojov\u00e1n s p\u0159\u00edvlastkem hork\u00fd, rozp\u00e1len\u00fd, teplotn\u011b extr\u00e9mn\u00ed&#8230;\u00a0I nejv\u00fd\u0161e polo\u017een\u00e1 obec Drahansk\u00e9 vrchoviny se v t\u011bchto dnech nach\u00e1z\u00ed v\u00a0sev\u0159en\u00ed nezvykle vysok\u00fdch teplot a i kdy\u017e v\u011bt\u0159\u00edk\u00a0ov\u00edval teplem zu\u017eovan\u00e9 z\u00e1vodn\u00edky i n\u00e1v\u0161t\u011bvn\u00edky bene\u0161ovsk\u00e9 race, na &hellip; <a href=\"https:\/\/www.moravecteam.cz\/?p=1164\" class=\"more-link\">Pokra\u010dov\u00e1n\u00ed textu <span class=\"screen-reader-text\">Hork\u00e1 Horka&#8230;<\/span> <span class=\"meta-nav\">&rarr;<\/span><\/a><\/p>\n","protected":false},"author":3,"featured_media":1171,"comment_status":"closed","ping_status":"closed","sticky":false,"template":"","format":"standard","meta":[],"categories":[1],"tags":[],"_links":{"self":[{"href":"https:\/\/www.moravecteam.cz\/index.php?rest_route=\/wp\/v2\/posts\/1164"}],"collection":[{"href":"https:\/\/www.moravecteam.cz\/index.php?rest_route=\/wp\/v2\/posts"}],"about":[{"href":"https:\/\/www.moravecteam.cz\/index.php?rest_route=\/wp\/v2\/types\/post"}],"author":[{"embeddable":true,"href":"https:\/\/www.moravecteam.cz\/index.php?rest_route=\/wp\/v2\/users\/3"}],"replies":[{"embeddable":true,"href":"https:\/\/www.moravecteam.cz\/index.php?rest_route=%2Fwp%2Fv2%2Fcomments&post=1164"}],"version-history":[{"count":9,"href":"https:\/\/www.moravecteam.cz\/index.php?rest_route=\/wp\/v2\/posts\/1164\/revisions"}],"predecessor-version":[{"id":1199,"href":"https:\/\/www.moravecteam.cz\/index.php?rest_route=\/wp\/v2\/posts\/1164\/revisions\/1199"}],"wp:featuredmedia":[{"embeddable":true,"href":"https:\/\/www.moravecteam.cz\/index.php?rest_route=\/wp\/v2\/media\/1171"}],"wp:attachment":[{"href":"https:\/\/www.moravecteam.cz\/index.php?rest_route=%2Fwp%2Fv2%2Fmedia&parent=1164"}],"wp:term":[{"taxonomy":"category","embeddable":true,"href":"https:\/\/www.moravecteam.cz\/index.php?rest_route=%2Fwp%2Fv2%2Fcategories&post=1164"},{"taxonomy":"post_tag","embeddable":true,"href":"https:\/\/www.moravecteam.cz\/index.php?rest_route=%2Fwp%2Fv2%2Ftags&post=1164"}],"curies":[{"name":"wp","href":"https:\/\/api.w.org\/{rel}","templated":true}]}}