{"id":11657,"date":"2018-04-23T23:18:01","date_gmt":"2018-04-23T21:18:01","guid":{"rendered":"http:\/\/www.moravecteam.cz\/?p=11657"},"modified":"2018-04-24T13:27:18","modified_gmt":"2018-04-24T11:27:18","slug":"praha-dost-dobry","status":"publish","type":"post","link":"https:\/\/www.moravecteam.cz\/?p=11657","title":{"rendered":"Praha? Dost dobr\u00fd..!"},"content":{"rendered":"<p style=\"text-align: justify;\"><strong><span style=\"color: #800000;\">Opatrn\u00fd optimismus, kter\u00fd jsme po absolvov\u00e1n\u00ed\u00a0 p\u0159edem pl\u00e1novan\u00fdch \u010d\u00e1st\u00ed zimn\u00ed p\u0159\u00edpravy v souvislosti se stavem p\u0159ipravenosti rajdr\u016f MORAVEC Teamu c\u00edtili, se v Praze, na prvn\u00edm z\u00e1vod\u011b MTB \u010cesk\u00e9ho poh\u00e1ru naplnil. Celkem 19 (!) na\u0161ich zas\u00e1hlo do boj\u016f nejvy\u0161\u0161\u00ed \u010desk\u00e9 MTB ligy minul\u00fd p\u00e1tek v Praze &#8211; \u0158ep\u00edch a z toho 13 (tj. &#8211; pro vaznava\u010de p\u0159esn\u00fdch statistick\u00fdch \u010d\u00edsel &#8211;\u00a0 68,42%) jich dos\u00e1hlo um\u00edst\u011bn\u00ed v bodovan\u00e9 prvn\u00ed &#8222;\u010dty\u0159ic\u00edtce&#8220;! A kdy\u017e k tomu p\u0159ipo\u010dteme, \u017ee z \u0158ep vezeme i jedno cenn\u00e9 zlato, je, mysl\u00edm, nadpis t\u00e9to aktuaity zcela legitimn\u00ed&#8230;<\/span><\/strong><\/p>\n<figure id=\"attachment_11664\" aria-describedby=\"caption-attachment-11664\" style=\"width: 895px\" class=\"wp-caption alignnone\"><a href=\"http:\/\/www.moravecteam.cz\/?attachment_id=11664\" rel=\"attachment wp-att-11664\"><img decoding=\"async\" loading=\"lazy\" class=\" wp-image-11664\" alt=\"IMG_5499\" src=\"http:\/\/www.moravecteam.cz\/wp-content\/uploads\/2018\/04\/IMG_5499.jpg\" width=\"895\" height=\"1099\" srcset=\"https:\/\/www.moravecteam.cz\/wp-content\/uploads\/2018\/04\/IMG_5499.jpg 895w, https:\/\/www.moravecteam.cz\/wp-content\/uploads\/2018\/04\/IMG_5499-244x300.jpg 244w, https:\/\/www.moravecteam.cz\/wp-content\/uploads\/2018\/04\/IMG_5499-833x1024.jpg 833w\" sizes=\"(max-width: 895px) 100vw, 895px\" \/><\/a><figcaption id=\"caption-attachment-11664\" class=\"wp-caption-text\">Posledn\u00ed pokyny t\u00e1ty p\u0159ed startem&#8230;.<\/figcaption><\/figure>\n<p style=\"text-align: justify;\">Co se t\u00fd\u010de medailov\u00fdch zisk\u016f, jsme na tom po premi\u00e9\u0159e v Praze skoro \u00fapln\u011b stejn\u011b, jako n\u00e1\u0161 velk\u00fd t\u00fdmov\u00fd vzor, NUTREND Specialized Team: Zat\u00edm co u\u00a0 &#8222;Rud\u00fdch \u010f\u00e1bl\u016f Viktora Zapletala&#8220; bral o v\u00edkendu prvn\u00ed &#8222;flek&#8220; fenomen\u00e1ln\u00ed Jaroslav Kulhav\u00fd, na\u0161\u00edm &#8222;zlat\u00fdm pra\u017e\u00e1kem&#8220; nen\u00ed nikdo jin\u00fd, ne\u017e n\u00e1\u0161 mladi\u010dk\u00fd biker &#8222;t\u011blem a du\u0161\u00ed&#8220; &#8211; <span style=\"color: #800000;\"><strong>Jon\u00e1\u0161 Janovsk\u00fd<\/strong><\/span>, kter\u00fd ovl\u00e1dl kategorii chlapc\u016f 3-4 roky! Pravda, soupe\u0159e m\u011bl sice jenom jenom jedin\u00e9ho, zato ale o p\u016fl hlavy v\u011bt\u0161\u00edho. A p\u0159esto ho dok\u00e1zal jist\u011b porazit! V sobotn\u00edm bloku start\u016f zaujala sv\u00fd v\u00fdkonem v kategorii d\u00edvek 7-8 let v konkurenci 26 d\u011bv\u010dat v c\u00edli 11. <span style=\"color: #800000;\"><strong>Lucinka Gottwaldov\u00e1.<\/strong><\/span> A kdo v\u00ed, jak\u00fd by byl jej\u00ed v\u00fdsledek, neb\u00fdt\u00a0 kotrmelc\u016f a jimi zp\u016fsoben\u00fdch mod\u0159in p\u0159i naj\u00ed\u017ed\u011bn\u00ed trat\u00ed&#8230;.<\/p>\n<p><a href=\"http:\/\/www.moravecteam.cz\/?attachment_id=11665\" rel=\"attachment wp-att-11665\"><img decoding=\"async\" loading=\"lazy\" class=\" wp-image-11665\" alt=\"IMG_5500\" src=\"http:\/\/www.moravecteam.cz\/wp-content\/uploads\/2018\/04\/IMG_5500.jpg\" width=\"1261\" height=\"965\" srcset=\"https:\/\/www.moravecteam.cz\/wp-content\/uploads\/2018\/04\/IMG_5500.jpg 1261w, https:\/\/www.moravecteam.cz\/wp-content\/uploads\/2018\/04\/IMG_5500-300x229.jpg 300w, https:\/\/www.moravecteam.cz\/wp-content\/uploads\/2018\/04\/IMG_5500-1024x783.jpg 1024w\" sizes=\"(max-width: 1261px) 100vw, 1261px\" \/><\/a><\/p>\n<dl class=\"wp-caption alignnone\" id=\"attachment_11665\" style=\"width: 1271px;\">\n<dd class=\"wp-caption-dd\">&#8230;a pak u\u017e se Jon\u00e1\u0161kovi k v\u00edt\u011bzstv\u00ed pokolonil jak skv\u011bl\u00fd para-cyklista Jirka Je\u017eek (vlevo), tak i Svazov\u00fd prezident Petr Marek.<\/dd>\n<\/dl>\n<p style=\"text-align: justify;\">V d\u00edvk\u00e1ch ml\u00e1d\u00ed 9-10 let jsme m\u011bli n\u00e1sledn\u011b na startu hned t\u0159i &#8222;kon\u011b&#8220;, ze kter\u00fdch byla nejrychlej\u0161\u00ed <strong><span style=\"color: #800000;\">Barunka Janovsk\u00e1<\/span><\/strong>. V\u00edt\u011bzstv\u00edm sice sv\u00e9ho br\u00e1chu nezkop\u00edrovala, nicm\u00e9n\u011b 5. m\u00edsto v konkurenci 30 bikerek svou cenu ur\u010dit\u011b m\u00e1! 21. m\u00edsto <strong><span style=\"color: #800000;\">Just\u00fdnky Novotn\u00e9<\/span><\/strong> je t\u0159eba hodnotit z pohledu jej\u00edho p\u00e1du v posledn\u00edm kole (do t\u00e9 doby jela v elitn\u00ed des\u00edtce), a 23. &#8222;fl\u00ed\u010dek&#8220; <strong><span style=\"color: #800000;\">Lucinky Koudelkov\u00e9<\/span> <\/strong>zase ur\u010dit\u011b ovlivnila skute\u010dnost, \u017ee Lucka jela v onu sobotu u\u017e druh\u00fd z\u00e1vod (startovala na Kole pro \u017eivot, kter\u00e9 se shodou okolnost\u00ed jelo tak\u00e9 v Praze). V t\u00e9to souvislosti si dovol\u00edm \u0159\u00edci sv\u016fj n\u00e1zor, kter\u00fd budu na jedn\u00e1n\u00ed s tren\u00e9ry obhajovat, a kter\u00fd m\u00e1 jednoduchou formulaci: jeden den: jeden z\u00e1vod&#8230; Uvid\u00edm, jak pochod\u00edm&#8230;<\/p>\n<figure id=\"attachment_11662\" aria-describedby=\"caption-attachment-11662\" style=\"width: 1567px\" class=\"wp-caption alignnone\"><a href=\"http:\/\/www.moravecteam.cz\/?attachment_id=11662\" rel=\"attachment wp-att-11662\"><img decoding=\"async\" loading=\"lazy\" class=\" wp-image-11662\" alt=\"IMG_5488\" src=\"http:\/\/www.moravecteam.cz\/wp-content\/uploads\/2018\/04\/IMG_5488.jpg\" width=\"1567\" height=\"900\" srcset=\"https:\/\/www.moravecteam.cz\/wp-content\/uploads\/2018\/04\/IMG_5488.jpg 1567w, https:\/\/www.moravecteam.cz\/wp-content\/uploads\/2018\/04\/IMG_5488-300x172.jpg 300w, https:\/\/www.moravecteam.cz\/wp-content\/uploads\/2018\/04\/IMG_5488-1024x588.jpg 1024w\" sizes=\"(max-width: 1567px) 100vw, 1567px\" \/><\/a><figcaption id=\"caption-attachment-11662\" class=\"wp-caption-text\">Modr\u00e1 je dobr\u00e1&#8230;.<\/figcaption><\/figure>\n<p style=\"text-align: justify;\"><strong><span style=\"color: #800000;\">Matou\u0161 Lipensk\u00fd<\/span><\/strong> staroval v z\u00e1vod\u011b v konkurenci 50 (!) stejn\u011b mlad\u00fdch kluk\u016f z &#8222;prvn\u00ed&#8220; br\u00e1zdy a i z tohoto pohledu byl m\u00fdm tajn\u00fdm favoritem a \u010dern\u00fdm kon\u011bm z\u00e1vodu. V c\u00edli\u00a0 nakonec z toho bylo um\u00edst\u011bn\u00ed v TOP20.\u00a0 V nezvykle parn\u00e9, p\u0159edposlen\u00ed dubnov\u00e9 sobot\u011b r. 2018 n\u00e1sledovaly v lesoparku v Praze \u0158ep\u00edch &#8211; starty mlad\u0161\u00edch \u017e\u00e1k\u016f a \u017e\u00e1ky\u0148. Do boje \u0161li nejd\u0159\u00edve t\u0159i na\u0161e holky:<span style=\"color: #008000;\"><a href=\"https:\/\/www.youtube.com\/watch?v=YwLxhTEcZdk\"><span style=\"color: #008000;\"><strong><span style=\"color: #800000;\"> Am\u00e1lka Gotwaldov\u00e1<\/span><\/strong>, <span style=\"color: #800000;\"><strong>Bar\u010da Tlamkov\u00e1<\/strong><\/span> a <span style=\"color: #800000;\"><strong>Ani\u010dka Han\u00e1kov\u00e1<\/strong><\/span>.<\/span><\/a><\/span> Nutno jednozna\u010dn\u011b konstatovat, \u017ee se v\u0161echny t\u0159i p\u0159edvedly v konkurenci 34 soupe\u0159ek v tom nejlep\u0161\u00edm sv\u011btle. Cyklistick\u00e9 odborn\u00edky v dobr\u00e9m slova smyslu \u0161okoval v\u00fdkon p\u0159edev\u0161\u00edm v c\u00edli \u010dtvrt\u00e9 Am\u00e1lky Gottwaldov\u00e9, ale i um\u00edst\u011bn\u00ed Bar\u010di s Ani\u010dkou na po\u010d\u00e1tku t\u0159et\u00ed des\u00edtky v\u00fdsledkov\u00fdch listin je vysoce hodnoceno&#8230; MORAVEC Team &#8211; &#8222;z\u0159ejm\u011b slu\u0161nej vodd\u00edl&#8220;&#8230; T\u00edm sp\u00ed\u0161e, \u017ee pro v\u0161echna t\u0159i d\u011bv\u010data se jednalo prakticky o prvn\u00ed z\u00e1vod \u010cesk\u00e9ho MTB poh\u00e1ru&#8230;<\/p>\n<figure id=\"attachment_11663\" aria-describedby=\"caption-attachment-11663\" style=\"width: 2048px\" class=\"wp-caption alignnone\"><a href=\"http:\/\/www.moravecteam.cz\/?attachment_id=11663\" rel=\"attachment wp-att-11663\"><img decoding=\"async\" loading=\"lazy\" class=\" wp-image-11663\" alt=\"IMG_5494\" src=\"http:\/\/www.moravecteam.cz\/wp-content\/uploads\/2018\/04\/IMG_5494.jpg\" width=\"2048\" height=\"1536\" srcset=\"https:\/\/www.moravecteam.cz\/wp-content\/uploads\/2018\/04\/IMG_5494.jpg 2048w, https:\/\/www.moravecteam.cz\/wp-content\/uploads\/2018\/04\/IMG_5494-300x225.jpg 300w, https:\/\/www.moravecteam.cz\/wp-content\/uploads\/2018\/04\/IMG_5494-1024x768.jpg 1024w\" sizes=\"(max-width: 2048px) 100vw, 2048px\" \/><\/a><figcaption id=\"caption-attachment-11663\" class=\"wp-caption-text\">Sobotn\u00ed &#8222;mumraj&#8220; v hlavn\u00edm stanu&#8230;<\/figcaption><\/figure>\n<p style=\"text-align: justify;\">Na\u0161i kluci, respektive kluk &#8211; <strong><span style=\"color: #800000;\">Maty\u00e1\u0161 Koudelka<\/span><\/strong> &#8211;\u00a0 ve stejn\u00e9 v\u011bkov\u00e9 kategorii &#8211; z\u016fstal za v\u00fdsledkem d\u011bv\u010dat hodn\u011b vzd\u00e1len. Na jeho obhajobu je t\u0159eba objektivn\u011b doplnit jednak informaci o tom, \u017ee na startu m\u011bl &#8222;Maty&#8220; celkem 92(!) soupe\u0159\u016f, a \u017ee i on, stejn\u011b jako jeho sestra Lucie, m\u011bl ten den u\u017e v noh\u00e1ch z\u00e1vod s\u00e9rie Kolo pro \u017divot. Jako &#8222;prvoro\u010da\u010dka&#8220; si premi\u00e9ru v Praze za\u017e\u00edvala mezi star\u0161\u00edmi \u017e\u00e1kyn\u011bmi <strong><span style=\"color: #800000;\">Eli\u0161ka Han\u00e1kov\u00e1<\/span><\/strong>. A \u017ee je mezi holkami &#8222;mlad\u00e1&#8220; to na trati v\u016fbec nevypadalo&#8230; Naopak! &#8222;Ellis&#8220; jela v\u00fdborn\u00fd z\u00e1vod a dlouho to vypadalo, \u017ee se prosad\u00ed mezi star\u0161\u00edmi a zku\u0161en\u011bj\u0161\u00edmi soupe\u0159kami (m\u011bla jich na startu celkem 42) do TOP10. Jeden\u00e1ct\u00fdm m\u00edstem v c\u00edli ji toto um\u00edst\u011bn\u00ed nakonec t\u011bsn\u011b uniklo, ale &#8211; a to nechci b\u00fdt \u0161patn\u00fdm prorokem &#8211; je podle m\u011b jen ot\u00e1zkou \u010dasu, kdy se to c\u00edlev\u011bdom\u00e9, piln\u00e9 a dob\u0159e metodicky veden\u00e9 na\u0161\u00ed mlad\u00e9 bikerce poda\u0159\u00ed!<\/p>\n<figure id=\"attachment_11666\" aria-describedby=\"caption-attachment-11666\" style=\"width: 1372px\" class=\"wp-caption alignnone\"><a href=\"http:\/\/www.moravecteam.cz\/?attachment_id=11666\" rel=\"attachment wp-att-11666\"><img decoding=\"async\" loading=\"lazy\" class=\" wp-image-11666\" alt=\"IMG_5510\" src=\"http:\/\/www.moravecteam.cz\/wp-content\/uploads\/2018\/04\/IMG_5510.jpg\" width=\"1372\" height=\"1090\" srcset=\"https:\/\/www.moravecteam.cz\/wp-content\/uploads\/2018\/04\/IMG_5510.jpg 1372w, https:\/\/www.moravecteam.cz\/wp-content\/uploads\/2018\/04\/IMG_5510-300x238.jpg 300w, https:\/\/www.moravecteam.cz\/wp-content\/uploads\/2018\/04\/IMG_5510-1024x813.jpg 1024w\" sizes=\"(max-width: 1372px) 100vw, 1372px\" \/><\/a><figcaption id=\"caption-attachment-11666\" class=\"wp-caption-text\">Opory podp\u016frn\u00e9ho teamu: Karel V\u0161etula (vlevo) a Petr \u0160ich.<\/figcaption><\/figure>\n<p style=\"text-align: justify;\">T\u0159\u00ed na\u0161i star\u0161\u00ed \u017e\u00e1ci &#8211; <strong><span style=\"color: #800000;\">Roman \u0160indel\u00e1\u0159<\/span><\/strong>, <strong><span style=\"color: #800000;\">V\u00ed\u0165a Lipensk\u00fd<\/span><\/strong> a <strong><span style=\"color: #800000;\">Luk\u00e1\u0161 Sedl\u00e1k<\/span><\/strong>, jejich\u017e startem\u00a0 sobotn\u00ed program premi\u00e9rov\u00e9ho z\u00e1vodu \u010cesk\u00e9ho poh\u00e1ru horsk\u00fdch kol v Praze &#8211; \u0158ep\u00edch vyvrcholil, a kter\u00fdm se se\u0161la na startu op\u011bt devades\u00e1tihlav\u00e1 (!) konkurence to m\u011bli t\u00edm p\u00e1dem o dost t\u011b\u017e\u0161\u00ed, ne\u017e holky, ve smyslu prosadit se na bodovan\u00e1 m\u00edsta&#8230; Mysl\u00edm ale, \u017ee maj\u00ed v dal\u0161\u00edch z\u00e1vodech na to, aby v\u0161ichni t\u0159i t\u00e9to z\u00e1kladn\u00ed odd\u00edlov\u00e9 mety pravideln\u011b dosahovali&#8230; A kdo v\u00ed&#8230; Mo\u017en\u00e1 se jim to poda\u0159\u00ed u\u017e za 14 dn\u00ed v Brn\u011b! Budeme se t\u011b\u0161it!<\/p>\n<figure id=\"attachment_11667\" aria-describedby=\"caption-attachment-11667\" style=\"width: 1091px\" class=\"wp-caption alignnone\"><a href=\"http:\/\/www.moravecteam.cz\/?attachment_id=11667\" rel=\"attachment wp-att-11667\"><img decoding=\"async\" loading=\"lazy\" class=\" wp-image-11667\" alt=\"IMG_5517\" src=\"http:\/\/www.moravecteam.cz\/wp-content\/uploads\/2018\/04\/IMG_5517.jpg\" width=\"1091\" height=\"1463\" srcset=\"https:\/\/www.moravecteam.cz\/wp-content\/uploads\/2018\/04\/IMG_5517.jpg 1091w, https:\/\/www.moravecteam.cz\/wp-content\/uploads\/2018\/04\/IMG_5517-223x300.jpg 223w, https:\/\/www.moravecteam.cz\/wp-content\/uploads\/2018\/04\/IMG_5517-763x1024.jpg 763w\" sizes=\"(max-width: 1091px) 100vw, 1091px\" \/><\/a><figcaption id=\"caption-attachment-11667\" class=\"wp-caption-text\">Jak zhodnot\u00ed tren\u00e9\u0159i po Praze svoje sv\u011b\u0159ence?<\/figcaption><\/figure>\n<p style=\"text-align: justify;\">Ned\u011ble byla v Praze \u0158ep\u00edch ur\u010dit\u011b z\u00e1vodnicky kvalitn\u011bj\u0161\u00ed, ale prost\u0159ed\u00ed bylo paradoxn\u011b a logicky z\u00e1rove\u0148 &#8211; komorn\u011bj\u0161\u00ed&#8230; P\u0159esto: kadet\u016f i junior\u016f se se\u0161lo na startu ve srovn\u00e1n\u00ed s minul\u00fdmi l\u00e9ty nad pr\u016fm\u011br a s p\u0159i\u010dten\u00edm s tak\u0159ka &#8222;masovou&#8220; \u00fa\u010dast\u00ed mlad\u0161\u00edch a star\u0161\u00edch\u00a0 \u017e\u00e1k\u016f na startech v p\u0159edchoz\u00edm dnu, je to pro budoucnost \u010desk\u00e9ho bikinku dobr\u00e1, moc dobr\u00e1 skute\u010dnost! A n\u00e1s velmi pot\u011b\u0161ilo, \u017ee i v ned\u011bli byly dresy MORAVEC Teamu, vzor 2018, v pop\u0159ed\u00ed v\u00fdsledkov\u00fdch listin hodn\u011b vid\u011bt!<\/p>\n<figure id=\"attachment_11670\" aria-describedby=\"caption-attachment-11670\" style=\"width: 2048px\" class=\"wp-caption alignnone\"><a href=\"http:\/\/www.moravecteam.cz\/?attachment_id=11670\" rel=\"attachment wp-att-11670\"><img decoding=\"async\" loading=\"lazy\" class=\" wp-image-11670\" alt=\"IMG_5528\" src=\"http:\/\/www.moravecteam.cz\/wp-content\/uploads\/2018\/04\/IMG_5528.jpg\" width=\"2048\" height=\"1536\" srcset=\"https:\/\/www.moravecteam.cz\/wp-content\/uploads\/2018\/04\/IMG_5528.jpg 2048w, https:\/\/www.moravecteam.cz\/wp-content\/uploads\/2018\/04\/IMG_5528-300x225.jpg 300w, https:\/\/www.moravecteam.cz\/wp-content\/uploads\/2018\/04\/IMG_5528-1024x768.jpg 1024w\" sizes=\"(max-width: 2048px) 100vw, 2048px\" \/><\/a><figcaption id=\"caption-attachment-11670\" class=\"wp-caption-text\">Karla \u0160t\u011bp\u00e1nov\u00e1 si v Praze &#8222;pohr\u00e1la&#8220; s konkurenc\u00ed&#8230;<\/figcaption><\/figure>\n<p style=\"text-align: justify;\">Pozitivn\u011b n\u00e1s naladil u\u017e v prvn\u00edm startu mu\u017e\u016f EXPERT <strong><span style=\"color: #800000;\">Pe\u0165a \u0160ich.<\/span> <\/strong>Pravda, sv\u00e9ho c\u00edle &#8211; um\u00edst\u011bn\u00ed v TOP10 &#8211; nakonec nedos\u00e1hnul, ale neb\u00fdt postartovn\u00ed kolize, do kter\u00e9 se zapletl, spln\u011bn\u00ed c\u00edle, kter\u00fd si stanovil, bylo re\u00e1ln\u00e9. V n\u00e1sledn\u00e9m z\u00e1vod\u011b kadet\u016f, kter\u00fdch se se\u0161lo na startu 82(!), jsme ma\u010dkali palce <span style=\"color: #800000;\"><strong>Honzovi &#8222;D\u017eonovi&#8220; \u0160indel\u00e1\u0159ovi<\/strong><\/span>. A &#8222;D\u017eonymu&#8220; to v Praze fakt sedlo! Zajel asi \u017eivotn\u00ed z\u00e1vod a odm\u011bnou mu bylo v c\u00edli v &#8222;na\u0159\u00edzl\u00e9&#8220; konkurenci, kterou umocnili i v\u00fdborn\u00ed z\u00e1vodn\u00edc\u00ed ze zahrani\u010d\u00ed &#8211; 9. m\u00edsto! V t\u00e9to kategorii jsme &#8211; samo-\u017ee, zatleskali i <strong><span style=\"color: #800000;\">Tom\u00e1\u0161i Tlamkovi &#8222;Contadorovi&#8220;<\/span><\/strong>, kter\u00fd bral taky po v\u00fdborn\u00e9m v\u00fdkonu um\u00edst\u011bn\u00ed dokonce v TOP5! Je dobr\u00fdm pocitem, m\u00edt dva rajdry v u\u017e\u0161\u00ed \u010desk\u00e9 kadetsk\u00e9 \u0161pi\u010dce..!<\/p>\n<figure id=\"attachment_11668\" aria-describedby=\"caption-attachment-11668\" style=\"width: 2048px\" class=\"wp-caption alignnone\"><a href=\"http:\/\/www.moravecteam.cz\/?attachment_id=11668\" rel=\"attachment wp-att-11668\"><img decoding=\"async\" loading=\"lazy\" class=\" wp-image-11668\" alt=\"IMG_5530\" src=\"http:\/\/www.moravecteam.cz\/wp-content\/uploads\/2018\/04\/IMG_5530.jpg\" width=\"2048\" height=\"1536\" srcset=\"https:\/\/www.moravecteam.cz\/wp-content\/uploads\/2018\/04\/IMG_5530.jpg 2048w, https:\/\/www.moravecteam.cz\/wp-content\/uploads\/2018\/04\/IMG_5530-300x225.jpg 300w, https:\/\/www.moravecteam.cz\/wp-content\/uploads\/2018\/04\/IMG_5530-1024x768.jpg 1024w\" sizes=\"(max-width: 2048px) 100vw, 2048px\" \/><\/a><figcaption id=\"caption-attachment-11668\" class=\"wp-caption-text\">V z\u00e1vod\u011b mu\u017e\u016f ELITE &#8222;tvrdil muziku&#8220; hlavn\u011b v c\u00edli t\u0159et\u00ed &#8211; Ondra Cink. Jardo &#8211; pozor!<\/figcaption><\/figure>\n<p style=\"text-align: justify;\">V dal\u0161\u00edch startech ned\u011bln\u00edho pra\u017esk\u00e9ho bikov\u00e9ho dne jsme m\u011bli je\u0161t\u011b t\u0159i &#8222;\u017eel\u00edzka v ohni&#8220;&#8230; Po kadetech \u0161lo na v\u011bc (taky) \u00factyhodn\u00fdch 79 junior\u016f, v\u010detn\u011b na\u0161eho <strong><span style=\"color: #800000;\">Toma Dou\u0161ka<\/span><\/strong>.\u00a0 Ten v\u0161ak po dvou objet\u00fdch kolech musel z\u00e1vod z d\u016fvodu zdravotn\u00ed indispozice vzd\u00e1t&#8230; To na\u0161e debutantka, <strong><span style=\"color: #800000;\">Kl\u00e1ra Odehnalov\u00e1<\/span><\/strong>, zajela v z\u00e1vod\u011b kadetek (v popoledn\u00ed v\u00fdhn\u00ed &#8211; 33\u00b0C na slunci startovali spole\u010dn\u011b s juniorkami a \u017eenami) &#8211; v\u00fdkonnostn\u00ed strop sv\u00e9 kra\u0165ou\u010dk\u00e9 z\u00e1vodn\u00ed kari\u00e9ry! Na rozd\u00edl od <strong><span style=\"color: #800000;\">Jirky \u0160t\u011bpan\u00edka<\/span><\/strong>, na\u0161eho jedin\u00e9ho z\u00e1stuupce v z\u00e1vod\u011b mu\u017e\u016f ELITE (ovl\u00e1dl ho nakonec zlato-st\u0159\u00edbrn\u00fd olympionik <span style=\"color: #339966;\"><a href=\"https:\/\/cs.wikipedia.org\/wiki\/Jaroslav_Kulhav%C3%BD\"><span style=\"color: #339966;\"><strong><span style=\"color: #800000;\">Jarda Kulhav\u00fd<\/span><\/strong><\/span><\/a><\/span>), kter\u00fd po prvn\u00edm kole pro zdravotn\u00ed obt\u00ed\u017ee, podobn\u011b jako junior Tom\u00e1\u0161 Dou\u0161ek, z\u00e1vod vzdal&#8230;<\/p>\n<figure id=\"attachment_11671\" aria-describedby=\"caption-attachment-11671\" style=\"width: 750px\" class=\"wp-caption alignnone\"><a href=\"http:\/\/www.moravecteam.cz\/?attachment_id=11671\" rel=\"attachment wp-att-11671\"><img decoding=\"async\" loading=\"lazy\" class=\" wp-image-11671\" alt=\"IMG_5502\" src=\"http:\/\/www.moravecteam.cz\/wp-content\/uploads\/2018\/04\/IMG_5502.jpg\" width=\"750\" height=\"820\" srcset=\"https:\/\/www.moravecteam.cz\/wp-content\/uploads\/2018\/04\/IMG_5502.jpg 750w, https:\/\/www.moravecteam.cz\/wp-content\/uploads\/2018\/04\/IMG_5502-274x300.jpg 274w\" sizes=\"(max-width: 750px) 100vw, 750px\" \/><\/a><figcaption id=\"caption-attachment-11671\" class=\"wp-caption-text\">A je\u0161t\u011b jedou n\u00e1\u0161 zlat\u00fd medailista z Prahy- Jon\u00e1\u0161ek Janovsk\u00fd!<\/figcaption><\/figure>\n<p style=\"text-align: justify;\">No tak jo! Prvn\u00ed MTB &#8222;poh\u00e1r&#8220; m\u00e1me &#8211; \u0159ekl bych se ct\u00ed &#8211; za sebou. &#8222;Hluch\u00e1 m\u00edsta&#8220;, kter\u00e1 samoz\u0159ejm\u011b vn\u00edm\u00e1me, do MTB \u010cP v Brn\u011b (5.-6.5. 2018) je je\u0161t\u011b dolad\u00edme, ka\u017edop\u00e1dn\u011b nov\u00fd model s v\u011bt\u0161\u00ed anga\u017eovanost\u00ed\u00a0 rodi\u010d\u016f na\u0161ich mlad\u00fdch rajdr\u016f, z m\u00e9ho pohledu zafungoval a ur\u010do touto nastoupenou cestou p\u016fjdeme i v budoucnu. A kdy\u017e uv\u00e1\u017e\u00edm, \u017ee v Brn\u011b nasad\u00edme do boj\u016f ur\u010do je\u0161t\u011b dal\u0161\u00ed &#8222;\u017dol\u00edky&#8220; (Vinick\u00fd, Pad\u011bra, \u017dern\u00ed\u010dkov\u00e1, sestry Barto\u0161ovic, Ton\u00edk Han\u00e1k&#8230;), mohl by b\u00fdt &#8211; a j\u00e1 pevn\u011b douf\u00e1m, \u017ee bude &#8211; v\u00fdsledek oproti Praze je\u0161t\u011b lep\u0161\u00ed! Tu\u0165 mrkn\u011bte na &#8211; zat\u00edm <a href=\"http:\/\/moravecteam.rajce.idnes.cz\/2018.04.21.-22._CP_MTB_Praha_-_Repy\/\"><strong>skromnou &#8211; fotogalerii<\/strong><\/a> (v\u011b\u0159te, \u017ee d\u0159\u00edv nebo pozd\u011bji bude l\u00edp &#8211; <strong><span style=\"color: #800000;\">Karel V\u0161etula<\/span><\/strong> &#8222;nacvakal&#8220; v Praze bezm\u00e1la 1000 fotek), a zde si odkontrolujte na\u0161e <a href=\"http:\/\/sportsoft.cz\/cs\/zavod\/overview\/2426\"><strong>v\u00fdsledky<\/strong><\/a>, kter\u00e9 jsem v\u00fd\u0161e okomentoval. Info z prvn\u00edmu MTB \u010cP je samoz\u0159ejm\u011b i zde: <strong><a href=\"http:\/\/www.poharmtb.cz\/1-zavod-cp-strabag-mtb-cup-praha-repy\/\">ofici\u00e1ln\u00ed str\u00e1nka \u010cesk\u00e9ho poh\u00e1ru horsk\u00fdch kol&#8230;<\/a><\/strong><\/p>\n","protected":false},"excerpt":{"rendered":"<p>Opatrn\u00fd optimismus, kter\u00fd jsme po absolvov\u00e1n\u00ed\u00a0 p\u0159edem pl\u00e1novan\u00fdch \u010d\u00e1st\u00ed zimn\u00ed p\u0159\u00edpravy v souvislosti se stavem p\u0159ipravenosti rajdr\u016f MORAVEC Teamu c\u00edtili, se v Praze, na prvn\u00edm z\u00e1vod\u011b MTB \u010cesk\u00e9ho poh\u00e1ru naplnil. Celkem 19 (!) na\u0161ich zas\u00e1hlo do boj\u016f nejvy\u0161\u0161\u00ed \u010desk\u00e9 MTB ligy minul\u00fd p\u00e1tek v Praze &#8211; \u0158ep\u00edch a z toho 13 (tj. &#8211; pro vaznava\u010de &hellip; <a href=\"https:\/\/www.moravecteam.cz\/?p=11657\" class=\"more-link\">Pokra\u010dov\u00e1n\u00ed textu <span class=\"screen-reader-text\">Praha? Dost dobr\u00fd..!<\/span> <span class=\"meta-nav\">&rarr;<\/span><\/a><\/p>\n","protected":false},"author":3,"featured_media":11661,"comment_status":"open","ping_status":"closed","sticky":false,"template":"","format":"standard","meta":[],"categories":[1],"tags":[],"_links":{"self":[{"href":"https:\/\/www.moravecteam.cz\/index.php?rest_route=\/wp\/v2\/posts\/11657"}],"collection":[{"href":"https:\/\/www.moravecteam.cz\/index.php?rest_route=\/wp\/v2\/posts"}],"about":[{"href":"https:\/\/www.moravecteam.cz\/index.php?rest_route=\/wp\/v2\/types\/post"}],"author":[{"embeddable":true,"href":"https:\/\/www.moravecteam.cz\/index.php?rest_route=\/wp\/v2\/users\/3"}],"replies":[{"embeddable":true,"href":"https:\/\/www.moravecteam.cz\/index.php?rest_route=%2Fwp%2Fv2%2Fcomments&post=11657"}],"version-history":[{"count":12,"href":"https:\/\/www.moravecteam.cz\/index.php?rest_route=\/wp\/v2\/posts\/11657\/revisions"}],"predecessor-version":[{"id":11689,"href":"https:\/\/www.moravecteam.cz\/index.php?rest_route=\/wp\/v2\/posts\/11657\/revisions\/11689"}],"wp:featuredmedia":[{"embeddable":true,"href":"https:\/\/www.moravecteam.cz\/index.php?rest_route=\/wp\/v2\/media\/11661"}],"wp:attachment":[{"href":"https:\/\/www.moravecteam.cz\/index.php?rest_route=%2Fwp%2Fv2%2Fmedia&parent=11657"}],"wp:term":[{"taxonomy":"category","embeddable":true,"href":"https:\/\/www.moravecteam.cz\/index.php?rest_route=%2Fwp%2Fv2%2Fcategories&post=11657"},{"taxonomy":"post_tag","embeddable":true,"href":"https:\/\/www.moravecteam.cz\/index.php?rest_route=%2Fwp%2Fv2%2Ftags&post=11657"}],"curies":[{"name":"wp","href":"https:\/\/api.w.org\/{rel}","templated":true}]}}