{"id":1177,"date":"2015-08-09T11:29:32","date_gmt":"2015-08-09T09:29:32","guid":{"rendered":"http:\/\/www.moravecteam.cz\/?p=1177"},"modified":"2015-08-11T23:34:43","modified_gmt":"2015-08-11T21:34:43","slug":"adam-vystrcil-ruzky","status":"publish","type":"post","link":"https:\/\/www.moravecteam.cz\/?p=1177","title":{"rendered":"Adam vystr\u010dil r\u016f\u017eky!"},"content":{"rendered":"<p style=\"text-align: justify;\"><strong><span style=\"color: #800000;\">Dal\u0161\u00ed z odchovanc\u016f MORAVCE, Adam Sekanina, kter\u00fd v r. 2013 p\u0159esedlal na silni\u010dn\u00ed kolo, a kter\u00fd h\u00e1j\u00ed toho \u010dasu barvy t\u00fdmu Favorit Brno, o sob\u011b nechal hodn\u011b sly\u0161et na pr\u00e1v\u011b skon\u010den\u00e9m presti\u017en\u00edm \u010dty\u0159etapov\u00e9m mezin\u00e1rodn\u00edm z\u00e1vod\u011b Vyso\u010dina Tour. Sedm\u00e9 m\u00edsto v elitn\u00ed kategorii je pro Adama supr v\u00fdsledek, nav\u00edc v\u00fdraznou m\u011brou pomohl i sv\u00e9mu t\u00fdmu k v\u00edt\u011bzstv\u00ed v sout\u011b\u017ei dru\u017estev.<\/span><\/strong><\/p>\n<figure id=\"attachment_1200\" aria-describedby=\"caption-attachment-1200\" style=\"width: 733px\" class=\"wp-caption alignnone\"><a href=\"http:\/\/www.moravecteam.cz\/?attachment_id=1200\" rel=\"attachment wp-att-1200\"><img decoding=\"async\" loading=\"lazy\" class=\" wp-image-1200 \" alt=\"casovka_jednotlivci133\" src=\"http:\/\/www.moravecteam.cz\/wp-content\/uploads\/2015\/08\/casovka_jednotlivci133.jpg\" width=\"733\" height=\"638\" srcset=\"https:\/\/www.moravecteam.cz\/wp-content\/uploads\/2015\/08\/casovka_jednotlivci133.jpg 733w, https:\/\/www.moravecteam.cz\/wp-content\/uploads\/2015\/08\/casovka_jednotlivci133-300x261.jpg 300w\" sizes=\"(max-width: 733px) 100vw, 733px\" \/><\/a><figcaption id=\"caption-attachment-1200\" class=\"wp-caption-text\">Kvality silni\u010d\u00e1\u0159e prokzal Adam Sekanina u\u017e na M\u010cR \u017e\u00e1k\u016f a kadet\u016f v roce 2010 na Bene\u0161ov\u011b. Vzpom\u00edn\u00e1te? Byl to on, kdo &#8222;ud\u011blal&#8220; odv\u00e1\u017en\u00fdm \u00fanikem z\u00e1vod kadet\u016f &#8211; jednotlivc\u016f, by\u0165 tehdy nakonec dojel &#8222;a\u017e&#8220; \u0161est\u00fd&#8230;<\/figcaption><\/figure>\n<p style=\"text-align: justify;\"><strong><\/strong>U\u017e v prvn\u00ed etap\u011b, kter\u00e1 m\u011b\u0159ila 122 km a jela se v okol\u00ed P\u0159ibyslavi, se rod\u00e1k z obce Such\u00fd, bl\u00fdskl des\u00e1t\u00fdm m\u00edstem a stejn\u00e9ho v\u00fdsledku dos\u00e1hl i v etap\u011b drh\u00e9 (133 km v okol\u00ed Poli\u010dky). Na v\u00fdborn\u00e9 v\u00fdkony\u00a0\u00a0nav\u00e1zal i v\u00a0dal\u0161\u00edch dvou etap\u00e1ch, kter\u00e9 se jely v okol\u00ed Byst\u0159ice nad Prn\u0161tejnem, a kter\u00e9 m\u011b\u0159ili 128 resp. 82 km. V kone\u010dn\u00e9m sum\u00e1\u0159i ztratil na v\u00edt\u011bzn\u00e9ho Raku\u0161ana Gaubitze pouho-pouh\u00fdch 31 vte\u0159inek&#8230; Bravo Adame, blahop\u0159ejeme k v\u00fdkonu i v\u00fdsledku! Stru\u010dn\u00e9 reporty z jednotliv\u00fdch etap studujte zde:<\/p>\n<p style=\"text-align: justify;\">I.<strong><a href=\"http:\/\/www.ceskysvazcyklistiky.cz\/clanek\/4291_prvni-etapa-vysociny-pro-nemce-dinklera\">http:\/\/www.ceskysvazcyklistiky.cz\/clanek\/4291_prvni-etapa-vysociny-pro-nemce-dinklera<\/a><\/strong><\/p>\n<p style=\"text-align: justify;\">II.<strong><a href=\"http:\/\/www.ceskysvazcyklistiky.cz\/clanek\/4293_nemec-dinkler-haji-na-vysocine-vedeni\">http:\/\/www.ceskysvazcyklistiky.cz\/clanek\/4293_nemec-dinkler-haji-na-vysocine-vedeni<\/a><\/strong><\/p>\n<p style=\"text-align: justify;\">III.<strong><a href=\"http:\/\/www.ceskysvazcyklistiky.cz\/clanek\/4296_na-vysocine-vyhral-treti-etapu-medek\">http:\/\/www.ceskysvazcyklistiky.cz\/clanek\/4296_na-vysocine-vyhral-treti-etapu-medek<\/a><\/strong><\/p>\n<p style=\"text-align: justify;\">IV.<strong><a href=\"http:\/\/www.ceskysvazcyklistiky.cz\/clanek\/4301_rakusan-gaubitz-vitezem-zavodu-vysocina-2015\">http:\/\/www.ceskysvazcyklistiky.cz\/clanek\/4301_rakusan-gaubitz-vitezem-zavodu-vysocina-2015<\/a><\/strong><\/p>\n","protected":false},"excerpt":{"rendered":"<p>Dal\u0161\u00ed z odchovanc\u016f MORAVCE, Adam Sekanina, kter\u00fd v r. 2013 p\u0159esedlal na silni\u010dn\u00ed kolo, a kter\u00fd h\u00e1j\u00ed toho \u010dasu barvy t\u00fdmu Favorit Brno, o sob\u011b nechal hodn\u011b sly\u0161et na pr\u00e1v\u011b skon\u010den\u00e9m presti\u017en\u00edm \u010dty\u0159etapov\u00e9m mezin\u00e1rodn\u00edm z\u00e1vod\u011b Vyso\u010dina Tour. Sedm\u00e9 m\u00edsto v elitn\u00ed kategorii je pro Adama supr v\u00fdsledek, nav\u00edc v\u00fdraznou m\u011brou pomohl i sv\u00e9mu t\u00fdmu k &hellip; <a href=\"https:\/\/www.moravecteam.cz\/?p=1177\" class=\"more-link\">Pokra\u010dov\u00e1n\u00ed textu <span class=\"screen-reader-text\">Adam vystr\u010dil r\u016f\u017eky!<\/span> <span class=\"meta-nav\">&rarr;<\/span><\/a><\/p>\n","protected":false},"author":3,"featured_media":1190,"comment_status":"closed","ping_status":"closed","sticky":false,"template":"","format":"standard","meta":[],"categories":[1],"tags":[],"_links":{"self":[{"href":"https:\/\/www.moravecteam.cz\/index.php?rest_route=\/wp\/v2\/posts\/1177"}],"collection":[{"href":"https:\/\/www.moravecteam.cz\/index.php?rest_route=\/wp\/v2\/posts"}],"about":[{"href":"https:\/\/www.moravecteam.cz\/index.php?rest_route=\/wp\/v2\/types\/post"}],"author":[{"embeddable":true,"href":"https:\/\/www.moravecteam.cz\/index.php?rest_route=\/wp\/v2\/users\/3"}],"replies":[{"embeddable":true,"href":"https:\/\/www.moravecteam.cz\/index.php?rest_route=%2Fwp%2Fv2%2Fcomments&post=1177"}],"version-history":[{"count":8,"href":"https:\/\/www.moravecteam.cz\/index.php?rest_route=\/wp\/v2\/posts\/1177\/revisions"}],"predecessor-version":[{"id":1206,"href":"https:\/\/www.moravecteam.cz\/index.php?rest_route=\/wp\/v2\/posts\/1177\/revisions\/1206"}],"wp:featuredmedia":[{"embeddable":true,"href":"https:\/\/www.moravecteam.cz\/index.php?rest_route=\/wp\/v2\/media\/1190"}],"wp:attachment":[{"href":"https:\/\/www.moravecteam.cz\/index.php?rest_route=%2Fwp%2Fv2%2Fmedia&parent=1177"}],"wp:term":[{"taxonomy":"category","embeddable":true,"href":"https:\/\/www.moravecteam.cz\/index.php?rest_route=%2Fwp%2Fv2%2Fcategories&post=1177"},{"taxonomy":"post_tag","embeddable":true,"href":"https:\/\/www.moravecteam.cz\/index.php?rest_route=%2Fwp%2Fv2%2Ftags&post=1177"}],"curies":[{"name":"wp","href":"https:\/\/api.w.org\/{rel}","templated":true}]}}