{"id":11837,"date":"2018-05-22T04:27:23","date_gmt":"2018-05-22T02:27:23","guid":{"rendered":"http:\/\/www.moravecteam.cz\/?p=11837"},"modified":"2018-06-04T18:54:57","modified_gmt":"2018-06-04T16:54:57","slug":"horka-se-vsim-vsudy","status":"publish","type":"post","link":"https:\/\/www.moravecteam.cz\/?p=11837","title":{"rendered":"&#8222;Horka&#8220; se v\u0161\u00edm v\u0161udy&#8230;"},"content":{"rendered":"<p style=\"text-align: justify;\"><strong><span style=\"color: #800000;\">Ost\u0159e sledovan\u00e9mu startu 17. ro\u010dn\u00edku MTB Superior &#8211; COLORprofi Poh\u00e1ru Drahansk\u00e9 vrchoviny, kter\u00fd minulou sobotu premi\u00e9rov\u011b a vzorn\u011b pohostil Bene\u0161ov, skute\u010dn\u011b nechyb\u011blo\u00a0tak\u0159ka nic&#8230; Od dramatick\u00fdch souboj\u016f (p\u0159edev\u0161\u00edm v d\u011btsk\u00fdch kategori\u00edch), p\u0159es \u00fa\u010dast mil\u00fdch VIP host\u016f\u00a0a vyda\u0159enou recesn\u00ed pas\u00e1\u017e v podob\u011b UKRAYNA Cupu, a\u017e po kapky krve z od\u0159enin po n\u011bkolika p\u00e1dech, jednu zlomenou kl\u00ed\u010dn\u00ed kost a\u00a0dramatick\u00fd v\u00fdkyv po\u010das\u00ed v posledn\u00ed t\u0159etin\u011b akce&#8230; A k na\u0161\u00ed velk\u00e9 radosti, borci a borky MORAVEC Teamu, kte\u0159\u00ed a kter\u00e9 v sobotu pod &#8222;Horkou&#8220; v t\u00e9to dynamick\u00e9 atmosf\u00e9\u0159e n\u00e1\u0161 odd\u00edl reprezentovali, v\u016fbec nehr\u00e1li \u017e\u00e1dn\u00e9 pod\u0159adn\u00e9 role&#8230; Naopak..!\u00a0\u00a0<\/span><\/strong><\/p>\n<figure id=\"attachment_11855\" aria-describedby=\"caption-attachment-11855\" style=\"width: 730px\" class=\"wp-caption alignnone\"><a href=\"http:\/\/www.moravecteam.cz\/?attachment_id=11855\" rel=\"attachment wp-att-11855\"><img decoding=\"async\" loading=\"lazy\" class=\" wp-image-11855\" alt=\"01\" src=\"http:\/\/www.moravecteam.cz\/wp-content\/uploads\/2018\/05\/01.jpg\" width=\"730\" height=\"856\" srcset=\"https:\/\/www.moravecteam.cz\/wp-content\/uploads\/2018\/05\/01.jpg 730w, https:\/\/www.moravecteam.cz\/wp-content\/uploads\/2018\/05\/01-255x300.jpg 255w\" sizes=\"(max-width: 730px) 100vw, 730px\" \/><\/a><figcaption id=\"caption-attachment-11855\" class=\"wp-caption-text\">V posledn\u00edch dnech nep\u0159emo\u017eiteln\u00e1 Leonka&#8230;<\/figcaption><\/figure>\n<p style=\"text-align: justify;\">U\u017e v dopoledn\u00edm bloku start\u016f n\u00e1s &#8222;namlsala&#8220; <span style=\"color: #800000;\"><strong>Leonka Eclerov\u00e1<\/strong><\/span>, kter\u00e1 si po v\u00edt\u011bzstv\u00ed v z\u00e1vod\u011b odr\u00e1\u017eedel p\u0159ipsala zlato i v z\u00e1vod\u011b d\u00edvek do 6 let (zopakovala jako p\u0159es kop\u00edr\u00e1k sv\u016fj v\u00fdsledek z minul\u00e9ho t\u00fddne z Hul\u00edna). A po zlatu jsme \u0161ilhali d\u00edky <strong><span style=\"color: #800000;\">Magdalence Brto\u0161ov\u00e9<\/span><\/strong> i v z\u00e1vod\u011b holek ml\u00e1d\u00ed 7-8 let! Na st\u0159\u00edbrn\u00fd stup\u00ednek doprovodila &#8222;Majdu&#8220; bronzov\u00e1 <strong><span style=\"color: #800000;\">Lucinka Gottwaldov\u00e1<\/span><\/strong>, kter\u00e1 ve fini\u0161i &#8222;p\u0159etla\u010dila&#8220; dal\u0161\u00ed na\u0161i\u00a0zku\u0161enou z\u00e1vodnici, tentokr\u00e1t &#8222;bramborovou&#8220; Maru\u0161ku Barto\u0161ovou.\u00a0\u00a0\u00a0\u00a0Co se t\u011bsn\u011b nepoda\u0159ilo &#8222;Majd\u011b&#8220;, to v n\u00e1sledn\u00e9m startu dok\u00e1zal\u00a0 jist\u00fdm v\u00edt\u011bzstv\u00edm jej\u00ed t\u00fdmov\u00fd kolega <strong><span style=\"color: #800000;\">Filip Ecler<\/span><\/strong>, kter\u00fd tak z\u0159\u00eddil, \u017ee u Ecler\u016fv Uh\u0159ic\u00edch \u00a0bylo v sobotu ve\u010der asi hodn\u011b veselo! Filip se musel vypo\u0159\u00e1dat s dvac\u00edtkou\u00a0 soupe\u0159\u016f a v\u00fdborn\u011b mu sekundovali v c\u00edli na 5. m\u00edst\u011b Tonda Dosko\u010dil a i 12. Honza Franta Lipensk\u00fd, kter\u00fd si za\u017eil na Bene\u0161ov\u011b tvrdou &#8222;Vrchovinovou&#8220; premi\u00e9ru!<\/p>\n<figure id=\"attachment_11856\" aria-describedby=\"caption-attachment-11856\" style=\"width: 1195px\" class=\"wp-caption alignnone\"><a href=\"http:\/\/www.moravecteam.cz\/?attachment_id=11856\" rel=\"attachment wp-att-11856\"><img decoding=\"async\" loading=\"lazy\" class=\" wp-image-11856\" alt=\"02\" src=\"http:\/\/www.moravecteam.cz\/wp-content\/uploads\/2018\/05\/02.jpg\" width=\"1195\" height=\"1094\" srcset=\"https:\/\/www.moravecteam.cz\/wp-content\/uploads\/2018\/05\/02.jpg 1195w, https:\/\/www.moravecteam.cz\/wp-content\/uploads\/2018\/05\/02-300x274.jpg 300w, https:\/\/www.moravecteam.cz\/wp-content\/uploads\/2018\/05\/02-1024x937.jpg 1024w\" sizes=\"(max-width: 1195px) 100vw, 1195px\" \/><\/a><figcaption id=\"caption-attachment-11856\" class=\"wp-caption-text\">Filip Ecler po v\u00fdborn\u00e9m v\u00fdkonu ovl\u00e1dl z\u00e1vod chlapc\u016f kategorie 7-8 let.<\/figcaption><\/figure>\n<p style=\"text-align: justify;\">Ve druh\u00e9m, p\u0159edpoledn\u00edm startovn\u00edm \u00a0bloku pokra\u010dovalo na\u0161e sympatick\u00e9 bene\u0161ovsk\u00e9 ta\u017een\u00ed na tak\u0159ka dom\u00e1c\u00edch trat\u00edch trojn\u00e1sobn\u00fdm v\u00edt\u011bzstv\u00edm v kategorii d\u00edvek 9-10 let. Dokonalou znalost trat\u011b a poctivost z p\u0159\u00edpravy na z\u00e1vod zde skv\u011ble z\u00faro\u010dila <strong><span style=\"color: #800000;\">Lucie Koudelkov\u00e1<\/span><\/strong>, kter\u00e1 zv\u00edt\u011bzila p\u0159ed sv\u00fdmi t\u00fdmov\u00fdmi kolegyn\u011bmi <span style=\"color: #800000;\"><strong>Br\u010dou Janovskou<\/strong><\/span> a <strong><span style=\"color: #800000;\">Just\u00fdnkou Novotnou<\/span><\/strong>, kter\u00e1 vybojovala bronz po v\u00fdborn\u00e9 st\u00edhac\u00ed j\u00edzd\u011b ze zadn\u00edch pozic dvan\u00e1ctihlav\u00e9ho hlav\u00e9ho d\u00edv\u010d\u00edho startovn\u00edho pole. D\u011bv\u010dat\u016fm p\u0159edch\u00e1zel ten den nejppo\u010detn\u011bji obsazen\u00fd start 29 (!) stejn\u011b mlad\u00fdch hoch\u016f a s trojice na\u0161ich dos\u00e1hl na TOP10 pouze Matou\u0161 Lipensk\u00fd.<\/p>\n<figure id=\"attachment_11857\" aria-describedby=\"caption-attachment-11857\" style=\"width: 2000px\" class=\"wp-caption alignnone\"><a href=\"http:\/\/www.moravecteam.cz\/?attachment_id=11857\" rel=\"attachment wp-att-11857\"><img decoding=\"async\" loading=\"lazy\" class=\" wp-image-11857\" alt=\"03\" src=\"http:\/\/www.moravecteam.cz\/wp-content\/uploads\/2018\/05\/03.jpg\" width=\"2000\" height=\"1628\" srcset=\"https:\/\/www.moravecteam.cz\/wp-content\/uploads\/2018\/05\/03.jpg 2000w, https:\/\/www.moravecteam.cz\/wp-content\/uploads\/2018\/05\/03-300x244.jpg 300w, https:\/\/www.moravecteam.cz\/wp-content\/uploads\/2018\/05\/03-1024x833.jpg 1024w\" sizes=\"(max-width: 2000px) 100vw, 2000px\" \/><\/a><figcaption id=\"caption-attachment-11857\" class=\"wp-caption-text\">Zlato sice putuje &#8222;p\u0159es pole&#8220;, ale st\u0159\u00edbro &#8222;Majdy&#8220; a bronz Lucinky &#8211; &#8222;dost dobr\u00fd&#8220;&#8230;<\/figcaption><\/figure>\n<p style=\"text-align: justify;\">Mnoho nechyb\u011blo,\u00a0a &#8222;tripl&#8220;, jak se \u0159\u00edk\u00e1 absolutn\u00edmu obsazen\u00ed stup\u0148\u016f v\u00edt\u011bz\u016f z\u00e1vodn\u00edky \u010di z\u00e1vodnicemi z jednoho t\u00fdmu, jsme dos\u00e1hli i v z\u00e1vod\u011b mlad\u0161\u00edch \u017e\u00e1ky\u0148. <strong><span style=\"color: #800000;\">Am\u00e1lka Gottwaldov\u00e1<\/span><\/strong> zv\u00edt\u011bzila s p\u0159ehledem a potvrdila tak v\u00fdbornou formu ze z\u00e1vod\u016f \u010cesk\u00e9ho poh\u00e1ru. Na st\u0159\u00edbrn\u00e9m stup\u00ednku j\u00ed sekundovala <span style=\"color: #800000;\"><strong>Ani\u010dka Han\u00e1kov\u00e1<\/strong><\/span>, na bronz si dlouho brousila zuby Bar\u010da Tlamkov\u00e1, v z\u00e1v\u011bru ale\u00a0 souboj o n\u011bj t\u011bsn\u011b prohr\u00e1la&#8230;<\/p>\n<figure id=\"attachment_11859\" aria-describedby=\"caption-attachment-11859\" style=\"width: 1197px\" class=\"wp-caption alignnone\"><a href=\"http:\/\/www.moravecteam.cz\/?attachment_id=11859\" rel=\"attachment wp-att-11859\"><img decoding=\"async\" loading=\"lazy\" class=\" wp-image-11859\" alt=\"05\" src=\"http:\/\/www.moravecteam.cz\/wp-content\/uploads\/2018\/05\/05.jpg\" width=\"1197\" height=\"1219\" srcset=\"https:\/\/www.moravecteam.cz\/wp-content\/uploads\/2018\/05\/05.jpg 1197w, https:\/\/www.moravecteam.cz\/wp-content\/uploads\/2018\/05\/05-25x25.jpg 25w, https:\/\/www.moravecteam.cz\/wp-content\/uploads\/2018\/05\/05-294x300.jpg 294w, https:\/\/www.moravecteam.cz\/wp-content\/uploads\/2018\/05\/05-1005x1024.jpg 1005w\" sizes=\"(max-width: 1197px) 100vw, 1197px\" \/><\/a><figcaption id=\"caption-attachment-11859\" class=\"wp-caption-text\">Trojit\u00e9 v\u00edt\u011bzstv\u00ed jsme u\u017e dlouho neslavili&#8230;<\/figcaption><\/figure>\n<p style=\"text-align: justify;\">Zat\u00edm co na\u0161i mlad\u0161\u00ed a star\u0161\u00ed \u017e\u00e1ci maj\u00ed od zlat\u00fdch pozic je\u0161t\u011b odstup (\u0159\u00e1dov\u011b v\u00edc jak minutu)v, to star\u0161\u00ed \u017e\u00e1kyn\u011b <strong><span style=\"color: #800000;\">Eli\u0161ka Han\u00e1kov\u00e1<\/span> <\/strong>za\u010dala svoje \u00fa\u010dinkov\u00e1n\u00ed na leto\u0161n\u00ed &#8222;Vrchovin\u011b&#8220; p\u0159esn\u011b tam, kde loni p\u0159estala: na v\u00edt\u011bzn\u00e9 pozici! Vyhr\u00e1la tak v r\u00e1mci seri\u00e1lu u\u017e 16. z\u00e1vod v \u0159ad\u011b a bookmake\u0159i m\u016f\u017eou uzav\u00edrat s\u00e1zky, kdy a kdo mladou, talentovanou bikerku poraz\u00ed? N\u00e1s jej\u00ed suver\u00e9nn\u00ed v\u00edt\u011bzn\u00e1 vlna samoz\u0159ejm\u011b t\u011b\u0161\u00ed i h\u0159eje z\u00e1rove\u0148&#8230; Nutno ale objektivn\u011b poznamenat, \u017ee holek jezd\u00ed obecn\u011b m\u00e9n\u011b ne\u017e kluk\u016f: mld\u0161\u00edch \u017e\u00e1k\u016f startovalo na Bene\u0161ov\u011b 20, d\u011bv\u010dat jen 9, star\u0161\u00edch \u017e\u00e1k\u016f zase 17 proti 7 d\u011bv\u010dat\u016fm&#8230;<\/p>\n<figure id=\"attachment_11860\" aria-describedby=\"caption-attachment-11860\" style=\"width: 1613px\" class=\"wp-caption alignnone\"><a href=\"http:\/\/www.moravecteam.cz\/?attachment_id=11860\" rel=\"attachment wp-att-11860\"><img decoding=\"async\" loading=\"lazy\" class=\" wp-image-11860\" alt=\"06\" src=\"http:\/\/www.moravecteam.cz\/wp-content\/uploads\/2018\/05\/06.jpg\" width=\"1613\" height=\"1565\" srcset=\"https:\/\/www.moravecteam.cz\/wp-content\/uploads\/2018\/05\/06.jpg 1613w, https:\/\/www.moravecteam.cz\/wp-content\/uploads\/2018\/05\/06-25x25.jpg 25w, https:\/\/www.moravecteam.cz\/wp-content\/uploads\/2018\/05\/06-300x291.jpg 300w, https:\/\/www.moravecteam.cz\/wp-content\/uploads\/2018\/05\/06-1024x993.jpg 1024w\" sizes=\"(max-width: 1613px) 100vw, 1613px\" \/><\/a><figcaption id=\"caption-attachment-11860\" class=\"wp-caption-text\">Cenn\u00e9 &#8222;double&#8220; d\u00edk Am\u00e1lce a Ani\u010dce v z\u00e1vod\u011b mlad\u0161\u00edch \u017e\u00e1ky\u0148!<\/figcaption><\/figure>\n<p style=\"text-align: justify;\">\u017de v MORAVEC Teamu vl\u00e1dne aktu\u00e1ln\u011b pohoda, potvrdil i recesn\u00ed z\u00e1vod kol s jedn\u00edm p\u0159evodem &#8211; UKRAYNA Cup. Ten letos pov\u00fd\u0161il do jin\u00e9 dimenze v\u00edt\u011bz kl\u00e1n\u00ed deseti state\u010dn\u00fdch, p\u0159ev\u00e1\u017en\u011b MORAVC\u016e, <strong><span style=\"color: #800000;\">V\u00ed\u0165a Lipensk\u00fd<\/span><\/strong>, kter\u00fd stanovenou distance objel na kole &#8211; dokonce bez p\u0159evodu! Na &#8222;ve\u010dern\u00ed\u010dku&#8220; V\u00edtek fakt um\u00ed a o v\u00edt\u011bzi, jako\u017e i \u00a0st\u0159\u00edbru (<strong><span style=\"color: #800000;\">Kamil Koudelka<\/span><\/strong>) a bronzu (<strong><span style=\"color: #800000;\">Libor Barto\u0161<\/span><\/strong>) rozhodla porota velmi odborn\u011b a hlavn\u011b spravedliv\u011b&#8230; Pochvalu za pobaven\u00ed v\u0161ech ale zaslou\u017e\u00ed v\u0161ichni &#8222;UKRAYNCI&#8220;, kte\u0159\u00ed byli do jednoho v sobotu k zul\u00edb\u00e1n\u00ed&#8230;<\/p>\n<figure id=\"attachment_11858\" aria-describedby=\"caption-attachment-11858\" style=\"width: 1437px\" class=\"wp-caption alignnone\"><a href=\"http:\/\/www.moravecteam.cz\/?attachment_id=11858\" rel=\"attachment wp-att-11858\"><img decoding=\"async\" loading=\"lazy\" class=\" wp-image-11858\" alt=\"04\" src=\"http:\/\/www.moravecteam.cz\/wp-content\/uploads\/2018\/05\/04.jpg\" width=\"1437\" height=\"2000\" srcset=\"https:\/\/www.moravecteam.cz\/wp-content\/uploads\/2018\/05\/04.jpg 1437w, https:\/\/www.moravecteam.cz\/wp-content\/uploads\/2018\/05\/04-215x300.jpg 215w, https:\/\/www.moravecteam.cz\/wp-content\/uploads\/2018\/05\/04-735x1024.jpg 735w\" sizes=\"(max-width: 1437px) 100vw, 1437px\" \/><\/a><figcaption id=\"caption-attachment-11858\" class=\"wp-caption-text\">Nov\u00fd vl\u00e1dce &#8222;UKRAYNY&#8220; &#8211; &#8222;Ve\u010dern\u00ed\u010dek&#8220; V\u00ed\u0165a!<\/figcaption><\/figure>\n<p style=\"text-align: justify;\">I v z\u00e1v\u011bre\u010dn\u00fdch popoledn\u00edch startech jsme m\u011bli v akci na\u0161e &#8222;kon\u011b&#8220;, kdy\u017e se ale tentokr\u00e1t j\u00edzda po such\u00fdch, tvrd\u00fdch a rychl\u00fdch trat\u00edch nekonala. Zp\u016fsobil to d\u00e9\u0161\u0165, kter\u00fd se prakticky p\u0159esn\u011b po dobu trv\u00e1n\u00ed posledn\u00edho startovn\u00edho bloku, docela ne\u010dekan\u011b dostavil s \u00fasil\u00edm a v\u00fdkonnost\u00ed, kter\u00e9 okoukal asi od mlad\u00fdch rajdr\u016f v pr\u016fb\u011bhu do t\u00e9 doby slune\u010dn\u00e9ho a tepl\u00e9ho dne. I v tomto, tak trochu klimatick\u00e9m extr\u00e9mu, se na\u0161e barvy d\u00edky kadet\u016fm &#8211; <strong><span style=\"color: #800000;\">Kl\u00e1\u0159e Odehnalov\u00e9<\/span><\/strong> a <strong><span style=\"color: #800000;\">Honzovi &#8222;D\u017eonymu&#8220; \u0160indel\u00e1\u0159ovi<\/span><\/strong>, dok\u00e1zaly medailov\u011b prosadit! Elitn\u00ed des\u00edtku v z\u00e1vod\u011b \u010dtrn\u00e1cti kadet\u016f st\u00edhali i Tom\u00e1\u0161 Dou\u0161ek, karel Vinick\u00fd a V\u00ed\u0165a Such\u00e1nek, kdy\u017e p\u0159edev\u0161\u00edm z V\u00edtkova n\u00e1vratu po zran\u011bn\u00ed na bikov\u00e9 dr\u00e1hy m\u00e1me radost!<\/p>\n<figure id=\"attachment_11863\" aria-describedby=\"caption-attachment-11863\" style=\"width: 1711px\" class=\"wp-caption alignnone\"><a href=\"http:\/\/www.moravecteam.cz\/?attachment_id=11863\" rel=\"attachment wp-att-11863\"><img decoding=\"async\" loading=\"lazy\" class=\" wp-image-11863\" alt=\"09\" src=\"http:\/\/www.moravecteam.cz\/wp-content\/uploads\/2018\/05\/09.jpg\" width=\"1711\" height=\"2000\" srcset=\"https:\/\/www.moravecteam.cz\/wp-content\/uploads\/2018\/05\/09.jpg 1711w, https:\/\/www.moravecteam.cz\/wp-content\/uploads\/2018\/05\/09-256x300.jpg 256w, https:\/\/www.moravecteam.cz\/wp-content\/uploads\/2018\/05\/09-876x1024.jpg 876w\" sizes=\"(max-width: 1711px) 100vw, 1711px\" \/><\/a><figcaption id=\"caption-attachment-11863\" class=\"wp-caption-text\">Kl\u00e1\u0159e bronzov\u00e1 &#8222;bedna&#8220; z &#8222;Horky&#8220; slu\u0161ela&#8230;<\/figcaption><\/figure>\n<p style=\"text-align: justify;\">Na startu jsme postr\u00e1dali jindy &#8222;Vrchovinov\u00e9&#8220; opory: jak t\u00e1tu a syna Jirky \u0160t\u011bpan\u00edkovi, tak i Krist\u00fdnu Kol\u00e1\u0159ovou, co\u017e na\u0161e ambice pod &#8222;Horkou&#8220; samoz\u0159ejm\u011b ovlivnilo&#8230; TOP10 v eli\u0165\u00e1c\u00edch (startovalo jich dva tucty) Petra \u0160icha a Petra Bo\u0159ila urit\u011b svoji cenu m\u00e1, se sv\u00fdm v\u00fdkonem a v\u00fdsledkem musel b\u00fdt spokojen i Jirka Va\u0161\u00ed\u010dek. Par\u00e1dn\u00edm \u010d\u00edslem byl pak pro n\u00e1s z\u00e1vod kategorie Masters II, kdy spanilou j\u00edzdun za zlatem <strong><span style=\"color: #800000;\">Pavla Bal\u00e1ka<\/span><\/strong>, podpo\u0159ili hlavn\u011b v c\u00edli bronzov\u00fd <strong><span style=\"color: #800000;\">Martin Gottwald<\/span><\/strong> a &#8222;bramborov\u00fd&#8220; Honza \u0160indel\u00e1\u0159. Old Boys? Kvalita&#8230;<\/p>\n<figure id=\"attachment_11864\" aria-describedby=\"caption-attachment-11864\" style=\"width: 1622px\" class=\"wp-caption alignnone\"><a href=\"http:\/\/www.moravecteam.cz\/?attachment_id=11864\" rel=\"attachment wp-att-11864\"><img decoding=\"async\" loading=\"lazy\" class=\" wp-image-11864\" alt=\"010\" src=\"http:\/\/www.moravecteam.cz\/wp-content\/uploads\/2018\/05\/010.jpg\" width=\"1622\" height=\"1164\" srcset=\"https:\/\/www.moravecteam.cz\/wp-content\/uploads\/2018\/05\/010.jpg 1622w, https:\/\/www.moravecteam.cz\/wp-content\/uploads\/2018\/05\/010-300x215.jpg 300w, https:\/\/www.moravecteam.cz\/wp-content\/uploads\/2018\/05\/010-1024x734.jpg 1024w\" sizes=\"(max-width: 1622px) 100vw, 1622px\" \/><\/a><figcaption id=\"caption-attachment-11864\" class=\"wp-caption-text\">Honza &#8222;D\u017eony&#8220; \u0160indel\u00e1\u0159, druh\u00fd nejrychlej\u0161\u00ed juniior \/ kadet.<\/figcaption><\/figure>\n<p style=\"text-align: justify;\">Prvn\u00ed &#8222;Vrchovina&#8220; je tedy \u0161\u0165astn\u011b za n\u00e1mi a jsme moc r\u00e1di, \u017ee MORAVEC Team, jako celek obst\u00e1l. Jak po str\u00e1nce z\u00e1vodnick\u00e9, tak i po str\u00e1nce organiza\u010dn\u00edho zabezpe\u010den\u00ed z\u00e1vodu. A \u017ee MTB &#8222;Vrchovina&#8220; bude pro bikery l\u00e1kadlem i letos, o tom sv\u011bd\u010d\u00ed rekordn\u00ed \u00fa\u010dast 251(!) biker\u016f na \u00favodn\u00ed &#8222;race&#8220; v Bene\u0161ov\u011b. V\u0161em z\u00e1vodn\u00edk\u016fm pat\u0159\u00ed velk\u00fd d\u00edk za vzorn\u00e9 repre odd\u00edlu, stejn\u011b jako v\u0161em t\u011bm &#8222;neviditeln\u00fdm&#8220;, kte\u0159\u00ed pom\u00e1hali s organiza\u010dn\u00edm zaji\u0161t\u011bn\u00edm. Bravo MORAVEC! Zde studujte <a href=\"http:\/\/vysledky.pohardrahanskevrchoviny.cz\/2018\/?page=vysledky\"><strong>v\u00fdsledkov\u00fd servis<\/strong><\/a> a zde si vy\u010dle\u0148te \u010das na zhl\u00e9dnut\u00ed p\u011bti mnoha\u010detn\u00fdch fotogaleri\u00ed&#8230;<\/p>\n<ul>\n<li><strong><a href=\"http:\/\/moravecteam.rajce.idnes.cz\/2018.05.19_PDV_Benesov\/\">fotogalerie \u010d.1<\/a><\/strong><\/li>\n<li><strong><a href=\"http:\/\/moravecteam.rajce.idnes.cz\/2018.05.19_PDV_Benesov_-_2\/\">fotogalerie \u010d.2<\/a><\/strong><\/li>\n<li><strong><a href=\"http:\/\/moravecteam.rajce.idnes.cz\/2018.05.19_PDV_Benesov_-_3\/\">fotogalerie \u010d.3<\/a><\/strong><\/li>\n<li><strong><a href=\"http:\/\/moravecteam.rajce.idnes.cz\/2018.05.19_PDV_Benesov_-_4\/\">fotogalerie \u010d.4<\/a><\/strong><\/li>\n<li><strong><a href=\"http:\/\/moravecteam.rajce.idnes.cz\/2018.05.19_PDV_Benesov_-_5\/\">fotogalerie \u010d.5<\/a><\/strong><\/li>\n<li><strong><a href=\"http:\/\/cefra.rajce.idnes.cz\/PDV_Benesov_1_-_Pohar_Drahanske_Vrchoviny_19._5._2018\/\">fotogalerie \u010d.6<\/a><\/strong><\/li>\n<\/ul>\n<figure id=\"attachment_11865\" aria-describedby=\"caption-attachment-11865\" style=\"width: 1867px\" class=\"wp-caption alignnone\"><a href=\"http:\/\/www.moravecteam.cz\/?attachment_id=11865\" rel=\"attachment wp-att-11865\"><img decoding=\"async\" loading=\"lazy\" class=\" wp-image-11865\" alt=\"11\" src=\"http:\/\/www.moravecteam.cz\/wp-content\/uploads\/2018\/05\/11.jpg\" width=\"1867\" height=\"1003\" srcset=\"https:\/\/www.moravecteam.cz\/wp-content\/uploads\/2018\/05\/11.jpg 1867w, https:\/\/www.moravecteam.cz\/wp-content\/uploads\/2018\/05\/11-300x161.jpg 300w, https:\/\/www.moravecteam.cz\/wp-content\/uploads\/2018\/05\/11-1024x550.jpg 1024w\" sizes=\"(max-width: 1867px) 100vw, 1867px\" \/><\/a><figcaption id=\"caption-attachment-11865\" class=\"wp-caption-text\">Otev\u0159\u00edt \u0161ampus, \u0159ekli byste, pro Pavla Bal\u00e1ka hra\u010dka&#8230; Byla to v\u0161ak ne\u010dekan\u00e1, ale nakonec v\u00edt\u011bzn\u00e1, bitva!<\/figcaption><\/figure>\n<h5><span style=\"color: #800000;\"><strong>Rekapitulace medailist\u016f MORAVEC Teamu &#8211;\u00a0OPEN<\/strong><\/span><\/h5>\n<ul>\n<li>\n<div>Zlata vybojovali: 2x <span style=\"color: #ff6600;\"><strong>Leona Elerov\u00e1<\/strong> <\/span>(odr\u00e1\u017eedla a do 6-let), <strong><span style=\"color: #ff6600;\">Filip Ecler<\/span><\/strong> (7-8 let), <strong><span style=\"color: #ff6600;\">Lucie Koudelkov\u00e1<\/span> <\/strong>(9-10 let), <span style=\"color: #ff6600;\"><strong>Am\u00e1lie Gottwaldov\u00e1<\/strong><\/span> (11-12 let), <strong><span style=\"color: #ff6600;\">Eli\u0161ka Han\u00e1kov\u00e1<\/span> <\/strong>(13-14 let) a <strong><span style=\"color: #ff6600;\">Pavel Bal\u00e1k<\/span><\/strong> (Masters II).<\/div>\n<\/li>\n<li style=\"text-align: justify;\">St\u0159\u00edbra vybojovali: <strong><span style=\"color: #808080;\">Magdal\u00e9na Barto\u0161ov\u00e1<\/span> <\/strong>(7-8 let), <strong><span style=\"color: #808080;\">Barbora Janovsk\u00e1<\/span><\/strong> (9-10 let), <strong><span style=\"color: #808080;\">Anna Han\u00e1kov\u00e1<\/span> <\/strong>(11-12 let), a\u00a0<strong><span style=\"color: #808080;\">Honza &#8222;D\u017eony&#8220; \u0160indel\u00e1\u0159<\/span> <\/strong>(kadeti &#8211; junio\u0159i)<\/li>\n<li style=\"text-align: justify;\">Bronzy vybojovali: <strong><span style=\"color: #800000;\">Lucie Gottwaldov\u00e1<\/span> <\/strong>(7-8 let), <strong><span style=\"color: #800000;\">Just\u00fdna Novotn\u00e1<\/span><\/strong> (9-10 let), <strong><span style=\"color: #800000;\">Kl\u00e1ra Odehnalov\u00e1<\/span><\/strong>, a\u00a0<strong><span style=\"color: #800000;\">Martin Gottwald<\/span> <\/strong>(Masters II)<\/li>\n<\/ul>\n<h5><strong><span style=\"color: #800000;\">Rekapitulace medailist\u016f MORAVEC Teamu &#8211;\u00a0OBCE<\/span><\/strong><\/h5>\n<ul>\n<li>\n<div style=\"text-align: justify;\">Prvn\u00ed m\u00edsta: <strong><span style=\"color: #ff6600;\">Lucie Koudelkov\u00e1<\/span> <\/strong>(9-10 let), <strong><span style=\"color: #ff6600;\">Anna Han\u00e1kov\u00e1<\/span> <\/strong>(11-12 let), <strong><span style=\"color: #ff6600;\">Eli\u0161ka Han\u00e1kov\u00e1<\/span> <\/strong>(13-14 let),\u00a0<strong><span style=\"color: #ff6600;\">\u00a0Luk\u00e1\u0161 Sedl\u00e1k<\/span> <\/strong>(13-14 let).<\/div>\n<\/li>\n<li style=\"text-align: justify;\">Druh\u00e1 m\u00edsta: <strong><span style=\"color: #808080;\">\u00a0Anton\u00edn Han\u00e1k<\/span> <\/strong>(odr\u00e1\u017eedla), <strong><span style=\"color: #808080;\">Kl\u00e1ra V\u011brn\u00e1<\/span> <\/strong>(odr\u00e1\u017eedla), <strong><span style=\"color: #808080;\">Jon\u00e1\u0161 Janovsk\u00fd<\/span> <\/strong>(do 6 let), <strong><span style=\"color: #808080;\">Barbora Janovsk\u00e1<\/span> <\/strong>(9-10 let), <strong><span style=\"color: #808080;\">Barbora Tlamkov\u00e1<\/span> <\/strong>(11-12 let), <strong><span style=\"color: #808080;\">Maty\u00e1\u0161 Koudelka<\/span> <\/strong>(11-12 let), <span style=\"color: #808080;\"><strong>Veronika Pt\u00e1\u010dn\u00edkov\u00e1<\/strong> <\/span>(13-14 let), <strong><span style=\"color: #808080;\">Luk\u00e1\u0161 Sedl\u00e1k<\/span> <\/strong>(13-14 let)<\/li>\n<li style=\"text-align: justify;\">T\u0159et\u00ed m\u00edsta: <strong><span style=\"color: #800000;\">Dominik Pt\u00e1\u010dn\u00edk<\/span> <\/strong>(9-10 let), <strong><span style=\"color: #800000;\">Just\u00fdna Novotn\u00e1<\/span> <\/strong>(9-10 let)<\/li>\n<\/ul>\n","protected":false},"excerpt":{"rendered":"<p>Ost\u0159e sledovan\u00e9mu startu 17. ro\u010dn\u00edku MTB Superior &#8211; COLORprofi Poh\u00e1ru Drahansk\u00e9 vrchoviny, kter\u00fd minulou sobotu premi\u00e9rov\u011b a vzorn\u011b pohostil Bene\u0161ov, skute\u010dn\u011b nechyb\u011blo\u00a0tak\u0159ka nic&#8230; Od dramatick\u00fdch souboj\u016f (p\u0159edev\u0161\u00edm v d\u011btsk\u00fdch kategori\u00edch), p\u0159es \u00fa\u010dast mil\u00fdch VIP host\u016f\u00a0a vyda\u0159enou recesn\u00ed pas\u00e1\u017e v podob\u011b UKRAYNA Cupu, a\u017e po kapky krve z od\u0159enin po n\u011bkolika p\u00e1dech, jednu zlomenou kl\u00ed\u010dn\u00ed kost &hellip; <a href=\"https:\/\/www.moravecteam.cz\/?p=11837\" class=\"more-link\">Pokra\u010dov\u00e1n\u00ed textu <span class=\"screen-reader-text\">&#8222;Horka&#8220; se v\u0161\u00edm v\u0161udy&#8230;<\/span> <span class=\"meta-nav\">&rarr;<\/span><\/a><\/p>\n","protected":false},"author":3,"featured_media":11847,"comment_status":"open","ping_status":"closed","sticky":false,"template":"","format":"standard","meta":[],"categories":[1],"tags":[],"_links":{"self":[{"href":"https:\/\/www.moravecteam.cz\/index.php?rest_route=\/wp\/v2\/posts\/11837"}],"collection":[{"href":"https:\/\/www.moravecteam.cz\/index.php?rest_route=\/wp\/v2\/posts"}],"about":[{"href":"https:\/\/www.moravecteam.cz\/index.php?rest_route=\/wp\/v2\/types\/post"}],"author":[{"embeddable":true,"href":"https:\/\/www.moravecteam.cz\/index.php?rest_route=\/wp\/v2\/users\/3"}],"replies":[{"embeddable":true,"href":"https:\/\/www.moravecteam.cz\/index.php?rest_route=%2Fwp%2Fv2%2Fcomments&post=11837"}],"version-history":[{"count":13,"href":"https:\/\/www.moravecteam.cz\/index.php?rest_route=\/wp\/v2\/posts\/11837\/revisions"}],"predecessor-version":[{"id":11901,"href":"https:\/\/www.moravecteam.cz\/index.php?rest_route=\/wp\/v2\/posts\/11837\/revisions\/11901"}],"wp:featuredmedia":[{"embeddable":true,"href":"https:\/\/www.moravecteam.cz\/index.php?rest_route=\/wp\/v2\/media\/11847"}],"wp:attachment":[{"href":"https:\/\/www.moravecteam.cz\/index.php?rest_route=%2Fwp%2Fv2%2Fmedia&parent=11837"}],"wp:term":[{"taxonomy":"category","embeddable":true,"href":"https:\/\/www.moravecteam.cz\/index.php?rest_route=%2Fwp%2Fv2%2Fcategories&post=11837"},{"taxonomy":"post_tag","embeddable":true,"href":"https:\/\/www.moravecteam.cz\/index.php?rest_route=%2Fwp%2Fv2%2Ftags&post=11837"}],"curies":[{"name":"wp","href":"https:\/\/api.w.org\/{rel}","templated":true}]}}