{"id":1184,"date":"2015-08-09T12:49:14","date_gmt":"2015-08-09T10:49:14","guid":{"rendered":"http:\/\/www.moravecteam.cz\/?p=1184"},"modified":"2015-08-11T23:33:24","modified_gmt":"2015-08-11T21:33:24","slug":"regionem-orlicka","status":"publish","type":"post","link":"https:\/\/www.moravecteam.cz\/?p=1184","title":{"rendered":"Regionem Orlicka&#8230;"},"content":{"rendered":"<p style=\"text-align: justify;\"><span style=\"color: #800000;\"><strong>&#8230;se prohnal o minul\u00e9m v\u00edkendu stopades\u00e1tihlav\u00fd cyklistick\u00fd silni\u010dn\u00ed juniorsk\u00fd peloton, v n\u011bm\u017e nechyb\u011bl &#8211; tentokr\u00e1t v barv\u00e1ch Favoritu Brno &#8211; n\u00e1\u0161 odchovanec, Dominik Prudek. V okol\u00ed Lan\u0161krouna musel spolu se sv\u00fdmi soupe\u0159i zvl\u00e1dnout t\u0159i klasick\u00e9 etapy + \u010dasovku a nemus\u00edm p\u0159ipom\u00ednat, \u017ee vzhledem k panuj\u00edc\u00edm vedr\u016fm v t\u011bchto dnech to mlad\u00ed mu\u017ei nem\u011bli v\u016fbec jednoduch\u00e9&#8230;<\/strong><\/span><\/p>\n<p style=\"text-align: justify;\"><a href=\"http:\/\/www.moravecteam.cz\/?attachment_id=1201\" rel=\"attachment wp-att-1201\"><img decoding=\"async\" loading=\"lazy\" class=\"size-full wp-image-1201 alignleft\" title=\"T\u0159et\u00ed nejlep\u0161\u00ed junior MTB XCO z leto\u0161n\u00edho M\u010cR v Kutn\u00e9 Ho\u0159e - Dominik Prudek.\" alt=\"06\" src=\"http:\/\/www.moravecteam.cz\/wp-content\/uploads\/2015\/08\/06.jpg\" width=\"224\" height=\"262\" \/><\/a>P\u0159esto Dominik zvl\u00e1dl tento z\u00e1vod se ct\u00ed. V prvn\u00ed etap\u011b, kter\u00e1 m\u011b\u0159ila 77 km fini\u0161oval jako 42. Druhou etapou byla \u010dasovka na 10 km a v n\u00ed si &#8222;Lysick\u00e1 v\u00fdbu\u0161nina&#8220; dojela pro um\u00edst\u011bn\u00ed ve st\u0159edu startovn\u00edho pole (77. m\u00edsto), p\u0159i\u010dem\u017e mu v sou\u010dtu \u010das\u016f po dvou etap\u00e1ch pat\u0159ilo celkov\u011b 53. m\u00edsto. V sobotn\u00ed t\u0159et\u00ed etap\u011b, dlouh\u00e9 79,2 km\u00a0byl Dominik klasifikov\u00e1n s men\u0161\u00ed ztr\u00e1tou jako 107. a v z\u00e1v\u011bre\u010dn\u00e9 ned\u011bln\u00ed etap\u011b (87 km) dokon\u010dil jenom o jednu p\u0159\u00ed\u010dku h\u016f\u0159e. Suma sum\u00e1rum to vydalo\u00a0na celkovou 100.\u00a0 p\u0159\u00ed\u010dku, kdy\u017e jeho ztr\u00e1ta na celkov\u00e9ho v\u00edt\u011bze, N\u011bmce Zetzcheho, \u010dinila bez vte\u0159inky 39 minut. Dobr\u00e1 pr\u00e1ce..! Kompletn\u00ed v\u00fdsledkov\u00fd servis najdete na <strong><a href=\"http:\/\/skpduha.cz\/\">http:\/\/skpduha.cz\/<\/a>,<\/strong> podrobn\u00e9 report\u00e1\u017ee ze t\u0159\u00ed klasick\u00fdch\u00a0etap studujte na t\u011bchto odkazech:<\/p>\n<p style=\"text-align: justify;\">I.\u00a0<a href=\"http:\/\/www.cyklonovinky.cz\/Clanky\/Tropicka-prvni-etapa-29-rocniku-Regionem-Orlicka-p.aspx\"><strong>http:\/\/www.cyklonovinky.cz\/Clanky\/Tropicka-prvni-etapa-29-rocniku-Regionem-Orlicka-p.aspx<\/strong><\/a><\/p>\n<p style=\"text-align: justify;\">III.<strong><a href=\"http:\/\/www.cyklonovinky.cz\/Clanky\/Sobota-na-Regionu-prinesla-Cechum-radost.aspx\">http:\/\/www.cyklonovinky.cz\/Clanky\/Sobota-na-Regionu-prinesla-Cechum-radost.aspx<\/a><\/strong><\/p>\n<p style=\"text-align: justify;\">IV.<strong><a href=\"http:\/\/www.cyklonovinky.cz\/Clanky\/Posledni-etapa-v-nemecke-rezii-Cesi-berou-celkove.aspx\">http:\/\/www.cyklonovinky.cz\/Clanky\/Posledni-etapa-v-nemecke-rezii-Cesi-berou-celkove.aspx<\/a><\/strong><\/p>\n<p style=\"text-align: justify;\"><strong>\u00a0<\/strong><\/p>\n","protected":false},"excerpt":{"rendered":"<p>&#8230;se prohnal o minul\u00e9m v\u00edkendu stopades\u00e1tihlav\u00fd cyklistick\u00fd silni\u010dn\u00ed juniorsk\u00fd peloton, v n\u011bm\u017e nechyb\u011bl &#8211; tentokr\u00e1t v barv\u00e1ch Favoritu Brno &#8211; n\u00e1\u0161 odchovanec, Dominik Prudek. V okol\u00ed Lan\u0161krouna musel spolu se sv\u00fdmi soupe\u0159i zvl\u00e1dnout t\u0159i klasick\u00e9 etapy + \u010dasovku a nemus\u00edm p\u0159ipom\u00ednat, \u017ee vzhledem k panuj\u00edc\u00edm vedr\u016fm v t\u011bchto dnech to mlad\u00ed mu\u017ei nem\u011bli v\u016fbec jednoduch\u00e9&#8230; &hellip; <a href=\"https:\/\/www.moravecteam.cz\/?p=1184\" class=\"more-link\">Pokra\u010dov\u00e1n\u00ed textu <span class=\"screen-reader-text\">Regionem Orlicka&#8230;<\/span> <span class=\"meta-nav\">&rarr;<\/span><\/a><\/p>\n","protected":false},"author":3,"featured_media":1186,"comment_status":"closed","ping_status":"closed","sticky":false,"template":"","format":"standard","meta":[],"categories":[1],"tags":[],"_links":{"self":[{"href":"https:\/\/www.moravecteam.cz\/index.php?rest_route=\/wp\/v2\/posts\/1184"}],"collection":[{"href":"https:\/\/www.moravecteam.cz\/index.php?rest_route=\/wp\/v2\/posts"}],"about":[{"href":"https:\/\/www.moravecteam.cz\/index.php?rest_route=\/wp\/v2\/types\/post"}],"author":[{"embeddable":true,"href":"https:\/\/www.moravecteam.cz\/index.php?rest_route=\/wp\/v2\/users\/3"}],"replies":[{"embeddable":true,"href":"https:\/\/www.moravecteam.cz\/index.php?rest_route=%2Fwp%2Fv2%2Fcomments&post=1184"}],"version-history":[{"count":6,"href":"https:\/\/www.moravecteam.cz\/index.php?rest_route=\/wp\/v2\/posts\/1184\/revisions"}],"predecessor-version":[{"id":1204,"href":"https:\/\/www.moravecteam.cz\/index.php?rest_route=\/wp\/v2\/posts\/1184\/revisions\/1204"}],"wp:featuredmedia":[{"embeddable":true,"href":"https:\/\/www.moravecteam.cz\/index.php?rest_route=\/wp\/v2\/media\/1186"}],"wp:attachment":[{"href":"https:\/\/www.moravecteam.cz\/index.php?rest_route=%2Fwp%2Fv2%2Fmedia&parent=1184"}],"wp:term":[{"taxonomy":"category","embeddable":true,"href":"https:\/\/www.moravecteam.cz\/index.php?rest_route=%2Fwp%2Fv2%2Fcategories&post=1184"},{"taxonomy":"post_tag","embeddable":true,"href":"https:\/\/www.moravecteam.cz\/index.php?rest_route=%2Fwp%2Fv2%2Ftags&post=1184"}],"curies":[{"name":"wp","href":"https:\/\/api.w.org\/{rel}","templated":true}]}}