{"id":11844,"date":"2018-05-22T04:34:27","date_gmt":"2018-05-22T02:34:27","guid":{"rendered":"http:\/\/www.moravecteam.cz\/?p=11844"},"modified":"2018-05-22T22:07:20","modified_gmt":"2018-05-22T20:07:20","slug":"co-se-bude-dit-st21-3","status":"publish","type":"post","link":"https:\/\/www.moravecteam.cz\/?p=11844","title":{"rendered":"Co se bude d\u00edt? (ST21)-2"},"content":{"rendered":"<h5><span style=\"color: #800000;\">\u00dater\u00fd 22.5. 2018<\/span><\/h5>\n<p style=\"text-align: justify;\">Tr\u00e9nink na silni\u010dn\u00edch kolech s Frantou Pad\u011brou a Jirkou \u0160t\u011bpan\u00edkem st.\u00a0 <span style=\"color: #ff0000;\"><strong>POZOR!!!<\/strong> <\/span>Sraz bude\u00a0op\u011bt\u00a0 <span style=\"color: #ff0000;\"><strong>v 17.00 hodin<\/strong> <\/span>u budovy Z\u00e1kladn\u00ed \u0161koly v Bene\u0161ov\u011b. V p\u0159\u00edpad\u011b pot\u0159eby kontaktujte <strong><span style=\"color: #ff0000;\">Franti\u0161ka na\u00a0605 838 404<\/span><\/strong>.<\/p>\n<h5><strong><span style=\"color: #800000;\">St\u0159eda 23.5. 2018<\/span><\/strong><\/h5>\n<p style=\"text-align: justify;\">MTB tr\u00e9nink rajdr\u016f MORAVEC Teamu pod veden\u00edm\u00a0\u00a0<span style=\"color: #800000;\"><strong>Milana Tlamky (776 108 046)<\/strong>,<\/span> tentokr\u00e1t ve Valchov\u011b. <strong><span style=\"color: #ff0000;\">POZOR!!!\u00a0<\/span><\/strong>Sraz bude op\u011bt na m\u00edstn\u00edm fotbalov\u00e9m h\u0159i\u0161ti\u00a0<strong><span style=\"color: #ff0000;\">v 17.00 hodin!\u00a0<\/span><\/strong><\/p>\n<h5><strong><span style=\"color: #800000;\">\u010ctvrtek 24.5. 2018<\/span><\/strong><\/h5>\n<p style=\"text-align: justify;\">Prvn\u00ed pr\u00e1ce v r\u00e1mci dobrovolnick\u00e9 pomoci p\u0159i organiza\u010dn\u00edm zabezpe\u010den\u00ed Sv\u011btov\u00e9ho poh\u00e1ru horsk\u00fdch kol v Nov\u00e9m M\u011bst\u011b na Morav\u011b (zabezpe\u010den\u00ed trat\u00ed na odpoledn\u00edm tr\u00e9ninku). T\u00fdk\u00e1 se to Koudelky a V\u0161etuly, kte\u0159\u00ed sou\u010dasn\u011b zajist\u00ed pro zbytek skupiny akreditace a nafasuj\u00ed materi\u00e1l.<\/p>\n<h5><span style=\"color: #800000;\"><strong>P\u00e1tek 25.5. 2018 a\u017e ned\u011ble 27.5. 2018<\/strong><\/span><\/h5>\n<p style=\"text-align: justify;\">Pr\u00e1ce dev\u00edti MORAVC\u016e v r\u00e1mci dobrovolnick\u00e9 pomoci p\u0159i organiza\u010dn\u00edm zabezpe\u010den\u00ed Sv\u011btov\u00e9ho poh\u00e1ru horsk\u00fdch kol v Nov\u00e9m M\u011bst\u011b na Morav\u011b.<\/p>\n<h5><span style=\"color: #800000;\">AKCE T\u011aSN\u011a ZA HORIZONTEM<\/span><\/h5>\n<ul>\n<li style=\"text-align: justify;\">3.7.- 6.7. 2018\u00a0&#8211; soust\u0159ed\u011bn\u00ed p\u0159ed MTB M\u010cR (20. &#8211; 22.7. 2018) na mistrovsk\u00fdch trat\u00edch v\u00a0Peci pod Sn\u011b\u017ekou, kter\u00e9 bude zakon\u010deno v sobotu 7.7. 2018 z\u00e1vodem MTB Superior-ColorProfi Poh\u00e1ru Drahansk\u00e9 vrchoviny ve Valchov\u011b (&#8222;Monte Carlo&#8220;).<\/li>\n<li style=\"text-align: justify;\">23.7. &#8211; 27.7. 2018\u00a0&#8211; tradi\u010dn\u00ed odd\u00edlov\u00fd kemp &#8211; ka\u017edoro\u010dn\u00ed pr\u00e1zdninov\u00e9 riskantn\u00ed \u00a0putov\u00e1n\u00ed cestou-necestou \/ polem-nepolem je letos nasm\u011b\u0159ov\u00e1n do lokality T\u0159ebo\u0148ska. Z\u00e1kladna bude pobl\u00ed\u017e Suchdolu nad Lu\u017enic\u00ed, kde n\u00e1s pohost\u00ed\u00a0<strong><a href=\"http:\/\/www.kemp-tust.cz\/\">rekrea\u010dn\u00ed st\u0159edisko Tu\u0161\u0165.<\/a><\/strong>\u00a0Odv\u00e1\u017en\u00ed z\u00e1jemci &#8211; MORAVCI, nahlaste se mi na moje\u00a0605 0J\u00e1gr 0Nagano\u00a0nejpozd\u011bji\u00a0do 30.6. 2018.<\/li>\n<\/ul>\n<h5><span style=\"color: #800000;\">AKCE T\u011aSN\u011a ZA DV\u011aMA HORIZONTY<\/span><\/h5>\n<p>10.2. &#8211; 16.2. 2019\u00a0&#8211; zimn\u00ed soust\u0159ed\u011bn\u00ed MORAVEC Teamu, kdy se po roce vr\u00e1t\u00edme do Jesen\u00edk\u016f, na<a href=\"http:\/\/www.navrsi.eu\/\">\u00a0<strong>chatu N\u00e1vr\u0161\u00ed.<\/strong><\/a><\/p>\n","protected":false},"excerpt":{"rendered":"<p>\u00dater\u00fd 22.5. 2018 Tr\u00e9nink na silni\u010dn\u00edch kolech s Frantou Pad\u011brou a Jirkou \u0160t\u011bpan\u00edkem st.\u00a0 POZOR!!! Sraz bude\u00a0op\u011bt\u00a0 v 17.00 hodin u budovy Z\u00e1kladn\u00ed \u0161koly v Bene\u0161ov\u011b. V p\u0159\u00edpad\u011b pot\u0159eby kontaktujte Franti\u0161ka na\u00a0605 838 404. St\u0159eda 23.5. 2018 MTB tr\u00e9nink rajdr\u016f MORAVEC Teamu pod veden\u00edm\u00a0\u00a0Milana Tlamky (776 108 046), tentokr\u00e1t ve Valchov\u011b. POZOR!!!\u00a0Sraz bude op\u011bt na &hellip; <a href=\"https:\/\/www.moravecteam.cz\/?p=11844\" class=\"more-link\">Pokra\u010dov\u00e1n\u00ed textu <span class=\"screen-reader-text\">Co se bude d\u00edt? (ST21)-2<\/span> <span class=\"meta-nav\">&rarr;<\/span><\/a><\/p>\n","protected":false},"author":3,"featured_media":11849,"comment_status":"open","ping_status":"closed","sticky":false,"template":"","format":"standard","meta":[],"categories":[11],"tags":[],"_links":{"self":[{"href":"https:\/\/www.moravecteam.cz\/index.php?rest_route=\/wp\/v2\/posts\/11844"}],"collection":[{"href":"https:\/\/www.moravecteam.cz\/index.php?rest_route=\/wp\/v2\/posts"}],"about":[{"href":"https:\/\/www.moravecteam.cz\/index.php?rest_route=\/wp\/v2\/types\/post"}],"author":[{"embeddable":true,"href":"https:\/\/www.moravecteam.cz\/index.php?rest_route=\/wp\/v2\/users\/3"}],"replies":[{"embeddable":true,"href":"https:\/\/www.moravecteam.cz\/index.php?rest_route=%2Fwp%2Fv2%2Fcomments&post=11844"}],"version-history":[{"count":3,"href":"https:\/\/www.moravecteam.cz\/index.php?rest_route=\/wp\/v2\/posts\/11844\/revisions"}],"predecessor-version":[{"id":11867,"href":"https:\/\/www.moravecteam.cz\/index.php?rest_route=\/wp\/v2\/posts\/11844\/revisions\/11867"}],"wp:featuredmedia":[{"embeddable":true,"href":"https:\/\/www.moravecteam.cz\/index.php?rest_route=\/wp\/v2\/media\/11849"}],"wp:attachment":[{"href":"https:\/\/www.moravecteam.cz\/index.php?rest_route=%2Fwp%2Fv2%2Fmedia&parent=11844"}],"wp:term":[{"taxonomy":"category","embeddable":true,"href":"https:\/\/www.moravecteam.cz\/index.php?rest_route=%2Fwp%2Fv2%2Fcategories&post=11844"},{"taxonomy":"post_tag","embeddable":true,"href":"https:\/\/www.moravecteam.cz\/index.php?rest_route=%2Fwp%2Fv2%2Ftags&post=11844"}],"curies":[{"name":"wp","href":"https:\/\/api.w.org\/{rel}","templated":true}]}}