{"id":11868,"date":"2018-05-28T11:58:17","date_gmt":"2018-05-28T09:58:17","guid":{"rendered":"http:\/\/www.moravecteam.cz\/?p=11868"},"modified":"2018-05-28T22:16:16","modified_gmt":"2018-05-28T20:16:16","slug":"zlato-z-areny","status":"publish","type":"post","link":"https:\/\/www.moravecteam.cz\/?p=11868","title":{"rendered":"Zlato z &#8222;Ar\u00e9ny&#8220;!"},"content":{"rendered":"<p style=\"text-align: justify;\"><span style=\"color: #800000;\"><strong>Jak dob\u0159e znaj\u00ed \u201efajn\u0161mek\u0159i\u201c klasick\u00e9 hudby Dvo\u0159\u00e1kovu \u201eNovosv\u011btskou\u201c, tak stejn\u011b dob\u0159e v\u011bd\u00ed zase Ti bikov\u00ed \u201efajn\u0161mek\u0159i\u201c o Va\u0148kov\u011b \u201eNovom\u011bstsk\u00e9\u201c\u2026 U\u017e po osm\u00e9 pohostila Vyso\u010dina ar\u00e9na v\u00a0Nov\u00e9m M\u011bst\u011b na Morav\u011b nejlep\u0161\u00ed\u00a0 bikery a bikerky sv\u011bta a u\u017e po osm\u00e9 byli MORAVCI p\u0159i tom! A jak se u\u017e stalo zvykem, na\u0161e \u00fa\u010dast byla i letos ve dvou poloh\u00e1ch: osm (aby t\u011bch osmi\u010dek nebylo m\u00e1lo) dobrovoln\u00edk\u016f pom\u00e1halo po organiza\u010dn\u00ed linii s\u00a0hladk\u00fdm pr\u016fb\u011bhem t\u00e9to megaakce, dva na\u0161i rajd\u0159i byli pak ost\u0159e v\u00a0akci p\u0159i sobotn\u00edch doprovodn\u00fdch z\u00e1vodech.\u00a0 A jak u\u017e se stalo l\u00e9ty zvykem, i letos n\u00e1m to medailov\u011b cinklo!<\/strong><\/span><\/p>\n<p style=\"text-align: justify;\">Poj\u010fme ale po po\u0159\u00e1dku stru\u010dn\u011b zmapovat na\u0161i leto\u0161n\u00ed \u201enovom\u011bstskou\u201c misi.\u00a0 \u201ePr\u016fzkum bojem\u201c obstarali u\u017e ve \u010dtvrtek Petr s\u00a0Karlem, kte\u0159\u00ed vy\u0159\u00eddili pro n\u00e1\u0161 Team akreditace a \u201enafasovali\u201c\u00a0 v\u0161em\u00a0 na sv\u011btov\u00fd bikov\u00fd v\u00edkend \u201edresy\u201c. Hlavn\u011b ale po poledni pomohli v\u00a0pozici tra\u0165ov\u00fdch\u00a0 mar\u0161\u00e1l\u016f se zaji\u0161t\u011bn\u00edm prvn\u00edch ofici\u00e1ln\u00ed tr\u00e9nink\u016f.\u00a0 U\u017e ve \u010dtvrtek tedy bylo jasn\u00e9, \u017ee \u2013 vzhledem k\u00a0na\u0161im bohat\u00fdm zku\u0161enostem \u00a0s\u00a0touto d\u016fle\u017eitou \u010dinnost\u00ed \u2013 se pozic\u00edm tra\u0165ov\u00fdch Mar\u0161\u00e1l\u016f nevyhneme ani letos.<\/p>\n<p style=\"text-align: justify;\">V\u00a0p\u00e1tek, nach\u00e1ziv\u0161\u00ed se ji\u017e MORAVCI v\u00a0pln\u00e9 sestav\u011b (Petra s\u00a0Karlem doplnili Milan, Tonda, Vlast\u00edk, Libor, Magda a Karel Druh\u00fd), zaujali jsme v\u00a09.30 posty na trati, kter\u00e9 n\u00e1m z\u016fstaly prakticky a\u017e do ned\u011bln\u00edho\u00a0ukon\u010den\u00ed \u201erace\u201c. Ten den vyvrcholil z\u00e1vody mu\u017e\u016f a \u017een v\u00a0nov\u00e9 disciplin\u011b \u2013 \u201eShorttracku\u201c, kterou v\u00a0r\u00e1mci SP vymysleli a na UCI prosadili duchovn\u00ed otec bikov\u00e9 Vyso\u010dina Ar\u00e9ny \u2013 <span style=\"color: #800000;\"><strong>Petr Van\u011bk <\/strong><\/span>a jeho prav\u00e1 ruka, tra\u0165ov\u00fd \u0159editel <strong><span style=\"color: #800000;\">Luk\u00e1\u0161 Vlach<\/span><\/strong>. Na rozd\u00edl od lo\u0148sk\u00e9ho roku na\u0161e barvy v\u00a0t\u00e9to disciplin\u011b tentokr\u00e1t nestartovaly.<\/p>\n<p style=\"text-align: justify;\">Objevily se na startech a\u017e o den pozd\u011bji \u2013 v sobotu. R\u00e1no v\u00a09.00 vyrazili\u00a0 na 50km\u00a0 tra\u0165 maratonci s\u00a0jedn\u00edm \u201echovan\u00fdm\u201c MORAVCEM \u2013 <strong><span style=\"color: #800000;\">Pavlem Bal\u00e1kem<\/span> <\/strong>a s\u00a0jedn\u00edm odchovan\u00fdm MORVCEM, <strong><span style=\"color: #800000;\">Tom\u00e1\u0161em Tlamkou \u201eContadorem\u201c<\/span><\/strong> (Nutrend Specialized Racing).\u00a0 Ve sv\u00e9 kategorii slavil Pavel dal\u0161\u00ed leto\u0161n\u00ed suver\u00e9nn\u00ed v\u00edt\u011bzstv\u00ed (absolutn\u011b m\u011bl 8. nejlep\u0161\u00ed \u010das) a z \u201eplacky\u201c \u2013 bronzov\u00e9 &#8211; \u00a0se mohl v\u00a0juniorsk\u00e9 kategorii radovat i Tom\u00e1\u0161 Tlamka \u201eContador\u201c (absolutn\u011b 13. nejlep\u0161\u00ed \u010das). Na z\u00e1v\u011br dne, v\u00a0NIGHT RACE, podtrhl na\u0161e \u00fasp\u011b\u0161n\u00e9 sobotn\u00ed z\u00e1vodn\u00ed vystoupen\u00ed kvalitn\u00edm v\u00fdkonem a v\u00fdsledkem <strong><span style=\"color: #800000;\">Franta Pd\u011bra<\/span> <\/strong>(21. m\u00edsto).<\/p>\n<p style=\"text-align: justify;\">No a v\u00a0ned\u011bli pak zadun\u011bla p\u0159i startech elitn\u00edch kategori\u00ed mu\u017e\u016f a \u017een \u201eOsm\u00e1 Novom\u011bstsk\u00e1\u201c v\u00a0tradi\u010dn\u00ed s\u00edle, na jakou jsme u\u017e z\u00a0minul\u00fdch let zvykl\u00ed\u2026 I p\u0159esto, \u017ee jsme byli (m\u00e1m te\u010f na mysli dobrovoln\u00edky) prakticky \u201efurt\u201c zanepr\u00e1zdn\u011bn\u00ed na trat\u00edch, zada\u0159ilo se n\u011bkolik zaj\u00edmav\u00fdch setk\u00e1n\u00ed s\u00a0v\u00fdznamn\u00fdmi veli\u010dinami sv\u011btov\u00e9ho bikingu, , jako nap\u0159\u00edklad to ned\u011bln\u00ed, s\u00a0dvojn\u00e1sobn\u00fdm olympijsk\u00fdm v\u00edt\u011bzem, <strong><span style=\"color: #800000;\">Julienem Absalonem<\/span><\/strong>, kter\u00fd se z\u00e1jmem studoval n\u00e1mi jemu v\u011bnovanou bro\u017eurku k\u00a0leto\u0161n\u00ed MTB \u201eVrchovin\u011b\u201c, jej\u00ed\u017e prvn\u00ed z\u00e1vod v\u00a0Bene\u0161ov\u011b p\u0159edch\u00e1zel \u201esv\u011b\u0165\u00e1ku\u201c v\u00a0NMnM. \u017de by na n\u011bkter\u00fd ze z\u00e1vod\u016f p\u0159ijel n\u011bkdo z\u00a0jeho teamu? Kdo v\u00ed\u2026? Uvid\u00edme! Zde jsou dal\u0161\u00ed informace k\u00a0vrcholov\u00e9mu v\u00edkendov\u00e9mu cross country podniku ve Vyso\u010dina ar\u00e9n\u011b<\/p>\n<ul style=\"text-align: justify;\">\n<li><strong><a href=\"http:\/\/mtbnmnm.cz\/\">Ofici\u00e1ln\u00ed str\u00e1nka SP v\u00a0NMnM<\/a><\/strong><\/li>\n<li><strong><a href=\"https:\/\/mtbs.cz\/clanek\/schurter-si-vysocinu-podmanil-uz-poseste-kulhavy-devaty\/kategorie\/svetovy-pohar-xc#.WwvBkLkh1dg\">Server MTBS<\/a><\/strong><\/li>\n<\/ul>\n<p style=\"text-align: justify;\">a zde soubor fotogaleri\u00ed:<\/p>\n<ul>\n<li style=\"text-align: justify;\"><strong><a href=\"http:\/\/moravecteam.rajce.idnes.cz\/2018.05.25.-27.5._MTB_SP_Nove_Mesto_na_Morave\/\">Fotogalerie \u010d.1<\/a><\/strong><\/li>\n<li style=\"text-align: left;\"><strong><a href=\"http:\/\/moravecteam.rajce.idnes.cz\/2018.05.25.-27._MTB_SP_Nove_Mesto_na_Morave_-_2\/\">Fotogalerie \u010d.2<\/a><\/strong><\/li>\n<\/ul>\n","protected":false},"excerpt":{"rendered":"<p>Jak dob\u0159e znaj\u00ed \u201efajn\u0161mek\u0159i\u201c klasick\u00e9 hudby Dvo\u0159\u00e1kovu \u201eNovosv\u011btskou\u201c, tak stejn\u011b dob\u0159e v\u011bd\u00ed zase Ti bikov\u00ed \u201efajn\u0161mek\u0159i\u201c o Va\u0148kov\u011b \u201eNovom\u011bstsk\u00e9\u201c\u2026 U\u017e po osm\u00e9 pohostila Vyso\u010dina ar\u00e9na v\u00a0Nov\u00e9m M\u011bst\u011b na Morav\u011b nejlep\u0161\u00ed\u00a0 bikery a bikerky sv\u011bta a u\u017e po osm\u00e9 byli MORAVCI p\u0159i tom! A jak se u\u017e stalo zvykem, na\u0161e \u00fa\u010dast byla i letos ve dvou &hellip; <a href=\"https:\/\/www.moravecteam.cz\/?p=11868\" class=\"more-link\">Pokra\u010dov\u00e1n\u00ed textu <span class=\"screen-reader-text\">Zlato z &#8222;Ar\u00e9ny&#8220;!<\/span> <span class=\"meta-nav\">&rarr;<\/span><\/a><\/p>\n","protected":false},"author":3,"featured_media":11873,"comment_status":"open","ping_status":"closed","sticky":false,"template":"","format":"standard","meta":[],"categories":[1],"tags":[],"_links":{"self":[{"href":"https:\/\/www.moravecteam.cz\/index.php?rest_route=\/wp\/v2\/posts\/11868"}],"collection":[{"href":"https:\/\/www.moravecteam.cz\/index.php?rest_route=\/wp\/v2\/posts"}],"about":[{"href":"https:\/\/www.moravecteam.cz\/index.php?rest_route=\/wp\/v2\/types\/post"}],"author":[{"embeddable":true,"href":"https:\/\/www.moravecteam.cz\/index.php?rest_route=\/wp\/v2\/users\/3"}],"replies":[{"embeddable":true,"href":"https:\/\/www.moravecteam.cz\/index.php?rest_route=%2Fwp%2Fv2%2Fcomments&post=11868"}],"version-history":[{"count":6,"href":"https:\/\/www.moravecteam.cz\/index.php?rest_route=\/wp\/v2\/posts\/11868\/revisions"}],"predecessor-version":[{"id":11881,"href":"https:\/\/www.moravecteam.cz\/index.php?rest_route=\/wp\/v2\/posts\/11868\/revisions\/11881"}],"wp:featuredmedia":[{"embeddable":true,"href":"https:\/\/www.moravecteam.cz\/index.php?rest_route=\/wp\/v2\/media\/11873"}],"wp:attachment":[{"href":"https:\/\/www.moravecteam.cz\/index.php?rest_route=%2Fwp%2Fv2%2Fmedia&parent=11868"}],"wp:term":[{"taxonomy":"category","embeddable":true,"href":"https:\/\/www.moravecteam.cz\/index.php?rest_route=%2Fwp%2Fv2%2Fcategories&post=11868"},{"taxonomy":"post_tag","embeddable":true,"href":"https:\/\/www.moravecteam.cz\/index.php?rest_route=%2Fwp%2Fv2%2Ftags&post=11868"}],"curies":[{"name":"wp","href":"https:\/\/api.w.org\/{rel}","templated":true}]}}