{"id":11874,"date":"2018-05-28T11:58:31","date_gmt":"2018-05-28T09:58:31","guid":{"rendered":"http:\/\/www.moravecteam.cz\/?p=11874"},"modified":"2018-05-30T13:51:02","modified_gmt":"2018-05-30T11:51:02","slug":"co-se-bude-dit-st22-2","status":"publish","type":"post","link":"https:\/\/www.moravecteam.cz\/?p=11874","title":{"rendered":"Co se bude d\u00edt? (ST22)-3"},"content":{"rendered":"<h5><span style=\"color: #800000;\">\u00dater\u00fd 29.5. 2018<\/span><\/h5>\n<p style=\"text-align: justify;\">Tr\u00e9nink na silni\u010dn\u00edch kolech s Frantou Pad\u011brou a Jirkou \u0160t\u011bpan\u00edkem st.\u00a0\u00a0Sraz bude\u00a0op\u011bt\u00a0 <span style=\"color: #800000;\"><strong>v 17.00 hodin<\/strong> <\/span>u budovy Z\u00e1kladn\u00ed \u0161koly v Bene\u0161ov\u011b. V p\u0159\u00edpad\u011b pot\u0159eby kontaktujte <span style=\"color: #800000;\"><strong>Franti\u0161ka na\u00a0605 838 404<\/strong>.<\/span><\/p>\n<h5><span style=\"color: #800000;\"><strong>St\u0159eda 30.5. 2018<\/strong><\/span><\/h5>\n<p style=\"text-align: justify;\">MTB tr\u00e9nink rajdr\u016f MORAVEC Teamu pod veden\u00edm\u00a0\u00a0<span style=\"color: #800000;\"><strong>Milana Tlamky (776 108 046),<\/strong> <\/span>tentokr\u00e1t na Okrouhl\u00e9. Sraz bude op\u011bt\u00a0\u00a0<span style=\"color: #800000;\">v <strong>17.00 hodin<\/strong><\/span> u Tlamk\u016f, \u010d.p. 117.<\/p>\n<h5 style=\"text-align: justify;\"><span style=\"color: #800000;\"><strong>Sobota 2.6. 2018<\/strong><\/span><\/h5>\n<p style=\"text-align: justify;\">T\u0159et\u00ed\u00a0z\u00e1vod \u010cesk\u00e9ho poh\u00e1ru MTB XCO v Nov\u00e9m M\u011bst\u011b n Morav\u011b. Pojedou se kategorie d\u011bt\u00ed \u2013 MINIME + mlad\u0161\u00ed a star\u0161\u00ed \u017e\u00e1ci a \u017e\u00e1kyn\u011b. Zde mrkn\u011bte na propozice:\u00a0<strong><a href=\"http:\/\/www.moravecteam.cz\/?attachment_id=11877\" rel=\"attachment wp-att-11877\">\u010cP MTB Nov\u00e9 M\u011bsto na Morav\u011b &#8211; propozice<\/a>, <\/strong>t\u00fdmov\u00e9 z\u00e1zem\u00ed bude na\u0161im rajdr\u016fm k dispozici od 9.00 hodin.<\/p>\n<h5><span style=\"color: #800000;\">Ned\u011ble\u00a03.6. 2018<\/span><\/h5>\n<ul>\n<li style=\"text-align: justify;\">T\u0159et\u00ed\u00a0z\u00e1vod \u010cesk\u00e9ho poh\u00e1ru MTB XCO v Nov\u00e9m M\u011bst\u011b na Morav\u011b\u00a0. Pojedou se kategorie od kadet\u016f v\u010detn\u011b a star\u0161\u00ed. Zde mrkn\u011bte na propozice:\u00a0<strong><a href=\"http:\/\/www.moravecteam.cz\/?attachment_id=11877\" rel=\"attachment wp-att-11877\">\u010cP MTB Nov\u00e9 M\u011bsto na Morav\u011b &#8211; propozice<\/a><\/strong><\/li>\n<li>\n<div style=\"text-align: justify;\">Dal\u0161\u00ed\u00a0 cyklovyj\u00ed\u017e\u010fka a asi je\u0161t\u011b st\u00e1le pouze s Hankou\u00a0Odehnalovou (Vlast\u00edk Odehnal je aktu\u00e1ln\u011b zran\u011bn)\u00a0. Sraz v 9.30 ve Sportparku Boskovice \u2013 Doubravy. Bude dobr\u00e9, kdy\u017e n\u011bkdo z rodi\u010d\u016f z\u00fa\u010dastn\u011bn\u00fdch d\u011bt\u00ed si vezme s sebou\u00a0kolo a Hance pom\u016f\u017ee.\u00a0Zde\u00a0<strong><a href=\"http:\/\/www.moravecteam.cz\/?p=10120\">mrkn\u011bte na podrobnosti.<\/a>..\u00a0<\/strong>POZOR!\u00a0Info pro d\u011bti, kter\u00e9 nebudou mit na v\u00fdji\u017e\u010fce doprovod rodi\u010d\u016f:\u00a0 mus\u00ed s sebou mit\u00a0 v\u011btrovku na p\u0159ioble\u010deni, pit\u00ed, sva\u010dinu nebo tra\u0165ovku, n\u00e1hradn\u00ed du\u0161i ( ne d\u011bravou)! Toto minim\u00e1ln\u00ed vybaven\u00ed bude p\u0159ed j\u00edzdou u d\u011bt\u00ed zkontrolov\u00e1no a kdo je nebude m\u00edt &#8211;\u00a0na vyj\u00ed\u017e\u010fku\u00a0nepojede!!!<\/div>\n<\/li>\n<li>Cykloklub Ku\u010dera Znojmo po\u0159\u00e1d\u00e1 z\u00e1vody horsk\u00fdch kol. Zde je plak\u00e1t k akci: <strong><a href=\"http:\/\/www.moravecteam.cz\/?attachment_id=11883\" rel=\"attachment wp-att-11883\">plak\u00e1t<\/a><\/strong><\/li>\n<\/ul>\n<h5><span style=\"color: #800000;\"><strong>AKCE T\u011aSN\u011a ZA HORIZONTEM<\/strong><\/span><\/h5>\n<ul>\n<li>\n<p style=\"text-align: justify;\">\u010ctvrtek 7.6. 2018 &#8211; na\u0161e sp\u0159\u00e1telen\u00e1 jednotka &#8211; Short Bike Academy Vladim\u00edra Opletala po\u0159\u00e1d\u00e1 v Rad\u00edkov\u011b na pevnosti Fort z\u00e1vody horsk\u00fdch kol XCE &#8211; elimin\u00e1tor. Sprinty za\u010d\u00ednaj\u00ed na obvykl\u00e9m m\u00edst\u011b v 16.30 hodin.<\/p>\n<\/li>\n<li>\n<p style=\"text-align: justify;\">3.7.- 6.7. 2018\u00a0&#8211; soust\u0159ed\u011bn\u00ed p\u0159ed MTB M\u010cR (20. \u2013 22.7. 2018) na mistrovsk\u00fdch trat\u00edch v\u00a0Peci pod Sn\u011b\u017ekou, kter\u00e9 bude zakon\u010deno v sobotu 7.7. 2018 z\u00e1vodem MTB Superior-ColorProfi Poh\u00e1ru Drahansk\u00e9 vrchoviny ve Valchov\u011b (\u201eMonte Carlo\u201c).<\/p>\n<\/li>\n<li style=\"text-align: justify;\">23.7. \u2013 27.7. 2018\u00a0&#8211; tradi\u010dn\u00ed odd\u00edlov\u00fd kemp \u2013 ka\u017edoro\u010dn\u00ed pr\u00e1zdninov\u00e9 riskantn\u00ed \u00a0putov\u00e1n\u00ed cestou-necestou \/ polem-nepolem je letos nasm\u011b\u0159ov\u00e1n do lokality T\u0159ebo\u0148ska. Z\u00e1kladna bude pobl\u00ed\u017e Suchdolu nad Lu\u017enic\u00ed, kde n\u00e1s pohost\u00ed\u00a0<strong><a href=\"http:\/\/www.kemp-tust.cz\/\">rekrea\u010dn\u00ed st\u0159edisko Tu\u0161\u0165.<\/a><\/strong>\u00a0Odv\u00e1\u017en\u00ed z\u00e1jemci \u2013 MORAVCI, nahlaste se mi na moje\u00a0605 0J\u00e1gr 0Nagano\u00a0nejpozd\u011bji\u00a0do 30.6. 2018.<\/li>\n<\/ul>\n<h5><span style=\"color: #800000;\">AKCE T\u011aSN\u011a ZA DV\u011aMA HORIZONTY<\/span><\/h5>\n<p>10.2. \u2013 16.2. 2019\u00a0&#8211; zimn\u00ed soust\u0159ed\u011bn\u00ed MORAVEC Teamu, kdy se po roce vr\u00e1t\u00edme do Jesen\u00edk\u016f, na<a href=\"http:\/\/www.navrsi.eu\/\">\u00a0<strong>chatu N\u00e1vr\u0161\u00ed.<\/strong><\/a><\/p>\n","protected":false},"excerpt":{"rendered":"<p>\u00dater\u00fd 29.5. 2018 Tr\u00e9nink na silni\u010dn\u00edch kolech s Frantou Pad\u011brou a Jirkou \u0160t\u011bpan\u00edkem st.\u00a0\u00a0Sraz bude\u00a0op\u011bt\u00a0 v 17.00 hodin u budovy Z\u00e1kladn\u00ed \u0161koly v Bene\u0161ov\u011b. V p\u0159\u00edpad\u011b pot\u0159eby kontaktujte Franti\u0161ka na\u00a0605 838 404. St\u0159eda 30.5. 2018 MTB tr\u00e9nink rajdr\u016f MORAVEC Teamu pod veden\u00edm\u00a0\u00a0Milana Tlamky (776 108 046), tentokr\u00e1t na Okrouhl\u00e9. Sraz bude op\u011bt\u00a0\u00a0v 17.00 hodin u &hellip; <a href=\"https:\/\/www.moravecteam.cz\/?p=11874\" class=\"more-link\">Pokra\u010dov\u00e1n\u00ed textu <span class=\"screen-reader-text\">Co se bude d\u00edt? (ST22)-3<\/span> <span class=\"meta-nav\">&rarr;<\/span><\/a><\/p>\n","protected":false},"author":3,"featured_media":11879,"comment_status":"open","ping_status":"closed","sticky":false,"template":"","format":"standard","meta":[],"categories":[11],"tags":[],"_links":{"self":[{"href":"https:\/\/www.moravecteam.cz\/index.php?rest_route=\/wp\/v2\/posts\/11874"}],"collection":[{"href":"https:\/\/www.moravecteam.cz\/index.php?rest_route=\/wp\/v2\/posts"}],"about":[{"href":"https:\/\/www.moravecteam.cz\/index.php?rest_route=\/wp\/v2\/types\/post"}],"author":[{"embeddable":true,"href":"https:\/\/www.moravecteam.cz\/index.php?rest_route=\/wp\/v2\/users\/3"}],"replies":[{"embeddable":true,"href":"https:\/\/www.moravecteam.cz\/index.php?rest_route=%2Fwp%2Fv2%2Fcomments&post=11874"}],"version-history":[{"count":6,"href":"https:\/\/www.moravecteam.cz\/index.php?rest_route=\/wp\/v2\/posts\/11874\/revisions"}],"predecessor-version":[{"id":11886,"href":"https:\/\/www.moravecteam.cz\/index.php?rest_route=\/wp\/v2\/posts\/11874\/revisions\/11886"}],"wp:featuredmedia":[{"embeddable":true,"href":"https:\/\/www.moravecteam.cz\/index.php?rest_route=\/wp\/v2\/media\/11879"}],"wp:attachment":[{"href":"https:\/\/www.moravecteam.cz\/index.php?rest_route=%2Fwp%2Fv2%2Fmedia&parent=11874"}],"wp:term":[{"taxonomy":"category","embeddable":true,"href":"https:\/\/www.moravecteam.cz\/index.php?rest_route=%2Fwp%2Fv2%2Fcategories&post=11874"},{"taxonomy":"post_tag","embeddable":true,"href":"https:\/\/www.moravecteam.cz\/index.php?rest_route=%2Fwp%2Fv2%2Ftags&post=11874"}],"curies":[{"name":"wp","href":"https:\/\/api.w.org\/{rel}","templated":true}]}}