{"id":11887,"date":"2018-06-04T13:49:23","date_gmt":"2018-06-04T11:49:23","guid":{"rendered":"http:\/\/www.moravecteam.cz\/?p=11887"},"modified":"2018-06-07T06:44:49","modified_gmt":"2018-06-07T04:44:49","slug":"novomestske-repete","status":"publish","type":"post","link":"https:\/\/www.moravecteam.cz\/?p=11887","title":{"rendered":"Novom\u011bstsk\u00e9 repete&#8230;"},"content":{"rendered":"<p style=\"text-align: justify;\"><strong><span style=\"color: #800000;\">T\u00fdden po Sv\u011btov\u00e9m poh\u00e1ru horsk\u00fdch kol pohostila Vyso\u010dina ar\u00e9na op\u011bt \u0161pi\u010dkov\u00e9 bikerky a bikery, tentokr\u00e1t p\u0159i t\u0159et\u00edm z\u00e1vodu \u010cesk\u00e9ho poh\u00e1ru. A proto\u017ee UCI ud\u011blila i tomuto podniku status kategorie C1, nez\u00e1vodila minulou sobotu a ned\u011bli v Nov\u00e9m M\u011bst\u011b na Morav\u011b jen \u010desk\u00e1 cross country \u0161pi\u010dka, ale do ar\u00e9ny si cestu na\u0161la i po\u010detn\u00e1 komunita\u00a0kvalitn\u00edch biker\u016f, p\u0159edev\u0161\u00edm ze sousedn\u00edch st\u00e1t\u016f. Trend\u00a0zv\u00fd\u0161en\u00fdch po\u010dt\u016f z\u00e1vodn\u00edk\u016f ve startovn\u00edch listin\u00e1ch, p\u0159edev\u0161\u00edm v d\u011btsk\u00fdch a ml\u00e1de\u017enick\u00fdch kategori\u00edch\u00a0potvrdil i z\u00e1vod na Vyso\u010din\u011b a to je pro \u010desk\u00fd biking dobr\u00e1 zpr\u00e1va! Stejn\u011b jako je dobrou zpr\u00e1vou pro MORAVEC\u00a0Team, \u017ee\u00a0dva tucty rajdr\u016f, kte\u0159\u00ed zde\u00a0do boj\u016f\u00a0 ve t\u0159in\u00e1cti kategori\u00edch\u00a0zas\u00e1hly, byly v drtiv\u00e9 v\u011bt\u0161in\u011b v\u00edc ne\u017e konkurenceschopn\u00e9!\u00a0<\/span><\/strong><\/p>\n<figure id=\"attachment_11905\" aria-describedby=\"caption-attachment-11905\" style=\"width: 4340px\" class=\"wp-caption alignnone\"><a href=\"http:\/\/www.moravecteam.cz\/?attachment_id=11905\" rel=\"attachment wp-att-11905\"><img decoding=\"async\" loading=\"lazy\" class=\" wp-image-11905\" alt=\"01\" src=\"http:\/\/www.moravecteam.cz\/wp-content\/uploads\/2018\/06\/01.jpg\" width=\"4340\" height=\"3614\" srcset=\"https:\/\/www.moravecteam.cz\/wp-content\/uploads\/2018\/06\/01.jpg 4340w, https:\/\/www.moravecteam.cz\/wp-content\/uploads\/2018\/06\/01-300x249.jpg 300w, https:\/\/www.moravecteam.cz\/wp-content\/uploads\/2018\/06\/01-1024x852.jpg 1024w\" sizes=\"(max-width: 4340px) 100vw, 4340px\" \/><\/a><figcaption id=\"caption-attachment-11905\" class=\"wp-caption-text\">Jon\u00e1\u0161ek Janovsk\u00fd v pln\u00e9 rychlosti na trati v\u00edt\u011bzn\u00e9ho z\u00e1vodu v Nov\u00e9m M\u011bst\u011b na Morav\u011b.<\/figcaption><\/figure>\n<p style=\"text-align: justify;\">Opakovan\u011b d\u00edky Jon\u00e1\u0161ku Janovsk\u00e9mu se ani ze t\u0159et\u00ed \u010desk\u00e9 bikov\u00e9 prvn\u00ed ligy nevrac\u00edme s pr\u00e1zdnou! Po Praze a\u00a0Brn\u011b si n\u00e1\u0161 mlad\u00fd biker dojel s p\u0159ehledem pro v\u00edt\u011bzstv\u00ed i v Nov\u00e9m M\u011bst\u011b. A \u017ee nem\u011bl konkurenci, to plat\u00ed do slova a do p\u00edsmene, proto\u017ee stejn\u011b jako v Brn\u011b byl v kategorii chlapc\u016f ml\u00e1d\u00ed 3-4 roky na startu &#8211; kupodivu &#8211; osamocen&#8230; V sobotn\u00edch \u00a0startech kategori\u00ed MINIME se do TOP10 v\u00fdsledkov\u00fdch listin ve\u0161li je\u0161t\u011b Leonka Eclerov\u00e1 (5-6 let.), jej\u00ed br\u00e1cha Filip Ecler (7-8 let) a Barborka Janovsk\u00e1 (9-10) let, kdy\u017e tato meta jen t\u011bsn\u011b unikla Just\u00fdnce Novotn\u00e9 (9-10 let) s Luckou Gottwaldovou (7-8 let).<\/p>\n<figure id=\"attachment_11906\" aria-describedby=\"caption-attachment-11906\" style=\"width: 2613px\" class=\"wp-caption alignnone\"><a href=\"http:\/\/www.moravecteam.cz\/?attachment_id=11906\" rel=\"attachment wp-att-11906\"><img decoding=\"async\" loading=\"lazy\" class=\" wp-image-11906\" alt=\"02\" src=\"http:\/\/www.moravecteam.cz\/wp-content\/uploads\/2018\/06\/02.jpg\" width=\"2613\" height=\"2769\" srcset=\"https:\/\/www.moravecteam.cz\/wp-content\/uploads\/2018\/06\/02.jpg 2613w, https:\/\/www.moravecteam.cz\/wp-content\/uploads\/2018\/06\/02-25x25.jpg 25w, https:\/\/www.moravecteam.cz\/wp-content\/uploads\/2018\/06\/02-283x300.jpg 283w, https:\/\/www.moravecteam.cz\/wp-content\/uploads\/2018\/06\/02-966x1024.jpg 966w\" sizes=\"(max-width: 2613px) 100vw, 2613px\" \/><\/a><figcaption id=\"caption-attachment-11906\" class=\"wp-caption-text\">Pro p\u00e1tou p\u0159\u00ed\u010dku si dojela Leonka Eclerov\u00e1 v z\u00e1vod\u011b d\u011bv\u010dat do 6 let.<\/figcaption><\/figure>\n<p style=\"text-align: justify;\">V t\u00e9to kategorii startovaly tentokr\u00e1t krom\u011b Lucky dal\u0161\u00ed t\u0159i na\u0161e borky, kdy\u017e leto\u0161n\u00ed premi\u00e9ru\u00a0v z\u00e1vodech \u010desk\u00e9ho poh\u00e1ru zvl\u00e1dly se ct\u00ed i\u00a0sestry Magdal\u00e9nka a Maru\u0161ka Barto\u0161ovic a palce jsme -samo, \u017ee &#8211; dr\u017eeli i Verunce \u0160af\u00e1\u0159ov\u00e9, kter\u00e1, by\u0165 z\u00e1vod\u00ed v dresu Nutrend Specilized Racing, je v tr\u00e9ninkov\u00e9 skupin\u011b tren\u00e9ra Milana Tlamky.\u00a0\u00a0Nejt\u011b\u017e\u0161\u00ed \u00falohu m\u011bl ve sv\u00e9m z\u00e1vod\u011b chlapc\u016f 9-10 let p\u00e1t\u00fd z prvn\u00ed MTB &#8222;Vrchoviny&#8220; v Bene\u0161ov\u011b, Matou\u0161 Lipensk\u00fd, kter\u00fd \u010delil 53 (!) soupe\u0159\u016fm, co\u017e byl do t\u00e9 chv\u00edle rekord v po\u010dtu startuj\u00edc\u00edch.<\/p>\n<figure id=\"attachment_11907\" aria-describedby=\"caption-attachment-11907\" style=\"width: 2367px\" class=\"wp-caption alignnone\"><a href=\"http:\/\/www.moravecteam.cz\/?attachment_id=11907\" rel=\"attachment wp-att-11907\"><img decoding=\"async\" loading=\"lazy\" class=\" wp-image-11907\" alt=\"03\" src=\"http:\/\/www.moravecteam.cz\/wp-content\/uploads\/2018\/06\/03.jpg\" width=\"2367\" height=\"2671\" srcset=\"https:\/\/www.moravecteam.cz\/wp-content\/uploads\/2018\/06\/03.jpg 2367w, https:\/\/www.moravecteam.cz\/wp-content\/uploads\/2018\/06\/03-265x300.jpg 265w, https:\/\/www.moravecteam.cz\/wp-content\/uploads\/2018\/06\/03-907x1024.jpg 907w\" sizes=\"(max-width: 2367px) 100vw, 2367px\" \/><\/a><figcaption id=\"caption-attachment-11907\" class=\"wp-caption-text\">Lucka Gottwaldov\u00e1 prot\u00edn\u00e1 c\u00edlovou \u010d\u00e1ru z\u00e1vodu kategorie d\u00edvek 7-8 let.<\/figcaption><\/figure>\n<p style=\"text-align: justify;\">Tento stav ale nevydr\u017eel dlouho&#8230; S n\u00e1stupem start\u016f\u00a0 mlad\u0161\u00edch a star\u0161\u00edch \u017e\u00e1k\u016f bylo maximum startuj\u00edc\u00edch ze z\u00e1vodu chlapc\u016f 9-10 let rychle p\u0159ekon\u00e1no! \u017d\u00e1k\u016f I (mlad\u0161\u00edch) vyrazilo na tra\u0165, v\u010detn\u011b na\u0161eho Maty\u00e1\u0161e Koudelky,\u00a083, a p\u0159esn\u011b stejn\u011b po\u010detn\u00fd stav byl i p\u0159i startu \u017d\u00e1k\u016f II (star\u0161\u00edch). Zde jsme m\u011bli hned t\u0159i &#8222;\u017eel\u00edzka v ohni&#8220; a k na\u0161\u00ed velk\u00e9 radosti se poda\u0159ilo jednomu z nich &#8222;prost\u0159\u00edlet se&#8220; na body &#8211;\u00a0 jmenovit\u011b V\u00ed\u0165ovi Lipensk\u00e9mu! Po\u010detn\u011b zhruba polovi\u010dn\u00ed byly startovn\u00ed stavy d\u00edvek kategori\u00ed \u017d\u00e1kyn\u011b I a \u017d\u00e1kyn\u011b II. I v Nov\u00e9m M\u011bst\u011b na Morav\u011b potvrdila svoje kvality Am\u00e1lka Gottwaldov\u00e1, kter\u00e1 ten den po vyv\u00e1\u017een\u00e9m v\u00fdkonu jako p\u00e1t\u00e1 z MORAVC\u016e nakoukla do elitn\u00ed des\u00edtky. V\u00fdborn\u011b j\u00ed na trati sekundovali jej\u00ed t\u00fdmov\u00e9 par\u0165a\u010dky Anna Han\u00e1kov\u00e1, Bar\u010da Tlamkov\u00e1 a i Ad\u00e9la Zav\u0159elov\u00e1, kter\u00e1 si po smoln\u00e9m Brn\u011b dojela ve Vyso\u010dina Ar\u00e9n\u011b po z\u00e1sluze pro prvn\u00ed mistrovsk\u00e9 body!<\/p>\n<figure id=\"attachment_11908\" aria-describedby=\"caption-attachment-11908\" style=\"width: 2775px\" class=\"wp-caption alignnone\"><a href=\"http:\/\/www.moravecteam.cz\/?attachment_id=11908\" rel=\"attachment wp-att-11908\"><img decoding=\"async\" loading=\"lazy\" class=\" wp-image-11908\" alt=\"04\" src=\"http:\/\/www.moravecteam.cz\/wp-content\/uploads\/2018\/06\/04.jpg\" width=\"2775\" height=\"3227\" srcset=\"https:\/\/www.moravecteam.cz\/wp-content\/uploads\/2018\/06\/04.jpg 2775w, https:\/\/www.moravecteam.cz\/wp-content\/uploads\/2018\/06\/04-257x300.jpg 257w, https:\/\/www.moravecteam.cz\/wp-content\/uploads\/2018\/06\/04-880x1024.jpg 880w\" sizes=\"(max-width: 2775px) 100vw, 2775px\" \/><\/a><figcaption id=\"caption-attachment-11908\" class=\"wp-caption-text\">Sedm\u00fdm m\u00edstem se bl\u00fdskl v Nov\u00e9m M\u011bst\u011b Filip Ecler.<\/figcaption><\/figure>\n<p style=\"text-align: justify;\">Tepovku n\u00e1m v z\u00e1v\u011bru sobotn\u00edho z\u00e1vodn\u00edho dne hodn\u011b p\u0159\u00edjemn\u011b zv\u00fd\u0161ila sv\u00fdm v\u00fdkonem Eli\u0161ka Han\u00e1kov\u00e1, kter\u00e1 se po ne p\u0159\u00edli\u0161 poveden\u00e9m startu propracov\u00e1vala nezadr\u017eiteln\u011b vp\u0159ed (tro\u0161ku m\u011b to p\u0159ipom\u00ednalo st\u00edhac\u00ed j\u00edzdu Ondry Cinka ze z\u00e1vodu Sv\u011btov\u00e9ho poh\u00e1ru z p\u0159ed t\u00fddne) a sv\u016fj v\u00fdkon korunovala po z\u00e1sluze um\u00edst\u011bn\u00edm v TOP 5!<\/p>\n<figure id=\"attachment_11909\" aria-describedby=\"caption-attachment-11909\" style=\"width: 2635px\" class=\"wp-caption alignnone\"><a href=\"http:\/\/www.moravecteam.cz\/?attachment_id=11909\" rel=\"attachment wp-att-11909\"><img decoding=\"async\" loading=\"lazy\" class=\" wp-image-11909\" alt=\"05\" src=\"http:\/\/www.moravecteam.cz\/wp-content\/uploads\/2018\/06\/05.jpg\" width=\"2635\" height=\"2241\" srcset=\"https:\/\/www.moravecteam.cz\/wp-content\/uploads\/2018\/06\/05.jpg 2635w, https:\/\/www.moravecteam.cz\/wp-content\/uploads\/2018\/06\/05-300x255.jpg 300w, https:\/\/www.moravecteam.cz\/wp-content\/uploads\/2018\/06\/05-1024x870.jpg 1024w\" sizes=\"(max-width: 2635px) 100vw, 2635px\" \/><\/a><figcaption id=\"caption-attachment-11909\" class=\"wp-caption-text\">Barunce Janovsk\u00e9 se letos v z\u00e1vodech \u010cesk\u00e9ho poh\u00e1ru da\u0159\u00ed podobn\u011b, jako jej\u00edmu mlad\u0161\u00edmu bratrovi.<\/figcaption><\/figure>\n<p style=\"text-align: justify;\">Oproti sobot\u011b byla na\u0161e sestava na ned\u011bln\u00ed starty pon\u011bkud \u00fasporn\u011bj\u0161\u00ed&#8230; Krom\u011b Petra \u0160icha jsme na startu kategorie mu\u017e\u016f EXPERT \u010dekali u\u017e i Luk\u00e1\u0161e Gregora, kter\u00fd by m\u011bl b\u00fdt po n\u011bkolika m\u011bs\u00edc\u00edch, str\u00e1ven\u00fdch pracovn\u011b v zahrani\u010d\u00ed, u\u017e v \u010cesku. Ve Vyso\u010dina ar\u00e9n\u011b se ale neobjevil&#8230;<\/p>\n<figure id=\"attachment_11910\" aria-describedby=\"caption-attachment-11910\" style=\"width: 3776px\" class=\"wp-caption alignnone\"><a href=\"http:\/\/www.moravecteam.cz\/?attachment_id=11910\" rel=\"attachment wp-att-11910\"><img decoding=\"async\" loading=\"lazy\" class=\" wp-image-11910\" alt=\"06\" src=\"http:\/\/www.moravecteam.cz\/wp-content\/uploads\/2018\/06\/06.jpg\" width=\"3776\" height=\"2741\" srcset=\"https:\/\/www.moravecteam.cz\/wp-content\/uploads\/2018\/06\/06.jpg 3776w, https:\/\/www.moravecteam.cz\/wp-content\/uploads\/2018\/06\/06-300x217.jpg 300w, https:\/\/www.moravecteam.cz\/wp-content\/uploads\/2018\/06\/06-1024x743.jpg 1024w\" sizes=\"(max-width: 3776px) 100vw, 3776px\" \/><\/a><figcaption id=\"caption-attachment-11910\" class=\"wp-caption-text\">Am\u00e1lka Gottwaldov\u00e1 brala um\u00edst\u011bn\u00ed v TOP 10 i ve Vyso\u010dina ar\u00e9n\u011b.<\/figcaption><\/figure>\n<p style=\"text-align: justify;\">Petr \u0160ich si po bojovn\u00e9m v\u00fdkonu zajel letos svoje v\u00fdsledkov\u00e9 maximum a sv\u016fj v\u00fdkonnostn\u00ed c\u00edl, um\u00edst\u011bn\u00ed na n\u011bkter\u00e9m ze z\u00e1vod\u016f v TOP 10, m\u00e1 u\u017e hodn\u011b bl\u00edzko na dosah&#8230;\u00a0Radost n\u00e1m n\u00e1sledn\u011b ud\u011blal \u00a0i druh\u00fd ned\u011bln\u00ed start kadet\u016f, kter\u00fdch se postavilo na start, v\u010detn\u011b po\u010detn\u00e9 komunity rajdr\u016f z poza hranic \u010ceska,\u00a0bez t\u0159\u00ed 80! Honza &#8222;D\u017eony&#8220; \u0160indel\u00e1\u0159 op\u011bt potvrdil v\u00fdkonem i v\u00fdsledkem n\u00e1le\u017eitost k \u0161ir\u0161\u00ed \u010desk\u00e9 \u0161pi\u010dce v t\u00e9to kategorii. Zatleskali jsme i v\u00fdkonu na\u0161eho odchovance &#8222;Tom\u00e1\u0161e Tlamky &#8222;Contadora&#8220;, kter\u00fd bral t\u00e9\u017e po kvalitn\u00edm v\u00fdkonu nepopul\u00e1rn\u00ed, ale z ar\u00e9ny ur\u010dit\u011b cennou &#8211; \u00a0&#8222;bramboru&#8220;&#8230;<\/p>\n<figure id=\"attachment_11911\" aria-describedby=\"caption-attachment-11911\" style=\"width: 2226px\" class=\"wp-caption alignnone\"><a href=\"http:\/\/www.moravecteam.cz\/?attachment_id=11911\" rel=\"attachment wp-att-11911\"><img decoding=\"async\" loading=\"lazy\" class=\" wp-image-11911\" alt=\"07\" src=\"http:\/\/www.moravecteam.cz\/wp-content\/uploads\/2018\/06\/07.jpg\" width=\"2226\" height=\"1825\" srcset=\"https:\/\/www.moravecteam.cz\/wp-content\/uploads\/2018\/06\/07.jpg 2226w, https:\/\/www.moravecteam.cz\/wp-content\/uploads\/2018\/06\/07-300x245.jpg 300w, https:\/\/www.moravecteam.cz\/wp-content\/uploads\/2018\/06\/07-1024x839.jpg 1024w\" sizes=\"(max-width: 2226px) 100vw, 2226px\" \/><\/a><figcaption id=\"caption-attachment-11911\" class=\"wp-caption-text\">Eli\u0161ka Han\u00e1kov\u00e1 si vede letos mezi star\u0161\u00edmi \u017e\u00e1kyn\u011bmi v\u00fdborn\u011b!<\/figcaption><\/figure>\n<p style=\"text-align: justify;\">I t\u0159et\u00ed ned\u011bln\u00ed start se n\u00e1s t\u00fdkal. Junio\u0159i Tom\u00e1\u0161 Dou\u0161ek s Karlem Vinick\u00fdm soupe\u0159ili s v\u00edce jak 70 siln\u00fdmi soupe\u0159i, kte\u0159\u00ed byli\u00a0p\u0159ev\u00e1\u017en\u011b nad jejich s\u00edly a tak kluci na body nedos\u00e1hli ani v Nov\u00e9m M\u011bst\u011b. A proto\u017ee kadetka Kl\u00e1ra Odehnalov\u00e1, kter\u00e1 jela z\u00e1vody v Praze\u00a0 i Brn\u011b, se p\u0159ed Nov\u00fdm M\u011bstem zranila a\u00a0Krist\u00fdna Kol\u00e1\u0159ov\u00e1 se ve Vyso\u010dina Ar\u00e9n\u011b neobjevila, \u00fa\u010dinkov\u00e1n\u00ed MORAVEC Temu skon\u010dilo pr\u00e1v\u011b dojezdem\u00a0z\u00e1vodu\u00a0junior\u016f.<\/p>\n<figure id=\"attachment_11913\" aria-describedby=\"caption-attachment-11913\" style=\"width: 4226px\" class=\"wp-caption alignnone\"><a href=\"http:\/\/www.moravecteam.cz\/?attachment_id=11913\" rel=\"attachment wp-att-11913\"><img decoding=\"async\" loading=\"lazy\" class=\" wp-image-11913\" alt=\"08\" src=\"http:\/\/www.moravecteam.cz\/wp-content\/uploads\/2018\/06\/08.jpg\" width=\"4226\" height=\"3749\" srcset=\"https:\/\/www.moravecteam.cz\/wp-content\/uploads\/2018\/06\/08.jpg 4226w, https:\/\/www.moravecteam.cz\/wp-content\/uploads\/2018\/06\/08-300x266.jpg 300w, https:\/\/www.moravecteam.cz\/wp-content\/uploads\/2018\/06\/08-1024x908.jpg 1024w\" sizes=\"(max-width: 4226px) 100vw, 4226px\" \/><\/a><figcaption id=\"caption-attachment-11913\" class=\"wp-caption-text\">V\u00fdmluvn\u00e9 c\u00edlov\u00e9 gesto V\u00edtka Lipensk\u00e9ho!<\/figcaption><\/figure>\n<p style=\"text-align: justify;\">A br\u00e1no \u00fahlem v\u011bt\u0161iny dosa\u017een\u00fdch v\u00fdsledk\u016f, (uv\u00e1d\u00edm je, v\u010detn\u011b pr\u016fb\u011b\u017en\u00e9ho po\u0159ad\u00ed na\u0161ich po t\u0159ech z\u00e1vodech, v p\u0159ehledn\u00e9 tabulce n\u00ed\u017ee) to bylo \u00fa\u010dinkov\u00e1n\u00ed vyda\u0159en\u00e9. Poj\u010fme tedy mrknout na v\u00edkendov\u00e1 souhrnn\u00e1 konkr\u00e9tn\u00ed \u010d\u00edsla:<\/p>\n<table border=\"1\" cellspacing=\"0\" cellpadding=\"0\">\n<tbody>\n<tr>\n<td valign=\"top\" width=\"73\"><span style=\"color: #800000;\"><strong><span style=\"font-family: Calibri; font-size: medium;\">Kategorie<\/span><\/strong><\/span><\/td>\n<td valign=\"top\" width=\"189\"><span style=\"color: #800000;\"><strong><span style=\"font-family: Calibri; font-size: medium;\">Um\u00edst\u011bn\u00ed v z\u00e1vod\u011b<\/span><\/strong><\/span><\/td>\n<td valign=\"top\" width=\"76\"><span style=\"color: #800000;\"><strong><span style=\"font-family: Calibri; font-size: medium;\">Startovalo<\/span><\/strong><\/span><\/td>\n<td valign=\"top\" width=\"85\"><span style=\"color: #800000;\"><strong><span style=\"font-family: Calibri; font-size: medium;\">Pr\u016fb\u011b\u017en\u011b<\/span><\/strong><\/span><\/td>\n<\/tr>\n<tr>\n<td valign=\"top\" width=\"73\"><strong><span style=\"color: #ff6600; font-family: Calibri; font-size: medium;\">3-4<\/span><\/strong><\/td>\n<td valign=\"top\" width=\"189\"><strong><span style=\"color: #ff6600; font-family: Calibri; font-size: medium;\">1. Jon\u00e1\u0161 Janovsk\u00fd<\/span><\/strong><\/td>\n<td valign=\"top\" width=\"76\"><strong><span style=\"color: #ff6600; font-family: Calibri; font-size: medium;\">1<\/span><\/strong><\/td>\n<td valign=\"top\" width=\"85\"><strong><span style=\"color: #ff6600; font-family: Calibri; font-size: medium;\">1.<\/span><\/strong><\/td>\n<\/tr>\n<tr>\n<td valign=\"top\" width=\"73\"><span style=\"font-family: Calibri; font-size: medium;\">5-6<\/span><\/td>\n<td valign=\"top\" width=\"189\"><span style=\"font-family: Calibri; font-size: medium;\">5. Leona Eclerov\u00e1<\/span><\/td>\n<td valign=\"top\" width=\"76\"><span style=\"font-family: Calibri; font-size: medium;\">10<\/span><\/td>\n<td valign=\"top\" width=\"85\"><span style=\"font-family: Calibri; font-size: medium;\">6.<\/span><\/td>\n<\/tr>\n<tr>\n<td rowspan=\"5\" valign=\"top\" width=\"73\"><span style=\"font-family: Calibri; font-size: medium;\">7-8<\/span><span style=\"font-family: Calibri; font-size: medium;\">\u00a0<\/span><\/td>\n<td valign=\"top\" width=\"189\"><span style=\"font-family: Calibri; font-size: medium;\">12. Lucie Gottwaldov\u00e1<\/span><\/td>\n<td rowspan=\"5\" valign=\"top\" width=\"76\"><span style=\"font-family: Calibri; font-size: medium;\">34<\/span><span style=\"font-family: Calibri; font-size: medium;\">\u00a0<\/span><\/td>\n<td valign=\"top\" width=\"85\"><span style=\"font-family: Calibri; font-size: medium;\">9.<\/span><\/td>\n<\/tr>\n<tr>\n<td valign=\"top\" width=\"189\"><span style=\"font-family: Calibri; font-size: medium;\">20. Magdalena Barto\u0161ov\u00e1 <\/span><\/td>\n<td valign=\"top\" width=\"85\"><span style=\"font-family: Calibri; font-size: medium;\">31.<\/span><\/td>\n<\/tr>\n<tr>\n<td valign=\"top\" width=\"189\"><span style=\"font-family: Calibri; font-size: medium;\">21. Zita \u017dern\u00ed\u010dkov\u00e1<\/span><\/td>\n<td valign=\"top\" width=\"85\"><span style=\"font-family: Calibri; font-size: medium;\">24.<\/span><\/td>\n<\/tr>\n<tr>\n<td valign=\"top\" width=\"189\"><span style=\"font-family: Calibri; font-size: medium;\">24. Marie Barto\u0161ov\u00e1<\/span><\/td>\n<td valign=\"top\" width=\"85\"><span style=\"font-family: Calibri; font-size: medium;\">35.<\/span><\/td>\n<\/tr>\n<tr>\n<td valign=\"top\" width=\"189\"><span style=\"font-family: Calibri; font-size: medium;\">29. Veronika \u0160af\u00e1\u0159ov\u00e1<\/span><\/td>\n<td valign=\"top\" width=\"85\"><span style=\"font-family: Calibri; font-size: medium;\">20.<\/span><\/td>\n<\/tr>\n<tr>\n<td valign=\"top\" width=\"73\"><span style=\"font-family: Calibri; font-size: medium;\">7-8<\/span><\/td>\n<td valign=\"top\" width=\"189\"><span style=\"font-family: Calibri; font-size: medium;\">7. Filip Ecler<\/span><\/td>\n<td valign=\"top\" width=\"76\"><span style=\"font-family: Calibri; font-size: medium;\">24<\/span><\/td>\n<td valign=\"top\" width=\"85\"><span style=\"font-family: Calibri; font-size: medium;\">14.<\/span><\/td>\n<\/tr>\n<tr>\n<td rowspan=\"3\" valign=\"top\" width=\"73\"><span style=\"font-family: Calibri; font-size: medium;\">9-10<\/span><span style=\"font-family: Calibri; font-size: medium;\">\u00a0<\/span><span style=\"font-family: Calibri; font-size: medium;\">\u00a0<\/span><\/td>\n<td valign=\"top\" width=\"189\"><span style=\"font-family: Calibri; font-size: medium;\">10. Barbora Janovsk\u00e1<\/span><\/td>\n<td rowspan=\"3\" valign=\"top\" width=\"76\"><span style=\"font-family: Calibri; font-size: medium;\">25<\/span><span style=\"font-family: Calibri; font-size: medium;\">\u00a0<\/span><\/td>\n<td valign=\"top\" width=\"85\"><span style=\"font-family: Calibri; font-size: medium;\">7.<\/span><\/td>\n<\/tr>\n<tr>\n<td valign=\"top\" width=\"189\"><span style=\"font-family: Calibri; font-size: medium;\">11. Just\u00fdna Novotn\u00e1<\/span><\/td>\n<td valign=\"top\" width=\"85\"><span style=\"font-family: Calibri; font-size: medium;\">9.<\/span><\/td>\n<\/tr>\n<tr>\n<td valign=\"top\" width=\"189\"><span style=\"font-family: Calibri; font-size: medium;\">17. Lucie Koudelkov\u00e1<\/span><\/td>\n<td valign=\"top\" width=\"85\"><span style=\"font-family: Calibri; font-size: medium;\">14.<\/span><\/td>\n<\/tr>\n<tr>\n<td valign=\"top\" width=\"73\"><span style=\"font-family: Calibri; font-size: medium;\">9-10<\/span><\/td>\n<td valign=\"top\" width=\"189\"><span style=\"font-family: Calibri; font-size: medium;\">22. Matou\u0161 Lipensk\u00fd<\/span><\/td>\n<td valign=\"top\" width=\"76\"><span style=\"font-family: Calibri; font-size: medium;\">54<\/span><\/td>\n<td valign=\"top\" width=\"85\"><span style=\"font-family: Calibri; font-size: medium;\">15.<\/span><\/td>\n<\/tr>\n<tr>\n<td rowspan=\"4\" valign=\"top\" width=\"73\"><span style=\"font-family: Calibri; font-size: medium;\">11-12<\/span><span style=\"font-family: Calibri; font-size: medium;\">\u00a0<\/span><\/td>\n<td valign=\"top\" width=\"189\"><span style=\"font-family: Calibri; font-size: medium;\">9. Am\u00e1lie Gottwaldov\u00e1<\/span><\/td>\n<td rowspan=\"4\" valign=\"top\" width=\"76\"><span style=\"font-family: Calibri; font-size: medium;\">39<\/span><span style=\"font-family: Calibri; font-size: medium;\">\u00a0<\/span><\/td>\n<td valign=\"top\" width=\"85\"><span style=\"font-family: Calibri; font-size: medium;\">6.<\/span><\/td>\n<\/tr>\n<tr>\n<td valign=\"top\" width=\"189\"><span style=\"font-family: Calibri; font-size: medium;\">19. Anna Han\u00e1kov\u00e1<\/span><\/td>\n<td valign=\"top\" width=\"85\"><span style=\"font-family: Calibri; font-size: medium;\">18.<\/span><\/td>\n<\/tr>\n<tr>\n<td valign=\"top\" width=\"189\"><span style=\"font-family: Calibri; font-size: medium;\">24. Barbora Tlamkov\u00e1<\/span><\/td>\n<td valign=\"top\" width=\"85\"><span style=\"font-family: Calibri; font-size: medium;\">22.<\/span><\/td>\n<\/tr>\n<tr>\n<td valign=\"top\" width=\"189\"><span style=\"font-family: Calibri; font-size: medium;\">28. Ad\u00e9la Zav\u0159erlov\u00e1<\/span><\/td>\n<td valign=\"top\" width=\"85\"><span style=\"font-family: Calibri; font-size: medium;\">27.<\/span><\/td>\n<\/tr>\n<tr>\n<td valign=\"top\" width=\"73\"><span style=\"font-family: Calibri; font-size: medium;\">11-12<\/span><\/td>\n<td valign=\"top\" width=\"189\"><span style=\"font-family: Calibri; font-size: medium;\">61. Maty\u00e1\u0161 Koudelka<\/span><\/td>\n<td valign=\"top\" width=\"76\"><span style=\"font-family: Calibri; font-size: medium;\">83<\/span><\/td>\n<td valign=\"top\" width=\"85\"><span style=\"font-family: Calibri; font-size: medium;\">nebodoval<\/span><\/td>\n<\/tr>\n<tr>\n<td valign=\"top\" width=\"73\"><span style=\"font-family: Calibri; font-size: medium;\">13-14<\/span><\/td>\n<td valign=\"top\" width=\"189\"><span style=\"font-family: Calibri;\"><span style=\"font-size: medium;\">4. Eli\u0161ka\u00a0 <\/span><span style=\"font-size: medium;\">Hn\u00e1kov\u00e1<\/span><\/span><\/td>\n<td valign=\"top\" width=\"76\"><span style=\"font-family: Calibri; font-size: medium;\">36<\/span><\/td>\n<td valign=\"top\" width=\"85\"><span style=\"font-family: Calibri; font-size: medium;\">5.<\/span><\/td>\n<\/tr>\n<tr>\n<td rowspan=\"3\" valign=\"top\" width=\"73\"><span style=\"font-family: Calibri; font-size: medium;\">13-14<\/span><span style=\"font-family: Calibri; font-size: medium;\">\u00a0<\/span><\/td>\n<td valign=\"top\" width=\"189\"><span style=\"font-family: Calibri; font-size: medium;\">37. V\u00edt Lipensk\u00fd<\/span><\/td>\n<td rowspan=\"3\" valign=\"top\" width=\"76\"><span style=\"font-family: Calibri; font-size: medium;\">83<\/span><span style=\"font-family: Calibri; font-size: medium;\">\u00a0<\/span><\/td>\n<td valign=\"top\" width=\"85\"><span style=\"font-family: Calibri; font-size: medium;\">49.<\/span><\/td>\n<\/tr>\n<tr>\n<td valign=\"top\" width=\"189\"><span style=\"font-family: Calibri; font-size: medium;\">52. Roman \u0160indel\u00e1\u0159<\/span><\/td>\n<td valign=\"top\" width=\"85\"><span style=\"font-family: Calibri; font-size: medium;\">nebodoval<\/span><\/td>\n<\/tr>\n<tr>\n<td valign=\"top\" width=\"189\"><span style=\"font-family: Calibri; font-size: medium;\">70. Luk\u00e1\u0161 Sedl\u00e1k<\/span><\/td>\n<td valign=\"top\" width=\"85\"><span style=\"font-family: Calibri; font-size: medium;\">nebodoval<\/span><\/td>\n<\/tr>\n<tr>\n<td rowspan=\"2\" valign=\"top\" width=\"73\"><span style=\"font-family: Calibri; font-size: medium;\">kadeti<\/span><span style=\"font-family: Calibri; font-size: medium;\">\u00a0<\/span><\/td>\n<td valign=\"top\" width=\"189\"><span style=\"font-family: Calibri; font-size: medium;\">4. Tom\u00e1\u0161 Tlamka \u201eContador\u201c<\/span><\/td>\n<td rowspan=\"2\" valign=\"top\" width=\"76\"><span style=\"font-family: Calibri; font-size: medium;\">77<\/span><span style=\"font-family: Calibri; font-size: medium;\">\u00a0<\/span><\/td>\n<td valign=\"top\" width=\"85\"><span style=\"font-family: Calibri; font-size: medium;\">4.<\/span><\/td>\n<\/tr>\n<tr>\n<td valign=\"top\" width=\"189\"><span style=\"font-family: Calibri; font-size: medium;\">17. Honza \u201eD\u017eony\u201c \u0160indel\u00e1\u0159<\/span><\/td>\n<td valign=\"top\" width=\"85\"><span style=\"font-family: Calibri; font-size: medium;\">9.<\/span><\/td>\n<\/tr>\n<tr>\n<td rowspan=\"2\" valign=\"top\" width=\"73\"><span style=\"font-family: Calibri; font-size: medium;\">kadetky<\/span><span style=\"font-family: Calibri; font-size: medium;\">\u00a0<\/span><\/td>\n<td valign=\"top\" width=\"189\"><span style=\"font-family: Calibri; font-size: medium;\">Kl\u00e1ra Odehnalov\u00e1 &#8211; DNS<\/span><\/td>\n<td rowspan=\"2\" valign=\"top\" width=\"76\"><span style=\"font-family: Calibri; font-size: medium;\">\u00a030<\/span><\/td>\n<td valign=\"top\" width=\"85\"><span style=\"font-family: Calibri; font-size: medium;\">33.<\/span><\/td>\n<\/tr>\n<tr>\n<td valign=\"top\" width=\"189\"><span style=\"font-family: Calibri; font-size: medium;\">Krist\u00fdna Kol\u00e1\u0159ov\u00e1 &#8211; DNS<\/span><\/td>\n<td valign=\"top\" width=\"85\"><span style=\"font-family: Calibri; font-size: medium;\">37.<\/span><\/td>\n<\/tr>\n<tr>\n<td rowspan=\"2\" valign=\"top\" width=\"73\"><span style=\"font-family: Calibri; font-size: medium;\">junio\u0159i<\/span><span style=\"font-family: Calibri; font-size: medium;\">\u00a0<\/span><\/td>\n<td valign=\"top\" width=\"189\"><span style=\"font-family: Calibri; font-size: medium;\">55. Tom\u00e1\u0161 Dou\u0161ek <\/span><\/td>\n<td rowspan=\"2\" valign=\"top\" width=\"76\"><span style=\"font-family: Calibri; font-size: medium;\">72<\/span><span style=\"font-family: Calibri; font-size: medium;\">\u00a0<\/span><\/td>\n<td valign=\"top\" width=\"85\"><span style=\"font-family: Calibri; font-size: medium;\">nebodoval<\/span><\/td>\n<\/tr>\n<tr>\n<td valign=\"top\" width=\"189\"><span style=\"font-family: Calibri; font-size: medium;\">60. Karel Vinick\u00fd<\/span><\/td>\n<td valign=\"top\" width=\"85\"><span style=\"font-family: Calibri; font-size: medium;\">nebodoval<\/span><\/td>\n<\/tr>\n<\/tbody>\n<\/table>\n<figure id=\"attachment_11914\" aria-describedby=\"caption-attachment-11914\" style=\"width: 910px\" class=\"wp-caption alignnone\"><a href=\"http:\/\/www.moravecteam.cz\/?attachment_id=11914\" rel=\"attachment wp-att-11914\"><img decoding=\"async\" loading=\"lazy\" class=\" wp-image-11914\" alt=\"09\" src=\"http:\/\/www.moravecteam.cz\/wp-content\/uploads\/2018\/06\/09.jpg\" width=\"910\" height=\"1040\" srcset=\"https:\/\/www.moravecteam.cz\/wp-content\/uploads\/2018\/06\/09.jpg 910w, https:\/\/www.moravecteam.cz\/wp-content\/uploads\/2018\/06\/09-262x300.jpg 262w, https:\/\/www.moravecteam.cz\/wp-content\/uploads\/2018\/06\/09-896x1024.jpg 896w\" sizes=\"(max-width: 910px) 100vw, 910px\" \/><\/a><figcaption id=\"caption-attachment-11914\" class=\"wp-caption-text\">Honza &#8222;D\u017eony&#8220; \u0160indel\u00e1\u0159 &#8222;tvrdil muziku&#8220; v ned\u011bln\u00edm z\u00e1vod\u011b kadet\u016f.<\/figcaption><\/figure>\n<p style=\"text-align: justify;\">D\u00edky moc v\u0161em za kvalitn\u00ed repre MORAVCE, podp\u016frn\u00e9 t\u00fdmy samoz\u0159ejm\u011b nevyj\u00edmaje! Zde studujte kompletn\u00ed <strong><a href=\"http:\/\/sportsoft.cz\/cs\/zavod\/overview\/2428\">v\u00fdsledkov\u00fd servis <\/a><\/strong>a mrkn\u011bte taky na:<\/p>\n<ul>\n<li>\n<div style=\"text-align: justify;\"><strong><a href=\"https:\/\/mtbs.cz\/clanek\/svetak-v-novem-meste-vystridal-cp-ve-vedeni-se-usadili-skarnitzlovi\/kategorie\/cesky-pohar-xc#.WxUhMLkh1dg\">\u010cl\u00e1nek serveru MTBS<\/a><\/strong><\/div>\n<\/li>\n<li><strong><a href=\"http:\/\/moravecteam.rajce.idnes.cz\/2018.06.02-03._MTB_CP_Nove_Mesto_na_Morave\/\">Fotogalerii \u010d.1<\/a><\/strong><\/li>\n<li><strong><a href=\"http:\/\/moravecteam.rajce.idnes.cz\/2018.06.02.-03._MTB_CP_Nove_Mesto_na_Morave_-_2\/\">Fotogalerii \u010d.2<\/a><\/strong><\/li>\n<li><strong><a href=\"http:\/\/moravecteam.rajce.idnes.cz\/2018.06.02.-03._MTB_CP_Nove_Mesto_na_Morave_-_3\/\">Fotogalerii \u010d.3<\/a><\/strong><\/li>\n<li><strong><a href=\"https:\/\/moravecteam.rajce.idnes.cz\/2018.06.02.-03._MTB_CP_Nove_Mesto_na_Morave_-_4\/\">Fotogalerii \u010d.4<\/a><\/strong><\/li>\n<li><strong><a href=\"https:\/\/www.zonerama.com\/petrtvarog\/Photo\/4370587\/144427255\">Fotogalerii \u010d.5<\/a><\/strong><\/li>\n<\/ul>\n<p><strong>\u00a0<\/strong><\/p>\n","protected":false},"excerpt":{"rendered":"<p>T\u00fdden po Sv\u011btov\u00e9m poh\u00e1ru horsk\u00fdch kol pohostila Vyso\u010dina ar\u00e9na op\u011bt \u0161pi\u010dkov\u00e9 bikerky a bikery, tentokr\u00e1t p\u0159i t\u0159et\u00edm z\u00e1vodu \u010cesk\u00e9ho poh\u00e1ru. A proto\u017ee UCI ud\u011blila i tomuto podniku status kategorie C1, nez\u00e1vodila minulou sobotu a ned\u011bli v Nov\u00e9m M\u011bst\u011b na Morav\u011b jen \u010desk\u00e1 cross country \u0161pi\u010dka, ale do ar\u00e9ny si cestu na\u0161la i po\u010detn\u00e1 komunita\u00a0kvalitn\u00edch biker\u016f, &hellip; <a href=\"https:\/\/www.moravecteam.cz\/?p=11887\" class=\"more-link\">Pokra\u010dov\u00e1n\u00ed textu <span class=\"screen-reader-text\">Novom\u011bstsk\u00e9 repete&#8230;<\/span> <span class=\"meta-nav\">&rarr;<\/span><\/a><\/p>\n","protected":false},"author":3,"featured_media":11894,"comment_status":"open","ping_status":"closed","sticky":false,"template":"","format":"standard","meta":[],"categories":[1],"tags":[],"_links":{"self":[{"href":"https:\/\/www.moravecteam.cz\/index.php?rest_route=\/wp\/v2\/posts\/11887"}],"collection":[{"href":"https:\/\/www.moravecteam.cz\/index.php?rest_route=\/wp\/v2\/posts"}],"about":[{"href":"https:\/\/www.moravecteam.cz\/index.php?rest_route=\/wp\/v2\/types\/post"}],"author":[{"embeddable":true,"href":"https:\/\/www.moravecteam.cz\/index.php?rest_route=\/wp\/v2\/users\/3"}],"replies":[{"embeddable":true,"href":"https:\/\/www.moravecteam.cz\/index.php?rest_route=%2Fwp%2Fv2%2Fcomments&post=11887"}],"version-history":[{"count":12,"href":"https:\/\/www.moravecteam.cz\/index.php?rest_route=\/wp\/v2\/posts\/11887\/revisions"}],"predecessor-version":[{"id":11916,"href":"https:\/\/www.moravecteam.cz\/index.php?rest_route=\/wp\/v2\/posts\/11887\/revisions\/11916"}],"wp:featuredmedia":[{"embeddable":true,"href":"https:\/\/www.moravecteam.cz\/index.php?rest_route=\/wp\/v2\/media\/11894"}],"wp:attachment":[{"href":"https:\/\/www.moravecteam.cz\/index.php?rest_route=%2Fwp%2Fv2%2Fmedia&parent=11887"}],"wp:term":[{"taxonomy":"category","embeddable":true,"href":"https:\/\/www.moravecteam.cz\/index.php?rest_route=%2Fwp%2Fv2%2Fcategories&post=11887"},{"taxonomy":"post_tag","embeddable":true,"href":"https:\/\/www.moravecteam.cz\/index.php?rest_route=%2Fwp%2Fv2%2Ftags&post=11887"}],"curies":[{"name":"wp","href":"https:\/\/api.w.org\/{rel}","templated":true}]}}