{"id":11895,"date":"2018-06-04T13:49:36","date_gmt":"2018-06-04T11:49:36","guid":{"rendered":"http:\/\/www.moravecteam.cz\/?p=11895"},"modified":"2018-06-07T11:24:33","modified_gmt":"2018-06-07T09:24:33","slug":"co-se-bude-dit-st23-4","status":"publish","type":"post","link":"https:\/\/www.moravecteam.cz\/?p=11895","title":{"rendered":"Co se bude d\u00edt? (ST23)-2"},"content":{"rendered":"<h5><span style=\"color: #800000;\">\u00dater\u00fd\u00a05.6. 2018<\/span><\/h5>\n<p style=\"text-align: justify;\">Tr\u00e9nink na silni\u010dn\u00edch kolech s Frantou Pad\u011brou a Jirkou \u0160t\u011bpan\u00edkem st.\u00a0\u00a0Sraz bude\u00a0op\u011bt\u00a0 <span style=\"color: #800000;\"><strong>v 17.00 hodin<\/strong> <\/span>u budovy Z\u00e1kladn\u00ed \u0161koly v Bene\u0161ov\u011b. V p\u0159\u00edpad\u011b pot\u0159eby kontaktujte <span style=\"color: #800000;\"><strong>Franti\u0161ka na\u00a0605 838 404<\/strong>.<\/span><\/p>\n<h5><span style=\"color: #800000;\"><strong>St\u0159eda 6.6. 2018<\/strong><\/span><\/h5>\n<p style=\"text-align: justify;\">MTB tr\u00e9nink rajdr\u016f MORAVEC Teamu pod veden\u00edm\u00a0\u00a0<span style=\"color: #800000;\"><strong>Milana Tlamky (776 108 046),<\/strong> <\/span>tentokr\u00e1t v Boskovic\u00edch. Sraz bude op\u011bt\u00a0\u00a0v <span style=\"color: #800000;\"><strong>17.00 hodin<\/strong> <\/span>ve Sportparku Doubravy.<\/p>\n<h5 style=\"text-align: justify;\"><span style=\"color: #800000;\"><strong>\u010ctvrtek 7.6. 2018<\/strong><\/span><\/h5>\n<p style=\"text-align: justify;\">Na\u0161e sp\u0159\u00e1telen\u00e1 han\u00e1ck\u00e1 jednotka &#8211; Short Bike Academy Vladim\u00edra Opletala po\u0159\u00e1d\u00e1 v Rad\u00edkov\u011b na pevnosti Fort z\u00e1vody horsk\u00fdch kol XCE &#8211; elimin\u00e1tor. Sprinty za\u010d\u00ednaj\u00ed na obvykl\u00e9m m\u00edst\u011b v 16.30 hodin.<\/p>\n<h5 style=\"text-align: justify;\"><strong><span style=\"color: #800000;\">P\u00e1tek 8.6. 2018<\/span><\/strong><\/h5>\n<p style=\"text-align: justify;\">Od 17.00 prohl\u00eddka trat\u00ed druh\u00e9ho z\u00e1vodu MTB &#8222;Vrchoviny&#8220; v Ko\u0159enci, kde se s jejich p\u0159\u00edpravou za\u010dalo u\u017e v pond\u011bl\u00ed 4. 6.!<\/p>\n<h5><span style=\"color: #800000;\"><strong>Sobota 9.6. 2018<\/strong><\/span><\/h5>\n<ul>\n<li>\n<div style=\"text-align: justify;\">Druh\u00fd z\u00e1vod MTB &#8222;Vrchoviny&#8220; V Ko\u0159enci. Zde studujte v\u00a0 <strong><a href=\"http:\/\/www.pohardrahanskevrchoviny.cz\/po-vysocine-opet-vrchovina\/\">propozice<\/a>, <\/strong>\u00fa\u010dast a dopravu si ka\u017ed\u00fd zaji\u0161\u0165uje s\u00e1m.<\/div>\n<\/li>\n<li>\n<p style=\"text-align: justify;\">Pozv\u00e1nka od Pavla Kej\u00edka, spr\u00e1vce Boskovick\u00fdch cyklostezek: <em>V sobotu\u00a0 9.6. v\u00a09:00 svol\u00e1v\u00e1me dobrovolnou brig\u00e1du na Boskovick\u00fdch stezk\u00e1ch. Poj\u010fme spole\u010dn\u011b poupravit n\u011bkter\u00e9 \u00faseky trail\u016f. Materi\u00e1l vibra\u010dn\u00ed desky a soudek piva bude zaji\u0161t\u011bn. D\u011blat se bude tak do 14 -15:00 pot\u00e9 posed\u00edme u pivka a ope\u010deme n\u011bco m\u00e1lo na ohni.<\/em> Pavlovi mus\u00edme d\u00e1t term\u00ednov\u00fd rozpis MTB &#8222;Vrchoviny&#8220;&#8230;<\/p>\n<\/li>\n<\/ul>\n<h5><span style=\"color: #800000;\">Ned\u011ble\u00a010.6. 2018<\/span><\/h5>\n<ul>\n<li style=\"text-align: justify;\">Dal\u0161\u00ed\u00a0 cyklovyj\u00ed\u017e\u010fka a asi je\u0161t\u011b st\u00e1le pouze s Hankou\u00a0Odehnalovou (Vlast\u00edk Odehnal je aktu\u00e1ln\u011b zran\u011bn)\u00a0. Sraz v 9.30 ve Sportparku Boskovice \u2013 Doubravy. Bude dobr\u00e9, kdy\u017e n\u011bkdo z rodi\u010d\u016f z\u00fa\u010dastn\u011bn\u00fdch d\u011bt\u00ed si vezme s sebou\u00a0kolo a Hance pom\u016f\u017ee.\u00a0Zde\u00a0<strong><a href=\"http:\/\/www.moravecteam.cz\/?p=10120\">mrkn\u011bte na podrobnosti.<\/a>..\u00a0<\/strong>POZOR!\u00a0Info pro d\u011bti, kter\u00e9 nebudou mit na v\u00fdji\u017e\u010fce doprovod rodi\u010d\u016f:\u00a0 mus\u00ed s sebou mit\u00a0 v\u011btrovku na p\u0159ioble\u010deni, pit\u00ed, sva\u010dinu nebo tra\u0165ovku, n\u00e1hradn\u00ed du\u0161i ( ne d\u011bravou)! Toto minim\u00e1ln\u00ed vybaven\u00ed bude p\u0159ed j\u00edzdou u d\u011bt\u00ed zkontrolov\u00e1no a kdo je nebude m\u00edt &#8211;\u00a0na vyj\u00ed\u017e\u010fku\u00a0nepojede!!!<\/li>\n<li style=\"text-align: justify;\">Cykloklub Ku\u010dera Znojmo po\u0159\u00e1d\u00e1 z\u00e1vody horsk\u00fdch kol. Zde je plak\u00e1t k akci: <strong><a href=\"http:\/\/www.moravecteam.cz\/?attachment_id=11883\" rel=\"attachment wp-att-11883\">plak\u00e1t<\/a><\/strong><\/li>\n<\/ul>\n<h5><span style=\"color: #800000;\"><strong>AKCE T\u011aSN\u011a ZA HORIZONTEM<\/strong><\/span><\/h5>\n<ul>\n<li style=\"text-align: justify;\">3.7.- 6.7. 2018\u00a0&#8211; soust\u0159ed\u011bn\u00ed p\u0159ed MTB M\u010cR (20. \u2013 22.7. 2018) na mistrovsk\u00fdch trat\u00edch v\u00a0Peci pod Sn\u011b\u017ekou, kter\u00e9 bude zakon\u010deno v sobotu 7.7. 2018 z\u00e1vodem MTB Superior-ColorProfi Poh\u00e1ru Drahansk\u00e9 vrchoviny ve Valchov\u011b (\u201eMonte Carlo\u201c).<\/li>\n<li style=\"text-align: justify;\">23.7. \u2013 27.7. 2018\u00a0&#8211; tradi\u010dn\u00ed odd\u00edlov\u00fd kemp \u2013 ka\u017edoro\u010dn\u00ed pr\u00e1zdninov\u00e9 riskantn\u00ed \u00a0putov\u00e1n\u00ed cestou-necestou \/ polem-nepolem je letos nasm\u011b\u0159ov\u00e1n do lokality T\u0159ebo\u0148ska. Z\u00e1kladna bude pobl\u00ed\u017e Suchdolu nad Lu\u017enic\u00ed, kde n\u00e1s pohost\u00ed\u00a0<strong><a href=\"http:\/\/www.kemp-tust.cz\/\">rekrea\u010dn\u00ed st\u0159edisko Tu\u0161\u0165.<\/a><\/strong>\u00a0Odv\u00e1\u017en\u00ed z\u00e1jemci \u2013 MORAVCI, nahlaste se mi na moje\u00a0605 0J\u00e1gr 0Nagano\u00a0nejpozd\u011bji\u00a0do 30.6. 2018.<\/li>\n<\/ul>\n<h5><span style=\"color: #800000;\">AKCE T\u011aSN\u011a ZA DV\u011aMA HORIZONTY<\/span><\/h5>\n<p>10.2. \u2013 16.2. 2019\u00a0&#8211; zimn\u00ed soust\u0159ed\u011bn\u00ed MORAVEC Teamu, kdy se po roce vr\u00e1t\u00edme do Jesen\u00edk\u016f, na<a href=\"http:\/\/www.navrsi.eu\/\">\u00a0<strong>chatu N\u00e1vr\u0161\u00ed.<\/strong><\/a><\/p>\n","protected":false},"excerpt":{"rendered":"<p>\u00dater\u00fd\u00a05.6. 2018 Tr\u00e9nink na silni\u010dn\u00edch kolech s Frantou Pad\u011brou a Jirkou \u0160t\u011bpan\u00edkem st.\u00a0\u00a0Sraz bude\u00a0op\u011bt\u00a0 v 17.00 hodin u budovy Z\u00e1kladn\u00ed \u0161koly v Bene\u0161ov\u011b. V p\u0159\u00edpad\u011b pot\u0159eby kontaktujte Franti\u0161ka na\u00a0605 838 404. St\u0159eda 6.6. 2018 MTB tr\u00e9nink rajdr\u016f MORAVEC Teamu pod veden\u00edm\u00a0\u00a0Milana Tlamky (776 108 046), tentokr\u00e1t v Boskovic\u00edch. Sraz bude op\u011bt\u00a0\u00a0v 17.00 hodin ve Sportparku &hellip; <a href=\"https:\/\/www.moravecteam.cz\/?p=11895\" class=\"more-link\">Pokra\u010dov\u00e1n\u00ed textu <span class=\"screen-reader-text\">Co se bude d\u00edt? (ST23)-2<\/span> <span class=\"meta-nav\">&rarr;<\/span><\/a><\/p>\n","protected":false},"author":3,"featured_media":11897,"comment_status":"open","ping_status":"closed","sticky":false,"template":"","format":"standard","meta":[],"categories":[11],"tags":[],"_links":{"self":[{"href":"https:\/\/www.moravecteam.cz\/index.php?rest_route=\/wp\/v2\/posts\/11895"}],"collection":[{"href":"https:\/\/www.moravecteam.cz\/index.php?rest_route=\/wp\/v2\/posts"}],"about":[{"href":"https:\/\/www.moravecteam.cz\/index.php?rest_route=\/wp\/v2\/types\/post"}],"author":[{"embeddable":true,"href":"https:\/\/www.moravecteam.cz\/index.php?rest_route=\/wp\/v2\/users\/3"}],"replies":[{"embeddable":true,"href":"https:\/\/www.moravecteam.cz\/index.php?rest_route=%2Fwp%2Fv2%2Fcomments&post=11895"}],"version-history":[{"count":3,"href":"https:\/\/www.moravecteam.cz\/index.php?rest_route=\/wp\/v2\/posts\/11895\/revisions"}],"predecessor-version":[{"id":11918,"href":"https:\/\/www.moravecteam.cz\/index.php?rest_route=\/wp\/v2\/posts\/11895\/revisions\/11918"}],"wp:featuredmedia":[{"embeddable":true,"href":"https:\/\/www.moravecteam.cz\/index.php?rest_route=\/wp\/v2\/media\/11897"}],"wp:attachment":[{"href":"https:\/\/www.moravecteam.cz\/index.php?rest_route=%2Fwp%2Fv2%2Fmedia&parent=11895"}],"wp:term":[{"taxonomy":"category","embeddable":true,"href":"https:\/\/www.moravecteam.cz\/index.php?rest_route=%2Fwp%2Fv2%2Fcategories&post=11895"},{"taxonomy":"post_tag","embeddable":true,"href":"https:\/\/www.moravecteam.cz\/index.php?rest_route=%2Fwp%2Fv2%2Ftags&post=11895"}],"curies":[{"name":"wp","href":"https:\/\/api.w.org\/{rel}","templated":true}]}}