{"id":11920,"date":"2018-06-11T16:29:33","date_gmt":"2018-06-11T14:29:33","guid":{"rendered":"http:\/\/www.moravecteam.cz\/?p=11920"},"modified":"2018-06-11T16:29:33","modified_gmt":"2018-06-11T14:29:33","slug":"korenecka-obhajoba","status":"publish","type":"post","link":"https:\/\/www.moravecteam.cz\/?p=11920","title":{"rendered":"Ko\u0159eneck\u00e1 obhajoba!"},"content":{"rendered":"<p style=\"text-align: justify;\"><strong><span style=\"color: #800000;\">Na<\/span><span style=\"color: #800000;\"> prvn\u00ed MTB &#8222;Vrchovin\u011b&#8220; v Bene\u0161ov\u011b vysoko nastavenou v\u00fdkonnostn\u00ed la\u0165ku (6 zlat\u00fdch, 4 st\u0159\u00edbrn\u00e9 a 4 bronzov\u00e9 medaile v po\u0159ad\u00ed OPEN) dok\u00e1zali rajd\u0159i MORAVEC Teamu bez pot\u00ed\u017e\u00ed vyrovnat i na druh\u00e9m z\u00e1vod\u011b seri\u00e1lu, kter\u00fd za slune\u010dn\u00e9ho a\u017e hork\u00e9ho po\u010das\u00ed pohostila druhou \u010dervnovou sobotu vzorn\u011b obec Ko\u0159enec. Struktur\u00e1rn\u011b je rozlo\u017een\u00ed po\u010dtu jednotliv\u00fdch cenn\u00fdch kov\u016f od Bene\u0161ova sice tro\u0161ku odli\u0161n\u00e9, tato skute\u010dnost m\u00e1 ale minim\u00e1ln\u00ed v\u00fdznam, uv\u011bdom\u00edme-li si, \u017ee\u00a0 konkurence, kter\u00e9 museli MORAVCI v Ko\u0159enci \u010delit, byla &#8222;hutn\u00e1&#8220; jak kvantitativn\u011b( startovalo celkem 225 z\u00e1vodn\u00edk\u016f), tak p\u0159edev\u0161\u00edm co se\u00a0kvality t\u00fd\u010de&#8230;<\/span><\/strong><\/p>\n<figure id=\"attachment_11934\" aria-describedby=\"caption-attachment-11934\" style=\"width: 1414px\" class=\"wp-caption alignnone\"><a href=\"http:\/\/www.moravecteam.cz\/?attachment_id=11934\" rel=\"attachment wp-att-11934\"><img decoding=\"async\" loading=\"lazy\" class=\" wp-image-11934\" alt=\"02\" src=\"http:\/\/www.moravecteam.cz\/wp-content\/uploads\/2018\/06\/021.jpg\" width=\"1414\" height=\"1256\" srcset=\"https:\/\/www.moravecteam.cz\/wp-content\/uploads\/2018\/06\/021.jpg 1414w, https:\/\/www.moravecteam.cz\/wp-content\/uploads\/2018\/06\/021-300x266.jpg 300w, https:\/\/www.moravecteam.cz\/wp-content\/uploads\/2018\/06\/021-1024x909.jpg 1024w\" sizes=\"(max-width: 1414px) 100vw, 1414px\" \/><\/a><figcaption id=\"caption-attachment-11934\" class=\"wp-caption-text\">Na \u010dem to slu\u0161\u00ed Leonce v\u00edc? Na odr\u00e1\u017eedle nebo na kole?<\/figcaption><\/figure>\n<p style=\"text-align: justify;\">Cykloteam Kol\u00e1rna, TUFO CZ Otrokovice, Cykloteam MXM Hul\u00edn, Short Bike Academy Opletal, SK Ji\u0159\u00ed Team&#8230; To jsou\u00a0jen nam\u00e1tkou\u00a0prvot\u0159\u00eddn\u00ed t\u00fdmy, kter\u00e9 se na trat\u00edch U v\u011bt\u0159\u00e1ku prezentovali skute\u010dnou bikerskou kvalitou, o region\u00e1ln\u00edch\u00a0siln\u00fdch soupe\u0159\u00edch v podob\u011b Drahansk\u00e9ho Sport t\u00fdmu \u010di ACT Lerak Blansko nemluv\u011b&#8230; A t\u00e9to tvrd\u00e9 konkurenci dok\u00e1zali na\u0161i bike\u0159i nejen srdnat\u011b \u010delit, ale siln\u00e9 p\u0159espoln\u00ed i por\u00e1\u017eet, \u010deho\u017e 14 vybojovan\u00fdch &#8222;placek&#8220; v presti\u017en\u00edm OPEN po\u0159ad\u00ed je jasn\u00fdm\u00a0d\u016fkazem!<\/p>\n<figure id=\"attachment_11933\" aria-describedby=\"caption-attachment-11933\" style=\"width: 772px\" class=\"wp-caption alignnone\"><a href=\"http:\/\/www.moravecteam.cz\/?attachment_id=11933\" rel=\"attachment wp-att-11933\"><img decoding=\"async\" loading=\"lazy\" class=\" wp-image-11933\" alt=\"01\" src=\"http:\/\/www.moravecteam.cz\/wp-content\/uploads\/2018\/06\/011.jpg\" width=\"772\" height=\"858\" srcset=\"https:\/\/www.moravecteam.cz\/wp-content\/uploads\/2018\/06\/011.jpg 772w, https:\/\/www.moravecteam.cz\/wp-content\/uploads\/2018\/06\/011-269x300.jpg 269w\" sizes=\"(max-width: 772px) 100vw, 772px\" \/><\/a><figcaption id=\"caption-attachment-11933\" class=\"wp-caption-text\">Tonda Han\u00e1k vybojoval v ko\u0159eneck\u00e9m stoup\u00e1n\u00ed na odr\u00e1\u017eele cenn\u00fd bronz!<\/figcaption><\/figure>\n<p style=\"text-align: justify;\">U\u017e prvn\u00ed start dne, kter\u00fdm byl z\u00e1vod odr\u00e1\u017eedel kluk\u016f, n\u00e1s namlsal&#8230; <strong><span style=\"color: #800000;\">Tonda Han\u00e1k<\/span> <\/strong>si s nep\u0159\u00edjemn\u00fdm kopcem poradil ve t\u0159et\u00edm nejrychlej\u0161\u00edm \u010dase! \u00dalohu favoritky pak jist\u00fdm v\u00edt\u011bzstv\u00edm potvrdila ve stejn\u00e9 kategorii d\u00edvek o p\u00e1r minut pozd\u011bji ziskem zlata <strong><span style=\"color: #800000;\">Leonka Eclerov\u00e1<\/span><\/strong>, kter\u00e1 si, podobn\u011b jako z Bene\u0161ova, \u00a0i z Ko\u0159ence, d\u00edky n\u00e1sledn\u00e9mu v\u00edt\u011bzstv\u00ed v z\u00e1vod\u011b d\u00edvek do 6 let odvezla op\u011bt dva vav\u0159\u00edny! Zlato z Bene\u0161ova obhajoval v kategorii 7-8 let i jej\u00ed br\u00e1cha <strong><span style=\"color: #800000;\">Filip Ecler<\/span><\/strong>,\u00a0ten \u00a0se ale musel tentokr\u00e1t sklonit p\u0159ed v\u00fdkonem Samuela Muchy (SK Ji\u0159\u00ed Team), kter\u00fd na\u0161eho rajdra &#8222;p\u0159etla\u010dil&#8220; o 23 vte\u0159in. Par\u00e1dn\u00edm \u010d\u00edslem pro n\u00e1s byl pak z\u00e1vod stejn\u011b mlad\u00fdch d\u011bv\u010dat, po kter\u00e9m jsme se d\u00edky <span style=\"color: #800000;\"><strong>Lucii Gottwaldov\u00e9<\/strong> <\/span>a <strong><span style=\"color: #800000;\">Zit\u011b \u017dern\u00ed\u010dkov\u00e9 <\/span><\/strong>mohli radovat z ten den prvn\u00edho dvojit\u00e9ho v\u00edt\u011bzstv\u00ed!<\/p>\n<figure id=\"attachment_11936\" aria-describedby=\"caption-attachment-11936\" style=\"width: 1229px\" class=\"wp-caption alignnone\"><a href=\"http:\/\/www.moravecteam.cz\/?attachment_id=11936\" rel=\"attachment wp-att-11936\"><img decoding=\"async\" loading=\"lazy\" class=\" wp-image-11936\" alt=\"04\" src=\"http:\/\/www.moravecteam.cz\/wp-content\/uploads\/2018\/06\/041.jpg\" width=\"1229\" height=\"1050\" srcset=\"https:\/\/www.moravecteam.cz\/wp-content\/uploads\/2018\/06\/041.jpg 1229w, https:\/\/www.moravecteam.cz\/wp-content\/uploads\/2018\/06\/041-300x256.jpg 300w, https:\/\/www.moravecteam.cz\/wp-content\/uploads\/2018\/06\/041-1024x874.jpg 1024w\" sizes=\"(max-width: 1229px) 100vw, 1229px\" \/><\/a><figcaption id=\"caption-attachment-11936\" class=\"wp-caption-text\">T\u0159i na\u0161e v\u00fdborn\u00e9 &#8222;st\u00edha\u010dky&#8220; v z\u00e1vod\u011b d\u00edvek 9-10 let. Nepopul\u00e1rn\u00ed &#8222;bramboru&#8220; nakonec brala Just\u00fdnka Novotn\u00e1.<\/figcaption><\/figure>\n<p style=\"text-align: justify;\">A nez\u016fstalo jenom u n\u011bho. Podobn\u011b \u00fasp\u011b\u0161n\u00fd byl pro n\u00e1s start d\u00edvek 9-10 let, ve kter\u00e9m byla k na\u0161\u00ed \u00a0velk\u00e9 radosti\u00a0 nejrychlej\u0161\u00ed <strong><span style=\"color: #800000;\">Lucie Koudelkov\u00e1<\/span> <\/strong>a bronz brala dal\u0161\u00ed na\u0161e borka &#8211; <strong><span style=\"color: #800000;\">Bar\u010da Janovsk\u00e1<\/span><\/strong>! Jako by na\u0161e d\u011bv\u010data necht\u011bla soupe\u0159k\u00e1m stupn\u011b v\u00edt\u011bz\u016f p\u016fj\u010dit ani n chvilku&#8230; Dal\u0161\u00edho &#8222;double&#8220; p\u00f3dia jsme si u\u017e\u00edvali o p\u00e1r des\u00edtek minut pozd\u011bji, to kdy\u017e z\u00e1vod mlad\u0161\u00edch \u017e\u00e1ky\u0148 ovl\u00e1dla <strong><span style=\"color: #800000;\">Am\u00e1lka Gottwaldov\u00e1<\/span> <\/strong>p\u0159ed <strong><span style=\"color: #800000;\">Bar\u010dou Tlamkovou<\/span><\/strong>! A to je\u0161t\u011b spolufavoritka z\u00e1vodu, na\u0161e Ani\u010dka Han\u00e1kov\u00e1\u00a0 doplatila na nezavin\u011bnou \u00a0kolizi kr\u00e1tce po startu, po kter\u00e9 musela n\u00e1sledn\u011b ze z\u00e1vodu bohu\u017eel odstoupit&#8230; St\u0159\u00edbro n\u00e1m cinklo d\u00edl <strong><span style=\"color: #800000;\">Eli\u0161ce Han\u00e1kov\u00e9<\/span> <\/strong>v presti\u017en\u00edm z\u00e1vod\u011b star\u0161\u00edch \u017e\u00e1ky\u0148. &#8222;Ellis&#8220; nest\u00edhala pouze\u00a0 v\u00fdbornou, o rok star\u0161\u00ed \u00a0Patricii Srnskou (Cyklo-ski Club Poli\u010dka), na kterou v c\u00edli ztratila &#8211; podobn\u011b, jako ne ned\u00e1vn\u00e9m z\u00e1vod\u011b MTB \u010cP v NMnM &#8211; necelou minutu&#8230;<\/p>\n<figure id=\"attachment_11935\" aria-describedby=\"caption-attachment-11935\" style=\"width: 899px\" class=\"wp-caption alignnone\"><a href=\"http:\/\/www.moravecteam.cz\/?attachment_id=11935\" rel=\"attachment wp-att-11935\"><img decoding=\"async\" loading=\"lazy\" class=\" wp-image-11935\" alt=\"03\" src=\"http:\/\/www.moravecteam.cz\/wp-content\/uploads\/2018\/06\/031.jpg\" width=\"899\" height=\"909\" srcset=\"https:\/\/www.moravecteam.cz\/wp-content\/uploads\/2018\/06\/031.jpg 899w, https:\/\/www.moravecteam.cz\/wp-content\/uploads\/2018\/06\/031-25x25.jpg 25w, https:\/\/www.moravecteam.cz\/wp-content\/uploads\/2018\/06\/031-296x300.jpg 296w\" sizes=\"(max-width: 899px) 100vw, 899px\" \/><\/a><figcaption id=\"caption-attachment-11935\" class=\"wp-caption-text\">Lucinka Gottwaldov\u00e1 vyr\u00e1\u017e\u00ed vst\u0159\u00edc v\u00edt\u011bzstv\u00ed v z\u00e1vod\u011b, kter\u00fd se div\u00e1k\u016fm moc l\u00edbil!<\/figcaption><\/figure>\n<p style=\"text-align: justify;\">V posledn\u00edm bloku start\u016f vybojoval\u00a0mezi juniory \/ kadety\u00a0st\u0159\u00edbro <strong><span style=\"color: #800000;\">Honza &#8222;D\u017eony&#8220; \u0160indel\u00e1\u0159<\/span><\/strong>, kter\u00fd nesta\u010dil pouze na Jakuba Zemeneho (Short Bike Academy Opletal),\u00a0 kter\u00fd tak &#8222;D\u017eonymu&#8220; oplatil por\u00e1\u017eku\u00a0\u00a0z p\u0159ed t\u00fddne z Nov\u00e9ho M\u011bsta na Morav\u011b. V z\u00e1vod\u011b. Zaj\u00edmav\u00fd\u00a0&#8222;sestrovra\u017eedn\u00fd&#8220; souboj svedly dv\u011b na\u0161e holky: na dom\u00e1c\u00ed trati rychl\u00e1 <strong><span style=\"color: #800000;\">Krist\u00fdna Kol\u00e1\u0159ov\u00e1<\/span> <\/strong>a z\u00e1vod od z\u00e1vodu se lep\u0161\u00edc\u00ed <strong><span style=\"color: #800000;\">Kl\u00e1ra Odehnalov\u00e1<\/span><\/strong>. V\u00edce sil m\u011bla a z bronzu se v c\u00edli mohla radovat, boskovick\u00e1\u00a0Kl\u00e1ra Odehnalov\u00e1. Spolehliv\u00fdm sb\u011bratelem vz\u00e1cn\u00fdch kov\u016f pro MORAVEC Team je i <strong><span style=\"color: #800000;\">Martin Gottwald<\/span><\/strong>, kter\u00fd tuto skute\u010dnost potvrdil v Ko\u0159enci ziskem cenn\u00e9ho st\u0159\u00edbra, a kter\u00fd uzav\u0159el ten den n\u00e1\u0161 medailov\u00fd sb\u011br.<\/p>\n<figure id=\"attachment_11937\" aria-describedby=\"caption-attachment-11937\" style=\"width: 1454px\" class=\"wp-caption alignnone\"><a href=\"http:\/\/www.moravecteam.cz\/?attachment_id=11937\" rel=\"attachment wp-att-11937\"><img decoding=\"async\" loading=\"lazy\" class=\" wp-image-11937\" alt=\"05\" src=\"http:\/\/www.moravecteam.cz\/wp-content\/uploads\/2018\/06\/051.jpg\" width=\"1454\" height=\"1628\" srcset=\"https:\/\/www.moravecteam.cz\/wp-content\/uploads\/2018\/06\/051.jpg 1454w, https:\/\/www.moravecteam.cz\/wp-content\/uploads\/2018\/06\/051-267x300.jpg 267w, https:\/\/www.moravecteam.cz\/wp-content\/uploads\/2018\/06\/051-914x1024.jpg 914w\" sizes=\"(max-width: 1454px) 100vw, 1454px\" \/><\/a><figcaption id=\"caption-attachment-11937\" class=\"wp-caption-text\">&#8222;Double&#8220; pro MORAVEC v mlad\u0161\u00edch \u017e\u00e1kyn\u00edch! Bravo holky! Moc nechyb\u011blo a mohl b\u00fdt &#8222;tripl&#8220;&#8230;<\/figcaption><\/figure>\n<p style=\"text-align: justify;\">Podotknu je\u0161t\u011b, \u017ee\u00a0profit mnaa\u0161ich cenn\u00fdch kov\u016f mohl b\u00fdt podstatn\u011b vy\u0161\u0161\u00ed, nebo\u0165 jsme m\u011bli tentokr\u00e1t skute\u010dn\u011b nad\u00farodu &#8222;brambor\u00e1\u0159\u016f&#8220;&#8230; Posu\u010fte sami: \u00a0Ve sv\u00fdch kategori\u00edch z\u016fstali na 4.m\u00edst\u011b, \u00a0t\u011bsn\u011b pod &#8222;bednou&#8220; Matou\u0161 Lipensk\u00fd, Just\u00fdnka Novotn\u00e1, Ad\u00e9lka Zav\u0159elov\u00e1 (ta souboj o bronz prohr\u00e1la s Ani\u010dkou Hude\u010dkovou opravdu smoln\u011b), Roman \u0160indel\u00e1\u0159, ji\u017e zm\u00edn\u011bn\u00e1 Krist\u00fdnka Kol\u00e1\u0159ov\u00e1 a Honza \u0160indel\u00e1\u0159 st&#8230; A i um\u00edst\u011bn\u00ed v TOP5 Kl\u00e1rky V\u011brn\u00e9, V\u00edtka Lipensk\u00e9ho a Franaty Pad\u011bry se po\u010d\u00edt\u00e1&#8230; Zkr\u00e1tka i na Ko\u0159enci MORAVEC: dost, dobr\u00fd..! Zde jsou na\u0161e medailov\u00e9 souhrny:<\/p>\n<h5><span style=\"color: #800000;\"><strong>Rekapitulace medailist\u016f MORAVEC Teamu &#8211;\u00a0OPEN<\/strong><\/span><\/h5>\n<ul>\n<li>\n<div style=\"text-align: justify;\">Zlata vybojovali: 2x <span style=\"color: #ff6600;\"><strong>Leona Elerov\u00e1<\/strong> <\/span>(odr\u00e1\u017eedla a do 6-let),\u00a0<span style=\"color: #ff6600;\"><strong>Lucie Gottwaldov\u00e1<\/strong>\u00a0<\/span>(7-8 let), <span style=\"color: #ff6600;\"><strong>Lucie Koudelkov\u00e1 <\/strong><\/span>(9-10 let), a <span style=\"color: #ff6600;\"><strong>Am\u00e1lie Gottwaldov\u00e1<\/strong> <\/span>(11-12 let)<\/div>\n<\/li>\n<li style=\"text-align: justify;\">St\u0159\u00edbra vybojovali: <strong><span style=\"color: #808080;\">Filip Ecler<\/span> <\/strong>(7-8 let), <strong><span style=\"color: #808080;\">Zita \u017dern\u00ed\u010dkov\u00e1<\/span> <\/strong>(7-8 let), <span style=\"color: #808080;\"><strong>Barbora\u00a0Tlamkov\u00e1<\/strong><\/span><strong> <\/strong>(11-12 let), <span style=\"color: #808080;\"><strong>Eli\u0161ka Han\u00e1kov\u00e1 <\/strong><\/span>(13-14 let),\u00a0<span style=\"color: #808080;\"><strong>Honza &#8222;D\u017eony&#8220; \u0160indel\u00e1\u0159 <\/strong><\/span>(kadeti &#8211; junio\u0159i) a <strong><span style=\"color: #808080;\">Martin Gottwald<\/span><\/strong> (Masters II)<\/li>\n<li style=\"text-align: justify;\">Bronzy vybojovali: <span style=\"color: #800000;\"><strong>Anton\u00edn Han\u00e1k <\/strong><\/span>(odr\u00e1\u017eedla),\u00a0<span style=\"color: #800000;\"><strong>Barbora Janovsk\u00e1<\/strong><\/span>\u00a0(9-10 let), a <strong><span style=\"color: #800000;\">Kl\u00e1ra Odehnalov\u00e1<\/span><\/strong><span style=\"color: #800000;\">\u00a0<\/span><span style=\"color: #800000;\"><span style=\"color: #000000;\">(juniorky \/ kadetky)<\/span><\/span><\/li>\n<\/ul>\n<figure id=\"attachment_11938\" aria-describedby=\"caption-attachment-11938\" style=\"width: 1538px\" class=\"wp-caption alignnone\"><a href=\"http:\/\/www.moravecteam.cz\/?attachment_id=11938\" rel=\"attachment wp-att-11938\"><img decoding=\"async\" loading=\"lazy\" class=\" wp-image-11938\" alt=\"06\" src=\"http:\/\/www.moravecteam.cz\/wp-content\/uploads\/2018\/06\/061.jpg\" width=\"1538\" height=\"1740\" srcset=\"https:\/\/www.moravecteam.cz\/wp-content\/uploads\/2018\/06\/061.jpg 1538w, https:\/\/www.moravecteam.cz\/wp-content\/uploads\/2018\/06\/061-265x300.jpg 265w, https:\/\/www.moravecteam.cz\/wp-content\/uploads\/2018\/06\/061-905x1024.jpg 905w\" sizes=\"(max-width: 1538px) 100vw, 1538px\" \/><\/a><figcaption id=\"caption-attachment-11938\" class=\"wp-caption-text\">Nejlep\u0161\u00ed star\u0161\u00ed \u017e\u00e1kyn\u011b z Ko\u0159ence. Eli\u0161ka Han\u00e1kov\u00e1 st\u0159\u00edbrn\u00e1!<\/figcaption><\/figure>\n<h5><span style=\"color: #800000;\"><strong>Rekapitulace medailist\u016f MORAVEC Teamu &#8211;\u00a0OBCE<\/strong><\/span><\/h5>\n<ul>\n<li>\n<div style=\"text-align: justify;\">Prvn\u00ed m\u00edsta: <strong><span style=\"color: #ff6600;\">Kl\u00e1ra V\u011brn\u00e1<\/span> <\/strong>(odr\u00e1\u017eedla), <strong><span style=\"color: #ff6600;\">Zita \u017dern\u00ed\u010dkov\u00e1<\/span> <\/strong>(7-8 let), <span style=\"color: #ff6600;\"><strong>Lucie Koudelkov\u00e1 <\/strong><\/span>(9-10 let),\u00a0<strong><span style=\"color: #ff6600;\">Barbora Tlamkov\u00e1<\/span>\u00a0<\/strong>(11-12 let) a\u00a0<span style=\"color: #ff6600;\"><span style=\"color: #ff6600;\"><strong>Eli\u0161ka H<\/strong><\/span><strong>\u00e1n\u00e1kov\u00e1<\/strong><\/span> (13-14 let)<\/div>\n<\/li>\n<li style=\"text-align: justify;\">Druh\u00e1 m\u00edsta: <strong>\u00a0<span style=\"color: #808080;\">Anton\u00edn Han\u00e1k <\/span><\/strong>(odr\u00e1\u017eedla),\u00a0 <span style=\"color: #808080;\"><strong>Barbora Janovsk\u00e1 <\/strong><\/span>(9-10 let),\u00a0 <span style=\"color: #808080;\"><strong>Maty\u00e1\u0161 Koudelka <\/strong><\/span>(11-12 let), <span style=\"color: #808080;\"><strong>Veronika Pt\u00e1\u010dn\u00edkov\u00e1<\/strong> <\/span>(13-14 let),\u00a0<strong><span style=\"color: #808080;\">Dominik Pt\u00e1\u010dn\u00edk<\/span>\u00a0<\/strong>(9-10 let)<\/li>\n<li style=\"text-align: justify;\">T\u0159et\u00ed m\u00edsta: <span style=\"color: #800000;\"><strong>Jon\u00e1\u0161 Janovsk\u00fd <\/strong><\/span>(do 6 let), <span style=\"color: #800000;\"><strong>Just\u00fdna Novotn\u00e1 <\/strong><\/span>(9-10 let)<\/li>\n<\/ul>\n<figure id=\"attachment_11939\" aria-describedby=\"caption-attachment-11939\" style=\"width: 1662px\" class=\"wp-caption alignnone\"><a href=\"http:\/\/www.moravecteam.cz\/?attachment_id=11939\" rel=\"attachment wp-att-11939\"><img decoding=\"async\" loading=\"lazy\" class=\" wp-image-11939\" alt=\"07\" src=\"http:\/\/www.moravecteam.cz\/wp-content\/uploads\/2018\/06\/071.jpg\" width=\"1662\" height=\"1317\" srcset=\"https:\/\/www.moravecteam.cz\/wp-content\/uploads\/2018\/06\/071.jpg 1662w, https:\/\/www.moravecteam.cz\/wp-content\/uploads\/2018\/06\/071-300x237.jpg 300w, https:\/\/www.moravecteam.cz\/wp-content\/uploads\/2018\/06\/071-1024x811.jpg 1024w\" sizes=\"(max-width: 1662px) 100vw, 1662px\" \/><\/a><figcaption id=\"caption-attachment-11939\" class=\"wp-caption-text\">Jakub Zemene s Honzou &#8222;D\u017eony&#8220; \u0160indel\u00e1\u0159em &#8222;ud\u011blali&#8220; z\u00e1vod junior\u016f \/ kadet\u016f.<\/figcaption><\/figure>\n<p style=\"text-align: justify;\">D\u00edky v\u0161em MORAVC\u016eM za poctiv\u00e9 v\u00fdkony na Ko\u0159enci, podp\u016frn\u00e9, p\u0159edev\u0161\u00edm rodinn\u00e9\u00a0t\u00fdmy nevyj\u00edmaje. Zde studujte <a href=\"http:\/\/www.pohardrahanskevrchoviny.cz\/korenec-nova-jmena\/\"><strong>kompletn\u00ed v\u00fdsledkov\u00fd servis<\/strong><\/a> a p\u0159ipome\u0148te si tvrd\u00e9 ko\u0159eneck\u00e9 souboje (zat\u00edm)\u00a0ve t\u0159ech fotogaleri\u00edch:<\/p>\n<ul>\n<li><strong><a href=\"http:\/\/moravecteam.rajce.idnes.cz\/2018.06.09_MTB_PDV_Korenec\/\">Fotogalerie \u010d.1<\/a><\/strong><\/li>\n<li><strong><a href=\"http:\/\/moravecteam.rajce.idnes.cz\/2018.06.09_MTB_PDV_Korenec_-_2\/\">Fotogalerie \u010d.2<\/a><\/strong><\/li>\n<li><strong><a href=\"http:\/\/moravecteam.rajce.idnes.cz\/2018.06.09_MTB_PDV_Korenec_-_3\/\">Fotogalerie \u010d.3<\/a><\/strong><\/li>\n<\/ul>\n<figure id=\"attachment_11941\" aria-describedby=\"caption-attachment-11941\" style=\"width: 1867px\" class=\"wp-caption alignnone\"><a href=\"http:\/\/www.moravecteam.cz\/?attachment_id=11941\" rel=\"attachment wp-att-11941\"><img decoding=\"async\" loading=\"lazy\" class=\" wp-image-11941\" alt=\"09\" src=\"http:\/\/www.moravecteam.cz\/wp-content\/uploads\/2018\/06\/091.jpg\" width=\"1867\" height=\"1347\" srcset=\"https:\/\/www.moravecteam.cz\/wp-content\/uploads\/2018\/06\/091.jpg 1867w, https:\/\/www.moravecteam.cz\/wp-content\/uploads\/2018\/06\/091-300x216.jpg 300w, https:\/\/www.moravecteam.cz\/wp-content\/uploads\/2018\/06\/091-1024x738.jpg 1024w\" sizes=\"(max-width: 1867px) 100vw, 1867px\" \/><\/a><figcaption id=\"caption-attachment-11941\" class=\"wp-caption-text\">Na Martina Gottwalda je &#8211; co by sb\u011bratele medail\u00ed pro MORAVEC Team &#8211; za v\u0161ech okolnost\u00ed zkr\u00e1tka spoleh!<\/figcaption><\/figure>\n<p style=\"text-align: justify;\">\n","protected":false},"excerpt":{"rendered":"<p>Na prvn\u00ed MTB &#8222;Vrchovin\u011b&#8220; v Bene\u0161ov\u011b vysoko nastavenou v\u00fdkonnostn\u00ed la\u0165ku (6 zlat\u00fdch, 4 st\u0159\u00edbrn\u00e9 a 4 bronzov\u00e9 medaile v po\u0159ad\u00ed OPEN) dok\u00e1zali rajd\u0159i MORAVEC Teamu bez pot\u00ed\u017e\u00ed vyrovnat i na druh\u00e9m z\u00e1vod\u011b seri\u00e1lu, kter\u00fd za slune\u010dn\u00e9ho a\u017e hork\u00e9ho po\u010das\u00ed pohostila druhou \u010dervnovou sobotu vzorn\u011b obec Ko\u0159enec. Struktur\u00e1rn\u011b je rozlo\u017een\u00ed po\u010dtu jednotliv\u00fdch cenn\u00fdch kov\u016f od Bene\u0161ova &hellip; <a href=\"https:\/\/www.moravecteam.cz\/?p=11920\" class=\"more-link\">Pokra\u010dov\u00e1n\u00ed textu <span class=\"screen-reader-text\">Ko\u0159eneck\u00e1 obhajoba!<\/span> <span class=\"meta-nav\">&rarr;<\/span><\/a><\/p>\n","protected":false},"author":3,"featured_media":11926,"comment_status":"open","ping_status":"closed","sticky":false,"template":"","format":"standard","meta":[],"categories":[1],"tags":[],"_links":{"self":[{"href":"https:\/\/www.moravecteam.cz\/index.php?rest_route=\/wp\/v2\/posts\/11920"}],"collection":[{"href":"https:\/\/www.moravecteam.cz\/index.php?rest_route=\/wp\/v2\/posts"}],"about":[{"href":"https:\/\/www.moravecteam.cz\/index.php?rest_route=\/wp\/v2\/types\/post"}],"author":[{"embeddable":true,"href":"https:\/\/www.moravecteam.cz\/index.php?rest_route=\/wp\/v2\/users\/3"}],"replies":[{"embeddable":true,"href":"https:\/\/www.moravecteam.cz\/index.php?rest_route=%2Fwp%2Fv2%2Fcomments&post=11920"}],"version-history":[{"count":7,"href":"https:\/\/www.moravecteam.cz\/index.php?rest_route=\/wp\/v2\/posts\/11920\/revisions"}],"predecessor-version":[{"id":11942,"href":"https:\/\/www.moravecteam.cz\/index.php?rest_route=\/wp\/v2\/posts\/11920\/revisions\/11942"}],"wp:featuredmedia":[{"embeddable":true,"href":"https:\/\/www.moravecteam.cz\/index.php?rest_route=\/wp\/v2\/media\/11926"}],"wp:attachment":[{"href":"https:\/\/www.moravecteam.cz\/index.php?rest_route=%2Fwp%2Fv2%2Fmedia&parent=11920"}],"wp:term":[{"taxonomy":"category","embeddable":true,"href":"https:\/\/www.moravecteam.cz\/index.php?rest_route=%2Fwp%2Fv2%2Fcategories&post=11920"},{"taxonomy":"post_tag","embeddable":true,"href":"https:\/\/www.moravecteam.cz\/index.php?rest_route=%2Fwp%2Fv2%2Ftags&post=11920"}],"curies":[{"name":"wp","href":"https:\/\/api.w.org\/{rel}","templated":true}]}}