{"id":11953,"date":"2018-06-19T00:20:27","date_gmt":"2018-06-18T22:20:27","guid":{"rendered":"http:\/\/www.moravecteam.cz\/?p=11953"},"modified":"2018-06-20T07:45:22","modified_gmt":"2018-06-20T05:45:22","slug":"sumna-sumava","status":"publish","type":"post","link":"https:\/\/www.moravecteam.cz\/?p=11953","title":{"rendered":"\u0160umn\u00e1 \u0160umava!"},"content":{"rendered":"<p style=\"text-align: justify;\"><strong><span style=\"color: #800000;\">\u010ctvrt\u00fd z\u00e1vod \u010cesk\u00e9ho poh\u00e1ru horsk\u00fdch kol, kter\u00fdm se zavr\u0161ila druh\u00e1 t\u0159etina t\u00e9to nejvy\u0161\u0161\u00ed n\u00e1rodn\u00ed bikov\u00e9 ligy, pohostil o minul\u00e9m v\u00edkendu\u00a0 \u0161umavsk\u00fd Zadov. Na trat\u00edch, kter\u00e9 jsou pov\u011bstn\u00e9 p\u0159edev\u0161\u00edm smrt\u00edc\u00edmi v\u00fdjezdy, vedouc\u00edmi do sjezdovek, MORAVEC Team op\u011bt tvrdil muziku. T\u00e9m\u011b\u0159 dvac\u00edtka rajdr\u016f bojovala na Zadov\u011b silou pov\u011bstn\u00fdch lv\u016f a za svoje \u00fasil\u00ed byli pov\u011bt\u0161inou na\u0161i rajd\u0159i odm\u011bn\u011bni jak v\u00fdkonnostn\u00edmi, tak i v\u00fdsledkov\u00fdmi posuny. A kdy\u017e vezmeme v \u00favahu skute\u010dnost, \u017ee medailovou normu z p\u0159edchoz\u00edch t\u0159ech &#8222;poh\u00e1r\u016f&#8220; jsme v\u00a0 \u0160umavsk\u00fdch hvozdech p\u0159ekro\u010dili o 100%, je t\u0159eba za Zadov d\u00e1t palec jednozna\u010dn\u011b nahoru!\u00a0<\/span><\/strong><\/p>\n<figure id=\"attachment_11967\" aria-describedby=\"caption-attachment-11967\" style=\"width: 3408px\" class=\"wp-caption alignnone\"><a href=\"http:\/\/www.moravecteam.cz\/?attachment_id=11967\" rel=\"attachment wp-att-11967\"><img decoding=\"async\" loading=\"lazy\" class=\" wp-image-11967\" alt=\"DSC_0085\" src=\"http:\/\/www.moravecteam.cz\/wp-content\/uploads\/2018\/06\/DSC_0085.jpg\" width=\"3408\" height=\"3038\" srcset=\"https:\/\/www.moravecteam.cz\/wp-content\/uploads\/2018\/06\/DSC_0085.jpg 3408w, https:\/\/www.moravecteam.cz\/wp-content\/uploads\/2018\/06\/DSC_0085-300x267.jpg 300w, https:\/\/www.moravecteam.cz\/wp-content\/uploads\/2018\/06\/DSC_0085-1024x912.jpg 1024w\" sizes=\"(max-width: 3408px) 100vw, 3408px\" \/><\/a><figcaption id=\"caption-attachment-11967\" class=\"wp-caption-text\">Jon\u00e1\u0161 Janovsk\u00fd z\u016fst\u00e1v\u00e1 i po Zadov\u011b ve sv\u00e9 kategorii nepora\u017een!<\/figcaption><\/figure>\n<p style=\"text-align: justify;\">A\u017e doposud se o na\u0161e medailov\u00e9 profity v r\u00e1mci leto\u0161n\u00edho ro\u010dn\u00edku nejvy\u0161\u0161\u00ed \u010desk\u00e9 bikov\u00e9 sout\u011b\u017ee staral v\u00fdhradn\u011b benjam\u00ednek MORAVEC Teamu v kategorii 3-4 roky, <strong><span style=\"color: #800000;\">Jon\u00e1\u0161ek Janovsk\u00fd<\/span><\/strong>. Ten nezklamal ani na Zadov\u011b a i zde si odnesl, letos u\u017e po \u010dtvrt\u00e9 v \u0159ad\u011b v\u00edt\u011bzn\u00fd vav\u0159\u00edn! Bravo MORAVEC! &#8222;D\u017eonas D\u017eanowski&#8220; (tak zat\u00edm vyslovuj\u00ed \u00a0jeho jm\u00e9no anglosa\u0161t\u00ed report\u00e9\u0159i TV stanic EUROSPORT), ale nez\u016fstal tentokr\u00e1t osamocen. Sv\u016fj talent a tr\u00e9ninkovou p\u00edli na Zadov\u011b prom\u011bnila v medailov\u00fd zisk tak\u00e9 mlad\u0161\u00ed \u017ea\u010dka <strong><span style=\"color: #800000;\">Am\u00e1lka Gottwaldov\u00e1<\/span>,<\/strong> kter\u00e1 v cel\u00e9m z\u00e1vod\u011b soustavn\u011b zrychlovala a v c\u00edli se mohla po z\u00e1sluze radovat v\u00a0tvrd\u00e9 konkurenci t\u00e9m\u011b\u0159 \u010dty\u0159iceti soupe\u0159ek ze st\u0159\u00edbrn\u00e9 placky! Podruh\u00e9 bravo MORAVEC!\u00a0 Svoje v\u00fdsledkov\u00e1 maxima si v t\u00e9to d\u00edv\u010d\u00ed kategorii, kde m\u00e1me nejpo\u010detn\u011bj\u0161\u00ed zastoupen\u00ed, zajely i <strong><span style=\"color: #800000;\">Ani\u010dka Han\u00e1kov\u00e1<\/span><\/strong> s <span style=\"color: #800000;\"><strong>Bar\u010dou Tlamkovou<\/strong><\/span> a daleko od n\u011bj nebyla ani <strong><span style=\"color: #800000;\">Ad\u00e9lka Zav\u0159elov\u00e1<\/span><\/strong>.<\/p>\n<figure id=\"attachment_11964\" aria-describedby=\"caption-attachment-11964\" style=\"width: 4945px\" class=\"wp-caption alignnone\"><a href=\"http:\/\/www.moravecteam.cz\/?attachment_id=11964\" rel=\"attachment wp-att-11964\"><img decoding=\"async\" loading=\"lazy\" class=\" wp-image-11964\" alt=\"DSC_0138\" src=\"http:\/\/www.moravecteam.cz\/wp-content\/uploads\/2018\/06\/DSC_0138.jpg\" width=\"4945\" height=\"2873\" srcset=\"https:\/\/www.moravecteam.cz\/wp-content\/uploads\/2018\/06\/DSC_0138.jpg 4945w, https:\/\/www.moravecteam.cz\/wp-content\/uploads\/2018\/06\/DSC_0138-300x174.jpg 300w, https:\/\/www.moravecteam.cz\/wp-content\/uploads\/2018\/06\/DSC_0138-1024x594.jpg 1024w\" sizes=\"(max-width: 4945px) 100vw, 4945px\" \/><\/a><figcaption id=\"caption-attachment-11964\" class=\"wp-caption-text\">Lucie Gottwaldov\u00e1 v pln\u00e9 rychlosti na trati kategorie d\u00edvek 7-8 let.<\/figcaption><\/figure>\n<p style=\"text-align: justify;\">Par\u00e1dn\u00edmu \u010d\u00edslu, kter\u00e9 n\u00e1m v tomto startu p\u0159edvedly na\u0161e \u010dty\u0159i &#8222;mu\u0161ket\u00fdrky&#8220; p\u0159edch\u00e1zela dal\u0161\u00ed dv\u011b cenn\u00e1 um\u00edst\u011bn\u00ed v TOP 10, o kter\u00e1 se zaslou\u017eily v kategorii d\u00edvek 7-8 let <strong><span style=\"color: #800000;\">Lucinka\u00a0Gottwaldov\u00e1<\/span><\/strong> a v kategorii o\u00a0stupe\u0148 vy\u0161\u0161\u00ed &#8211; <strong><span style=\"color: #800000;\">Just\u00fdnka Novotn\u00e1<\/span><\/strong>, kter\u00e1 se svou t\u00fdmovou kolegyn\u00ed, <strong><span style=\"color: #800000;\">Bar\u010dou Janovskou<\/span><\/strong>, figuruje, stejn\u011b jako Lucka Gottwaldov\u00e1, v TOP 10 pr\u016fb\u011b\u017en\u00e9ho po\u0159ad\u00ed po \u010dty\u0159ech z\u00e1vodech. Dva na\u0161i z\u00e1stupci ve startu chlapc\u016f ml\u00e1d\u00ed 9-10 let, <strong><span style=\"color: #800000;\">Matou\u0161 Lipensk\u00fd<\/span><\/strong> a <strong><span style=\"color: #800000;\">Jirka Zav\u0159el<\/span><\/strong>,\u00a0se p\u0159es ve\u0161kerou snahu mezi nejlep\u0161\u00ed prosadit zat\u00edm nedok\u00e1zali. Tepovka n\u00e1m ale v z\u00e1v\u011bru sobotn\u00edho\u00a0\u00a0 bikov\u00e9ho dne na Zadov\u011b nahoru je\u0161t\u011b jednou \u0161la&#8230; Stabiln\u011b v\u00fdbornou formu i zde potvrdila v c\u00edli \u0161est\u00e1 \u00a0star\u0161\u00ed \u017e\u00e1kyn\u011b <strong><span style=\"color: #800000;\">Eli\u0161ka Han\u00e1kov\u00e1<\/span><\/strong>, kter\u00e1 svedla souboj o &#8222;TOP FIVE&#8220; s nik\u00fdm jin\u00fdm, ne\u017e s Patrici\u00ed Srnskou (Skicykloklub Poli\u010dka), se kterou soupe\u0159ila i na druh\u00e9 MTB &#8222;Vrchovin\u011b&#8220; v Ko\u0159enci. Rozd\u00edl byl v tom, \u017ee zat\u00edm co &#8222;U v\u011bt\u0159\u00e1ku&#8220; dostala &#8222;Ellis&#8220; od Patricie t\u00e9m\u011b\u0159 minutu, na Zadov\u011b dospurtovali holky &#8211; k na\u0161\u00ed nemal\u00e9 radosti &#8211; prakticky spolu..!<\/p>\n<figure id=\"attachment_11968\" aria-describedby=\"caption-attachment-11968\" style=\"width: 6000px\" class=\"wp-caption alignnone\"><a href=\"http:\/\/www.moravecteam.cz\/?attachment_id=11968\" rel=\"attachment wp-att-11968\"><img decoding=\"async\" loading=\"lazy\" class=\" wp-image-11968\" alt=\"DSC_0225\" src=\"http:\/\/www.moravecteam.cz\/wp-content\/uploads\/2018\/06\/DSC_0225.jpg\" width=\"6000\" height=\"4000\" srcset=\"https:\/\/www.moravecteam.cz\/wp-content\/uploads\/2018\/06\/DSC_0225.jpg 6000w, https:\/\/www.moravecteam.cz\/wp-content\/uploads\/2018\/06\/DSC_0225-300x200.jpg 300w, https:\/\/www.moravecteam.cz\/wp-content\/uploads\/2018\/06\/DSC_0225-1024x682.jpg 1024w\" sizes=\"(max-width: 6000px) 100vw, 6000px\" \/><\/a><figcaption id=\"caption-attachment-11968\" class=\"wp-caption-text\">Just\u00fdna Novotn\u00e1 vybojovala na Zadov\u011b cenn\u00e9 7. m\u00edsto.<\/figcaption><\/figure>\n<p style=\"text-align: justify;\">Fin\u00e1le sobotn\u00edho dne obstaralo sv\u00fdm startem 74 star\u0161\u00edch \u017e\u00e1k\u016f s na\u0161imi <strong><span style=\"color: #800000;\">V\u00edtkem Lipensk\u00fdm<\/span><\/strong> a <strong><span style=\"color: #800000;\">Romanem \u0160indel\u00e1\u0159em<\/span><\/strong> v\u010detn\u011b. L\u00e9pe se z na\u0161\u00ed dvojice da\u0159ilo tentokr\u00e1t Romanu \u0160indel\u00e1\u0159ovi, kter\u00e9mu unikly body\u00a0 jen velmi t\u011bsn\u011b&#8230;<\/p>\n<figure id=\"attachment_11969\" aria-describedby=\"caption-attachment-11969\" style=\"width: 2934px\" class=\"wp-caption alignnone\"><a href=\"http:\/\/www.moravecteam.cz\/?attachment_id=11969\" rel=\"attachment wp-att-11969\"><img decoding=\"async\" loading=\"lazy\" class=\" wp-image-11969\" alt=\"DSC_0314\" src=\"http:\/\/www.moravecteam.cz\/wp-content\/uploads\/2018\/06\/DSC_0314.jpg\" width=\"2934\" height=\"1804\" srcset=\"https:\/\/www.moravecteam.cz\/wp-content\/uploads\/2018\/06\/DSC_0314.jpg 2934w, https:\/\/www.moravecteam.cz\/wp-content\/uploads\/2018\/06\/DSC_0314-300x184.jpg 300w, https:\/\/www.moravecteam.cz\/wp-content\/uploads\/2018\/06\/DSC_0314-1024x629.jpg 1024w\" sizes=\"(max-width: 2934px) 100vw, 2934px\" \/><\/a><figcaption id=\"caption-attachment-11969\" class=\"wp-caption-text\">Eli\u0161ka Han\u00e1kov\u00e1 zdol\u00e1v\u00e1 legend\u00e1rn\u00ed zadovsk\u00e9 &#8222;\u0161utry&#8220;.<\/figcaption><\/figure>\n<p style=\"text-align: justify;\">Ned\u011ble pro n\u00e1s neza\u010dala dob\u0159e&#8230; <strong><span style=\"color: #800000;\">Petr \u0160ich<\/span><\/strong> p\u0159ed sv\u00fdm startem kategorie EXPERT c\u00edtil formu na to prosadit se do TOP 10. Tra\u0165 mu sed\u011bla, pole soupe\u0159\u016f bylo tentokr\u00e1t docela &#8222;straviteln\u00e9&#8220;&#8230; P\u0159esto Pe\u0165a neujel d\u00edk &#8222;smotan\u00e9&#8220; p\u0159ehazova\u010dce snad ani kilometr&#8230; Co se d\u00e1 d\u011blat, takov\u00fd krut\u00fd u\u017e sport b\u00fdv\u00e1&#8230; Nezb\u00fdv\u00e1, ne\u017e zat\u00edt zuby a v\u011b\u0159it v lep\u0161\u00ed p\u0159\u00ed\u0161t\u00ed&#8230; A ta, v p\u0159\u00edpad\u011b pracovit\u00e9ho Petra ur\u010dit\u011b &#8211; d\u0159\u00edv nebo pozd\u011bji &#8211; p\u0159ijdou! Jsem si jist&#8230;<\/p>\n<figure id=\"attachment_11971\" aria-describedby=\"caption-attachment-11971\" style=\"width: 3468px\" class=\"wp-caption alignnone\"><a href=\"http:\/\/www.moravecteam.cz\/?attachment_id=11971\" rel=\"attachment wp-att-11971\"><img decoding=\"async\" loading=\"lazy\" class=\" wp-image-11971\" alt=\"DSC_0432\" src=\"http:\/\/www.moravecteam.cz\/wp-content\/uploads\/2018\/06\/DSC_0432.jpg\" width=\"3468\" height=\"3981\" srcset=\"https:\/\/www.moravecteam.cz\/wp-content\/uploads\/2018\/06\/DSC_0432.jpg 3468w, https:\/\/www.moravecteam.cz\/wp-content\/uploads\/2018\/06\/DSC_0432-261x300.jpg 261w, https:\/\/www.moravecteam.cz\/wp-content\/uploads\/2018\/06\/DSC_0432-892x1024.jpg 892w\" sizes=\"(max-width: 3468px) 100vw, 3468px\" \/><\/a><figcaption id=\"caption-attachment-11971\" class=\"wp-caption-text\">Honza &#8222;D\u017eony&#8220; \u0160indel\u00e1\u0159 dok\u00e1zal ve sv\u00e9m startu postupn\u011b zrychlovat a &#8222;vyt\u00e1hnul to&#8220; nakonec do TOP20!<\/figcaption><\/figure>\n<p style=\"text-align: justify;\">Sedmdes\u00e1tka kadet\u016f &#8222;\u0161la&#8220; na v\u011bc ve druh\u00e9m ned\u011bln\u00edm startu. <strong><span style=\"color: #800000;\">Honza &#8222;D\u017eony&#8220; \u0160indel\u00e1\u0159<\/span><\/strong> dok\u00e1zal v pr\u016fb\u011bhu z\u00e1vodu zrychlovat a odm\u011bnou mu za bojovnost bylo c\u00edlov\u00e9 um\u00edst\u011bn\u00ed v TOP20. Stejn\u011b dob\u0159e se soupe\u0159i popasoval junior <strong><span style=\"color: #800000;\">Tom\u00e1\u0161 Dou\u0161ek<\/span><\/strong>, kter\u00fd se krok za krokem v\u00fdkonnostn\u011b posouv\u00e1 a jemu bylo za d\u0159inu na Zadov\u011b odm\u011bnou (i p\u0159es kolo ztr\u00e1ty)\u00a0 pro zm\u011bnu um\u00edst\u011bn\u00ed na bodovan\u00e9 pozici. Mocn\u011b jsme povzbuzovali jedinou na\u0161i d\u00edvku v ned\u011bln\u00edch startech &#8211; t\u00e9\u017e kadetku <strong><span style=\"color: #800000;\">Kl\u00e1ru Odehnalovou<\/span><\/strong>. I ona zvl\u00e1dla &#8222;dardu&#8220; dvou kol se ct\u00ed a i kdy\u017e bezprost\u0159edn\u011b po dojezdu nejevila zn\u00e1mky spokojenosti, s odstupem \u010dasu bude sv\u016fj v\u00fdkon ze Zadova hodnotit ur\u010dit\u011b jinak. A\u0165 tak \u010di tak: na Zadov budeme ur\u010dit\u011b r\u00e1di vzpom\u00ednat, v\u017edy\u0165 nastupuj\u00edc\u00ed hv\u011bzdi\u010dky MORAVEC Teamu\u00a0zde zablikaly op\u011bt velmi z\u0159eteln\u011b! Medailist\u016fm blahop\u0159ejeme a v\u0161em d\u00edky za vzorn\u00e9 repre odd\u00edlu, podp\u016frn\u00e9 t\u00fdmy samoz\u0159ejm\u011b nevyj\u00edmaje. Zde studujte <strong><a href=\"http:\/\/sportsoft.cz\/cs\/zavod\/overview\/2429\">kompletn\u00ed v\u00fdsledkov\u00fd servis<\/a><\/strong>, a zde jsou u\u017e dv\u011b hutn\u00e9 fotogalerie:<\/p>\n<ul>\n<li><strong><a href=\"http:\/\/moravecteam.rajce.idnes.cz\/2018.06.16_MTB_CP_Zadov\/\">fotogalerie \u010d.1<\/a><\/strong><\/li>\n<li><strong><a href=\"https:\/\/moravecteam.rajce.idnes.cz\/2018.06.16_MTB_CP_Zadov_-_2\/\">fotogalerie \u010d.2<\/a><\/strong><\/li>\n<li><a href=\"http:\/\/moravecteam.rajce.idnes.cz\/2018.06.17_MTB_CP_Zadov\/\"><strong>fotogalerie \u010d.3<\/strong><\/a><\/li>\n<li>fotogalerie \u010d.4<\/li>\n<\/ul>\n<p>V\u00fdsledkov\u00fd sum\u00e1\u0159 na\u0161ich ze Zadova s informac\u00ed o pr\u016fb\u011b\u017en\u00e9m po\u0159ad\u00ed omrkn\u011bte v tabulce tu\u0165:<\/p>\n<table border=\"1\" cellspacing=\"0\" cellpadding=\"0\">\n<tbody>\n<tr>\n<td valign=\"top\" width=\"73\"><strong><span style=\"color: #800000; font-family: Calibri; font-size: medium;\">Kategorie<\/span><\/strong><\/td>\n<td valign=\"top\" width=\"217\"><strong><span style=\"color: #800000; font-family: Calibri; font-size: medium;\">Um\u00edst\u011bn\u00ed v z\u00e1vod\u011b<\/span><\/strong><\/td>\n<td valign=\"top\" width=\"47\"><strong><span style=\"color: #800000; font-family: Calibri; font-size: medium;\">Startovalo<\/span><\/strong><\/td>\n<td valign=\"top\" width=\"85\"><strong><span style=\"color: #800000; font-family: Calibri; font-size: medium;\">Pr\u016fb\u011b\u017en\u011b<\/span><\/strong><\/td>\n<\/tr>\n<tr>\n<td valign=\"top\" width=\"73\"><strong><span style=\"color: #ff6600; font-family: Calibri; font-size: medium;\">3-4<\/span><\/strong><\/td>\n<td valign=\"top\" width=\"217\"><strong><span style=\"color: #ff6600; font-family: Calibri; font-size: medium;\">1. Jon\u00e1\u0161 Janovsk\u00fd<\/span><\/strong><\/td>\n<td valign=\"top\" width=\"47\"><strong><span style=\"color: #ff6600; font-family: Calibri; font-size: medium;\">3<\/span><\/strong><\/td>\n<td valign=\"top\" width=\"85\"><strong><span style=\"color: #ff6600; font-family: Calibri; font-size: medium;\">1.<\/span><\/strong><\/td>\n<\/tr>\n<tr>\n<td rowspan=\"2\" valign=\"top\" width=\"73\"><span style=\"font-family: Calibri; font-size: medium;\">7-8<\/span><span style=\"font-family: Calibri; font-size: medium;\">\u00a0<\/span><\/td>\n<td valign=\"top\" width=\"217\"><span style=\"font-family: Calibri; font-size: medium;\">7. Lucie Gottwaldov\u00e1<\/span><\/td>\n<td rowspan=\"2\" valign=\"top\" width=\"47\"><span style=\"font-family: Calibri; font-size: medium;\">29<\/span><span style=\"font-family: Calibri; font-size: medium;\">\u00a0<\/span><\/td>\n<td valign=\"top\" width=\"85\"><span style=\"font-family: Calibri; font-size: medium;\">9.<\/span><\/td>\n<\/tr>\n<tr>\n<td valign=\"top\" width=\"217\"><span style=\"font-family: Calibri; font-size: medium;\">20. Veronika \u0160af\u00e1\u0159ov\u00e1<\/span><\/td>\n<td valign=\"top\" width=\"85\"><span style=\"font-family: Calibri; font-size: medium;\">19.<\/span><\/td>\n<\/tr>\n<tr>\n<td rowspan=\"2\" valign=\"top\" width=\"73\"><span style=\"font-family: Calibri; font-size: medium;\">9-10<\/span><span style=\"font-family: Calibri; font-size: medium;\">\u00a0<\/span><\/td>\n<td valign=\"top\" width=\"217\"><span style=\"font-family: Calibri; font-size: medium;\">7. Just\u00fdna Novotn\u00e1<\/span><\/td>\n<td rowspan=\"2\" valign=\"top\" width=\"47\"><span style=\"font-family: Calibri; font-size: medium;\">22<\/span><span style=\"font-family: Calibri; font-size: medium;\">\u00a0<\/span><\/td>\n<td valign=\"top\" width=\"85\"><span style=\"font-family: Calibri; font-size: medium;\">7.<\/span><\/td>\n<\/tr>\n<tr>\n<td valign=\"top\" width=\"217\"><span style=\"font-family: Calibri; font-size: medium;\">13. Barbora Janovsk\u00e1<\/span><\/td>\n<td valign=\"top\" width=\"85\"><span style=\"font-family: Calibri; font-size: medium;\">6.<\/span><\/td>\n<\/tr>\n<tr>\n<td rowspan=\"2\" valign=\"top\" width=\"73\"><span style=\"font-family: Calibri; font-size: medium;\">9-10<\/span><\/td>\n<td valign=\"top\" width=\"217\"><span style=\"font-family: Calibri; font-size: medium;\">21. Matou\u0161 Lipensk\u00fd<\/span><\/td>\n<td rowspan=\"2\" valign=\"top\" width=\"47\"><span style=\"font-family: Calibri; font-size: medium;\">42<\/span><\/td>\n<td valign=\"top\" width=\"85\"><span style=\"font-family: Calibri; font-size: medium;\">14.<\/span><\/td>\n<\/tr>\n<tr>\n<td valign=\"top\" width=\"217\"><span style=\"font-family: Calibri; font-size: medium;\">33. Ji\u0159\u00ed Zv\u0159el<\/span><\/td>\n<td valign=\"top\" width=\"85\"><span style=\"font-family: Calibri; font-size: medium;\">45.<\/span><\/td>\n<\/tr>\n<tr>\n<td rowspan=\"4\" valign=\"top\" width=\"73\"><strong><span style=\"color: #808080; font-family: Calibri; font-size: medium;\">11-12<\/span><\/strong><strong><span style=\"color: #808080; font-family: Calibri; font-size: medium;\">\u00a0<\/span><\/strong><\/td>\n<td valign=\"top\" width=\"217\"><strong><span style=\"color: #808080; font-family: Calibri; font-size: medium;\">2. Am\u00e1lie Gottwaldov\u00e1<\/span><\/strong><\/td>\n<td rowspan=\"4\" valign=\"top\" width=\"47\"><strong><span style=\"color: #808080; font-family: Calibri; font-size: medium;\">39<\/span><\/strong><strong><span style=\"color: #808080; font-family: Calibri; font-size: medium;\">\u00a0<\/span><\/strong><\/td>\n<td valign=\"top\" width=\"85\"><strong><span style=\"color: #808080; font-family: Calibri; font-size: medium;\">5.<\/span><\/strong><\/td>\n<\/tr>\n<tr>\n<td valign=\"top\" width=\"217\"><span style=\"font-family: Calibri; font-size: medium;\">10. Anna Han\u00e1kov\u00e1<\/span><\/td>\n<td valign=\"top\" width=\"85\"><span style=\"font-family: Calibri; font-size: medium;\">16.<\/span><\/td>\n<\/tr>\n<tr>\n<td valign=\"top\" width=\"217\"><span style=\"font-family: Calibri; font-size: medium;\">17. Barbora Tlamkov\u00e1<\/span><\/td>\n<td valign=\"top\" width=\"85\"><span style=\"font-family: Calibri; font-size: medium;\">22.<\/span><\/td>\n<\/tr>\n<tr>\n<td valign=\"top\" width=\"217\"><span style=\"font-family: Calibri; font-size: medium;\">30. Ad\u00e9la Zav\u0159erlov\u00e1<\/span><\/td>\n<td valign=\"top\" width=\"85\"><span style=\"font-family: Calibri; font-size: medium;\">35.<\/span><\/td>\n<\/tr>\n<tr>\n<td valign=\"top\" width=\"73\"><span style=\"font-family: Calibri; font-size: medium;\">13-14<\/span><\/td>\n<td valign=\"top\" width=\"217\"><span style=\"font-family: Calibri;\"><span style=\"font-size: medium;\">6. Eli\u0161ka\u00a0 <\/span><span style=\"font-size: medium;\">Hn\u00e1kov\u00e1<\/span><\/span><\/td>\n<td valign=\"top\" width=\"47\"><span style=\"font-family: Calibri; font-size: medium;\">30<\/span><\/td>\n<td valign=\"top\" width=\"85\"><span style=\"font-family: Calibri; font-size: medium;\">5.<\/span><\/td>\n<\/tr>\n<tr>\n<td rowspan=\"2\" valign=\"top\" width=\"73\"><span style=\"font-family: Calibri; font-size: medium;\">13-14<\/span><span style=\"font-family: Calibri; font-size: medium;\">\u00a0<\/span><\/td>\n<td valign=\"top\" width=\"217\"><span style=\"font-family: Calibri; font-size: medium;\">42. Roman \u0160indel\u00e1\u0159<\/span><\/td>\n<td rowspan=\"2\" valign=\"top\" width=\"47\"><span style=\"font-family: Calibri; font-size: medium;\">74<\/span><span style=\"font-family: Calibri; font-size: medium;\">\u00a0<\/span><\/td>\n<td valign=\"top\" width=\"85\"><span style=\"font-family: Calibri; font-size: medium;\">nebodoval<\/span><\/td>\n<\/tr>\n<tr>\n<td valign=\"top\" width=\"217\"><span style=\"font-family: Calibri; font-size: medium;\">49. V\u00edt Lipensk\u00fd<\/span><\/td>\n<td valign=\"top\" width=\"85\"><span style=\"font-family: Calibri; font-size: medium;\">50.<\/span><\/td>\n<\/tr>\n<tr>\n<td rowspan=\"2\" valign=\"top\" width=\"73\"><span style=\"font-family: Calibri; font-size: medium;\">kadeti<\/span><span style=\"font-family: Calibri; font-size: medium;\">\u00a0<\/span><\/td>\n<td valign=\"top\" width=\"217\"><span style=\"font-family: Calibri; font-size: medium;\">20. Honza \u201eD\u017eony\u201c \u0160indel\u00e1\u0159<\/span><\/td>\n<td rowspan=\"2\" valign=\"top\" width=\"47\"><span style=\"font-family: Calibri; font-size: medium;\">70<\/span><span style=\"font-family: Calibri; font-size: medium;\">\u00a0<\/span><\/td>\n<td valign=\"top\" width=\"85\"><span style=\"font-family: Calibri; font-size: medium;\">12.<\/span><\/td>\n<\/tr>\n<tr>\n<td valign=\"top\" width=\"217\"><span style=\"font-family: Calibri; font-size: medium;\">34. Tom\u00e1\u0161 Tlamka \u201eContador\u201c <\/span><\/td>\n<td valign=\"top\" width=\"85\"><span style=\"font-family: Calibri; font-size: medium;\">6.<\/span><\/td>\n<\/tr>\n<tr>\n<td valign=\"top\" width=\"73\"><span style=\"font-family: Calibri; font-size: medium;\">kadetky<\/span><\/td>\n<td valign=\"top\" width=\"217\"><span style=\"font-family: Calibri; font-size: medium;\">25. Kl\u00e1ra Odehnalov\u00e1<\/span><\/td>\n<td valign=\"top\" width=\"47\"><span style=\"font-family: Calibri; font-size: medium;\">26<\/span><\/td>\n<td valign=\"top\" width=\"85\"><span style=\"font-family: Calibri; font-size: medium;\">32.<\/span><\/td>\n<\/tr>\n<tr>\n<td valign=\"top\" width=\"73\"><span style=\"font-family: Calibri; font-size: medium;\">junio\u0159i<\/span><\/td>\n<td valign=\"top\" width=\"217\"><span style=\"font-family: Calibri; font-size: medium;\">35. Tom\u00e1\u0161 Dou\u0161ek <\/span><\/td>\n<td valign=\"top\" width=\"47\"><span style=\"font-family: Calibri; font-size: medium;\">43<\/span><\/td>\n<td valign=\"top\" width=\"85\"><span style=\"font-family: Calibri; font-size: medium;\">64.<\/span><\/td>\n<\/tr>\n<tr>\n<td valign=\"top\" width=\"73\"><span style=\"font-family: Calibri; font-size: medium;\">Expert<\/span><\/td>\n<td valign=\"top\" width=\"217\"><span style=\"font-family: Calibri; font-size: medium;\">Petr \u0160ich &#8211; DNF<\/span><\/td>\n<td valign=\"top\" width=\"47\"><span style=\"font-family: Calibri; font-size: medium;\">16<\/span><\/td>\n<td valign=\"top\" width=\"85\"><span style=\"font-family: Calibri; font-size: medium;\">11.<\/span><\/td>\n<\/tr>\n<\/tbody>\n<\/table>\n<figure id=\"attachment_11983\" aria-describedby=\"caption-attachment-11983\" style=\"width: 499px\" class=\"wp-caption alignnone\"><a href=\"http:\/\/www.moravecteam.cz\/?attachment_id=11983\" rel=\"attachment wp-att-11983\"><img decoding=\"async\" loading=\"lazy\" class=\" wp-image-11983\" alt=\"IMG_8706 (1)a\" src=\"http:\/\/www.moravecteam.cz\/wp-content\/uploads\/2018\/06\/IMG_8706-1a.jpg\" width=\"499\" height=\"585\" srcset=\"https:\/\/www.moravecteam.cz\/wp-content\/uploads\/2018\/06\/IMG_8706-1a.jpg 499w, https:\/\/www.moravecteam.cz\/wp-content\/uploads\/2018\/06\/IMG_8706-1a-255x300.jpg 255w\" sizes=\"(max-width: 499px) 100vw, 499px\" \/><\/a><figcaption id=\"caption-attachment-11983\" class=\"wp-caption-text\">Zcela v\u00fdmluvn\u00e9 gesto pro st\u0159\u00edbro fini\u0161uj\u00edc\u00ed Am\u00e1lky Gottwaldov\u00e9!<\/figcaption><\/figure>\n","protected":false},"excerpt":{"rendered":"<p>\u010ctvrt\u00fd z\u00e1vod \u010cesk\u00e9ho poh\u00e1ru horsk\u00fdch kol, kter\u00fdm se zavr\u0161ila druh\u00e1 t\u0159etina t\u00e9to nejvy\u0161\u0161\u00ed n\u00e1rodn\u00ed bikov\u00e9 ligy, pohostil o minul\u00e9m v\u00edkendu\u00a0 \u0161umavsk\u00fd Zadov. Na trat\u00edch, kter\u00e9 jsou pov\u011bstn\u00e9 p\u0159edev\u0161\u00edm smrt\u00edc\u00edmi v\u00fdjezdy, vedouc\u00edmi do sjezdovek, MORAVEC Team op\u011bt tvrdil muziku. T\u00e9m\u011b\u0159 dvac\u00edtka rajdr\u016f bojovala na Zadov\u011b silou pov\u011bstn\u00fdch lv\u016f a za svoje \u00fasil\u00ed byli pov\u011bt\u0161inou na\u0161i rajd\u0159i &hellip; <a href=\"https:\/\/www.moravecteam.cz\/?p=11953\" class=\"more-link\">Pokra\u010dov\u00e1n\u00ed textu <span class=\"screen-reader-text\">\u0160umn\u00e1 \u0160umava!<\/span> <span class=\"meta-nav\">&rarr;<\/span><\/a><\/p>\n","protected":false},"author":3,"featured_media":11965,"comment_status":"open","ping_status":"closed","sticky":false,"template":"","format":"standard","meta":[],"categories":[1],"tags":[],"_links":{"self":[{"href":"https:\/\/www.moravecteam.cz\/index.php?rest_route=\/wp\/v2\/posts\/11953"}],"collection":[{"href":"https:\/\/www.moravecteam.cz\/index.php?rest_route=\/wp\/v2\/posts"}],"about":[{"href":"https:\/\/www.moravecteam.cz\/index.php?rest_route=\/wp\/v2\/types\/post"}],"author":[{"embeddable":true,"href":"https:\/\/www.moravecteam.cz\/index.php?rest_route=\/wp\/v2\/users\/3"}],"replies":[{"embeddable":true,"href":"https:\/\/www.moravecteam.cz\/index.php?rest_route=%2Fwp%2Fv2%2Fcomments&post=11953"}],"version-history":[{"count":17,"href":"https:\/\/www.moravecteam.cz\/index.php?rest_route=\/wp\/v2\/posts\/11953\/revisions"}],"predecessor-version":[{"id":11985,"href":"https:\/\/www.moravecteam.cz\/index.php?rest_route=\/wp\/v2\/posts\/11953\/revisions\/11985"}],"wp:featuredmedia":[{"embeddable":true,"href":"https:\/\/www.moravecteam.cz\/index.php?rest_route=\/wp\/v2\/media\/11965"}],"wp:attachment":[{"href":"https:\/\/www.moravecteam.cz\/index.php?rest_route=%2Fwp%2Fv2%2Fmedia&parent=11953"}],"wp:term":[{"taxonomy":"category","embeddable":true,"href":"https:\/\/www.moravecteam.cz\/index.php?rest_route=%2Fwp%2Fv2%2Fcategories&post=11953"},{"taxonomy":"post_tag","embeddable":true,"href":"https:\/\/www.moravecteam.cz\/index.php?rest_route=%2Fwp%2Fv2%2Ftags&post=11953"}],"curies":[{"name":"wp","href":"https:\/\/api.w.org\/{rel}","templated":true}]}}