{"id":11974,"date":"2018-06-19T00:39:01","date_gmt":"2018-06-18T22:39:01","guid":{"rendered":"http:\/\/www.moravecteam.cz\/?p=11974"},"modified":"2018-06-19T00:39:45","modified_gmt":"2018-06-18T22:39:45","slug":"co-se-bude-dit-st25-4","status":"publish","type":"post","link":"https:\/\/www.moravecteam.cz\/?p=11974","title":{"rendered":"Co se bude d\u00edt? (ST25)"},"content":{"rendered":"<h5><span style=\"color: #800000;\"><strong>\u00dater\u00fd\u00a019.6. 2018<\/strong><\/span><\/h5>\n<p style=\"text-align: justify;\">Tr\u00e9nink na silni\u010dn\u00edch kolech s <strong><span style=\"color: #800000;\">Frantou Pad\u011brou<\/span><\/strong> a <strong><span style=\"color: #800000;\">Jirkou \u0160t\u011bpan\u00edkem st.<\/span><\/strong>\u00a0\u00a0Sraz bude\u00a0op\u011bt\u00a0\u00a0v 17.00 hodin\u00a0u budovy Z\u00e1kladn\u00ed \u0161koly v Bene\u0161ov\u011b. <strong><span style=\"color: #800000;\">V p\u0159\u00edpad\u011b pot\u0159eby kontaktujte\u00a0Franti\u0161ka na\u00a0605 838 404.<\/span><\/strong><\/p>\n<h5><span style=\"color: #800000;\">St\u0159eda 20.6. 2018<\/span><\/h5>\n<p style=\"text-align: justify;\">MTB tr\u00e9nink rajdr\u016f MORAVEC Teamu pod veden\u00edm\u00a0\u00a0<span style=\"color: #800000;\"><strong>Milana Tlamky (776 108 046),<\/strong><\/span>\u00a0tentokr\u00e1t op\u011bt v Boskovic\u00edch Sraz bude op\u011bt\u00a0\u00a0v\u00a017.00 hodin\u00a0ve Sportparku Doubravy.<\/p>\n<h5 style=\"text-align: justify;\"><span style=\"color: #800000;\"><strong>\u010ctvrtek 21.6. 2018<\/strong><\/span><\/h5>\n<p style=\"text-align: justify;\">P\u0159\u00edprava trat\u00ed t\u0159et\u00ed MTB &#8222;Vrchoviny&#8220; v Protivanov\u011b &#8211; &#8222;ml\u00edkov\u00e1n\u00ed&#8220;. Sraz dobrovoln\u00edk\u016f bude v 16.00 na m\u00edstn\u00edm fotbalov\u00e9m h\u0159i\u0161ti.<\/p>\n<h5 style=\"text-align: justify;\"><strong><span style=\"color: #800000;\">P\u00e1tek 22.6. 2018<\/span><\/strong><\/h5>\n<p style=\"text-align: justify;\">Od 17.00 ofici\u00e1ln\u00ed prohl\u00eddka trat\u00ed 3. z\u00e1vodu MTB &#8222;Vrchoviny&#8220; 2018 v Protivanov\u011b.<\/p>\n<h5 style=\"text-align: justify;\"><span style=\"color: #800000;\">Sobota 23.6. 2018<\/span><\/h5>\n<p style=\"text-align: justify;\">T\u0159et\u00ed z\u00e1vod MTB Superior &#8211; COLORprofi Poh\u00e1ru Drahansk\u00e9 vrchoviny v Protivanov\u011b. \u00da\u010dast a dopravu si ka\u017ed\u00fd zaji\u0161\u0165uje s\u00e1m, zde studujte propozice.<\/p>\n<h5><span style=\"color: #800000;\">Ned\u011ble 24.6. 2018<\/span><\/h5>\n<p style=\"text-align: justify;\"><span style=\"text-align: justify;\">Dal\u0161\u00ed\u00a0 cyklovyj\u00ed\u017e\u010fka s Hankou\u00a0Odehnalovou\u00a0 a Vlast\u00edkem Odehnalov\u00fdmi\u00a0. Sraz v 9.30 ve Sportparku Boskovice \u2013 Doubravy. Bude dobr\u00e9, kdy\u017e n\u011bkdo z rodi\u010d\u016f z\u00fa\u010dastn\u011bn\u00fdch d\u011bt\u00ed si vezme s sebou\u00a0kolo a Hance pom\u016f\u017ee.\u00a0Zde\u00a0<\/span><strong style=\"text-align: justify;\"><a href=\"http:\/\/www.moravecteam.cz\/?p=10120\">mrkn\u011bte na podrobnosti.<\/a>..\u00a0<\/strong><span style=\"text-align: justify;\">POZOR!\u00a0Info pro d\u011bti, kter\u00e9 nebudou mit na v\u00fdji\u017e\u010fce doprovod rodi\u010d\u016f:\u00a0 mus\u00ed s sebou mit\u00a0 v\u011btrovku na p\u0159ioble\u010deni, pit\u00ed, sva\u010dinu nebo tra\u0165ovku, n\u00e1hradn\u00ed du\u0161i ( ne d\u011bravou)! Toto minim\u00e1ln\u00ed vybaven\u00ed bude p\u0159ed j\u00edzdou u d\u011bt\u00ed zkontrolov\u00e1no a kdo je nebude m\u00edt &#8211;\u00a0na vyj\u00ed\u017e\u010fku\u00a0nepojede!!!<\/span><\/p>\n<h5><span style=\"color: #800000;\">AKCE T\u011aSN\u011a ZA HORIZONTEM<\/span><\/h5>\n<ul>\n<li style=\"text-align: justify;\">3.7.- 6.7. 2018\u00a0&#8211; soust\u0159ed\u011bn\u00ed p\u0159ed MTB M\u010cR (20. \u2013 22.7. 2018) na mistrovsk\u00fdch trat\u00edch v\u00a0Peci pod Sn\u011b\u017ekou, kter\u00e9 bude zakon\u010deno v sobotu 7.7. 2018 z\u00e1vodem MTB Superior-ColorProfi Poh\u00e1ru Drahansk\u00e9 vrchoviny ve Valchov\u011b (\u201eMonte Carlo\u201c).<\/li>\n<li style=\"text-align: justify;\">23.7. \u2013 27.7. 2018\u00a0&#8211; tradi\u010dn\u00ed odd\u00edlov\u00fd kemp \u2013 ka\u017edoro\u010dn\u00ed pr\u00e1zdninov\u00e9 riskantn\u00ed \u00a0putov\u00e1n\u00ed cestou-necestou \/ polem-nepolem je letos nasm\u011b\u0159ov\u00e1n do lokality T\u0159ebo\u0148ska. Z\u00e1kladna bude pobl\u00ed\u017e Suchdolu nad Lu\u017enic\u00ed, kde n\u00e1s pohost\u00ed\u00a0<strong><a href=\"http:\/\/www.kemp-tust.cz\/\">rekrea\u010dn\u00ed st\u0159edisko Tu\u0161\u0165.<\/a>\u00a0<\/strong>Odv\u00e1\u017en\u00ed z\u00e1jemci \u2013 MORAVCI, nahlaste se mi na moje\u00a0605 0J\u00e1gr 0Nagano\u00a0nejpozd\u011bji\u00a0do 30.6. 2018.<\/li>\n<li style=\"text-align: justify;\">31.8. &#8211; 2.9. 2018 &#8211; soust\u0159ed\u011bn\u00ed\u00a0 na dolad\u011bn\u00ed formy p\u0159ed z\u00e1v\u011bre\u010dn\u00fdmi z\u00e1vody\u00a0MTB &#8222;Vrchoviny&#8220; ve Vyso\u010dina ar\u00e9n\u011b v Nov\u00e9m M\u011bst\u011b na Morav\u011b.. Podrobn\u011bj\u0161\u00ed informace V\u00e1m sd\u011bl\u00ed tren\u00e9r Milan Tlamka.<\/li>\n<\/ul>\n<h5><strong><span style=\"color: #800000;\">AKCE T\u011aSN\u011a ZA DV\u011aMA HORIZONTY<\/span><\/strong><\/h5>\n<p style=\"text-align: justify;\">10.2. \u2013 16.2. 2019\u00a0&#8211; zimn\u00ed soust\u0159ed\u011bn\u00ed MORAVEC Teamu, kdy se po roce vr\u00e1t\u00edme do Jesen\u00edk\u016f, na<a href=\"http:\/\/www.navrsi.eu\/\">\u00a0<strong>chatu N\u00e1vr\u0161\u00ed<\/strong><\/a><\/p>\n","protected":false},"excerpt":{"rendered":"<p>\u00dater\u00fd\u00a019.6. 2018 Tr\u00e9nink na silni\u010dn\u00edch kolech s Frantou Pad\u011brou a Jirkou \u0160t\u011bpan\u00edkem st.\u00a0\u00a0Sraz bude\u00a0op\u011bt\u00a0\u00a0v 17.00 hodin\u00a0u budovy Z\u00e1kladn\u00ed \u0161koly v Bene\u0161ov\u011b. V p\u0159\u00edpad\u011b pot\u0159eby kontaktujte\u00a0Franti\u0161ka na\u00a0605 838 404. St\u0159eda 20.6. 2018 MTB tr\u00e9nink rajdr\u016f MORAVEC Teamu pod veden\u00edm\u00a0\u00a0Milana Tlamky (776 108 046),\u00a0tentokr\u00e1t op\u011bt v Boskovic\u00edch Sraz bude op\u011bt\u00a0\u00a0v\u00a017.00 hodin\u00a0ve Sportparku Doubravy. \u010ctvrtek 21.6. 2018 P\u0159\u00edprava &hellip; <a href=\"https:\/\/www.moravecteam.cz\/?p=11974\" class=\"more-link\">Pokra\u010dov\u00e1n\u00ed textu <span class=\"screen-reader-text\">Co se bude d\u00edt? (ST25)<\/span> <span class=\"meta-nav\">&rarr;<\/span><\/a><\/p>\n","protected":false},"author":3,"featured_media":11976,"comment_status":"open","ping_status":"closed","sticky":false,"template":"","format":"standard","meta":[],"categories":[11],"tags":[],"_links":{"self":[{"href":"https:\/\/www.moravecteam.cz\/index.php?rest_route=\/wp\/v2\/posts\/11974"}],"collection":[{"href":"https:\/\/www.moravecteam.cz\/index.php?rest_route=\/wp\/v2\/posts"}],"about":[{"href":"https:\/\/www.moravecteam.cz\/index.php?rest_route=\/wp\/v2\/types\/post"}],"author":[{"embeddable":true,"href":"https:\/\/www.moravecteam.cz\/index.php?rest_route=\/wp\/v2\/users\/3"}],"replies":[{"embeddable":true,"href":"https:\/\/www.moravecteam.cz\/index.php?rest_route=%2Fwp%2Fv2%2Fcomments&post=11974"}],"version-history":[{"count":2,"href":"https:\/\/www.moravecteam.cz\/index.php?rest_route=\/wp\/v2\/posts\/11974\/revisions"}],"predecessor-version":[{"id":11977,"href":"https:\/\/www.moravecteam.cz\/index.php?rest_route=\/wp\/v2\/posts\/11974\/revisions\/11977"}],"wp:featuredmedia":[{"embeddable":true,"href":"https:\/\/www.moravecteam.cz\/index.php?rest_route=\/wp\/v2\/media\/11976"}],"wp:attachment":[{"href":"https:\/\/www.moravecteam.cz\/index.php?rest_route=%2Fwp%2Fv2%2Fmedia&parent=11974"}],"wp:term":[{"taxonomy":"category","embeddable":true,"href":"https:\/\/www.moravecteam.cz\/index.php?rest_route=%2Fwp%2Fv2%2Fcategories&post=11974"},{"taxonomy":"post_tag","embeddable":true,"href":"https:\/\/www.moravecteam.cz\/index.php?rest_route=%2Fwp%2Fv2%2Ftags&post=11974"}],"curies":[{"name":"wp","href":"https:\/\/api.w.org\/{rel}","templated":true}]}}