{"id":11993,"date":"2018-06-25T08:44:19","date_gmt":"2018-06-25T06:44:19","guid":{"rendered":"http:\/\/www.moravecteam.cz\/?p=11993"},"modified":"2018-07-09T21:43:07","modified_gmt":"2018-07-09T19:43:07","slug":"lavice-nam-svedcila","status":"publish","type":"post","link":"https:\/\/www.moravecteam.cz\/?p=11993","title":{"rendered":"&#8222;Lavice&#8220; n\u00e1m sv\u011bd\u010dila!"},"content":{"rendered":"<p style=\"text-align: justify;\"><span style=\"color: #800000;\"><strong>T\u0159et\u00ed\u00a0 MTB &#8222;Vrchovina&#8220;, kter\u00e1 zavedla rajdry na ob\u00e1vanou protivanovs<span style=\"color: #800000;\"><strong>kou &#8222;Ir<span style=\"color: #800000;\"><strong>skou lavici&#8220;, se reprezentant\u016fm MORAVEC Teamu vyda\u0159ila. Vzhledem ke skute\u010dnosti, \u017ee tren\u00e9\u0159i p\u0159ed z\u00e1vodem reg<span style=\"color: #800000;\"><strong><span style=\"color: #800000;\"><strong><span style=\"color: #800000;\"><strong>istrovali pom\u011brn\u011b hodn\u011b omluvenek sv\u00fdch sv\u011b\u0159enc\u016f, je zisk celkem dvan\u00e1cti medail\u00ed <span style=\"color: #800000;\"><strong><span style=\"color: #800000;\"><strong>v po\u0159ad\u00ed OPEN velmi dobr\u00fdm v\u00fdsledkem uv\u00e1\u017e\u00edme-li, \u017ee rovn\u00e1 polovina z nich byla z toho\u00a0kovu nejv\u00edc <span style=\"color: #800000;\"><strong><span style=\"color: #800000;\"><strong><span style=\"color: #800000;\"><strong><span style=\"color: #800000;\"><strong>cen\u011bn\u00e9ho!<\/strong> <strong>Vysokou v\u00fdkonnostn\u00ed a v\u00fdsledkovou la\u0165ku, pomysln\u011b nastavenou z\u00e1vody v Bene\u0161ov\u011b a Ko\u0159enci se bez probl\u00e9m\u016f poda\u0159ilo &#8211; by\u0165 v oslaben\u00e9 sestav\u011b &#8211; udr\u017eet i v Protivanov\u011b!<\/strong><\/span><\/strong><\/span><\/strong><\/span><\/strong><\/span><\/strong><\/span><\/strong><\/span><\/strong><\/span><\/strong><\/span><\/strong><\/span><\/strong><\/span><\/strong><\/span><\/strong><\/span><\/p>\n<figure id=\"attachment_12002\" aria-describedby=\"caption-attachment-12002\" style=\"width: 1176px\" class=\"wp-caption alignnone\"><a href=\"http:\/\/www.moravecteam.cz\/?attachment_id=12002\" rel=\"attachment wp-att-12002\"><img decoding=\"async\" loading=\"lazy\" class=\" wp-image-12002\" alt=\"DSC_9008\" src=\"http:\/\/www.moravecteam.cz\/wp-content\/uploads\/2018\/06\/DSC_9008.jpg\" width=\"1176\" height=\"1285\" srcset=\"https:\/\/www.moravecteam.cz\/wp-content\/uploads\/2018\/06\/DSC_9008.jpg 1176w, https:\/\/www.moravecteam.cz\/wp-content\/uploads\/2018\/06\/DSC_9008-274x300.jpg 274w, https:\/\/www.moravecteam.cz\/wp-content\/uploads\/2018\/06\/DSC_9008-937x1024.jpg 937w\" sizes=\"(max-width: 1176px) 100vw, 1176px\" \/><\/a><figcaption id=\"caption-attachment-12002\" class=\"wp-caption-text\">Filip Ecler splnil \u00falohu favorita z\u00e1vodu chlapc\u016f 7-8 let do punt\u00edku!<\/figcaption><\/figure>\n<p style=\"text-align: justify;\">\u017de se s absencemi roztrhnul borc\u016f a borek MORAVEC Teamu &#8222;roztrhnul pytel&#8220;, posu\u010fte z tohoto v\u00fd\u010dtu chyb\u011bj\u00edc\u00edch: Leonka Eclerov\u00e1, sestry Gottwaldovy, Maru\u0161ka Barto\u0161ov\u00e1, Bar\u010da Tlamkov\u00e1, t\u00e1ta a syn \u0160indel\u00e1\u0159ovic, Kl\u00e1ra Odehnalov\u00e1, Tom\u00e1\u0161 Dou\u0161ek, Karel Vinick\u00fd&#8230; Co jm\u00e9no &#8211; to potenci\u00e1ln\u00ed kandid\u00e1t na medaili! Jednalo se ale p\u0159ev\u00e1\u017en\u011b o pl\u00e1novan\u00e9 \/ \u0159\u00edzen\u00e9 absence a nav\u00edc zbyl\u00e1 skupina, kter\u00e1 n\u00e1s v Protivanov\u011b reprezentovala, dok\u00e1zala &#8222;d\u00edru v sestav\u011b&#8220; v\u00fdborn\u011b zacelit!<\/p>\n<figure id=\"attachment_12001\" aria-describedby=\"caption-attachment-12001\" style=\"width: 1333px\" class=\"wp-caption alignnone\"><a href=\"http:\/\/www.moravecteam.cz\/?attachment_id=12001\" rel=\"attachment wp-att-12001\"><img decoding=\"async\" loading=\"lazy\" class=\" wp-image-12001\" alt=\"DSC_8992\" src=\"http:\/\/www.moravecteam.cz\/wp-content\/uploads\/2018\/06\/DSC_8992.jpg\" width=\"1333\" height=\"1532\" srcset=\"https:\/\/www.moravecteam.cz\/wp-content\/uploads\/2018\/06\/DSC_8992.jpg 1333w, https:\/\/www.moravecteam.cz\/wp-content\/uploads\/2018\/06\/DSC_8992-261x300.jpg 261w, https:\/\/www.moravecteam.cz\/wp-content\/uploads\/2018\/06\/DSC_8992-890x1024.jpg 890w\" sizes=\"(max-width: 1333px) 100vw, 1333px\" \/><\/a><figcaption id=\"caption-attachment-12001\" class=\"wp-caption-text\">Nov\u00e1 posila MORAVEC Teamu, Tonda Dosko\u010dil, v\u00fdsledkov\u011b \u00faro\u010d\u00ed soustavnou poctivou p\u0159\u00edpravu. V Protivanov\u011b zajel na &#8222;bednu&#8220;!<\/figcaption><\/figure>\n<p style=\"text-align: justify;\">Hned v prvn\u00edm ostr\u00e9m startu dne, n\u00e1s medilov\u011b &#8222;namlsal&#8220; <span style=\"color: #800000;\"><strong>Ton\u00edk Han\u00e1k<\/strong><\/span>, kter\u00e9mu skv\u011bl\u00fd fini\u0161 vynesl cenn\u00fd bronz a Tonda tak obh\u00e1jil pozici z Ko\u0159ence. Par\u00e1dn\u011b pro n\u00e1s skon\u010dily starty kategori\u00ed d\u011bt\u00ed 7-8 let. Podobn\u011b jako Tonik Han\u00e1k, m\u011bl v\u00fdborn\u00fd z\u00e1v\u011br sv\u00e9ho z\u00e1vodu <span style=\"color: #800000;\"><strong>Tonda Dosko\u010dil<\/strong><\/span>, d\u00edky kter\u00e9mu dos\u00e1hl na pro n\u011bho premi\u00e9rovou &#8222;Vrchovinovou&#8220; bronzovou &#8222;placku&#8220;! A ur\u010dit\u011b r\u00e1d na &#8222;bednu&#8220; pozd\u011bji doprovodil <span style=\"color: #800000;\"><strong>Filipa Eclera<\/strong><\/span>, kter\u00fd tento start jasn\u011b vyhr\u00e1l a je i celkov\u00fdm l\u00eddrem v pr\u016fb\u011b\u017en\u00e9m po\u0159ad\u00ed po t\u0159ech z\u00e1vodech. Kdy\u017e <span style=\"color: #800000;\"><strong>Zitka \u017dern\u00ed\u010dkov\u00e1<\/strong> <\/span>n\u00e1sledn\u011b bezpe\u010dn\u011b ovl\u00e1dla z\u00e1vod stejn\u011b mlad\u00fdch d\u00edvek, na\u0161e spokojenost s v\u00fdkony a v\u00fdsledky na\u0161ich &#8222;mlad\u00fdch pu\u0161ek&#8220; minutu od minuty nar\u016fstala!<\/p>\n<figure id=\"attachment_12003\" aria-describedby=\"caption-attachment-12003\" style=\"width: 1050px\" class=\"wp-caption alignnone\"><a href=\"http:\/\/www.moravecteam.cz\/?attachment_id=12003\" rel=\"attachment wp-att-12003\"><img decoding=\"async\" loading=\"lazy\" class=\" wp-image-12003\" alt=\"DSC_9043\" src=\"http:\/\/www.moravecteam.cz\/wp-content\/uploads\/2018\/06\/DSC_9043.jpg\" width=\"1050\" height=\"1257\" srcset=\"https:\/\/www.moravecteam.cz\/wp-content\/uploads\/2018\/06\/DSC_9043.jpg 1050w, https:\/\/www.moravecteam.cz\/wp-content\/uploads\/2018\/06\/DSC_9043-250x300.jpg 250w, https:\/\/www.moravecteam.cz\/wp-content\/uploads\/2018\/06\/DSC_9043-855x1024.jpg 855w\" sizes=\"(max-width: 1050px) 100vw, 1050px\" \/><\/a><figcaption id=\"caption-attachment-12003\" class=\"wp-caption-text\">Protivanovsk\u00fd &#8222;tyg\u0159\u00edk&#8220; &#8211; Zita \u017dern\u00ed\u010dkov\u00e1 potvrdila v\u00edt\u011bzstv\u00edm na dom\u00e1c\u00ed trati svoje kvality!<\/figcaption><\/figure>\n<p style=\"text-align: justify;\">To ale je\u0161t\u011b zdaleka nebylo v\u0161echno! I druh\u00fd blok start\u016f pro n\u00e1s za\u010dal par\u00e1dn\u011b, kdy\u017e <strong><span style=\"color: #800000;\">Lucie Koudelkov\u00e1<\/span><\/strong>, <span style=\"color: #800000;\"><strong>Bar\u010da Janovsk\u00e1<\/strong> <\/span>a <strong><span style=\"color: #800000;\">Just\u00fdnka Novotn\u00e1<\/span> <\/strong>zcela ovl\u00e1dly z\u00e1vod d\u00edvek kategorie 9-10 let! Lucka je zat\u00edm letos na &#8222;Vrchovin\u011b&#8220; k nepora\u017een\u00ed a jej\u00ed t\u00fdmov\u00e9 kolegyn\u011b j\u00ed velmi zdatn\u011b sekunduj\u00ed! <strong><span style=\"color: #800000;\">Matou\u0161 Lipensk\u00fd<\/span> <\/strong>pak svedl nap\u00ednav\u00fd souboj o zlato s\u00a0Tom\u00e1\u0161em Ra\u0161kou (Short Bike Academy Opletal) v z\u00e1vod\u011b stejn\u011b star\u00fdch chlapc\u016f a by\u0165 mu v z\u00e1v\u011bru nakonec podlehl, pat\u0159\u00ed i jemu za v\u00fdkon a v\u00fdsledek od n\u00e1s palec nahoru!<\/p>\n<figure id=\"attachment_12004\" aria-describedby=\"caption-attachment-12004\" style=\"width: 1333px\" class=\"wp-caption alignnone\"><a href=\"http:\/\/www.moravecteam.cz\/?attachment_id=12004\" rel=\"attachment wp-att-12004\"><img decoding=\"async\" loading=\"lazy\" class=\" wp-image-12004 \" alt=\"DSC_9256\" src=\"http:\/\/www.moravecteam.cz\/wp-content\/uploads\/2018\/06\/DSC_9256.jpg\" width=\"1333\" height=\"1505\" srcset=\"https:\/\/www.moravecteam.cz\/wp-content\/uploads\/2018\/06\/DSC_9256.jpg 1333w, https:\/\/www.moravecteam.cz\/wp-content\/uploads\/2018\/06\/DSC_9256-265x300.jpg 265w, https:\/\/www.moravecteam.cz\/wp-content\/uploads\/2018\/06\/DSC_9256-906x1024.jpg 906w\" sizes=\"(max-width: 1333px) 100vw, 1333px\" \/><\/a><figcaption id=\"caption-attachment-12004\" class=\"wp-caption-text\">Protivanov taky bolel&#8230;. Je tak patrno z v\u00fdrazu v tv\u00e1\u0159i v\u00edt\u011bzky kategorie d\u00edvek 9-10 let, Lucky Koudelkov\u00e9.<\/figcaption><\/figure>\n<p style=\"text-align: justify;\">Podobn\u00fd &#8222;nerv\u00e1k&#8220;, jeho\u017e hlavn\u00edmi hrdiny byli Matou\u0161 s Tom\u00e1\u0161em, p\u0159edvedli\u00a0 div\u00e1ck\u00e9 komunit\u011b, v sobotu v Protivanov\u011b &#8211; i p\u0159es citeln\u00fd chlad a vlhko &#8211; docela po\u010detn\u00e9, mlad\u0161\u00ed \u017e\u00e1kyn\u011b. O zlato svedly vyrovnan\u00fd souboj na\u0161e <strong><span style=\"color: #800000;\">Ani\u010dka Han\u00e1kov\u00e1<\/span> <\/strong>s v\u00fdborn\u011b jedouc\u00ed Nikolou Brad\u00e1\u010dovou (ACT leraK). Tentokr\u00e1t c\u00edlovou \u010d\u00e1ru protnula o vte\u0159inku d\u0159\u00edve borka v na\u0161ich barv\u00e1ch a\u00a0 radost n\u00e1m umocnil bronz, kter\u00fd po vyv\u00e1\u017een\u00e9m v\u00fdkonu po z\u00e1sluze brala <span style=\"color: #800000;\"><strong>Ad\u00e9lka Zav\u0159erlov\u00e1!<\/strong><\/span><\/p>\n<figure id=\"attachment_12005\" aria-describedby=\"caption-attachment-12005\" style=\"width: 1333px\" class=\"wp-caption alignnone\"><a href=\"http:\/\/www.moravecteam.cz\/?attachment_id=12005\" rel=\"attachment wp-att-12005\"><img decoding=\"async\" loading=\"lazy\" class=\" wp-image-12005\" alt=\"DSC_9344\" src=\"http:\/\/www.moravecteam.cz\/wp-content\/uploads\/2018\/06\/DSC_9344.jpg\" width=\"1333\" height=\"1628\" srcset=\"https:\/\/www.moravecteam.cz\/wp-content\/uploads\/2018\/06\/DSC_9344.jpg 1333w, https:\/\/www.moravecteam.cz\/wp-content\/uploads\/2018\/06\/DSC_9344-245x300.jpg 245w, https:\/\/www.moravecteam.cz\/wp-content\/uploads\/2018\/06\/DSC_9344-838x1024.jpg 838w\" sizes=\"(max-width: 1333px) 100vw, 1333px\" \/><\/a><figcaption id=\"caption-attachment-12005\" class=\"wp-caption-text\">Ani\u010dka Han\u00e1kov\u00e1 se sv\u00fdm &#8222;st\u00ednem&#8220;, Nikolou Brad\u00e1\u010dovou. Souboj t\u011bchto d\u00edvek byl jedn\u00edm z vrchol\u016f protivanovsk\u00e9 &#8222;race&#8220;.<\/figcaption><\/figure>\n<p style=\"text-align: justify;\">Proto\u017ee Patricie Srnsk\u00e1 (SKI Cykloklub Poli\u010dka) se v Protivanov\u011b na startu neobjevila, m\u011bla <strong><span style=\"color: #800000;\">Eli\u0161ka Han\u00e1kov\u00e1<\/span> <\/strong>ve startu star\u0161\u00edch \u017e\u00e1ky\u0148 cestu k v\u00edt\u011bzstv\u00ed v podstat\u011b volnou\u00a0 a na dal\u0161\u00ed bitvu t\u011bchto dvou vych\u00e1zej\u00edc\u00edch &#8222;hv\u011bzdi\u010dek&#8220; \u010desk\u00e9ho bikingu si budeme muset po\u010dkat a\u017e do Bed\u0159ichova&#8230; T\u0159i na\u0161i star\u0161\u00ed \u017e\u00e1ci startuj\u00edc\u00ed v Protivanov\u011b, do boj\u016f o medaile nezas\u00e1hli, jejich odstup je zat\u00edm od t\u011bchto pozic v \u0159\u00e1du minut. O medaili se ale postarala\u00a0\u00a0na\u0161e \u0161tafeta, kdy\u017e sestava <strong><span style=\"color: #800000;\">sourozenci Koudelkovi<\/span> <\/strong>+ <strong><span style=\"color: #800000;\">Ad\u00e9lka Zav\u0159elov\u00e1<\/span> <\/strong>vybojovala cenn\u00e9 st\u0159\u00edbro! Na\u0161i nesta\u010dili pouze na t\u00fdm ACT leraK, jeho\u017e v\u00edt\u011bznou \u0161tafetu rozj\u00ed\u017ed\u011bla Nikola Brad\u00e1\u010dov\u00e1, kter\u00e1 si tak, spolu s na\u0161\u00ed Luckou Koudelkovou, odvezla z Protivanova hned dva cenn\u00e9 kovy &#8211; zlato a st\u0159\u00edbro! Holky se tak staly nevyhl\u00e1\u0161en\u00fdmi princeznami sobotn\u00ed Velk\u00e9 ceny m\u011bstyse Protivanova! Pro po\u0159\u00e1dek p\u0159ipomenu, \u017ee na\u0161e druh\u00e1 \u0161tafeta ve slo\u017een\u00ed Bar\u010da Janovk\u00e1, Just\u00fdnka Novotn\u00e1 a Jirka Zav\u0159el vybojovali nepopul\u00e1rn\u00ed &#8222;bramboru&#8220;, podobn\u011b jako ve sv\u00fdch startech Magdal\u00e9nka Barto\u0161ov\u00e1, Jirka Zaav\u0159el je\u0161t\u011b jednou a Monika Kone\u010dn\u00e1&#8230; Zejm\u00e9na usm\u011bvav\u00e1 &#8222;Majda&#8220; m\u011bla k bronzov\u00e9 &#8222;bedn\u011b&#8220; hodn\u011b bl\u00edzko &#8211; 2 vte\u0159iny..!<\/p>\n<figure id=\"attachment_12006\" aria-describedby=\"caption-attachment-12006\" style=\"width: 2000px\" class=\"wp-caption alignnone\"><a href=\"http:\/\/www.moravecteam.cz\/?attachment_id=12006\" rel=\"attachment wp-att-12006\"><img decoding=\"async\" loading=\"lazy\" class=\" wp-image-12006\" alt=\"DSC_9537\" src=\"http:\/\/www.moravecteam.cz\/wp-content\/uploads\/2018\/06\/DSC_9537.jpg\" width=\"2000\" height=\"1333\" srcset=\"https:\/\/www.moravecteam.cz\/wp-content\/uploads\/2018\/06\/DSC_9537.jpg 2000w, https:\/\/www.moravecteam.cz\/wp-content\/uploads\/2018\/06\/DSC_9537-300x199.jpg 300w, https:\/\/www.moravecteam.cz\/wp-content\/uploads\/2018\/06\/DSC_9537-1024x682.jpg 1024w\" sizes=\"(max-width: 2000px) 100vw, 2000px\" \/><\/a><figcaption id=\"caption-attachment-12006\" class=\"wp-caption-text\">K na\u0161\u00ed velk\u00e9 radosti nah\u00e1n\u011bla d\u011bv\u010data z Hul\u00edna Eli\u0161ku Han\u00e1kovou marn\u011b!<\/figcaption><\/figure>\n<p style=\"text-align: justify;\">I po skon\u010den\u00ed posledn\u00edho bloku start\u016f jsme se radovali z medaile! \u0160estou zlatou vybojoval pro na\u0161e barvy <strong><span style=\"color: #800000;\">Pavel Bal\u00e1k<\/span> <\/strong>v z\u00e1vod\u011b Masters II, kter\u00fd po rovinat\u00e9 trati doslova l\u00e9tal a jako jeden ze sedmi rajdr\u016f (krom\u011b n\u011bho je\u0161t\u011b p\u011bt prvn\u00edch &#8222;eli\u0165\u00e1k\u016f&#8220; v \u010dele s v\u00edt\u011bzem Ale\u0161em Zatloukalem a n\u00e1\u0161 odchovanec, Tom\u00e1\u0161 Tlamka &#8222;Contador&#8220;, z\u00e1vod\u00edc\u00ed aktu\u00e1ln\u011b za NUTREND Specialized Racing, kter\u00fd vyhr\u00e1l z\u00e1vod junior\u016f \/ kadet\u016f) dos\u00e1hl v z\u00e1vod\u011b pr\u016fm\u011brn\u00e9 rychlosti p\u0159es 26 km\/hod. Ve velmi rychl\u00e9m z\u00e1vod\u011b mu\u017e\u016f ELITE pak dok\u00e1zal s nejlep\u0161\u00edmi dr\u017eet krok <strong><span style=\"color: #800000;\">Petr \u0160ich.<\/span><\/strong> D\u00edky v\u0161em na\u0161im rajdr\u016fm a jejich podp\u016frn\u00fdm rodinn\u00fdm t\u00fdm\u016fm za vzorn\u00e9 repre odd\u00edlu, speci\u00e1ln\u00ed d\u00edky pat\u0159\u00ed <strong><span style=\"color: #800000;\">Vlast\u00edkovi Odehnalovi<\/span> <\/strong>za bezchybnou tra\u0165ovou re\u017eii, kter\u00e1\u017eto v Protivanov\u011b &#8211; by\u0165 se jednalo profilov\u011b o nen\u00e1ro\u010dn\u00e9 trat\u011b &#8211; nen\u00ed zdaleka snadn\u00e1&#8230;<\/p>\n<h5 style=\"text-align: justify;\"><span style=\"color: #800000;\"><strong>Rekapitulace medailist\u016f MORAVEC Teamu &#8211;\u00a0OPEN<\/strong><\/span><\/h5>\n<ul>\n<li>\n<div style=\"text-align: justify;\">Zlata vybojovali: <strong><span style=\"color: #ff6600;\">Zita \u017dern\u00ed\u010dkov\u00e1<\/span><\/strong> (7-8 let),\u00a0<strong><span style=\"color: #ff6600;\">Filip Ecler<\/span><\/strong> (7-8 let),\u00a0<strong><span style=\"color: #ff6600;\">Lucie Koudelkov\u00e1<\/span><\/strong>\u00a0(9-10 let), <strong><span style=\"color: #ff6600;\">Anna Han\u00e1kov\u00e1<\/span><\/strong> (11-12 let), <strong><span style=\"color: #ff6600;\">Eli\u0161ka Han\u00e1kov\u00e1<\/span><\/strong> (13-14 let) a\u00a0<strong><span style=\"color: #ff6600;\">Pavel Bal\u00e1k<\/span> <\/strong>(Masters II)<\/div>\n<\/li>\n<li style=\"text-align: justify;\">St\u0159\u00edbra vybojovali: <strong><span style=\"color: #808080;\">Barbora Janovsk\u00e1<\/span> <\/strong>(9-10 let) a <strong><span style=\"color: #808080;\">Matou\u0161 Lipensk\u00fd<\/span><\/strong>\u00a0 (9-10 let), \u0161tafeta ve slo\u017een\u00ed <strong><span style=\"color: #808080;\">Lucie Koudelkov\u00e1<\/span><\/strong>, <strong><span style=\"color: #808080;\">Ad\u00e9la Zav\u0159elov\u00e1<\/span> <\/strong>a <strong><span style=\"color: #808080;\">Maty\u00e1\u0161 Koudelka<\/span><\/strong>.<\/li>\n<li style=\"text-align: justify;\">Bronzy vybojovali:\u00a0<strong><span style=\"color: #993300;\">Anton\u00edn Han\u00e1k<\/span><\/strong>\u00a0(odr\u00e1\u017eedla),\u00a0Anton\u00edn Dosko\u010dil (7-8 let), <strong><span style=\"color: #993300;\">Just\u00fdna Novotn\u00e1<\/span><\/strong> (9-10 let) a <strong><span style=\"color: #993300;\">Ad\u00e9la Zav\u0159elov\u00e1<\/span><\/strong> (11-12 let)<\/li>\n<\/ul>\n<div>\n<dl id=\"attachment_11938\">\n<dt><\/dt>\n<dd><span style=\"font-size: 18px; font-weight: bold; color: #800000;\">Rekapitulace medailist\u016f MORAVEC Teamu &#8211;\u00a0OBCE<\/span><\/dd>\n<\/dl>\n<\/div>\n<ul>\n<li>\n<div style=\"text-align: justify;\">Prvn\u00ed m\u00edsta:\u00a0 <strong><span style=\"color: #ff6600;\">Lucie Koudelkov\u00e1<\/span><\/strong>\u00a0(9-10 let),\u00a0<strong><span style=\"color: #ff6600;\">Maty\u00e1\u0161 Koudelka<\/span> <\/strong>(11-12 let), <strong><span style=\"color: #ff6600;\">Anna Han\u00e1kov\u00e1<\/span><\/strong> (11-12),\u00a0 <strong><span style=\"color: #ff6600;\">Eli\u0161ka H\u00e1n\u00e1kov\u00e1<\/span><\/strong>\u00a0(13-14 let) a <strong><span style=\"color: #ff6600;\">Luk\u00e1\u0161 Sedl\u00e1k<\/span><\/strong> (13-14 let)<\/div>\n<\/li>\n<li style=\"text-align: justify;\">Druh\u00e1 m\u00edsta:\u00a0\u00a0<strong><span style=\"color: #808080;\">Anton\u00edn Han\u00e1k<\/span><\/strong>\u00a0(odr\u00e1\u017eedla),\u00a0 <strong><span style=\"color: #808080;\">Kl\u00e1ra V\u011brn\u00e1<\/span> <\/strong>(odr\u00e1\u017eedla), <strong><span style=\"color: #808080;\">Barbora Janovsk\u00e1<\/span><\/strong>\u00a0(9-10 let),\u00a0 <strong><span style=\"color: #808080;\">Dominik Pt\u00e1\u010dn\u00edk<\/span><\/strong>\u00a0(9-10 let) a <strong><span style=\"color: #808080;\">Ad\u00e9la Kubinov\u00e1<\/span><\/strong> (13-14 let)<\/li>\n<li style=\"text-align: justify;\">T\u0159et\u00ed m\u00edsta:\u00a0<strong><span style=\"color: #993300;\">Jon\u00e1\u0161 Janovsk\u00fd<\/span><\/strong>\u00a0(do 6 let),\u00a0<strong><span style=\"color: #993300;\">Just\u00fdna Novotn\u00e1<\/span><\/strong>\u00a0(9-10 let) a <span style=\"color: #993300;\"><strong>Veronika Pt\u00e1\u010dn\u00edkov\u00e1<\/strong> <\/span>(13-14 let)<\/li>\n<\/ul>\n<figure id=\"attachment_12007\" aria-describedby=\"caption-attachment-12007\" style=\"width: 1333px\" class=\"wp-caption alignnone\"><a href=\"http:\/\/www.moravecteam.cz\/?attachment_id=12007\" rel=\"attachment wp-att-12007\"><img decoding=\"async\" loading=\"lazy\" class=\" wp-image-12007\" alt=\"DSC_9777a\" src=\"http:\/\/www.moravecteam.cz\/wp-content\/uploads\/2018\/06\/DSC_9777a.jpg\" width=\"1333\" height=\"2000\" srcset=\"https:\/\/www.moravecteam.cz\/wp-content\/uploads\/2018\/06\/DSC_9777a.jpg 1333w, https:\/\/www.moravecteam.cz\/wp-content\/uploads\/2018\/06\/DSC_9777a-199x300.jpg 199w, https:\/\/www.moravecteam.cz\/wp-content\/uploads\/2018\/06\/DSC_9777a-682x1024.jpg 682w\" sizes=\"(max-width: 1333px) 100vw, 1333px\" \/><\/a><figcaption id=\"caption-attachment-12007\" class=\"wp-caption-text\">&#8222;Letec &#8211; kosmonaut&#8220; Pavel Bal\u00e1k splnil velice byst\u0159e letov\u00fd pl\u00e1n a na mate\u0159skou z\u00e1kladnu se vr\u00e1til jako suver\u00e9nn\u00ed v\u00edt\u011bz kategorie Masters II!<\/figcaption><\/figure>\n<p>Zde studujte <strong><a href=\"http:\/\/vysledky.pohardrahanskevrchoviny.cz\/2018\/?page=vysledky\">kompletn\u00ed v\u00fdsledkov\u00fd servis <\/a><\/strong>a zde je u\u017e prvn\u00ed &#8222;salva&#8220; fotek:<\/p>\n<ul>\n<li><strong><a href=\"https:\/\/jones1.rajce.idnes.cz\/PDV_Protivanov_23.6.2018\/#\">fotogalerie \u010d.1<\/a><\/strong><\/li>\n<li><strong><a href=\"https:\/\/moravecteam.rajce.idnes.cz\/2018.06.23_MTB_PDV_Protivanov\/\">fotogalerie \u010d.2\u00a0<\/a><\/strong><\/li>\n<\/ul>\n<figure id=\"attachment_12008\" aria-describedby=\"caption-attachment-12008\" style=\"width: 2000px\" class=\"wp-caption alignnone\"><a href=\"http:\/\/www.moravecteam.cz\/?attachment_id=12008\" rel=\"attachment wp-att-12008\"><img decoding=\"async\" loading=\"lazy\" class=\" wp-image-12008\" alt=\"DSC_9546\" src=\"http:\/\/www.moravecteam.cz\/wp-content\/uploads\/2018\/06\/DSC_9546.jpg\" width=\"2000\" height=\"1084\" srcset=\"https:\/\/www.moravecteam.cz\/wp-content\/uploads\/2018\/06\/DSC_9546.jpg 2000w, https:\/\/www.moravecteam.cz\/wp-content\/uploads\/2018\/06\/DSC_9546-300x162.jpg 300w, https:\/\/www.moravecteam.cz\/wp-content\/uploads\/2018\/06\/DSC_9546-1024x555.jpg 1024w\" sizes=\"(max-width: 2000px) 100vw, 2000px\" \/><\/a><figcaption id=\"caption-attachment-12008\" class=\"wp-caption-text\">Mu\u017ei Elite kr\u00e1tce po startu. Druh\u00fd zleva n\u00e1\u0161 Petr \u0160ich.<\/figcaption><\/figure>\n","protected":false},"excerpt":{"rendered":"<p>T\u0159et\u00ed\u00a0 MTB &#8222;Vrchovina&#8220;, kter\u00e1 zavedla rajdry na ob\u00e1vanou protivanovskou &#8222;Irskou lavici&#8220;, se reprezentant\u016fm MORAVEC Teamu vyda\u0159ila. Vzhledem ke skute\u010dnosti, \u017ee tren\u00e9\u0159i p\u0159ed z\u00e1vodem registrovali pom\u011brn\u011b hodn\u011b omluvenek sv\u00fdch sv\u011b\u0159enc\u016f, je zisk celkem dvan\u00e1cti medail\u00ed v po\u0159ad\u00ed OPEN velmi dobr\u00fdm v\u00fdsledkem uv\u00e1\u017e\u00edme-li, \u017ee rovn\u00e1 polovina z nich byla z toho\u00a0kovu nejv\u00edc cen\u011bn\u00e9ho! Vysokou v\u00fdkonnostn\u00ed a v\u00fdsledkovou &hellip; <a href=\"https:\/\/www.moravecteam.cz\/?p=11993\" class=\"more-link\">Pokra\u010dov\u00e1n\u00ed textu <span class=\"screen-reader-text\">&#8222;Lavice&#8220; n\u00e1m sv\u011bd\u010dila!<\/span> <span class=\"meta-nav\">&rarr;<\/span><\/a><\/p>\n","protected":false},"author":3,"featured_media":11997,"comment_status":"open","ping_status":"closed","sticky":false,"template":"","format":"standard","meta":[],"categories":[1],"tags":[],"_links":{"self":[{"href":"https:\/\/www.moravecteam.cz\/index.php?rest_route=\/wp\/v2\/posts\/11993"}],"collection":[{"href":"https:\/\/www.moravecteam.cz\/index.php?rest_route=\/wp\/v2\/posts"}],"about":[{"href":"https:\/\/www.moravecteam.cz\/index.php?rest_route=\/wp\/v2\/types\/post"}],"author":[{"embeddable":true,"href":"https:\/\/www.moravecteam.cz\/index.php?rest_route=\/wp\/v2\/users\/3"}],"replies":[{"embeddable":true,"href":"https:\/\/www.moravecteam.cz\/index.php?rest_route=%2Fwp%2Fv2%2Fcomments&post=11993"}],"version-history":[{"count":16,"href":"https:\/\/www.moravecteam.cz\/index.php?rest_route=\/wp\/v2\/posts\/11993\/revisions"}],"predecessor-version":[{"id":12080,"href":"https:\/\/www.moravecteam.cz\/index.php?rest_route=\/wp\/v2\/posts\/11993\/revisions\/12080"}],"wp:featuredmedia":[{"embeddable":true,"href":"https:\/\/www.moravecteam.cz\/index.php?rest_route=\/wp\/v2\/media\/11997"}],"wp:attachment":[{"href":"https:\/\/www.moravecteam.cz\/index.php?rest_route=%2Fwp%2Fv2%2Fmedia&parent=11993"}],"wp:term":[{"taxonomy":"category","embeddable":true,"href":"https:\/\/www.moravecteam.cz\/index.php?rest_route=%2Fwp%2Fv2%2Fcategories&post=11993"},{"taxonomy":"post_tag","embeddable":true,"href":"https:\/\/www.moravecteam.cz\/index.php?rest_route=%2Fwp%2Fv2%2Ftags&post=11993"}],"curies":[{"name":"wp","href":"https:\/\/api.w.org\/{rel}","templated":true}]}}