{"id":12027,"date":"2018-07-02T12:32:04","date_gmt":"2018-07-02T10:32:04","guid":{"rendered":"http:\/\/www.moravecteam.cz\/?p=12027"},"modified":"2018-07-06T00:41:47","modified_gmt":"2018-07-05T22:41:47","slug":"na-medailove-vlne","status":"publish","type":"post","link":"https:\/\/www.moravecteam.cz\/?p=12027","title":{"rendered":"Na medailov\u00e9 vln\u011b&#8230;"},"content":{"rendered":"<p style=\"text-align: justify;\"><span style=\"color: #800000;\"><strong>&#8230;se i po p\u0159edposledn\u00edm z\u00e1vod\u011b \u010cesk\u00e9ho poh\u00e1ru horsk\u00fdch kol, kter\u00fd se jel minul\u00fd v\u00edkend v Bed\u0159ichov\u011b,\u00a0vezou bike\u0159i a bikerky MORAVEC Teamu! Krom\u011b leto\u0161n\u00edho tradi\u010dn\u00edho sb\u011bratele cenn\u00fdch kov\u016f &#8211; Jon\u00e1\u0161e Janovsk\u00e9ho &#8211; p\u0159ibylo po minul\u00e9 sobot\u011b na historick\u00e9m seznamu na\u0161ich medailist\u016f ze z\u00e1vod\u016f \u010cesk\u00e9ho poh\u00e1ru dal\u0161\u00ed nov\u00e9 jm\u00e9no &#8211; Lucie Koudelkov\u00e1! P\u0159ed prvn\u00edm vrcholem leto\u0161n\u00ed sez\u00f3ny, kter\u00fdm bude koncem m\u011bs\u00edce n\u00e1rodn\u00ed \u0161ampion\u00e1t v Peci pod Sn\u011b\u017ekou se zd\u00e1, \u017ee tren\u00e9\u0159i \u010dasuj\u00ed formu sv\u00fdm sv\u011b\u0159enc\u016fm optim\u00e1ln\u011b a ani bych se moc nedivil, kdyby v Peci\u00a0k Jon\u00e1\u0161kovi, Am\u00e1lce a Lucince p\u0159ibyl s medail\u00ed na hrudi je\u0161t\u011b i n\u011bkdo dal\u0161\u00ed z na\u0161ich&#8230;<\/strong><\/span><\/p>\n<figure id=\"attachment_12068\" aria-describedby=\"caption-attachment-12068\" style=\"width: 3666px\" class=\"wp-caption alignnone\"><a href=\"http:\/\/www.moravecteam.cz\/?attachment_id=12068\" rel=\"attachment wp-att-12068\"><img decoding=\"async\" loading=\"lazy\" class=\" wp-image-12068\" alt=\"DSC_0214\" src=\"http:\/\/www.moravecteam.cz\/wp-content\/uploads\/2018\/07\/DSC_0214.jpg\" width=\"3666\" height=\"3954\" srcset=\"https:\/\/www.moravecteam.cz\/wp-content\/uploads\/2018\/07\/DSC_0214.jpg 3666w, https:\/\/www.moravecteam.cz\/wp-content\/uploads\/2018\/07\/DSC_0214-278x300.jpg 278w, https:\/\/www.moravecteam.cz\/wp-content\/uploads\/2018\/07\/DSC_0214-949x1024.jpg 949w\" sizes=\"(max-width: 3666px) 100vw, 3666px\" \/><\/a><figcaption id=\"caption-attachment-12068\" class=\"wp-caption-text\">Lucie Koudelkov\u00e1 uh\u00e1n\u00ed vst\u0159\u00edc \u017eivotn\u00edmu sp\u011bchu!<\/figcaption><\/figure>\n<p style=\"text-align: justify;\"><span style=\"color: #800000;\"><strong>Jon\u00e1\u0161 Janovsk\u00fd<\/strong> <\/span>odstartoval na\u0161e sobotn\u00ed \u00fa\u010dinkov\u00e1n\u00ed ziskem st\u0159\u00edbrn\u00e9 medaile a po p\u0159edchoz\u00edch \u010dty\u0159ech v\u00edt\u011bzstv\u00edch u\u017e o n\u011bm m\u016f\u017eeme hovo\u0159it jako o jist\u00e9m v\u00edt\u011bzi \u010cesk\u00e9ho poh\u00e1ru! Dal\u0161\u00edmi z celkem dev\u00e1ten\u00e1cti na\u0161ich reprezentant\u016f, kte\u0159\u00ed na tradi\u010dn\u00edch\u00a0bed\u0159ichovsk\u00fdch \u00a0trat\u00edch zas\u00e1hli do boj\u016f, byla trojice na\u0161ich d\u011bv\u010dat, sout\u011b\u017e\u00edc\u00ed v kategorii 7-8 let. <span style=\"color: #800000;\"><strong>Lucka Gottwaldov\u00e1<\/strong> <\/span>vybojovala um\u00edst\u011bn\u00ed v TOP10, <span style=\"color: #800000;\"><strong>Zitka \u017dern\u00ed\u010dkov\u00e1<\/strong> <\/span>brala m\u00edsto v TOP20, a daleko od n\u00ed nefini\u0161oval ani <strong><span style=\"color: #800000;\">Magdal\u00e9nka Barto\u0161ov\u00e1<\/span><\/strong>.<\/p>\n<figure id=\"attachment_12067\" aria-describedby=\"caption-attachment-12067\" style=\"width: 2267px\" class=\"wp-caption alignnone\"><a href=\"http:\/\/www.moravecteam.cz\/?attachment_id=12067\" rel=\"attachment wp-att-12067\"><img decoding=\"async\" loading=\"lazy\" class=\" wp-image-12067\" alt=\"DSC_0116\" src=\"http:\/\/www.moravecteam.cz\/wp-content\/uploads\/2018\/07\/DSC_0116.jpg\" width=\"2267\" height=\"2655\" srcset=\"https:\/\/www.moravecteam.cz\/wp-content\/uploads\/2018\/07\/DSC_0116.jpg 2267w, https:\/\/www.moravecteam.cz\/wp-content\/uploads\/2018\/07\/DSC_0116-256x300.jpg 256w, https:\/\/www.moravecteam.cz\/wp-content\/uploads\/2018\/07\/DSC_0116-874x1024.jpg 874w\" sizes=\"(max-width: 2267px) 100vw, 2267px\" \/><\/a><figcaption id=\"caption-attachment-12067\" class=\"wp-caption-text\">Jon\u00e1\u0161ek Janovsk\u00fd na\u0161el a\u017e v Bed\u0159ichov\u011b letos poprv\u00e9 p\u0159emo\u017eitele&#8230;<\/figcaption><\/figure>\n<p style=\"text-align: justify;\">Dal\u0161\u00ed t\u0159i na\u0161e &#8222;Gr\u00e1cie&#8220; startovaly v kategorii o stup\u00ednek vy\u0161\u0161\u00ed a zde se z\u00e1vod hodn\u011b vyda\u0159il ji\u017e zm\u00edn\u011bn\u00e9 <strong><span style=\"color: #800000;\">Lucii Koudelkov\u00e9<\/span><\/strong>, kter\u00e1 se ze zadn\u00edch pozic dok\u00e1zala prosadit a\u017e na medailovou &#8222;t\u0159et\u00ed bednu&#8220;! Jej\u00ed souboj o bronz s\u00a0Emou Jir\u00e1skovou (Mitas Team) \u00a0byl\u00a0infarktov\u00fd a\u00a0Lucka \u00a0sv\u00fdm drav\u00fdm a bojovn\u00fdm projevem potvrdila, \u017ee ne n\u00e1hodou vyhr\u00e1la letos v\u0161echny t\u0159i odjet\u00e9 z\u00e1vody presti\u017en\u00ed MTB &#8222;Vrchoviny&#8220;. Bravo! I jej\u00ed dv\u011b t\u00fdmov\u00e9 par\u0165a\u010dky &#8211; <strong><span style=\"color: #800000;\">Bar\u010da Janovsk\u00e1<\/span> <\/strong>a <span style=\"color: #800000;\"><strong>Just\u00fdnkou Novotnou<\/strong> <\/span>zajeli v\u00fdborn\u011b a i ony v\u00fdsledov\u011b potvrdili v\u00fdborn\u011b \u010dasovanou formu. Mezi chlapci zajel ve stejn\u00e9 kategorii n\u00e1\u0161 <span style=\"color: #800000;\"><strong>Matou\u0161 Lipensk\u00fd<\/strong> <\/span>sv\u016fj leto\u0161n\u00ed druh\u00fd nejlep\u0161\u00ed v\u00fdsledek a i v jeho p\u0159\u00edpad\u011b se d\u00e1 o\u010dek\u00e1vat na &#8222;mistr\u00e1ku&#8220; je\u0161t\u011b dal\u0161\u00ed posun vp\u0159ed.<\/p>\n<figure id=\"attachment_12069\" aria-describedby=\"caption-attachment-12069\" style=\"width: 4226px\" class=\"wp-caption alignnone\"><a href=\"http:\/\/www.moravecteam.cz\/?attachment_id=12069\" rel=\"attachment wp-att-12069\"><img decoding=\"async\" loading=\"lazy\" class=\" wp-image-12069\" alt=\"DSC_0216\" src=\"http:\/\/www.moravecteam.cz\/wp-content\/uploads\/2018\/07\/DSC_0216.jpg\" width=\"4226\" height=\"3381\" srcset=\"https:\/\/www.moravecteam.cz\/wp-content\/uploads\/2018\/07\/DSC_0216.jpg 4226w, https:\/\/www.moravecteam.cz\/wp-content\/uploads\/2018\/07\/DSC_0216-300x240.jpg 300w, https:\/\/www.moravecteam.cz\/wp-content\/uploads\/2018\/07\/DSC_0216-1024x819.jpg 1024w\" sizes=\"(max-width: 4226px) 100vw, 4226px\" \/><\/a><figcaption id=\"caption-attachment-12069\" class=\"wp-caption-text\">Cenn\u00e9 6. m\u00edsto veze z Jizersk\u00fdch hor Bar\u010da Janovsk\u00e1.<\/figcaption><\/figure>\n<p style=\"text-align: justify;\">Oslaben\u00e1 byla enkl\u00e1va \u00a0na\u0161ich d\u011bv\u010dat v mlad\u0161\u00edch \u017e\u00e1kyn\u00edch, kdy\u017e naa startu tentokr\u00e1t chyb\u011bly Bar\u010da Tlamkov\u00e1 s Ad\u00e9lkou Zav\u0159elovou. Zbyl\u00e9 dv\u011b d\u00edvky &#8211; <strong><span style=\"color: #800000;\">Am\u00e1lka Gottwaldov\u00e1<\/span> <\/strong>s <strong><span style=\"color: #800000;\">Ani\u010dkou Han\u00e1kovou<\/span><\/strong> pak brali v konkurenci 33 d\u011bv\u010dat um\u00edst\u011bn\u00ed v TOP20. Z prvn\u00edho leto\u0161n\u00edho bod\u00edku\u00a0<strong><span style=\"color: #800000;\">Maty\u00e1\u0161e \u00a0Koudelky<\/span> <\/strong>m\u00e1me stejnou radost, jako on s\u00e1m, v\u017edy\u0165 mlad\u0161\u00edch \u017e\u00e1k\u016f soupe\u0159ilo 55, co\u017e byl do t\u00e9 doby nejpo\u010detn\u011bj\u0161\u00ed start dne&#8230; Jedn\u00edm z &#8222;\u010dern\u00fdch ko\u0148\u016f&#8220; pro Pec pod Sn\u011b\u017ekou by mohla b\u00fdt z na\u0161ich \u0159ad i star\u0161\u00ed \u017e\u00e1kyn\u011b <strong><span style=\"color: #800000;\">Eli\u0161ka Han\u00e1kov\u00e1,<\/span><\/strong> kter\u00e1 i v Bed\u0159ichov\u011b s p\u0159ehledem obh\u00e1jila v siln\u00e9 konkurenci um\u00edst\u011bn\u00ed v TOP10. T\u0159i na\u0161i star\u0161\u00ed \u017e\u00e1ci, <strong><span style=\"color: #800000;\">V\u00ed\u0165a Lipensk\u00fd<\/span><\/strong>, <strong><span style=\"color: #800000;\">Roman \u0160indel\u00e1\u0159<\/span> <\/strong>a <span style=\"color: #800000;\"><strong>Luk\u00e1\u0161 Sedl\u00e1k\u00a0<\/strong><\/span>dojeli\u00a0 ve druh\u00e9 polovin\u011b bezm\u00e1la osmdes\u00e1tihlav\u00e9ho pole, kdy\u017e v tomto p\u0159\u00edpad\u011b se op\u011bt jednalo o nejv\u00edce po\u010detn\u011b obsazenou kategorii v r\u00e1mci cel\u00e9ho bed\u0159ichovsk\u00e9ho bikov\u00e9ho v\u00edkendu.<\/p>\n<figure id=\"attachment_12070\" aria-describedby=\"caption-attachment-12070\" style=\"width: 4358px\" class=\"wp-caption alignnone\"><a href=\"http:\/\/www.moravecteam.cz\/?attachment_id=12070\" rel=\"attachment wp-att-12070\"><img decoding=\"async\" loading=\"lazy\" class=\" wp-image-12070\" alt=\"DSC_0306\" src=\"http:\/\/www.moravecteam.cz\/wp-content\/uploads\/2018\/07\/DSC_0306.jpg\" width=\"4358\" height=\"3651\" srcset=\"https:\/\/www.moravecteam.cz\/wp-content\/uploads\/2018\/07\/DSC_0306.jpg 4358w, https:\/\/www.moravecteam.cz\/wp-content\/uploads\/2018\/07\/DSC_0306-300x251.jpg 300w, https:\/\/www.moravecteam.cz\/wp-content\/uploads\/2018\/07\/DSC_0306-1024x857.jpg 1024w\" sizes=\"(max-width: 4358px) 100vw, 4358px\" \/><\/a><figcaption id=\"caption-attachment-12070\" class=\"wp-caption-text\">V c\u00edli nakonec osm\u00e1 star\u0161\u00ed \u017e\u00e1kyn\u011b, t\u0159in\u00e1ctilet\u00e1 Eli\u0161ka Han\u00e1kov\u00e1, zdol\u00e1v\u00e1 ter\u00e9nn\u00ed p\u0159ek\u00e1\u017eku na stadion\u011b.<\/figcaption><\/figure>\n<p style=\"text-align: justify;\">T\u0159i na\u0161i rajd\u0159i zas\u00e1hli do boj\u016f i v ned\u011bli a hned p\u0159i prvn\u00edm startu mu\u017e\u016f EXPERT se na n\u00e1s nalepila sm\u016fla&#8230; <strong><span style=\"color: #800000;\">Petr \u0160ich<\/span> <\/strong>rozjel z\u00e1vod skv\u011ble a dravou j\u00edzdou se posunul ve druh\u00e9m kole dokonce na pr\u016fb\u011b\u017en\u00e9 6. m\u00edsto! Jako p\u0159es &#8222;zadovsk\u00fd&#8220; kop\u00edr\u00e1k mu STOP vystavila op\u011bt &#8222;smotan\u00e1&#8220; p\u0159ehazova\u010dka&#8230; Velk\u00e1 \u0161koda, ale je v\u00edc ne\u017e jist\u00e9, \u017ee po &#8222;spodn\u00edch \u00favrat\u00edch&#8220; p\u0159ich\u00e1z\u00ed &#8222;horn\u00ed \u00favrat\u011b&#8220; a\u00a0po nezdarech z\u00e1konit\u011b zpravidla zdary! A pro\u010d by to tak nemohlo b\u00fdt v Petrov\u011b p\u0159\u00edpad\u011b u\u017e v Peci pod Sn\u011b\u017ekou? Jen je t\u0159eba &#8222;hor\u0161\u00ed, smoln\u00e9 \u010dasy&#8220; trp\u011bliv\u011b p\u0159est\u00e1t&#8230;<\/p>\n<figure id=\"attachment_12071\" aria-describedby=\"caption-attachment-12071\" style=\"width: 3709px\" class=\"wp-caption alignnone\"><a href=\"http:\/\/www.moravecteam.cz\/?attachment_id=12071\" rel=\"attachment wp-att-12071\"><img decoding=\"async\" loading=\"lazy\" class=\" wp-image-12071\" alt=\"DSC_0375\" src=\"http:\/\/www.moravecteam.cz\/wp-content\/uploads\/2018\/07\/DSC_0375.jpg\" width=\"3709\" height=\"3243\" srcset=\"https:\/\/www.moravecteam.cz\/wp-content\/uploads\/2018\/07\/DSC_0375.jpg 3709w, https:\/\/www.moravecteam.cz\/wp-content\/uploads\/2018\/07\/DSC_0375-300x262.jpg 300w, https:\/\/www.moravecteam.cz\/wp-content\/uploads\/2018\/07\/DSC_0375-1024x895.jpg 1024w\" sizes=\"(max-width: 3709px) 100vw, 3709px\" \/><\/a><figcaption id=\"caption-attachment-12071\" class=\"wp-caption-text\">V\u00ed\u0165a Lipensk\u00fd dr\u017e\u00ed kr\u00e1tce po startu &#8222;v \u0161achu&#8220; dva Ma\u010fary.<\/figcaption><\/figure>\n<p style=\"text-align: justify;\">Dobr\u00e9 vzpom\u00ednky nebude m\u00edt na leto\u0161n\u00ed Bed\u0159ichov i <strong><span style=\"color: #800000;\">Honza &#8222;D\u017eony&#8220; \u0160indel\u00e1\u0159<\/span><\/strong>, kter\u00fd po v\u00fdborn\u00e9m startu (po zav\u00e1d\u011bc\u00edm kole byl v \u010dele z\u00e1vodu 62 kadet\u016f) musel nakonec pro zdravotn\u00ed indispozici ze z\u00e1vodu odstoupit.\u00a0A tak v p\u0159edposledn\u00edm\u00a0z\u00e1vodu dne, kter\u00fd obstaraly spole\u010dn\u00fdm startem \u017eeny, juniorky a kadetky, pomysln\u011b znovu pozvedla n\u00e1\u0161 prapor kadetka <strong><span style=\"color: #800000;\">Kl\u00e1ra Odehnalov\u00e1<\/span><\/strong>, kter\u00e1 si na t\u011b\u017ek\u00e9 bed\u0159ichovsk\u00e9 trati po z\u00e1sluze dojela pro druh\u00fd nejlep\u0161\u00ed poh\u00e1rov\u00fd v\u00fdsledek. D\u00edky v\u0161em na\u0161im za poctiv\u00e9 v\u00fdkony a vzorn\u00e9 repre odd\u00edlu, podp\u016frn\u00e9 t\u00fdmy nevyj\u00edmaje. Zde studujte <a href=\"http:\/\/sportsoft.cz\/cs\/zavod\/overview\/2430\"><strong>kompletn\u00ed v\u00fdsledkov\u00fd servis<\/strong><\/a> a je u\u017e k omrknut\u00ed i n\u011bjak\u00e1 ta fotogalerie&#8230;<\/p>\n<ul>\n<li>\n<div style=\"text-align: justify;\"><strong><a href=\"https:\/\/moravecteam.rajce.idnes.cz\/2018.06.30_CP_MTB_Bedrichov\/\">fotogalerie \u010d.1<\/a><\/strong><\/div>\n<\/li>\n<li><strong><a href=\"https:\/\/moravecteam.rajce.idnes.cz\/2018.06.30_MTB_CP_Bedrichov_-_2\/\">fotogalerie \u010d. 2<\/a><\/strong><\/li>\n<\/ul>\n<figure id=\"attachment_12074\" aria-describedby=\"caption-attachment-12074\" style=\"width: 3521px\" class=\"wp-caption alignnone\"><a href=\"http:\/\/www.moravecteam.cz\/?attachment_id=12074\" rel=\"attachment wp-att-12074\"><img decoding=\"async\" loading=\"lazy\" class=\" wp-image-12074\" alt=\"DSC_0439\" src=\"http:\/\/www.moravecteam.cz\/wp-content\/uploads\/2018\/07\/DSC_0439.jpg\" width=\"3521\" height=\"3757\" srcset=\"https:\/\/www.moravecteam.cz\/wp-content\/uploads\/2018\/07\/DSC_0439.jpg 3521w, https:\/\/www.moravecteam.cz\/wp-content\/uploads\/2018\/07\/DSC_0439-281x300.jpg 281w, https:\/\/www.moravecteam.cz\/wp-content\/uploads\/2018\/07\/DSC_0439-959x1024.jpg 959w\" sizes=\"(max-width: 3521px) 100vw, 3521px\" \/><\/a><figcaption id=\"caption-attachment-12074\" class=\"wp-caption-text\">Honza &#8222;D\u017eony&#8220; \u0160indel\u00e1\u0159 byl l\u00e1drem z\u00e1vodu kadet\u016f po cel\u00e9 zav\u00e1d\u011bc\u00ed kolo.<\/figcaption><\/figure>\n<p style=\"text-align: justify;\">Zde omrkn\u011bte, jak se v Bed\u0159ichov\u011b da\u0159ilo \/ neda\u0159ilo a jak jsou na tom na\u0161i bodov\u011b v celkov\u00e9m pr\u016fb\u011b\u017en\u00e9m po\u0159ad\u00ed:<\/p>\n<p>&nbsp;<\/p>\n<table border=\"1\" cellspacing=\"0\" cellpadding=\"0\">\n<tbody>\n<tr>\n<td valign=\"top\" width=\"73\"><span style=\"color: #800000;\"><strong>Kategorie<\/strong><\/span><\/td>\n<td valign=\"top\" width=\"217\"><span style=\"color: #800000;\"><strong>Um\u00edst\u011bn\u00ed v z\u00e1vod\u011b<\/strong><\/span><\/td>\n<td valign=\"top\" width=\"47\"><span style=\"color: #800000;\"><strong>Startovalo<\/strong><\/span><\/td>\n<td valign=\"top\" width=\"85\"><span style=\"color: #800000;\"><strong>Pr\u016fb\u011b\u017en\u011b<\/strong><\/span><\/td>\n<\/tr>\n<tr>\n<td valign=\"top\" width=\"73\"><strong><span style=\"color: #ff6600;\">3-4<\/span><\/strong><\/td>\n<td valign=\"top\" width=\"217\"><strong><span style=\"color: #ff6600;\">2. Jon\u00e1\u0161 Janovsk\u00fd<\/span><\/strong><\/td>\n<td valign=\"top\" width=\"47\"><strong><span style=\"color: #ff6600;\">4<\/span><\/strong><\/td>\n<td valign=\"top\" width=\"85\"><strong><span style=\"color: #ff6600;\">1.<\/span><\/strong><\/td>\n<\/tr>\n<tr>\n<td rowspan=\"3\" valign=\"top\" width=\"73\">7-8<\/td>\n<td valign=\"top\" width=\"217\">10. Lucie Gottwaldov\u00e1<\/td>\n<td rowspan=\"3\" valign=\"top\" width=\"47\">24<\/td>\n<td valign=\"top\" width=\"85\">9.<\/td>\n<\/tr>\n<tr>\n<td valign=\"top\" width=\"217\">18. Zita \u017dern\u00ed\u010dkov\u00e1<\/td>\n<td valign=\"top\" width=\"85\">24.<\/td>\n<\/tr>\n<tr>\n<td valign=\"top\" width=\"217\">22. Magdal\u00e9na Barto\u0161ov\u00e1<\/td>\n<td valign=\"top\" width=\"85\">28.<\/td>\n<\/tr>\n<tr>\n<td rowspan=\"3\" valign=\"top\" width=\"73\"><strong><span style=\"color: #800000;\">9-10<\/span><\/strong><strong><span style=\"color: #800000;\">\u00a0<\/span><\/strong><\/td>\n<td valign=\"top\" width=\"217\"><strong><span style=\"color: #800000;\">3. Lucie Koudelkov\u00e1<\/span><\/strong><\/td>\n<td rowspan=\"3\" valign=\"top\" width=\"47\"><strong><span style=\"color: #800000;\">28<\/span><\/strong><strong><span style=\"color: #800000;\">\u00a0<\/span><\/strong><\/td>\n<td valign=\"top\" width=\"85\"><strong><span style=\"color: #800000;\">14.<\/span><\/strong><\/td>\n<\/tr>\n<tr>\n<td valign=\"top\" width=\"217\">6. Barbora Janovsk\u00e1<\/td>\n<td valign=\"top\" width=\"85\">5.<\/td>\n<\/tr>\n<tr>\n<td valign=\"top\" width=\"217\">12. Just\u00fdna Novotn\u00e1<\/td>\n<td valign=\"top\" width=\"85\">8.<\/td>\n<\/tr>\n<tr>\n<td valign=\"top\" width=\"73\">9-10<\/td>\n<td valign=\"top\" width=\"217\">21. Matou\u0161 Lipensk\u00fd<\/td>\n<td valign=\"top\" width=\"47\">47<\/td>\n<td valign=\"top\" width=\"85\">15..<\/td>\n<\/tr>\n<tr>\n<td rowspan=\"2\" valign=\"top\" width=\"73\">11-12<\/td>\n<td valign=\"top\" width=\"217\">13. Am\u00e1lie Gottwaldov\u00e1<\/td>\n<td rowspan=\"2\" valign=\"top\" width=\"47\">33<\/td>\n<td valign=\"top\" width=\"85\">6.<\/td>\n<\/tr>\n<tr>\n<td valign=\"top\" width=\"217\">20. Anna Han\u00e1kov\u00e1<\/td>\n<td valign=\"top\" width=\"85\">17.<\/td>\n<\/tr>\n<tr>\n<td valign=\"top\" width=\"73\">11-12<\/td>\n<td valign=\"top\" width=\"217\">40. Maty\u00e1\u0161 Koudelka<\/td>\n<td valign=\"top\" width=\"47\">55<\/td>\n<td valign=\"top\" width=\"85\">40.<\/td>\n<\/tr>\n<tr>\n<td valign=\"top\" width=\"73\">13-14<\/td>\n<td valign=\"top\" width=\"217\">8. Eli\u0161ka\u00a0 Han\u00e1kov\u00e1<\/td>\n<td valign=\"top\" width=\"47\">33<\/td>\n<td valign=\"top\" width=\"85\">6.<\/td>\n<\/tr>\n<tr>\n<td rowspan=\"3\" valign=\"top\" width=\"73\">13-14<\/td>\n<td valign=\"top\" width=\"217\">54. V\u00edt Lipensk\u00fd<\/td>\n<td rowspan=\"3\" valign=\"top\" width=\"47\">78<\/td>\n<td valign=\"top\" width=\"85\">52.<\/td>\n<\/tr>\n<tr>\n<td valign=\"top\" width=\"217\">59. Roman \u0160indel\u00e1\u0159<\/td>\n<td valign=\"top\" width=\"85\">nebodoval<\/td>\n<\/tr>\n<tr>\n<td valign=\"top\" width=\"217\">68. Luk\u00e1\u0161 Sedl\u00e1k<\/td>\n<td valign=\"top\" width=\"85\">nebodoval<\/td>\n<\/tr>\n<tr>\n<td rowspan=\"2\" valign=\"top\" width=\"73\">kadeti<\/td>\n<td valign=\"top\" width=\"217\">22. Tom\u00e1\u0161 Tlamka \u201eContador\u201c<\/td>\n<td rowspan=\"2\" valign=\"top\" width=\"47\">62<\/td>\n<td valign=\"top\" width=\"85\">9.<\/td>\n<\/tr>\n<tr>\n<td valign=\"top\" width=\"217\">Honza \u201eD\u017eony\u201c \u0160indel\u00e1\u0159 &#8211; DNF<\/td>\n<td valign=\"top\" width=\"85\">18.<\/td>\n<\/tr>\n<tr>\n<td valign=\"top\" width=\"73\">kadetky<\/td>\n<td valign=\"top\" width=\"217\">28. Kl\u00e1ra Odehnalov\u00e1<\/td>\n<td valign=\"top\" width=\"47\">30<\/td>\n<td valign=\"top\" width=\"85\">27.<\/td>\n<\/tr>\n<tr>\n<td valign=\"top\" width=\"73\">Expert<\/td>\n<td valign=\"top\" width=\"217\">Petr \u0160ich &#8211; DNF<\/td>\n<td valign=\"top\" width=\"47\">17<\/td>\n<td valign=\"top\" width=\"85\">15.<\/td>\n<\/tr>\n<\/tbody>\n<\/table>\n<figure id=\"attachment_12073\" aria-describedby=\"caption-attachment-12073\" style=\"width: 3502px\" class=\"wp-caption alignnone\"><a href=\"http:\/\/www.moravecteam.cz\/?attachment_id=12073\" rel=\"attachment wp-att-12073\"><img decoding=\"async\" loading=\"lazy\" class=\" wp-image-12073\" alt=\"DSC_0430\" src=\"http:\/\/www.moravecteam.cz\/wp-content\/uploads\/2018\/07\/DSC_0430.jpg\" width=\"3502\" height=\"3750\" srcset=\"https:\/\/www.moravecteam.cz\/wp-content\/uploads\/2018\/07\/DSC_0430.jpg 3502w, https:\/\/www.moravecteam.cz\/wp-content\/uploads\/2018\/07\/DSC_0430-280x300.jpg 280w, https:\/\/www.moravecteam.cz\/wp-content\/uploads\/2018\/07\/DSC_0430-956x1024.jpg 956w\" sizes=\"(max-width: 3502px) 100vw, 3502px\" \/><\/a><figcaption id=\"caption-attachment-12073\" class=\"wp-caption-text\">Petr \u0160ich, ne\u017e &#8222;smotal&#8220; p\u0159ehazova\u010dku a byl nucen vzd\u00e1r, , jezdil mezi EXPERTY na v\u00fdborn\u00e9m, 6. m\u00edst\u011b!<\/figcaption><\/figure>\n","protected":false},"excerpt":{"rendered":"<p>&#8230;se i po p\u0159edposledn\u00edm z\u00e1vod\u011b \u010cesk\u00e9ho poh\u00e1ru horsk\u00fdch kol, kter\u00fd se jel minul\u00fd v\u00edkend v Bed\u0159ichov\u011b,\u00a0vezou bike\u0159i a bikerky MORAVEC Teamu! Krom\u011b leto\u0161n\u00edho tradi\u010dn\u00edho sb\u011bratele cenn\u00fdch kov\u016f &#8211; Jon\u00e1\u0161e Janovsk\u00e9ho &#8211; p\u0159ibylo po minul\u00e9 sobot\u011b na historick\u00e9m seznamu na\u0161ich medailist\u016f ze z\u00e1vod\u016f \u010cesk\u00e9ho poh\u00e1ru dal\u0161\u00ed nov\u00e9 jm\u00e9no &#8211; Lucie Koudelkov\u00e1! P\u0159ed prvn\u00edm vrcholem leto\u0161n\u00ed sez\u00f3ny, &hellip; <a href=\"https:\/\/www.moravecteam.cz\/?p=12027\" class=\"more-link\">Pokra\u010dov\u00e1n\u00ed textu <span class=\"screen-reader-text\">Na medailov\u00e9 vln\u011b&#8230;<\/span> <span class=\"meta-nav\">&rarr;<\/span><\/a><\/p>\n","protected":false},"author":3,"featured_media":12039,"comment_status":"open","ping_status":"closed","sticky":false,"template":"","format":"standard","meta":[],"categories":[1],"tags":[],"_links":{"self":[{"href":"https:\/\/www.moravecteam.cz\/index.php?rest_route=\/wp\/v2\/posts\/12027"}],"collection":[{"href":"https:\/\/www.moravecteam.cz\/index.php?rest_route=\/wp\/v2\/posts"}],"about":[{"href":"https:\/\/www.moravecteam.cz\/index.php?rest_route=\/wp\/v2\/types\/post"}],"author":[{"embeddable":true,"href":"https:\/\/www.moravecteam.cz\/index.php?rest_route=\/wp\/v2\/users\/3"}],"replies":[{"embeddable":true,"href":"https:\/\/www.moravecteam.cz\/index.php?rest_route=%2Fwp%2Fv2%2Fcomments&post=12027"}],"version-history":[{"count":17,"href":"https:\/\/www.moravecteam.cz\/index.php?rest_route=\/wp\/v2\/posts\/12027\/revisions"}],"predecessor-version":[{"id":12077,"href":"https:\/\/www.moravecteam.cz\/index.php?rest_route=\/wp\/v2\/posts\/12027\/revisions\/12077"}],"wp:featuredmedia":[{"embeddable":true,"href":"https:\/\/www.moravecteam.cz\/index.php?rest_route=\/wp\/v2\/media\/12039"}],"wp:attachment":[{"href":"https:\/\/www.moravecteam.cz\/index.php?rest_route=%2Fwp%2Fv2%2Fmedia&parent=12027"}],"wp:term":[{"taxonomy":"category","embeddable":true,"href":"https:\/\/www.moravecteam.cz\/index.php?rest_route=%2Fwp%2Fv2%2Fcategories&post=12027"},{"taxonomy":"post_tag","embeddable":true,"href":"https:\/\/www.moravecteam.cz\/index.php?rest_route=%2Fwp%2Fv2%2Ftags&post=12027"}],"curies":[{"name":"wp","href":"https:\/\/api.w.org\/{rel}","templated":true}]}}