{"id":12035,"date":"2018-07-03T07:04:39","date_gmt":"2018-07-03T05:04:39","guid":{"rendered":"http:\/\/www.moravecteam.cz\/?p=12035"},"modified":"2018-07-03T07:14:09","modified_gmt":"2018-07-03T05:14:09","slug":"co-se-bude-dit-st27-2","status":"publish","type":"post","link":"https:\/\/www.moravecteam.cz\/?p=12035","title":{"rendered":"Co se bude d\u00edt? (ST27)"},"content":{"rendered":"<h5><span style=\"color: #800000;\">\u00dater\u00fd\u00a03.7. 2018<\/span><\/h5>\n<p style=\"text-align: justify;\">Odjezd MORAVC\u016e na soust\u0159ed\u011bn\u00ed do Pece pod Sn\u011b\u017ekou. Sraz je v 15.00 hodin u restaurace Morava Bene\u0161ov, odjezd dv\u011bma dod\u00e1vkami sm\u011br Pec v 15.30 p\u0159esn\u011b!<\/p>\n<h5><span style=\"color: #800000;\"><strong>St\u0159eda 4.7<strong>. 2018<\/strong><\/strong><\/span><\/h5>\n<p style=\"text-align: justify;\">MTB tr\u00e9nink rajdr\u016f MORAVEC Teamu pod veden\u00edm\u00a0\u00a0<strong><span style=\"color: #800000;\">Milana \u0160af\u00e1\u0159e a Libora Barto\u0161e<\/span><\/strong> pro v\u0161echny\u00a0MORAVCE, kte\u0159\u00ed nejedou na soust\u0159ed\u011bn\u00ed do Pece pod Sn\u011b\u017ekou.\u00a0Tr\u00e9novat se bude v Boskovic\u00edch,\u00a0sraz bude op\u011bt\u00a0\u00a0v <span style=\"color: #800000;\"><strong>17.00 hodin<\/strong> <\/span>ve sportparku Doubravy.<\/p>\n<h5><span style=\"color: #800000;\"><strong>P\u00e1tek 6.7. 2018<\/strong><\/span><\/h5>\n<ul>\n<li>Prohl\u00eddka trat\u00ed \u010dtvrt\u00e9ho z\u00e1vodu MTB &#8222;Vrchoviny&#8220; ve Valchov\u011b. Zde m\u016f\u017eete mrknout u\u017e na neofici\u00e1ln\u00ed <strong><a href=\"http:\/\/www.pohardrahanskevrchoviny.cz\/?p=3749&amp;preview=true\">propozice<\/a>.<\/strong><\/li>\n<li>N\u00e1vrat MORAVC\u016e z p\u0159edmistrovsk\u00e9ho soust\u0159ed\u011bn\u00ed v Peci pod Sn\u011b\u017ekou.<\/li>\n<\/ul>\n<h5><span style=\"color: #800000;\"><strong>Sobota\u00a07.7. 2018<\/strong><\/span><\/h5>\n<p style=\"text-align: justify;\">\u010ctvrt\u00fd z\u00e1vodu MTB &#8222;Vrchoviny&#8220; ve Valchov\u011b. Zde\u00a0studujte propozice, \u00fa\u010dast a dopravu si ka\u017ed\u00fd zaji\u0161\u0165uje s\u00e1m. Zde jsou <strong><a href=\"http:\/\/www.pohardrahanskevrchoviny.cz\/?p=3749&amp;preview=true\">propozice<\/a>, <\/strong>zat\u00edm\u00a0&#8222;neposv\u011bcen\u00e9&#8220;<strong>.<\/strong><\/p>\n<h5><span style=\"color: #800000;\">Ned\u011ble\u00a08.7. 2018<\/span><\/h5>\n<p style=\"text-align: justify;\">Cyklovyj\u00ed\u017e\u010fky s Vlast\u00edkem a Hankou budou m\u00edt o pr\u00e1zdnin\u00e1ch pr\u00e1zdniny. Nejbli\u017e\u0161\u00ed dal\u0161\u00ed term\u00edn vyj\u00ed\u017e\u010fky &#8211; p\u0159edb\u011b\u017en\u011b &#8211; ned\u011ble 2.9.2018.<\/p>\n<p><span style=\"color: #800000;\"><strong><strong>AKCE T\u011aSN\u011a ZA HORIZONTEM<\/strong><\/strong><\/span><\/p>\n<ul>\n<li style=\"text-align: justify;\">23.7. \u2013 27.7. 2018\u00a0&#8211; tradi\u010dn\u00ed odd\u00edlov\u00fd kemp \u2013 ka\u017edoro\u010dn\u00ed pr\u00e1zdninov\u00e9 riskantn\u00ed \u00a0putov\u00e1n\u00ed cestou-necestou \/ polem-nepolem je letos nasm\u011b\u0159ov\u00e1n do lokality T\u0159ebo\u0148ska. Z\u00e1kladna bude pobl\u00ed\u017e Suchdolu nad Lu\u017enic\u00ed, kde n\u00e1s pohost\u00ed\u00a0<strong><a href=\"http:\/\/www.kemp-tust.cz\/\">rekrea\u010dn\u00ed st\u0159edisko Tu\u0161\u0165.<\/a><\/strong>\u00a0Odv\u00e1\u017en\u00ed z\u00e1jemci \u2013 MORAVCI, nahlaste se mi na moje\u00a0605 0J\u00e1gr 0Nagano\u00a0nejpozd\u011bji\u00a0do 30.6. 2018.<\/li>\n<li style=\"text-align: justify;\">31.8. &#8211; 2.9. 2018 &#8211; soust\u0159ed\u011bn\u00ed\u00a0 na dolad\u011bn\u00ed formy p\u0159ed z\u00e1v\u011bre\u010dn\u00fdmi z\u00e1vody\u00a0MTB &#8222;Vrchoviny&#8220; ve Vyso\u010dina ar\u00e9n\u011b v Nov\u00e9m M\u011bst\u011b na Morav\u011b.. Podrobn\u011bj\u0161\u00ed informace V\u00e1m sd\u011bl\u00ed tren\u00e9r Milan Tlamka, lektorem na soust\u0159ed\u011bn\u00ed bude Milan Sp\u011b\u0161n\u00fd.<\/li>\n<\/ul>\n<h5><span style=\"color: #800000;\">AKCE T\u011aSN\u011a ZA DV\u011aMA HORIZONTY<\/span><\/h5>\n<p>10.2. \u2013 16.2. 2019\u00a0&#8211; zimn\u00ed soust\u0159ed\u011bn\u00ed MORAVEC Teamu, kdy se po roce vr\u00e1t\u00edme do Jesen\u00edk\u016f, na<a href=\"http:\/\/www.navrsi.eu\/\">\u00a0<strong>chatu N\u00e1vr\u0161\u00ed<\/strong><\/a><\/p>\n","protected":false},"excerpt":{"rendered":"<p>\u00dater\u00fd\u00a03.7. 2018 Odjezd MORAVC\u016e na soust\u0159ed\u011bn\u00ed do Pece pod Sn\u011b\u017ekou. Sraz je v 15.00 hodin u restaurace Morava Bene\u0161ov, odjezd dv\u011bma dod\u00e1vkami sm\u011br Pec v 15.30 p\u0159esn\u011b! St\u0159eda 4.7. 2018 MTB tr\u00e9nink rajdr\u016f MORAVEC Teamu pod veden\u00edm\u00a0\u00a0Milana \u0160af\u00e1\u0159e a Libora Barto\u0161e pro v\u0161echny\u00a0MORAVCE, kte\u0159\u00ed nejedou na soust\u0159ed\u011bn\u00ed do Pece pod Sn\u011b\u017ekou.\u00a0Tr\u00e9novat se bude v Boskovic\u00edch,\u00a0sraz &hellip; <a href=\"https:\/\/www.moravecteam.cz\/?p=12035\" class=\"more-link\">Pokra\u010dov\u00e1n\u00ed textu <span class=\"screen-reader-text\">Co se bude d\u00edt? (ST27)<\/span> <span class=\"meta-nav\">&rarr;<\/span><\/a><\/p>\n","protected":false},"author":3,"featured_media":12046,"comment_status":"open","ping_status":"closed","sticky":false,"template":"","format":"standard","meta":[],"categories":[11],"tags":[],"_links":{"self":[{"href":"https:\/\/www.moravecteam.cz\/index.php?rest_route=\/wp\/v2\/posts\/12035"}],"collection":[{"href":"https:\/\/www.moravecteam.cz\/index.php?rest_route=\/wp\/v2\/posts"}],"about":[{"href":"https:\/\/www.moravecteam.cz\/index.php?rest_route=\/wp\/v2\/types\/post"}],"author":[{"embeddable":true,"href":"https:\/\/www.moravecteam.cz\/index.php?rest_route=\/wp\/v2\/users\/3"}],"replies":[{"embeddable":true,"href":"https:\/\/www.moravecteam.cz\/index.php?rest_route=%2Fwp%2Fv2%2Fcomments&post=12035"}],"version-history":[{"count":3,"href":"https:\/\/www.moravecteam.cz\/index.php?rest_route=\/wp\/v2\/posts\/12035\/revisions"}],"predecessor-version":[{"id":12048,"href":"https:\/\/www.moravecteam.cz\/index.php?rest_route=\/wp\/v2\/posts\/12035\/revisions\/12048"}],"wp:featuredmedia":[{"embeddable":true,"href":"https:\/\/www.moravecteam.cz\/index.php?rest_route=\/wp\/v2\/media\/12046"}],"wp:attachment":[{"href":"https:\/\/www.moravecteam.cz\/index.php?rest_route=%2Fwp%2Fv2%2Fmedia&parent=12035"}],"wp:term":[{"taxonomy":"category","embeddable":true,"href":"https:\/\/www.moravecteam.cz\/index.php?rest_route=%2Fwp%2Fv2%2Fcategories&post=12035"},{"taxonomy":"post_tag","embeddable":true,"href":"https:\/\/www.moravecteam.cz\/index.php?rest_route=%2Fwp%2Fv2%2Ftags&post=12035"}],"curies":[{"name":"wp","href":"https:\/\/api.w.org\/{rel}","templated":true}]}}