{"id":12050,"date":"2018-07-05T23:52:12","date_gmt":"2018-07-05T21:52:12","guid":{"rendered":"http:\/\/www.moravecteam.cz\/?p=12050"},"modified":"2018-07-05T23:58:15","modified_gmt":"2018-07-05T21:58:15","slug":"dzony-druhy-vicemistr","status":"publish","type":"post","link":"https:\/\/www.moravecteam.cz\/?p=12050","title":{"rendered":"&#8222;D\u017eony&#8220;-druh\u00fd Vicemistr!"},"content":{"rendered":"<p style=\"text-align: justify;\"><span style=\"color: #800000;\"><strong>Doba n\u00e1rodn\u00edch \u0161ampion\u00e1t\u016f v cyklistk\u00fdch disciplin\u00e1ch je tu! Jako jedni z prvn\u00edch si to aktu\u00e1ln\u011b ve &#8222;vesla\u0159sk\u00fdch&#8220; Ra\u010dic\u00edch rozd\u00e1vaj\u00ed\u00a0 o tituly Mistr\u016f \u010cR mlad\u00ed silni\u010d\u00e1\u0159i. A k na\u0161\u00ed velk\u00e9 radosti zazvu\u010dela &#8222;\u00e9terem&#8220; v\u010dera od v\u0161ech renomovan\u00fdch tiskov\u00fdch agentur pro n\u00e1s velmi radostn\u00e1 zpr\u00e1va: v silni\u010dn\u00ed \u010dasovce jednotlivc\u016f v kategorii kadet\u016f\u00a0 dospurtoval pro velmi cenn\u00fd bronz n\u00e1\u0161 Honza &#8222;D\u017eony&#8220; \u0160indel\u00e1\u0159! Blahop\u0159ejeme!!!<\/strong><\/span><\/p>\n<figure id=\"attachment_12063\" aria-describedby=\"caption-attachment-12063\" style=\"width: 1024px\" class=\"wp-caption alignnone\"><a href=\"http:\/\/www.moravecteam.cz\/?attachment_id=12063\" rel=\"attachment wp-att-12063\"><img decoding=\"async\" loading=\"lazy\" class=\" wp-image-12063\" alt=\"IMG_0772\" src=\"http:\/\/www.moravecteam.cz\/wp-content\/uploads\/2018\/07\/IMG_0772.jpg\" width=\"1024\" height=\"556\" srcset=\"https:\/\/www.moravecteam.cz\/wp-content\/uploads\/2018\/07\/IMG_0772.jpg 1024w, https:\/\/www.moravecteam.cz\/wp-content\/uploads\/2018\/07\/IMG_0772-300x162.jpg 300w\" sizes=\"(max-width: 1024px) 100vw, 1024px\" \/><\/a><figcaption id=\"caption-attachment-12063\" class=\"wp-caption-text\">Rychlost 55&#8230; Tak takhle se svi\u0161t\u00ed na kadetsk\u00e9m silni\u010dn\u00edm &#8222;mistr\u00e1ku&#8220; pro medaili! Bravo &#8222;D\u017eony&#8220;!<\/figcaption><\/figure>\n<p style=\"text-align: justify;\">Honz\u016fv v\u00fdsledek je o to cenn\u011bj\u0161\u00ed, kdy\u017e vezmeme v \u00favahu, \u017ee po zdravotn\u00ed str\u00e1nce nebyl n\u00e1\u0161 rajdr v uplynul\u00fdch dnech v optim\u00e1ln\u00ed pohod\u011b, co\u017e se projevilo minulou sobotu na bikov\u00e9m poh\u00e1ru v Bed\u0159ichov\u011b, kdy musel &#8222;D\u017eony&#8220; z dob\u0159e rozjet\u00e9ho z\u00e1vodu kv\u016fli zdravotn\u00edm obt\u00ed\u017e\u00edm odstoupit. A te\u010f u\u017e r\u00e1d\u00a0 p\u0159ed\u00e1v\u00e1m pomysln\u00e9 slovo &#8222;D\u017eonymu&#8220; star\u0161\u00edmu, kter\u00fd v\u00fdborn\u00fd v\u00fdsledek z Ra\u010dic glosoval takto:<\/p>\n<figure id=\"attachment_12060\" aria-describedby=\"caption-attachment-12060\" style=\"width: 563px\" class=\"wp-caption alignnone\"><a href=\"http:\/\/www.moravecteam.cz\/?attachment_id=12060\" rel=\"attachment wp-att-12060\"><img decoding=\"async\" loading=\"lazy\" class=\" wp-image-12060\" alt=\"20180704_155036_resized\" src=\"http:\/\/www.moravecteam.cz\/wp-content\/uploads\/2018\/07\/20180704_155036_resized.jpg\" width=\"563\" height=\"507\" srcset=\"https:\/\/www.moravecteam.cz\/wp-content\/uploads\/2018\/07\/20180704_155036_resized.jpg 563w, https:\/\/www.moravecteam.cz\/wp-content\/uploads\/2018\/07\/20180704_155036_resized-300x270.jpg 300w\" sizes=\"(max-width: 563px) 100vw, 563px\" \/><\/a><figcaption id=\"caption-attachment-12060\" class=\"wp-caption-text\">Kdo byl ten \u0161\u0165astn\u00fd? Komu byla sv\u011b\u0159ena dekorace na\u0161eho mlad\u00e9ho \u0161ampiona?<\/figcaption><\/figure>\n<p style=\"text-align: justify;\"><em>Do z\u00e1vodu jsme \u0161li je\u0161t\u011b\u00a0 s n\u00e9\u00a0 zcela dole\u010den\u00fdm nachlazen\u00ed kter\u00e9\u00a0 se rozjelo v Bed\u0159ichov\u011b, nicm\u00e9n\u011b ho (Honzu ml.) nijak nelimitovalo.\u00a0Vzhledem k tomu \u017ee se na startovce ocitl jako posledn\u00ed kadet (?), (nezn\u00e1mo, jak se to rozhod\u010d\u00edmu povedlo), startoval Honza za Pavlem Bitnerem a Davidem \u0160ulcem jako \u00fapln\u011b posledn\u00ed. Necht\u011bl jsem to podcenit tak jsem oslovil Hersona <\/em>(Petra Hermana, \u0161\u00e9fa silni\u010d\u00e1\u0159sk\u00e9ho t\u00fdmu Sportcomplex B\u0159eclav a hlavn\u011b na\u0161eho dob\u00e9ho kamar\u00e1da)<em> jestli nepojede se mnou je trochu vyhecovat. Honz\u00edk se zat\u00edm jel rozjet na silnici, a kdy\u017e\u00a0 se vr\u00e1til\u00a0 a Herson vid\u011bl\u00a0 na \u010dem se chyst\u00e1\u00a0 vyrazit, tak cca 12 min.pred startem ho sundal z jeho kola a nastavil mu na zap\u016fj\u010den\u00ed jeho \u010dasovk\u00e1\u0159skou &#8222;kozu&#8220;.Ne\u017e jsme to p\u0159estav\u011bli, bylo asi 5 min.do startu a Honza musel na start.. Na trati jsme ho hnali jak psa, srovn\u00e1n\u00ed \u010dasu bylo jen orienta\u010dn\u00ed,\u00a0 po projeti\u00a0 c\u00edlem jsme nic netu\u0161ili, a\u017e\u00a0 do ozn\u00e1men\u00ed\u00a0 prvni trojice v rozhlase&#8230;\u00a0 Pak n\u00e1sledovala koupa\u010dka v ra\u010dick\u00e9m kan\u00e1lu i v dresu&#8230; Hersonovi se ned\u00e1\u00a0 ni\u010d\u00edm oplatit jeho obrovsk\u00e9 zavodnicke srdce , klobouk dol\u016f a palec nahoru..!\u00a0Zdrav\u00edme v\u0161echny ahoj Honza.<\/em><\/p>\n<figure id=\"attachment_12059\" aria-describedby=\"caption-attachment-12059\" style=\"width: 1831px\" class=\"wp-caption alignnone\"><a href=\"http:\/\/www.moravecteam.cz\/?attachment_id=12059\" rel=\"attachment wp-att-12059\"><img decoding=\"async\" loading=\"lazy\" class=\" wp-image-12059\" alt=\"20180703_142000_resized\" src=\"http:\/\/www.moravecteam.cz\/wp-content\/uploads\/2018\/07\/20180703_142000_resized.jpg\" width=\"1831\" height=\"1140\" srcset=\"https:\/\/www.moravecteam.cz\/wp-content\/uploads\/2018\/07\/20180703_142000_resized.jpg 1831w, https:\/\/www.moravecteam.cz\/wp-content\/uploads\/2018\/07\/20180703_142000_resized-300x186.jpg 300w, https:\/\/www.moravecteam.cz\/wp-content\/uploads\/2018\/07\/20180703_142000_resized-1024x637.jpg 1024w\" sizes=\"(max-width: 1831px) 100vw, 1831px\" \/><\/a><figcaption id=\"caption-attachment-12059\" class=\"wp-caption-text\">Z\u00e1kladem ka\u017ed\u00e9ho sportovn\u00edho \u00fasp\u011bchu je pohoda v z\u00e1vodn\u00edkov\u011b z\u00e1zem\u00ed&#8230;<\/figcaption><\/figure>\n<p style=\"text-align: justify;\">A j\u00e1 jenom dod\u00e1v\u00e1m se slzou v oku: Bravo MORAVEC! D\u00edky &#8222;D\u017eony&#8220; za vzorn\u00e9 repre odd\u00edlu! D\u00edky, samo, \u017ee i podp\u016frn\u00e9mu rodinn\u00e9mu t\u00fdmu&#8230; A d\u00edky, samo, \u017ee i Petrovi&#8230; (Hermanovi &#8211;\u00a0 Hersonovi)&#8230; &#8222;D\u017eonyho&#8220; medailov\u00fd v\u00fdsledek z Ra\u010dic znamen\u00e1, \u017ee ani letos nez\u00fastane MORAVEC Team p\u0159i \u00fa\u010dasti na n\u00e1rodn\u00edch cyklistick\u00fdch \u0161ampion\u00e1tech nez medaile! Pro &#8222;D\u017eonyho&#8220; je bronzov\u00e1 placka ur\u010dit\u011b odm\u011bnou v prav\u00fd \u010das za poctivou tr\u00e9ninkovou p\u0159\u00edpravu, kterou pod nov\u00fdm tren\u00e9rem Jirkou O\u0161\u0165\u00e1dalem \u0159e\u0161\u00ed velmi, velmi sv\u011bdomit\u011b&#8230; Ka\u017ed\u00fd takov\u00fd \u00fasp\u011bch je pro mlad\u00e9ho rajdra hlavn\u011b psychickou vpruhou a &#8222;nakopnut\u00edm&#8220; do dal\u0161\u00ed poctiv\u00e9 tr\u00e9ninkov\u00e9 \u0159ehole, kter\u00e1 ruku v ruce s talentem a trp\u011blivost\u00ed jsou z\u00e1kladn\u00edmi stavebn\u00edmi kameny budouc\u00edch medailov\u00fdch \u00fasp\u011bch\u016f&#8230; Zde si mrkn\u011bte na okulibou <strong><a href=\"http:\/\/new.cyklovysledky.cz\/kalendar\/race\/6542\">v\u00fdsledkovou listinu<\/a><\/strong>, a tu\u0165 je ze silni\u010dn\u00ed mistrovsk\u00e9 \u010dasovky i <strong><a href=\"http:\/\/www.ceskysvazcyklistiky.cz\/clanek\/6168_mladeznicke-kategorie-maji-sve-mistry-v-casovce\">ofici\u00e1ln\u00ed \u010dl\u00e1nek<\/a>&#8230;\u00a0<\/strong>On &#8211; line je te\u010f Honza &#8222;D\u017eony&#8220; \u0160indl\u00e1\u0159 u\u017e v Peci pod Sn\u011b\u017ekou, kde rob\u00edh\u00e1 p\u0159\u00edpravn\u00e9 soust\u0159ed\u011bn\u00ed MORAVEC Teamu na &#8222;mistr\u00e1k&#8220; v na\u0161\u00ed hlavn\u00ed disciplin\u011b, kter\u00fd se zde pojede p\u0159edposlen\u00ed \u010dervencov\u00fd v\u00edkend. A &#8222;D\u017eony&#8220; bude zamoz\u0159ejm\u011b ur\u010do p\u0159i tom&#8230;<\/p>\n<figure id=\"attachment_12062\" aria-describedby=\"caption-attachment-12062\" style=\"width: 1163px\" class=\"wp-caption alignnone\"><a href=\"http:\/\/www.moravecteam.cz\/?attachment_id=12062\" rel=\"attachment wp-att-12062\"><img decoding=\"async\" loading=\"lazy\" class=\" wp-image-12062\" alt=\"20180704_155159_resized_1\" src=\"http:\/\/www.moravecteam.cz\/wp-content\/uploads\/2018\/07\/20180704_155159_resized_1.jpg\" width=\"1163\" height=\"710\" srcset=\"https:\/\/www.moravecteam.cz\/wp-content\/uploads\/2018\/07\/20180704_155159_resized_1.jpg 1163w, https:\/\/www.moravecteam.cz\/wp-content\/uploads\/2018\/07\/20180704_155159_resized_1-300x183.jpg 300w, https:\/\/www.moravecteam.cz\/wp-content\/uploads\/2018\/07\/20180704_155159_resized_1-1024x625.jpg 1024w\" sizes=\"(max-width: 1163px) 100vw, 1163px\" \/><\/a><figcaption id=\"caption-attachment-12062\" class=\"wp-caption-text\">Obr\u00e1zek, kter\u00fd se neokouk\u00e1&#8230; Bravo MORAVEC!<\/figcaption><\/figure>\n<div><\/div>\n<p style=\"text-align: justify;\">\n","protected":false},"excerpt":{"rendered":"<p>Doba n\u00e1rodn\u00edch \u0161ampion\u00e1t\u016f v cyklistk\u00fdch disciplin\u00e1ch je tu! Jako jedni z prvn\u00edch si to aktu\u00e1ln\u011b ve &#8222;vesla\u0159sk\u00fdch&#8220; Ra\u010dic\u00edch rozd\u00e1vaj\u00ed\u00a0 o tituly Mistr\u016f \u010cR mlad\u00ed silni\u010d\u00e1\u0159i. A k na\u0161\u00ed velk\u00e9 radosti zazvu\u010dela &#8222;\u00e9terem&#8220; v\u010dera od v\u0161ech renomovan\u00fdch tiskov\u00fdch agentur pro n\u00e1s velmi radostn\u00e1 zpr\u00e1va: v silni\u010dn\u00ed \u010dasovce jednotlivc\u016f v kategorii kadet\u016f\u00a0 dospurtoval pro velmi cenn\u00fd bronz &hellip; <a href=\"https:\/\/www.moravecteam.cz\/?p=12050\" class=\"more-link\">Pokra\u010dov\u00e1n\u00ed textu <span class=\"screen-reader-text\">&#8222;D\u017eony&#8220;-druh\u00fd Vicemistr!<\/span> <span class=\"meta-nav\">&rarr;<\/span><\/a><\/p>\n","protected":false},"author":3,"featured_media":12061,"comment_status":"open","ping_status":"closed","sticky":false,"template":"","format":"standard","meta":[],"categories":[1],"tags":[],"_links":{"self":[{"href":"https:\/\/www.moravecteam.cz\/index.php?rest_route=\/wp\/v2\/posts\/12050"}],"collection":[{"href":"https:\/\/www.moravecteam.cz\/index.php?rest_route=\/wp\/v2\/posts"}],"about":[{"href":"https:\/\/www.moravecteam.cz\/index.php?rest_route=\/wp\/v2\/types\/post"}],"author":[{"embeddable":true,"href":"https:\/\/www.moravecteam.cz\/index.php?rest_route=\/wp\/v2\/users\/3"}],"replies":[{"embeddable":true,"href":"https:\/\/www.moravecteam.cz\/index.php?rest_route=%2Fwp%2Fv2%2Fcomments&post=12050"}],"version-history":[{"count":11,"href":"https:\/\/www.moravecteam.cz\/index.php?rest_route=\/wp\/v2\/posts\/12050\/revisions"}],"predecessor-version":[{"id":12066,"href":"https:\/\/www.moravecteam.cz\/index.php?rest_route=\/wp\/v2\/posts\/12050\/revisions\/12066"}],"wp:featuredmedia":[{"embeddable":true,"href":"https:\/\/www.moravecteam.cz\/index.php?rest_route=\/wp\/v2\/media\/12061"}],"wp:attachment":[{"href":"https:\/\/www.moravecteam.cz\/index.php?rest_route=%2Fwp%2Fv2%2Fmedia&parent=12050"}],"wp:term":[{"taxonomy":"category","embeddable":true,"href":"https:\/\/www.moravecteam.cz\/index.php?rest_route=%2Fwp%2Fv2%2Fcategories&post=12050"},{"taxonomy":"post_tag","embeddable":true,"href":"https:\/\/www.moravecteam.cz\/index.php?rest_route=%2Fwp%2Fv2%2Ftags&post=12050"}],"curies":[{"name":"wp","href":"https:\/\/api.w.org\/{rel}","templated":true}]}}