{"id":12081,"date":"2018-07-09T23:35:32","date_gmt":"2018-07-09T21:35:32","guid":{"rendered":"http:\/\/www.moravecteam.cz\/?p=12081"},"modified":"2018-07-10T07:43:35","modified_gmt":"2018-07-10T05:43:35","slug":"zavod-z-plne-pripravy-2","status":"publish","type":"post","link":"https:\/\/www.moravecteam.cz\/?p=12081","title":{"rendered":"Z\u00e1vod z pln\u00e9 p\u0159\u00edpravy&#8230;"},"content":{"rendered":"<p style=\"text-align: justify;\"><strong><span style=\"color: #800000;\">Pro v\u011bt\u0161inu na\u0161ich rajdr\u016f byla sobotn\u00ed \u010dtvrt\u00e1 MTB &#8222;Vrchovina&#8220; z\u00e1vodem, kter\u00fdm byla zavr\u0161ena t\u0159\u00eddenn\u00ed n\u00e1ro\u010dn\u00e1, p\u0159edev\u0161\u00edm kondi\u010dn\u00ed p\u0159\u00edprava, prob\u011bhnuv\u0161\u00ed v uplynul\u00fdch dnech v lokalit\u011b bl\u00ed\u017e\u00edc\u00edho se\u00a0 n\u00e1rodn\u00edho bikov\u00e9ho \u0161ampion\u00e1tu &#8211; v Peci od Sn\u011b\u017ekou. Za dan\u00e9 skute\u010dnosti\u00a0 se po absolvovan\u00ed t\u011b\u017ek\u00e9 p\u0159\u00edpravn\u00e9 bikov\u00e9 &#8222;tortury&#8220; nedaly o\u010dek\u00e1vat ve Valchov\u011b v\u00fdsledkov\u00e9 z\u00e1zraky&#8230; Opak v\u0161ak byl minulou sobotu\u00a0 v &#8222;Monacu&#8220; pravdou! Rajd\u0159i MORAVEC Teamu zde vybojovali letos rekordn\u00edch, 16 medail\u00ed!<\/span><\/strong><\/p>\n<figure id=\"attachment_12089\" aria-describedby=\"caption-attachment-12089\" style=\"width: 2000px\" class=\"wp-caption alignnone\"><a href=\"http:\/\/www.moravecteam.cz\/?attachment_id=12089\" rel=\"attachment wp-att-12089\"><img decoding=\"async\" loading=\"lazy\" class=\" wp-image-12089\" alt=\"P1380779\" src=\"http:\/\/www.moravecteam.cz\/wp-content\/uploads\/2018\/07\/P1380779.jpg\" width=\"2000\" height=\"1336\" srcset=\"https:\/\/www.moravecteam.cz\/wp-content\/uploads\/2018\/07\/P1380779.jpg 2000w, https:\/\/www.moravecteam.cz\/wp-content\/uploads\/2018\/07\/P1380779-300x200.jpg 300w, https:\/\/www.moravecteam.cz\/wp-content\/uploads\/2018\/07\/P1380779-1024x684.jpg 1024w\" sizes=\"(max-width: 2000px) 100vw, 2000px\" \/><\/a><figcaption id=\"caption-attachment-12089\" class=\"wp-caption-text\">O na\u0161e druh\u00e9 valchovsk\u00e9 &#8222;double&#8220; se postaraly Bar\u010da Tlamkov\u00e1 a Ani\u010dkou Han\u00e1kovou!<\/figcaption><\/figure>\n<p style=\"text-align: justify;\">&#8222;Plackov\u011b&#8220; n\u00e1s &#8222;nastartovala&#8220; po absenci v Protivanov\u011b (nemoc) spr\u00e1vn\u011b na\u017ehaven\u00e1, <strong><span style=\"color: #800000;\">Leonka Eclerov\u00e1<\/span><\/strong>, kter\u00e1 dok\u00e1zala vyhr\u00e1t z\u00e1vod odr\u00e1\u017eedel a brala bronz i ve startu d\u00edvek do 6-ti let! V z\u00e1vod\u011b odr\u00e1\u017eedel &#8211; chlapc\u016f unikl bronz Tondovi Han\u00e1kovi o pouhou vte\u0159inku&#8230; Nevad\u00ed, &#8222;brambora&#8220; m\u00e1 taky svou cenu&#8230; V rozeh\u0159\u00e1t\u00e9m stavu n\u00e1s v prvn\u00edm bloku start\u016f valchovsk\u00e9 bikov\u00e9 soboty udr\u017eela <strong><span style=\"color: #800000;\">Lucka Gottwaldov\u00e1<\/span><\/strong>, kter\u00e1 svedla n\u00e1dhern\u00fd, a k na\u0161\u00ed velk\u00e9 radosti p\u0159edev\u0161\u00edm v\u00edt\u011bzn\u00fd souboj, se S\u00e1rou \u0160kubalovou (TUFO Cykloz\u00e1kladna Otrokovice), po kter\u00e9m\u00a0v c\u00edli od sebe ob\u011b holky d\u011blily 2 sekundy&#8230; Tleskali jsme v r\u00e1mci t\u00e9to kategorie d\u00edvek ml\u00e1d\u00ed 7-8 let i na\u0161\u00ed kamar\u00e1dce a v c\u00edli t\u0159et\u00ed, Veronice \u0160af\u00e1\u0159ov\u00e9 (Nutrend Specialized Racing), jako\u017e i t\u0159em na\u0161im dal\u0161\u00edm reprezentantk\u00e1m: Zit\u011b \u017dern\u00ed\u010dkov\u00e9, Jan\u011b Lipensk\u00e9 a Ad\u00e9lce V\u011brn\u00e9, kdy\u017e v\u0161echny tyto t\u0159i rajderky se ve\u0161li ve v\u00fdsledkov\u00e9 listin\u011b do TOP10. Dramatick\u00fd souboj o prvenstv\u00ed svedl ve stejn\u00e9 v\u011bkov\u00e9 kategorii kluk\u016f <span style=\"color: #800000;\"><strong>Filip Ecler<\/strong><\/span>, kter\u00fd nakonec t\u011bsn\u011b podlehl ve fini\u0161i Samuelu Muchovi (SK Ji\u0159\u00ed Team). Do &#8222;des\u00edtky&#8220; se ve\u0161el i dal\u0161\u00ed n\u00e1\u0161 reprezentant, bronzov\u00fd z Protivanova, Tonda Dosko\u010dil, poctivou &#8222;rachotu&#8220; odvedl v z\u00e1vod\u011b i Honza Lipensk\u00fd.<\/p>\n<figure id=\"attachment_12090\" aria-describedby=\"caption-attachment-12090\" style=\"width: 2582px\" class=\"wp-caption alignnone\"><a href=\"http:\/\/www.moravecteam.cz\/?attachment_id=12090\" rel=\"attachment wp-att-12090\"><img decoding=\"async\" loading=\"lazy\" class=\" wp-image-12090\" alt=\"DSC_0341\" src=\"http:\/\/www.moravecteam.cz\/wp-content\/uploads\/2018\/07\/DSC_0341.jpg\" width=\"2582\" height=\"2619\" srcset=\"https:\/\/www.moravecteam.cz\/wp-content\/uploads\/2018\/07\/DSC_0341.jpg 2582w, https:\/\/www.moravecteam.cz\/wp-content\/uploads\/2018\/07\/DSC_0341-25x25.jpg 25w, https:\/\/www.moravecteam.cz\/wp-content\/uploads\/2018\/07\/DSC_0341-295x300.jpg 295w, https:\/\/www.moravecteam.cz\/wp-content\/uploads\/2018\/07\/DSC_0341-1009x1024.jpg 1009w\" sizes=\"(max-width: 2582px) 100vw, 2582px\" \/><\/a><figcaption id=\"caption-attachment-12090\" class=\"wp-caption-text\">Souboj Lucky Gottwaldov\u00e9 se S\u00e1rou \u0160kubalovou bral dech&#8230; D\u00edvk\u00e1m pogratulovala i patronka leto\u0161n\u00ed &#8222;Vrchoviny&#8220;, Mirka V\u00edtkov\u00e1.<\/figcaption><\/figure>\n<p style=\"text-align: justify;\">I druh\u00fd, p\u0159edpoledn\u00ed blok start\u016f pro n\u00e1s za\u010dal par\u00e1dn\u011b. <strong><span style=\"color: #800000;\">Matou\u0161 Lipensk\u00fd<\/span><\/strong> (kategorie 9-10 let) udolal v boji o\u00a0prvenstv\u00ed i letos v\u00fdborn\u011b jezd\u00edc\u00edho\u00a0 Tom\u00e1\u0161e Ra\u0161ku (Short Bike Academy Opletal) a MORAVEC si p\u0159ipsal na &#8222;valchovsk\u00e9 futro&#8220; ji\u017e t\u0159et\u00ed zlato! Zdaleka ten den ne posledn\u00ed&#8230; D\u00edvk\u00e1m v\u011bku 9-10 let o p\u00e1r des\u00edtek minut pozd\u011bji op\u011bt suver\u00e9nn\u011b v\u00e9vodila letos na &#8222;Vrchovin\u011b&#8220; je\u0161t\u011b nepora\u017een\u00e1,\u00a0\u00a0<strong><span style=\"color: #800000;\">Lucie Koudelkov\u00e1<\/span><\/strong>,\u00a0 na bednu ji pak\u00a0sv\u011bdomit\u011b doprovodila v c\u00edli druh\u00e1 dal\u0161\u00ed na\u0161e bikerka &#8211; <strong><span style=\"color: #800000;\">Bar\u010da Janovsk\u00e1<\/span><\/strong>! Bravo, double pro MORAVEC! Zdaleka ten den ne posledn\u00ed&#8230; N\u00e1sledn\u011b jsme zatleskali um\u00edst\u011bn\u00ed v TOP 10 mlad\u0161\u00edmu \u017e\u00e1ku Maty\u00e1\u0161i Koudelkovi, abychom se z\u00e1hy mohli t\u011b\u0161it z druh\u00e9ho &#8222;double&#8220;, o kter\u00e9 se postaraly <strong><span style=\"color: #800000;\">Barborka Tlamkov\u00e1<\/span><\/strong> s <span style=\"color: #800000;\"><strong>Ani\u010dkou Han\u00e1kovou!<\/strong><\/span> Bravo MORAVEC! Na medilov\u00e9 vln\u011b n\u00e1s udr\u017eel i po z\u00e1vod\u011b star\u0161\u00edch \u017e\u00e1k\u016f v c\u00edli bronzov\u00fd <strong><span style=\"color: #800000;\">Roman \u0160indel\u00e1\u0159<\/span><\/strong> (solidn\u00ed 6. a 7. m\u00edsto brali jeho t\u00fdmov\u00ed par\u0165\u00e1ci &#8211; V\u00ed\u0165a Lipensk\u00fd s Luk\u00e1\u0161em Sedl\u00e1kem) a dv\u011b &#8222;po \u010dertech&#8220; rychl\u00e9 \u00a0\u0161tafety borc\u016f a borek <strong><span style=\"color: #800000;\">MORAVCE<\/span><\/strong>, kter\u00e9 braly po z\u00e1sluze zlato a bronz!<\/p>\n<figure id=\"attachment_12091\" aria-describedby=\"caption-attachment-12091\" style=\"width: 2000px\" class=\"wp-caption alignnone\"><a href=\"http:\/\/www.moravecteam.cz\/?attachment_id=12091\" rel=\"attachment wp-att-12091\"><img decoding=\"async\" loading=\"lazy\" class=\" wp-image-12091\" alt=\"P1380772\" src=\"http:\/\/www.moravecteam.cz\/wp-content\/uploads\/2018\/07\/P1380772.jpg\" width=\"2000\" height=\"1336\" srcset=\"https:\/\/www.moravecteam.cz\/wp-content\/uploads\/2018\/07\/P1380772.jpg 2000w, https:\/\/www.moravecteam.cz\/wp-content\/uploads\/2018\/07\/P1380772-300x200.jpg 300w, https:\/\/www.moravecteam.cz\/wp-content\/uploads\/2018\/07\/P1380772-1024x684.jpg 1024w\" sizes=\"(max-width: 2000px) 100vw, 2000px\" \/><\/a><figcaption id=\"caption-attachment-12091\" class=\"wp-caption-text\">Nejlep\u0161\u00ed holky kategorie 9-10 let: Lucka Koudelkov\u00e1 a Bar\u010dou Janovskou vybojovali pro n\u00e1s ve Valchov\u011b dvojit\u00e9 v\u00edt\u011bzstv\u00ed!<\/figcaption><\/figure>\n<p style=\"text-align: justify;\">Ani v posledn\u00edm bloku start\u016f jsme medailv\u011b nestr\u00e1dali&#8230; D\u00edky <strong><span style=\"color: #800000;\">Kl\u00e1\u0159e Odehnalov\u00e9<\/span><\/strong> a <strong><span style=\"color: #800000;\">Monice Kone\u010dn\u00e9<\/span><\/strong> jsme se mohli radovat ze zlata a bronzu v z\u00e1vod\u011b juniorek \/ kadetek, junior\u016fm \/ kadet\u016fm pro zm\u011bnu jasn\u011b dominoval <strong><span style=\"color: #800000;\">Honza &#8222;D\u017eony&#8220; \u0160indel\u00e1\u0159<\/span><\/strong>, \u010derstv\u00fd 2. vicemistr \u010cR v silni\u010dn\u00ed \u010dasovce jednotlivc\u016f &#8211; kadet\u016f z Ra\u010dic. Pouh\u00e9 t\u0159i \u010dtvrt\u011b minutky d\u011blilo od &#8222;placky&#8220; v tomto startu dal\u0161\u00edho na\u0161eho rajdra na startu, Toma Dou\u0161ka. Pozitivn\u00ed sobotn\u00ed &#8222;valchovsk\u00e9 d\u00edlo&#8220; pak\u00a0 dokonali na\u0161i dosp\u011bl\u00ed: V Mastrech II bral st\u0159\u00edbro <span style=\"color: #800000;\"><strong>Martin Gottwald<\/strong><\/span>, fini\u0161uj\u00edc\u00ed na prvn\u00ed bednu s minim\u00e1ln\u00ed ztr\u00e1tou 18 vte\u0159in, cennou &#8222;bramboru&#8220; vyv\u00e1l\u010dil v t\u00e9to kategorii Honza \u0160indel\u00e1\u0159 st., do TOP 10 se ve\u0161el i Franta Pad\u011bra. &#8222;D\u017eona&#8220; \u0160indel\u00e1\u0159e st. &#8222;bramborov\u00fdm&#8220; v\u00fdsledkem okop\u00edroval v Mastrech II Milan \u0160af\u00e1\u0159 a \u00fanava ze soust\u0159ed\u011bn\u00ed v Peci pod Sn\u011b\u017ekou nebyla p\u0159\u00edli\u0161 zn\u00e1t ani na v\u00fdkonu Petra \u0160icha, kter\u00fd v z\u00e1vod\u011b mu\u017e\u016f ELITE musel \u010delit dokonce mezin\u00e1rodn\u00ed konkurenci!<\/p>\n<figure id=\"attachment_12092\" aria-describedby=\"caption-attachment-12092\" style=\"width: 2000px\" class=\"wp-caption alignnone\"><a href=\"http:\/\/www.moravecteam.cz\/?attachment_id=12092\" rel=\"attachment wp-att-12092\"><img decoding=\"async\" loading=\"lazy\" class=\" wp-image-12092\" alt=\"P1380906\" src=\"http:\/\/www.moravecteam.cz\/wp-content\/uploads\/2018\/07\/P1380906.jpg\" width=\"2000\" height=\"1336\" srcset=\"https:\/\/www.moravecteam.cz\/wp-content\/uploads\/2018\/07\/P1380906.jpg 2000w, https:\/\/www.moravecteam.cz\/wp-content\/uploads\/2018\/07\/P1380906-300x200.jpg 300w, https:\/\/www.moravecteam.cz\/wp-content\/uploads\/2018\/07\/P1380906-1024x684.jpg 1024w\" sizes=\"(max-width: 2000px) 100vw, 2000px\" \/><\/a><figcaption id=\"caption-attachment-12092\" class=\"wp-caption-text\">Kl\u00e1ra Odehnalov\u00e1 ovl\u00e1dla z\u00e1vod juniorek \/ kadetek, n\u00e1vrat na &#8222;bednu&#8220; si ve Valchov\u011b u\u017e\u00edvala i Monika Kone\u010dn\u00e1.<\/figcaption><\/figure>\n<p style=\"text-align: justify;\">Se\u010dteno &#8211; podtr\u017eeno, Valchov se n\u00e1m hodn\u011b povedl a to je p\u0159ed bl\u00ed\u017e\u00edc\u00edm se M\u010cR velmi radostn\u00e9 zji\u0161t\u011bn\u00ed! Optim\u00e1ln\u00ed z\u00e1vodn\u00ed formu na\u0161i dolad\u00ed p\u0159\u00ed\u0161t\u00ed sobotu na p\u00e1t\u00e9 &#8222;Vrchovin\u011b&#8220; ve \u017d\u010f\u00e1rn\u00e9 a pak u\u017e vyraz\u00edme do Krkono\u0161, kde n\u00e1s \u010dek\u00e1 prvn\u00ed skute\u010dn\u00fd vrchol sez\u00f3ny.\u00a0 V odlesku medailov\u00e9 sn\u016f\u0161ky z Valchova k n\u011bmu m\u016f\u017eeme shl\u00ed\u017eet ur\u010dit\u011b, minim\u00e1ln\u011b s opatrn\u00fdm optimismem..! Zde mrkn\u011bte na <strong><a href=\"http:\/\/vysledky.pohardrahanskevrchoviny.cz\/2018\/?page=vysledky\">kompletn\u00ed v\u00fdsledkov\u00fd servis<\/a><\/strong> z Valchova, kde bylo celkem \u00fa\u010dastno kolem a dokola op\u011bt \u00factyhodn\u00fdch 215 rajdr\u016f. <strong><span style=\"color: #800000;\">Medailov\u00fd v\u00fd\u010det MORAVC\u016e v po\u0159ad\u00ed OPEN je tentok:<\/span><\/strong><\/p>\n<ul>\n<li>\n<div style=\"text-align: justify;\">Zlata vybojovali: <span style=\"color: #ff6600;\"><strong>Leona Eclerov\u00e1<\/strong><\/span> (odr\u00e1\u017eedla),\u00a0<strong><span style=\"color: #ff6600;\">Lucie Gottwaldov\u00e1<\/span><\/strong> (7-8 let),\u00a0<strong><span style=\"color: #ff6600;\">Lucie Koudelkov\u00e1<\/span><\/strong>\u00a0(9-10 let), <strong><span style=\"color: #ff6600;\">Matou\u0161 Lipensk\u00fd<\/span><\/strong> (9-10 let),\u00a0<strong><span style=\"color: #ff6600;\">Barbora Tlamkov\u00e1<\/span><\/strong> (11-12 let), <span style=\"color: #ff6600;\"><strong>Kl\u00e1ra Odehnalov\u00e1 <\/strong><\/span>(juniorky\/kadetky), <span style=\"color: #ff6600;\"><strong>Honza &#8222;D\u017eony&#8220; \u0160indel\u00e1\u0159<\/strong>\u00a0<\/span> (junio\u0159i \/ kadeti) a \u0161tafeta MORAVEC 2 ve slo\u017een\u00ed: <span style=\"color: #ff6600;\"><strong>Barbora Tlamkov\u00e1, Honza &#8222;D\u017eony&#8220; \u0160indel\u00e1\u0159 a Martin Gottwald<\/strong><\/span><\/div>\n<\/li>\n<li style=\"text-align: justify;\">St\u0159\u00edbra vybojovali:<strong><span style=\"color: #808080;\">Filip Ecler<\/span><\/strong> (7-8 let let), <strong><span style=\"color: #808080;\">Barbora Janovsk\u00e1<\/span><\/strong>\u00a0(9-10 let), <strong><span style=\"color: #808080;\">Anna Han\u00e1kov\u00e1<\/span><\/strong>\u00a0 (11-12 let) a <span style=\"color: #808080;\"><strong>Martin Gottwald<\/strong><\/span> (Masters II)<\/li>\n<li style=\"text-align: justify;\">Bronzy vybojovali:\u00a0<strong><span style=\"color: #993300;\">Leona Eclerov\u00e1<\/span> <\/strong>(7-8 let),\u00a0<strong><span style=\"color: #993300;\">Roman \u0160indel\u00e1<\/span><\/strong>\u0159\u00a0 (13-14 let),\u00a0<strong><span style=\"color: #993300;\">Monika Kone\u010dn\u00e1<\/span><\/strong> (juniorky \/ kadetky) a\u00a0\u0161tafeta MORAVEC Bike\u0159i ve slo\u017een\u00ed: <strong><span style=\"color: #993300;\">Roman \u0160indel\u00e1\u0159, Anna Han\u00e1kov\u00e1 a V\u00edtek Lipensk\u00fd<\/span><\/strong><\/li>\n<\/ul>\n<figure id=\"attachment_12093\" aria-describedby=\"caption-attachment-12093\" style=\"width: 2000px\" class=\"wp-caption alignnone\"><a href=\"http:\/\/www.moravecteam.cz\/?attachment_id=12093\" rel=\"attachment wp-att-12093\"><img decoding=\"async\" loading=\"lazy\" class=\" wp-image-12093\" alt=\"P1380768\" src=\"http:\/\/www.moravecteam.cz\/wp-content\/uploads\/2018\/07\/P1380768.jpg\" width=\"2000\" height=\"1336\" srcset=\"https:\/\/www.moravecteam.cz\/wp-content\/uploads\/2018\/07\/P1380768.jpg 2000w, https:\/\/www.moravecteam.cz\/wp-content\/uploads\/2018\/07\/P1380768-300x200.jpg 300w, https:\/\/www.moravecteam.cz\/wp-content\/uploads\/2018\/07\/P1380768-1024x684.jpg 1024w\" sizes=\"(max-width: 2000px) 100vw, 2000px\" \/><\/a><figcaption id=\"caption-attachment-12093\" class=\"wp-caption-text\">Nejlep\u0161\u00ed chlapci kategorie 7-8 let v \u010dele s na\u0161\u00edm Matou\u0161kem Lipensk\u00fdm!<\/figcaption><\/figure>\n<div style=\"text-align: justify;\">\n<dl id=\"attachment_11938\">\n<dt><\/dt>\n<dd><strong><span style=\"color: #800000;\">Rekapitulace medailist\u016f MORAVEC Teamu &#8211;\u00a0OBCE<\/span><\/strong><\/dd>\n<\/dl>\n<\/div>\n<ul style=\"text-align: justify;\">\n<li>\n<div>Prvn\u00ed m\u00edsta:\u00a0\u00a0<strong><span style=\"color: #ff6600;\">Lucie Koudelkov\u00e1<\/span><\/strong>\u00a0(9-10 let),\u00a0<strong><span style=\"color: #ff6600;\">Barbora Tlamkov\u00e1<\/span><\/strong> (11-12 let), <strong><span style=\"color: #ff6600;\">Ad\u00e9la Kubinov\u00e1<\/span><\/strong> (13-14 let) a\u00a0 <strong><span style=\"color: #ff6600;\">Luk\u00e1\u0161 Sedl\u00e1k<\/span><\/strong> (13-14 let)<\/div>\n<\/li>\n<li>Druh\u00e1 m\u00edsta:\u00a0\u00a0<strong><span style=\"color: #808080;\">Anton\u00edn Han\u00e1k<\/span><\/strong>\u00a0(odr\u00e1\u017eedla),\u00a0\u00a0<strong><span style=\"color: #808080;\">Zita \u017dern\u00ed\u010dkov\u00e1<\/span><\/strong> (7-8 let),\u00a0<strong><span style=\"color: #808080;\">Barbora Janovsk\u00e1<\/span><\/strong>\u00a0(9-10 let),\u00a0\u00a0<strong><span style=\"color: #808080;\">Dominik Pt\u00e1\u010dn\u00edk<\/span><\/strong>\u00a0(9-10 let), <strong><span style=\"color: #808080;\">Maty\u00e1\u0161 Koudelka<\/span><\/strong> (11-12 let), <strong><span style=\"color: #808080;\">Anna Han\u00e1kov\u00e1<\/span><\/strong> (11-12 let) a\u00a0<strong><span style=\"color: #808080;\">Veronika Pt\u00e1\u010dn\u00edkov\u00e1<\/span> <\/strong>(13-14 let)<\/li>\n<\/ul>\n<p style=\"text-align: justify;\">Tu\u0165 je\u0161t\u011b mrkn\u011bte na p\u011bt p\u011bkn\u00fdch fotogaleri\u00ed z Valchova:<\/p>\n<ul>\n<li><strong><a href=\"https:\/\/moravecteam.rajce.idnes.cz\/2018.07.07_MTB_PDV_Valchov\/\">Fotogalerie \u010d.1<\/a><\/strong><\/li>\n<li><strong><a href=\"https:\/\/moravecteam.rajce.idnes.cz\/2018.07.07_MTB_PDV_Valchov_-_2\/\">Fotogalerie \u010d.2<\/a><\/strong><\/li>\n<li><strong><a href=\"https:\/\/moravecteam.rajce.idnes.cz\/2018.07.07_MTB_PDV_Valchov_-_3\/\">Fotogalerie \u010d.3<\/a><\/strong><\/li>\n<li><strong><a href=\"https:\/\/moravecteam.rajce.idnes.cz\/2018.07.07_MTB_PDV_Valchov_-_4\/\">Fotogalerie \u010d.4<\/a><\/strong><\/li>\n<li><strong><a href=\"https:\/\/cefra.rajce.idnes.cz\/PDV_Valchov_4_-_Pohar_Drahanske_Vrchoviny_7._7._2018\/\">Fotogalerie \u010d.5<\/a><\/strong><\/li>\n<\/ul>\n<figure id=\"attachment_12094\" aria-describedby=\"caption-attachment-12094\" style=\"width: 2000px\" class=\"wp-caption alignnone\"><a href=\"http:\/\/www.moravecteam.cz\/?attachment_id=12094\" rel=\"attachment wp-att-12094\"><img decoding=\"async\" loading=\"lazy\" class=\" wp-image-12094\" alt=\"P1380908\" src=\"http:\/\/www.moravecteam.cz\/wp-content\/uploads\/2018\/07\/P1380908.jpg\" width=\"2000\" height=\"1336\" srcset=\"https:\/\/www.moravecteam.cz\/wp-content\/uploads\/2018\/07\/P1380908.jpg 2000w, https:\/\/www.moravecteam.cz\/wp-content\/uploads\/2018\/07\/P1380908-300x200.jpg 300w, https:\/\/www.moravecteam.cz\/wp-content\/uploads\/2018\/07\/P1380908-1024x684.jpg 1024w\" sizes=\"(max-width: 2000px) 100vw, 2000px\" \/><\/a><figcaption id=\"caption-attachment-12094\" class=\"wp-caption-text\">Skute\u010dn\u011b v\u00fdkonov\u011b a v\u00fdsledkov\u011b vyda\u0159en\u00fd t\u00fdden m\u00e1 za sebou Honza &#8222;D\u017eony&#8220; \u0160indel\u00e1\u0159! Jen tak d\u00e1l!<\/figcaption><\/figure>\n<p><strong>\u00a0<\/strong><\/p>\n<p style=\"text-align: justify;\">\n","protected":false},"excerpt":{"rendered":"<p>Pro v\u011bt\u0161inu na\u0161ich rajdr\u016f byla sobotn\u00ed \u010dtvrt\u00e1 MTB &#8222;Vrchovina&#8220; z\u00e1vodem, kter\u00fdm byla zavr\u0161ena t\u0159\u00eddenn\u00ed n\u00e1ro\u010dn\u00e1, p\u0159edev\u0161\u00edm kondi\u010dn\u00ed p\u0159\u00edprava, prob\u011bhnuv\u0161\u00ed v uplynul\u00fdch dnech v lokalit\u011b bl\u00ed\u017e\u00edc\u00edho se\u00a0 n\u00e1rodn\u00edho bikov\u00e9ho \u0161ampion\u00e1tu &#8211; v Peci od Sn\u011b\u017ekou. Za dan\u00e9 skute\u010dnosti\u00a0 se po absolvovan\u00ed t\u011b\u017ek\u00e9 p\u0159\u00edpravn\u00e9 bikov\u00e9 &#8222;tortury&#8220; nedaly o\u010dek\u00e1vat ve Valchov\u011b v\u00fdsledkov\u00e9 z\u00e1zraky&#8230; Opak v\u0161ak byl minulou sobotu\u00a0 &hellip; <a href=\"https:\/\/www.moravecteam.cz\/?p=12081\" class=\"more-link\">Pokra\u010dov\u00e1n\u00ed textu <span class=\"screen-reader-text\">Z\u00e1vod z pln\u00e9 p\u0159\u00edpravy&#8230;<\/span> <span class=\"meta-nav\">&rarr;<\/span><\/a><\/p>\n","protected":false},"author":3,"featured_media":12088,"comment_status":"open","ping_status":"closed","sticky":false,"template":"","format":"standard","meta":[],"categories":[1],"tags":[],"_links":{"self":[{"href":"https:\/\/www.moravecteam.cz\/index.php?rest_route=\/wp\/v2\/posts\/12081"}],"collection":[{"href":"https:\/\/www.moravecteam.cz\/index.php?rest_route=\/wp\/v2\/posts"}],"about":[{"href":"https:\/\/www.moravecteam.cz\/index.php?rest_route=\/wp\/v2\/types\/post"}],"author":[{"embeddable":true,"href":"https:\/\/www.moravecteam.cz\/index.php?rest_route=\/wp\/v2\/users\/3"}],"replies":[{"embeddable":true,"href":"https:\/\/www.moravecteam.cz\/index.php?rest_route=%2Fwp%2Fv2%2Fcomments&post=12081"}],"version-history":[{"count":10,"href":"https:\/\/www.moravecteam.cz\/index.php?rest_route=\/wp\/v2\/posts\/12081\/revisions"}],"predecessor-version":[{"id":12102,"href":"https:\/\/www.moravecteam.cz\/index.php?rest_route=\/wp\/v2\/posts\/12081\/revisions\/12102"}],"wp:featuredmedia":[{"embeddable":true,"href":"https:\/\/www.moravecteam.cz\/index.php?rest_route=\/wp\/v2\/media\/12088"}],"wp:attachment":[{"href":"https:\/\/www.moravecteam.cz\/index.php?rest_route=%2Fwp%2Fv2%2Fmedia&parent=12081"}],"wp:term":[{"taxonomy":"category","embeddable":true,"href":"https:\/\/www.moravecteam.cz\/index.php?rest_route=%2Fwp%2Fv2%2Fcategories&post=12081"},{"taxonomy":"post_tag","embeddable":true,"href":"https:\/\/www.moravecteam.cz\/index.php?rest_route=%2Fwp%2Fv2%2Ftags&post=12081"}],"curies":[{"name":"wp","href":"https:\/\/api.w.org\/{rel}","templated":true}]}}