{"id":12097,"date":"2018-07-09T23:54:29","date_gmt":"2018-07-09T21:54:29","guid":{"rendered":"http:\/\/www.moravecteam.cz\/?p=12097"},"modified":"2018-07-09T23:54:29","modified_gmt":"2018-07-09T21:54:29","slug":"co-se-bude-dit-st28-4","status":"publish","type":"post","link":"https:\/\/www.moravecteam.cz\/?p=12097","title":{"rendered":"Co se bude d\u00edt? (ST28)"},"content":{"rendered":"<h5><strong><span style=\"color: #800000;\">\u00dater\u00fd 10.7. 2018<\/span><\/strong><\/h5>\n<p style=\"text-align: justify;\">Tr\u00e9nink na silni\u010dn\u00edch kolech s <strong><span style=\"color: #800000;\">Frantou Pad\u011brou<\/span><\/strong> a <strong><span style=\"color: #800000;\">Jirkou \u0160t\u011bpan\u00edkem st.<\/span><\/strong>\u00a0\u00a0Sraz bude\u00a0op\u011bt\u00a0\u00a0v 17.00 hodin\u00a0u budovy Z\u00e1kladn\u00ed \u0161koly v Bene\u0161ov\u011b. V p\u0159\u00edpad\u011b pot\u0159eby kontaktujte\u00a0Franti\u0161ka na\u00a0<strong><span style=\"color: #800000;\">605 838 404.<\/span><\/strong><\/p>\n<h5><span style=\"color: #800000;\">St\u0159eda 11.7. 2018<\/span><\/h5>\n<p style=\"text-align: justify;\">MTB tr\u00e9nink rajdr\u016f MORAVEC Teamu pod veden\u00edm\u00a0\u00a0<strong><span style=\"color: #800000;\">Milana Tlamky (776 108 046),<\/span><\/strong>\u00a0tentokr\u00e1t na Okrouhl\u00e9. Sraz bude op\u011bt\u00a0\u00a0v\u00a017.00 hodin\u00a0u Tlamk\u016f, \u010d.p. 117.<\/p>\n<h5><span style=\"color: #800000;\">P\u00e1tek 13.7. 2018<\/span><\/h5>\n<p style=\"text-align: justify;\">Prohl\u00eddka trat\u00ed p\u00e1t\u00e9ho z\u00e1vodu MTB &#8222;Vrchoviny&#8220; ve \u017d\u010f\u00e1rn\u00e9. Zde m\u016f\u017eete mrknout u\u017e na\u00a0<strong><a href=\"http:\/\/www.pohardrahanskevrchoviny.cz\/?p=3749&amp;preview=true\">propozice<\/a><\/strong>.<\/p>\n<p><strong><span style=\"font-size: 18px; color: #800000;\">Sobota\u00a014.7. 2018<\/span><\/strong><\/p>\n<p style=\"text-align: justify;\">P\u00e1t\u00fd z\u00e1vodu MTB &#8222;Vrchoviny&#8220; ve \u017d\u010f\u00e1rn\u00e9. \u00da\u010dast a dopravu si ka\u017ed\u00fd zaji\u0161\u0165uje s\u00e1m. Zde jsou k prostudov\u00e1n\u00ed\u00a0<strong><a href=\"http:\/\/www.pohardrahanskevrchoviny.cz\/?p=3749&amp;preview=true\">propozice<\/a>.<\/strong><\/p>\n<h5><span style=\"color: #800000;\">AKCE T\u011aSN\u011a ZA HORIZONTEM<\/span><\/h5>\n<ul>\n<li style=\"text-align: justify;\">23.7. \u2013 27.7. 2018\u00a0&#8211; tradi\u010dn\u00ed odd\u00edlov\u00fd kemp \u2013 ka\u017edoro\u010dn\u00ed pr\u00e1zdninov\u00e9 riskantn\u00ed \u00a0putov\u00e1n\u00ed cestou-necestou \/ polem-nepolem je letos nasm\u011b\u0159ov\u00e1n do lokality T\u0159ebo\u0148ska. Z\u00e1kladna bude pobl\u00ed\u017e Suchdolu nad Lu\u017enic\u00ed, kde n\u00e1s pohost\u00ed\u00a0<strong><a href=\"http:\/\/www.kemp-tust.cz\/\">rekrea\u010dn\u00ed st\u0159edisko Tu\u0161\u0165.<\/a><\/strong>\u00a0Seznam state\u010dn\u00fdch, p\u0159ihl\u00e1\u0161en\u00fdch do akce,\u00a0 je ji\u017e uzav\u0159en.<\/li>\n<li style=\"text-align: justify;\">31.8. &#8211; 2.9. 2018 &#8211; soust\u0159ed\u011bn\u00ed\u00a0 na dolad\u011bn\u00ed formy p\u0159ed z\u00e1v\u011bre\u010dn\u00fdmi z\u00e1vody\u00a0MTB &#8222;Vrchoviny&#8220; ve Vyso\u010dina ar\u00e9n\u011b v Nov\u00e9m M\u011bst\u011b na Morav\u011b.. Podrobn\u011bj\u0161\u00ed informace V\u00e1m sd\u011bl\u00ed tren\u00e9r Milan Tlamka, lektorem na soust\u0159ed\u011bn\u00ed bude Milan Sp\u011b\u0161n\u00fd.<\/li>\n<\/ul>\n<h5 style=\"text-align: justify;\"><span style=\"color: #800000;\">AKCE T\u011aSN\u011a ZA DV\u011aMA HORIZONTY<\/span><\/h5>\n<p>10.2. \u2013 16.2. 2019\u00a0&#8211; zimn\u00ed soust\u0159ed\u011bn\u00ed MORAVEC Teamu, kdy se po roce vr\u00e1t\u00edme do Jesen\u00edk\u016f, na<a href=\"http:\/\/www.navrsi.eu\/\">\u00a0<strong>chatu N\u00e1vr\u0161\u00ed<\/strong><\/a><\/p>\n","protected":false},"excerpt":{"rendered":"<p>\u00dater\u00fd 10.7. 2018 Tr\u00e9nink na silni\u010dn\u00edch kolech s Frantou Pad\u011brou a Jirkou \u0160t\u011bpan\u00edkem st.\u00a0\u00a0Sraz bude\u00a0op\u011bt\u00a0\u00a0v 17.00 hodin\u00a0u budovy Z\u00e1kladn\u00ed \u0161koly v Bene\u0161ov\u011b. V p\u0159\u00edpad\u011b pot\u0159eby kontaktujte\u00a0Franti\u0161ka na\u00a0605 838 404. St\u0159eda 11.7. 2018 MTB tr\u00e9nink rajdr\u016f MORAVEC Teamu pod veden\u00edm\u00a0\u00a0Milana Tlamky (776 108 046),\u00a0tentokr\u00e1t na Okrouhl\u00e9. Sraz bude op\u011bt\u00a0\u00a0v\u00a017.00 hodin\u00a0u Tlamk\u016f, \u010d.p. 117. P\u00e1tek 13.7. 2018 &hellip; <a href=\"https:\/\/www.moravecteam.cz\/?p=12097\" class=\"more-link\">Pokra\u010dov\u00e1n\u00ed textu <span class=\"screen-reader-text\">Co se bude d\u00edt? (ST28)<\/span> <span class=\"meta-nav\">&rarr;<\/span><\/a><\/p>\n","protected":false},"author":3,"featured_media":12100,"comment_status":"open","ping_status":"closed","sticky":false,"template":"","format":"standard","meta":[],"categories":[11],"tags":[],"_links":{"self":[{"href":"https:\/\/www.moravecteam.cz\/index.php?rest_route=\/wp\/v2\/posts\/12097"}],"collection":[{"href":"https:\/\/www.moravecteam.cz\/index.php?rest_route=\/wp\/v2\/posts"}],"about":[{"href":"https:\/\/www.moravecteam.cz\/index.php?rest_route=\/wp\/v2\/types\/post"}],"author":[{"embeddable":true,"href":"https:\/\/www.moravecteam.cz\/index.php?rest_route=\/wp\/v2\/users\/3"}],"replies":[{"embeddable":true,"href":"https:\/\/www.moravecteam.cz\/index.php?rest_route=%2Fwp%2Fv2%2Fcomments&post=12097"}],"version-history":[{"count":2,"href":"https:\/\/www.moravecteam.cz\/index.php?rest_route=\/wp\/v2\/posts\/12097\/revisions"}],"predecessor-version":[{"id":12099,"href":"https:\/\/www.moravecteam.cz\/index.php?rest_route=\/wp\/v2\/posts\/12097\/revisions\/12099"}],"wp:featuredmedia":[{"embeddable":true,"href":"https:\/\/www.moravecteam.cz\/index.php?rest_route=\/wp\/v2\/media\/12100"}],"wp:attachment":[{"href":"https:\/\/www.moravecteam.cz\/index.php?rest_route=%2Fwp%2Fv2%2Fmedia&parent=12097"}],"wp:term":[{"taxonomy":"category","embeddable":true,"href":"https:\/\/www.moravecteam.cz\/index.php?rest_route=%2Fwp%2Fv2%2Fcategories&post=12097"},{"taxonomy":"post_tag","embeddable":true,"href":"https:\/\/www.moravecteam.cz\/index.php?rest_route=%2Fwp%2Fv2%2Ftags&post=12097"}],"curies":[{"name":"wp","href":"https:\/\/api.w.org\/{rel}","templated":true}]}}