{"id":12103,"date":"2018-07-16T12:06:41","date_gmt":"2018-07-16T10:06:41","guid":{"rendered":"http:\/\/www.moravecteam.cz\/?p=12103"},"modified":"2018-07-18T06:56:57","modified_gmt":"2018-07-18T04:56:57","slug":"ladeni-formy","status":"publish","type":"post","link":"https:\/\/www.moravecteam.cz\/?p=12103","title":{"rendered":"Lad\u011bn\u00ed formy&#8230;-2"},"content":{"rendered":"<p style=\"text-align: justify;\"><strong><span style=\"color: #800000;\">P\u00e1t\u00fd z\u00e1vod MTB &#8222;Vrchoviny&#8220; minulou sobotu ve \u017d\u010f\u00e1rn\u00e9 vhodn\u011b poslou\u017eil (nejen) na\u0161im biker\u016fm,\u00a0p\u0159ipravuj\u00edc\u00edm se\u00a0\u00a0na bl\u00ed\u017e\u00edc\u00ed se n\u00e1rodn\u00ed \u0161ampion\u00e1t v Peci pod Sn\u011b\u017ekou,\u00a0k dolad\u011bn\u00ed z\u00e1vodn\u00ed formy p\u0159ed jedn\u00edm z hlavn\u00edch vrchol\u016f leto\u0161n\u00ed sez\u00f3ny. By\u0165 n\u011bkter\u00e9 opory MORAVEC Teamu, v souladu s pokyny tren\u00e9r\u016f v r\u00e1mci fin\u00e1ln\u00ed p\u0159\u00edpravy na M\u010cR\u00a0u\u017e tuto &#8222;race&#8220; vynechali, i ze\u0161t\u00edhlen\u00fd \u00fadern\u00fd \u0161ik (na na\u0161ich ni\u017e\u0161\u00edch startovn\u00edch stavech\u00a0 je patrn\u00e1\u00a0u\u017e i doba pr\u00e1zdnin a dovolen\u00fdch)\u00a0byl i minulou sobotu hodn\u011b vid\u011bt v pop\u0159ed\u00ed v\u00fdsledkov\u00fdch listin!<\/span> <\/strong><\/p>\n<figure id=\"attachment_12114\" aria-describedby=\"caption-attachment-12114\" style=\"width: 1333px\" class=\"wp-caption alignnone\"><a href=\"http:\/\/www.moravecteam.cz\/?attachment_id=12114\" rel=\"attachment wp-att-12114\"><img decoding=\"async\" loading=\"lazy\" class=\" wp-image-12114\" alt=\"Filip Ecler svedl op\u011bt dramatick\u00fd souboj o prvenstv\u00ed se Samem Muchou (\u0159 teaam)\u00edSK Ji\" src=\"http:\/\/www.moravecteam.cz\/wp-content\/uploads\/2018\/07\/DSC_0354.jpg\" width=\"1333\" height=\"1435\" srcset=\"https:\/\/www.moravecteam.cz\/wp-content\/uploads\/2018\/07\/DSC_0354.jpg 1333w, https:\/\/www.moravecteam.cz\/wp-content\/uploads\/2018\/07\/DSC_0354-278x300.jpg 278w, https:\/\/www.moravecteam.cz\/wp-content\/uploads\/2018\/07\/DSC_0354-951x1024.jpg 951w\" sizes=\"(max-width: 1333px) 100vw, 1333px\" \/><\/a><figcaption id=\"caption-attachment-12114\" class=\"wp-caption-text\">Filip Ecler svedl op\u011bt dramatick\u00fd souboj o prvenstv\u00ed se Samem Muchou (SK Ji\u0159\u00ed Team).<\/figcaption><\/figure>\n<p style=\"text-align: justify;\">P\u0159edev\u0161\u00edm v Uh\u0159ic\u00edch u Ecler\u016f, u Han\u00e1k\u016f ve \u017d\u010f\u00e1rn\u00e9 a Gottwald\u016f ve Spe\u0161ov\u011b se v sobotu v podve\u010der asi hodn\u011b oslavovalo&#8230; Jak by ne, kdy\u017e <strong><span style=\"color: #800000;\">Leonka Eclerov\u00e1<\/span> <\/strong>vyhr\u00e1la op\u011bt z\u00e1vod odr\u00e1\u017eedel a jej\u00ed star\u0161\u00ed br\u00e1cha <strong><span style=\"color: #800000;\">Filip Ecler<\/span> <\/strong>dok\u00e1zal oplatit Samuelu Muchovi (SK Ji\u0159\u00ed Team)\u00a0por\u00e1\u017eku \u00a0z Valchova a v kategorii chlapc\u016f 7-8 let tak\u00e9 vybojoval zlato! Nav\u00edc je\u0161t\u011b Leonka zajela v\u00fdborn\u011b i z\u00e1vod d\u00edvek do 6-ti let a\u00a0\u00fasp\u011b\u0161nou \u017e\u010f\u00e1\u0159enskou rodinnou misi zavr\u0161ila ziskem st\u0159\u00edbrn\u00e9 medaile! Bravo Eclerovi!<\/p>\n<figure id=\"attachment_12115\" aria-describedby=\"caption-attachment-12115\" style=\"width: 740px\" class=\"wp-caption alignnone\"><a href=\"http:\/\/www.moravecteam.cz\/?attachment_id=12115\" rel=\"attachment wp-att-12115\"><img decoding=\"async\" loading=\"lazy\" class=\" wp-image-12115\" alt=\"DSC_0211\" src=\"http:\/\/www.moravecteam.cz\/wp-content\/uploads\/2018\/07\/DSC_0211.jpg\" width=\"740\" height=\"785\" srcset=\"https:\/\/www.moravecteam.cz\/wp-content\/uploads\/2018\/07\/DSC_0211.jpg 740w, https:\/\/www.moravecteam.cz\/wp-content\/uploads\/2018\/07\/DSC_0211-282x300.jpg 282w\" sizes=\"(max-width: 740px) 100vw, 740px\" \/><\/a><figcaption id=\"caption-attachment-12115\" class=\"wp-caption-text\">Bude z Tondy Han\u00e1ka cyklista nebo fotbalista? To se \u010dasem uvid\u00ed&#8230; Ka\u017edop\u00e1dn\u011b ve \u017d\u010f\u00e1rn\u00e9 hojn\u00e9 cyklistick\u00e9 p\u0159edpoklady potvrdil&#8230;<\/figcaption><\/figure>\n<p style=\"text-align: justify;\">T\u0159i medaile vybojovali i t\u0159i sourozenci Han\u00e1kovi, kte\u0159\u00ed se na dom\u00e1c\u00edch trat\u00edch pohybovaly evidentn\u011b jako ony pov\u011bstn\u00e9 &#8222;ryby ve vod\u011b&#8220;! V\u0161e odstartoval ziskem bronzu po bojovn\u00e9m v\u00fdkonu v z\u00e1vod\u011b odr\u00e1\u017eedel <strong><span style=\"color: #800000;\">Ton\u00edk Han\u00e1k.<\/span><\/strong> Ve druh\u00e9m bloku start\u016f p\u0159idala do rodinn\u00e9 pokladnice st\u0159\u00edbro mlad\u0161\u00ed \u017e\u00e1kyn\u011b <strong><span style=\"color: #800000;\">Ani\u010dka Han\u00e1kov\u00e1<\/span><\/strong>, aby v\u0161e zavr\u0161ila suver\u00e9nn\u00ed zlatou j\u00edzdou star\u0161\u00ed \u017e\u00e1kyn\u011b <strong><span style=\"color: #800000;\">Eli\u0161ka Han\u00e1kov\u00e1<\/span><\/strong>! I zde\u00a0mus\u00edme zvolat: Bravo Han\u00e1kovi!<\/p>\n<figure id=\"attachment_12119\" aria-describedby=\"caption-attachment-12119\" style=\"width: 999px\" class=\"wp-caption alignnone\"><a href=\"http:\/\/www.moravecteam.cz\/?attachment_id=12119\" rel=\"attachment wp-att-12119\"><img decoding=\"async\" loading=\"lazy\" class=\" wp-image-12119\" alt=\"DSC_0376\" src=\"http:\/\/www.moravecteam.cz\/wp-content\/uploads\/2018\/07\/DSC_0376.jpg\" width=\"999\" height=\"1095\" srcset=\"https:\/\/www.moravecteam.cz\/wp-content\/uploads\/2018\/07\/DSC_0376.jpg 999w, https:\/\/www.moravecteam.cz\/wp-content\/uploads\/2018\/07\/DSC_0376-273x300.jpg 273w, https:\/\/www.moravecteam.cz\/wp-content\/uploads\/2018\/07\/DSC_0376-934x1024.jpg 934w\" sizes=\"(max-width: 999px) 100vw, 999px\" \/><\/a><figcaption id=\"caption-attachment-12119\" class=\"wp-caption-text\">Lucie Gottwaldov\u00e1 &#8222;zam\u011b\u0159uje c\u00edl&#8220;. J\u00edm byla ve \u017d\u010f\u00e1rn\u00e9 hlavn\u011b S\u00e1ra \u0160kubalov\u00e1 (TUFO CZ Cykloz\u00e1kladna Otrokovice).<\/figcaption><\/figure>\n<p style=\"text-align: justify;\">A tak\u00e9\u00a0rodinn\u00fd bikov\u00fd klan Gottwald\u016f se ve \u017dd\u00e1rn\u00e9 \u010dinil. V kategorii d\u011bv\u010dat 7-8 let <strong><span style=\"color: #800000;\">Lucie Gottwaldov\u00e1\u00a0\u00a0<\/span><\/strong>a S\u00e1ra \u0160kubalov\u00e1 (TUFO CZ Cykloz\u00e1kladna Otrokovice) zopakovali dramtick\u00fd souboj z Valchova s t\u00edm mal\u00fdm rozd\u00edlem, \u017ee tentokr\u00e1t byla &#8222;o chlup&#8220; rychlej\u0161\u00ed p\u0159espoln\u00ed z\u00e1vodnice z Ji\u017en\u00ed Moravy&#8230; Lucince ale moc slu\u0161elo i st\u0159\u00edbro a co se nepoda\u0159ilo j\u00ed, toho dos\u00e1hla v z\u00e1vod\u011b d\u00edvek\u00a0&#8211;\u00a0mlad\u0161\u00edch \u017e\u00e1ky\u0148\u00a0jej\u00ed star\u0161\u00ed &#8222;s\u00e9gra&#8220; &#8211; <strong><span style=\"color: #800000;\">Am\u00e1lka Gottwaldov\u00e1<\/span><\/strong>. Bravo\u00a0i\u00a0holk\u00e1m Gottwaldovic! Krom\u011b ji\u017e zm\u00edn\u011bn\u00e9 Ani\u010dky Han\u00e1kov\u00e9, doprovodila na zlatou &#8222;bednu&#8220; Am\u00e1lku i v c\u00edli bronzov\u00e1 <strong><span style=\"color: #800000;\">Bar\u010da Tlamkov\u00e1<\/span><\/strong>, co\u017e neznamen\u00e1 nic jin\u00e9ho, ne\u017e \u017ee jsme se v t\u00e9to kategorii\u00a0do\u010dkali cenn\u00e9ho &#8222;hattricku&#8220;! (Po kolik\u00e1t\u00e9 u\u017e letos?)<\/p>\n<figure id=\"attachment_12121\" aria-describedby=\"caption-attachment-12121\" style=\"width: 1111px\" class=\"wp-caption alignnone\"><a href=\"http:\/\/www.moravecteam.cz\/?attachment_id=12121\" rel=\"attachment wp-att-12121\"><img decoding=\"async\" loading=\"lazy\" class=\" wp-image-12121\" alt=\"DSC_0595\" src=\"http:\/\/www.moravecteam.cz\/wp-content\/uploads\/2018\/07\/DSC_0595.jpg\" width=\"1111\" height=\"1205\" srcset=\"https:\/\/www.moravecteam.cz\/wp-content\/uploads\/2018\/07\/DSC_0595.jpg 1111w, https:\/\/www.moravecteam.cz\/wp-content\/uploads\/2018\/07\/DSC_0595-276x300.jpg 276w, https:\/\/www.moravecteam.cz\/wp-content\/uploads\/2018\/07\/DSC_0595-944x1024.jpg 944w\" sizes=\"(max-width: 1111px) 100vw, 1111px\" \/><\/a><figcaption id=\"caption-attachment-12121\" class=\"wp-caption-text\">Je radost vid\u011bt &#8222;mistra p\u0159i pr\u00e1ci&#8220;&#8230; Aneb: &#8222;skok\u00e1nek&#8220; v pod\u00e1n\u00ed Am\u00e1lky Gottwaldov\u00e9, nejrychlej\u0161\u00ed mlad\u0161\u00ed \u017e\u00e1kyn\u011b.<\/figcaption><\/figure>\n<p style=\"text-align: justify;\">Holky Gottwaldovy se chystal medailov\u011b zkop\u00edrovat &#8211; doplnit i jejich t\u00e1ta, Martin Gottwald, jezd\u00edc\u00ed dosp\u011blou kategorii Masters II. Kvalitn\u00ed soupe\u0159i byli tentokr\u00e1t proti, kdy\u017e\u00a0Martinovi unikl bronz o pouh\u00fdch 20 vte\u0159inek&#8230; Kdy\u017e u\u017e jsme u toho nepopul\u00e1rn\u00edho um\u00edst\u011bn\u00ed, kter\u00fdm 4. m\u00edsto ur\u010dit\u011b je: krom\u011b Martina si &#8222;bramboru&#8220; ve \u017d\u010f\u00e1rn\u00e9 z na\u0161ich je\u0161t\u011b u\u017eili: Zita \u017dern\u00ed\u010dkov\u00e1 (7-8 let), Just\u00fdna Novotn\u00e1 (9-10 let), Roman \u0160indel\u00e1\u0159 (13-14 let), Monika Kone\u010dn\u00e1 (juniorky \/ kadetky)\u00a0a Petr \u0160ich (mu\u017ei ELITE).<\/p>\n<figure id=\"attachment_12117\" aria-describedby=\"caption-attachment-12117\" style=\"width: 1109px\" class=\"wp-caption alignnone\"><a href=\"http:\/\/www.moravecteam.cz\/?attachment_id=12117\" rel=\"attachment wp-att-12117\"><img decoding=\"async\" loading=\"lazy\" class=\" wp-image-12117\" alt=\"DSC_0561\" src=\"http:\/\/www.moravecteam.cz\/wp-content\/uploads\/2018\/07\/DSC_0561.jpg\" width=\"1109\" height=\"1078\" srcset=\"https:\/\/www.moravecteam.cz\/wp-content\/uploads\/2018\/07\/DSC_0561.jpg 1109w, https:\/\/www.moravecteam.cz\/wp-content\/uploads\/2018\/07\/DSC_0561-25x25.jpg 25w, https:\/\/www.moravecteam.cz\/wp-content\/uploads\/2018\/07\/DSC_0561-300x291.jpg 300w, https:\/\/www.moravecteam.cz\/wp-content\/uploads\/2018\/07\/DSC_0561-1024x995.jpg 1024w\" sizes=\"(max-width: 1109px) 100vw, 1109px\" \/><\/a><figcaption id=\"caption-attachment-12117\" class=\"wp-caption-text\">Anna Han\u00e1kov\u00e1, za n\u00ed t\u011bsn\u011b &#8222;v h\u00e1ku&#8220; Bar\u010da Tlamkov\u00e1. D\u011bv\u010data brala ve \u017d\u010f\u00e1rn\u00e9 cenn\u00e9 st\u0159\u00edbro a bronz!<\/figcaption><\/figure>\n<p style=\"text-align: justify;\">I po \u017e\u010f\u00e1\u0159ensk\u00e9m z\u00e1vod\u011b z\u016fst\u00e1v\u00e1 po jist\u00e9m v\u00edt\u011bzstv\u00ed st\u00e1le letos na &#8222;Vrchovin\u011b&#8220; nepora\u017eena v kategorii d\u011bv\u010dat 9-10 let <strong><span style=\"color: #800000;\">Lucka Koudelkov\u00e1<\/span><\/strong> a\u00a0i u n\u00ed je jej\u00ed stabiln\u00ed vysok\u00e1 v\u00fdkonnost velk\u00fdm p\u0159\u00edslibem pro dny p\u0159\u00ed\u0161t\u00ed. Kvalitn\u00ed v\u00fdkon odvedla ve sv\u00e9m startu i kadetka <strong><span style=\"color: #800000;\">Kl\u00e1ra Odehnalov\u00e1<\/span><\/strong>, kter\u00e1 na\u0161i sobotn\u00ed medailovou sb\u00edrku doplnila o cenn\u00fd bronz!\u00a0Zde studujte <a href=\"http:\/\/vysledky.pohardrahanskevrchoviny.cz\/2018\/?page=vysledky\"><strong>kompletn\u00ed v\u00fdsledkov\u00e9 llistiny<\/strong><\/a>, a n\u00ed\u017ee\u00a0mrkn\u011bte na sum\u00e1\u0159 na\u0161ich medailist\u016f.\u00a0A proto\u017ee MTB &#8222;Vrchovina&#8220; je po \u017dd\u00e1rn\u00e9 prakticky ve sv\u00e9 polovin\u011b, uv\u00e1d\u00edm za lom\u00edtkem i aktu\u00e1ln\u00ed pozice na\u0161ich v pr\u016fb\u011b\u017en\u00e9m hodnocen\u00ed \u00a0seri\u00e1lu, po\u0159ad\u00ed OPEN. A i toto je p\u0159\u00edjemn\u00e9 &#8222;po\u010dten\u00ed\u010dko&#8220;&#8230;<\/p>\n<ul>\n<li>\n<div style=\"text-align: justify;\">Zlata vybojovali: <span style=\"color: #ff6600;\"><strong>Leona Eclerov\u00e1<\/strong> <\/span>(odr\u00e1\u017eedla) \/ 1.,\u00a0<span style=\"color: #ff6600;\"><strong>Filip Ecler<\/strong>\u00a0<\/span>(7-8 let) \/ 1.,\u00a0<span style=\"color: #ff6600;\"><strong>Lucie Koudelkov\u00e1<\/strong>\u00a0<\/span>(9-10 let) \/ 1., <span style=\"color: #ff6600;\"><strong>Am\u00e1lie Gottwaldov\u00e1<\/strong> <\/span>(11-12 let) \/ 4.\u00a0a\u00a0<span style=\"color: #ff6600;\"><strong>Eli\u0161ka Han\u00e1kov\u00e1 <\/strong><\/span>(13-14 let) \/ 1.<\/div>\n<\/li>\n<li style=\"text-align: justify;\">St\u0159\u00edbra vybojovali: <span style=\"color: #808080;\"><strong>Leona Eclerov\u00e1 <\/strong><\/span>(do 6 let) \/ 2.,\u00a0<span style=\"color: #808080;\"><strong>Lucie Gottwaldov\u00e1<\/strong><\/span>\u00a0(7-8 let) \/ 2., a <span style=\"color: #808080;\"><strong>Anna Han\u00e1kov\u00e1<\/strong><\/span>\u00a0 (11-12 let) \/ 1.<\/li>\n<li style=\"text-align: justify;\">Bronzy vybojovali:\u00a0<span style=\"color: #800000;\"><strong>Anton\u00edn Han\u00e1k <\/strong><\/span>(odr\u00e1\u017eedla) \/ 3.,\u00a0<span style=\"color: #800000;\"><strong>Barbora Tlamkov\u00e1 <\/strong><\/span>(11-12 let) \/ 2.\u00a0a\u00a0<span style=\"color: #800000;\"><strong>Kl\u00e1ra Odehnalov\u00e1 <\/strong><\/span>(juniorky \/ kadetky) \/ 1.<\/li>\n<\/ul>\n<figure id=\"attachment_12116\" aria-describedby=\"caption-attachment-12116\" style=\"width: 1326px\" class=\"wp-caption alignnone\"><a href=\"http:\/\/www.moravecteam.cz\/?attachment_id=12116\" rel=\"attachment wp-att-12116\"><img decoding=\"async\" loading=\"lazy\" class=\" wp-image-12116\" alt=\"DSC_0530\" src=\"http:\/\/www.moravecteam.cz\/wp-content\/uploads\/2018\/07\/DSC_0530.jpg\" width=\"1326\" height=\"1333\" srcset=\"https:\/\/www.moravecteam.cz\/wp-content\/uploads\/2018\/07\/DSC_0530.jpg 1326w, https:\/\/www.moravecteam.cz\/wp-content\/uploads\/2018\/07\/DSC_0530-25x25.jpg 25w, https:\/\/www.moravecteam.cz\/wp-content\/uploads\/2018\/07\/DSC_0530-298x300.jpg 298w, https:\/\/www.moravecteam.cz\/wp-content\/uploads\/2018\/07\/DSC_0530-1018x1024.jpg 1018w\" sizes=\"(max-width: 1326px) 100vw, 1326px\" \/><\/a><figcaption id=\"caption-attachment-12116\" class=\"wp-caption-text\">P\u011bt start\u016f, p\u011bt v\u00edt\u011bzstv\u00ed! To je vizitka Lucie Koudelkov\u00e9 z leto\u0161n\u00ed MTB &#8222;Vrchoviny&#8220;:<\/figcaption><\/figure>\n<div>\n<dl id=\"attachment_12093\">\n<dt><span style=\"color: #800000;\"><strong>Rekapitulace medailist\u016f MORAVEC Teamu &#8211;\u00a0OBCE<\/strong><\/span><\/dt>\n<\/dl>\n<\/div>\n<ul>\n<li>\n<div style=\"text-align: justify;\">Prvn\u00ed m\u00edsta:\u00a0\u00a0<span style=\"color: #ff6600;\"><strong>Lucie Koudelkov\u00e1<\/strong>\u00a0<\/span>(9-10 let),\u00a0<span style=\"color: #ff6600;\"><strong>Anna Han\u00e1kov\u00e1 <\/strong><\/span>(11-12 let) a<span style=\"color: #ff6600;\">\u00a0<strong>Eli\u0161ka\u00a0Han\u00e1kov\u00e1 <\/strong><\/span>(13-14 let).<\/div>\n<\/li>\n<li style=\"text-align: justify;\">Druh\u00e1 m\u00edsta:\u00a0<strong><span style=\"color: #808080;\">Kl\u00e1ra V\u011brn\u00e1<\/span> <\/strong>(odr\u00e1\u017eedla), \u00a0<strong><span style=\"color: #808080;\">Anton\u00edn Han\u00e1k<\/span><\/strong>\u00a0(odr\u00e1\u017eedla),\u00a0<span style=\"color: #808080;\">\u00a0<strong>Zita \u017dern\u00ed\u010dkov\u00e1<\/strong> <\/span>(7-8 let),\u00a0<strong><span style=\"color: #808080;\">Just\u00fdna Novotn\u00e1<\/span><\/strong>\u00a0(9-10 let),\u00a0\u00a0<strong><span style=\"color: #808080;\">Barbora Tlamkov\u00e1<\/span> <\/strong>(11-12 let), <strong><span style=\"color: #808080;\">Dominik Pt\u00e1\u010dn\u00edk\u00a0<\/span><\/strong>(9-10 let) a\u00a0<strong><span style=\"color: #808080;\">Ad\u00e9la Kubinov\u00e1<\/span><\/strong>\u00a0(13-14 let).<\/li>\n<li style=\"text-align: justify;\">T\u0159et\u00ed pozice: <strong><span style=\"color: #800000;\">Barbora Janovsk\u00e1<\/span> <\/strong>(9-10 let) a <span style=\"color: #800000;\"><strong>Veronika Pt\u00e1\u010dn\u00edkov\u00e1<\/strong><\/span> (13-14 let).<\/li>\n<\/ul>\n<figure id=\"attachment_12126\" aria-describedby=\"caption-attachment-12126\" style=\"width: 1333px\" class=\"wp-caption alignnone\"><a href=\"http:\/\/www.moravecteam.cz\/?attachment_id=12126\" rel=\"attachment wp-att-12126\"><img decoding=\"async\" loading=\"lazy\" class=\" wp-image-12126\" alt=\"DSC_0649\" src=\"http:\/\/www.moravecteam.cz\/wp-content\/uploads\/2018\/07\/DSC_0649.jpg\" width=\"1333\" height=\"2000\" srcset=\"https:\/\/www.moravecteam.cz\/wp-content\/uploads\/2018\/07\/DSC_0649.jpg 1333w, https:\/\/www.moravecteam.cz\/wp-content\/uploads\/2018\/07\/DSC_0649-199x300.jpg 199w, https:\/\/www.moravecteam.cz\/wp-content\/uploads\/2018\/07\/DSC_0649-682x1024.jpg 682w\" sizes=\"(max-width: 1333px) 100vw, 1333px\" \/><\/a><figcaption id=\"caption-attachment-12126\" class=\"wp-caption-text\">V\u00edt\u011bzkou z\u00e1vodu star\u0161\u00edch \u017e\u00e1ky\u0148 se stala s p\u0159evahou Eli\u0161ka Han\u00e1kov\u00e1.<\/figcaption><\/figure>\n<p>&nbsp;<\/p>\n<p>Tu\u0165 u\u017e mrkn\u011bte na prvn\u00ed dv\u011b fotogalerie:<\/p>\n<ul>\n<li><strong><a href=\"https:\/\/moravecteam.rajce.idnes.cz\/2018.07.14_MTB_PDV_Zdarna\/\">Fotogalerie \u010d.1<\/a><\/strong><\/li>\n<li><strong><a href=\"https:\/\/jones1.rajce.idnes.cz\/PDV_Zdarna_14.7.2018\/\">Fotogalerie \u010d.2<\/a><\/strong><\/li>\n<li><strong><a href=\"https:\/\/moravecteam.rajce.idnes.cz\/2018.07.14_MTB_PDV_Zdarna_-_2\/\">Fotogalerie \u010d.3<\/a><\/strong><\/li>\n<li><strong><a href=\"https:\/\/moravecteam.rajce.idnes.cz\/2018.07.14_MTB_PDV_Zdarna_-_3\/\">Fotogalerie \u010d.4<\/a><\/strong><\/li>\n<li><strong><a href=\"https:\/\/moravecteam.rajce.idnes.cz\/2018.07.14_MTB_PDV_Zdarna_-_4\/\">Fotogalerie \u010d.5<\/a><\/strong><\/li>\n<li><strong><a href=\"https:\/\/moravecteam.rajce.idnes.cz\/2018.07.14_MTB_PDV_Zdarna_-_5\/\">Fotogalerie \u010d.6<\/a><\/strong><\/li>\n<\/ul>\n<figure id=\"attachment_12122\" aria-describedby=\"caption-attachment-12122\" style=\"width: 1333px\" class=\"wp-caption alignnone\"><a href=\"http:\/\/www.moravecteam.cz\/?attachment_id=12122\" rel=\"attachment wp-att-12122\"><img decoding=\"async\" loading=\"lazy\" class=\" wp-image-12122\" alt=\"DSC_0746\" src=\"http:\/\/www.moravecteam.cz\/wp-content\/uploads\/2018\/07\/DSC_0746.jpg\" width=\"1333\" height=\"2000\" srcset=\"https:\/\/www.moravecteam.cz\/wp-content\/uploads\/2018\/07\/DSC_0746.jpg 1333w, https:\/\/www.moravecteam.cz\/wp-content\/uploads\/2018\/07\/DSC_0746-199x300.jpg 199w, https:\/\/www.moravecteam.cz\/wp-content\/uploads\/2018\/07\/DSC_0746-682x1024.jpg 682w\" sizes=\"(max-width: 1333px) 100vw, 1333px\" \/><\/a><figcaption id=\"caption-attachment-12122\" class=\"wp-caption-text\">Petr \u0160ich nebyl v sobotu daleko od medaile&#8230; Zd\u00e1 se, \u017ee lep\u0161\u00ed dny jsou kone\u010dn\u011b zde..!<\/figcaption><\/figure>\n","protected":false},"excerpt":{"rendered":"<p>P\u00e1t\u00fd z\u00e1vod MTB &#8222;Vrchoviny&#8220; minulou sobotu ve \u017d\u010f\u00e1rn\u00e9 vhodn\u011b poslou\u017eil (nejen) na\u0161im biker\u016fm,\u00a0p\u0159ipravuj\u00edc\u00edm se\u00a0\u00a0na bl\u00ed\u017e\u00edc\u00ed se n\u00e1rodn\u00ed \u0161ampion\u00e1t v Peci pod Sn\u011b\u017ekou,\u00a0k dolad\u011bn\u00ed z\u00e1vodn\u00ed formy p\u0159ed jedn\u00edm z hlavn\u00edch vrchol\u016f leto\u0161n\u00ed sez\u00f3ny. By\u0165 n\u011bkter\u00e9 opory MORAVEC Teamu, v souladu s pokyny tren\u00e9r\u016f v r\u00e1mci fin\u00e1ln\u00ed p\u0159\u00edpravy na M\u010cR\u00a0u\u017e tuto &#8222;race&#8220; vynechali, i ze\u0161t\u00edhlen\u00fd \u00fadern\u00fd \u0161ik &hellip; <a href=\"https:\/\/www.moravecteam.cz\/?p=12103\" class=\"more-link\">Pokra\u010dov\u00e1n\u00ed textu <span class=\"screen-reader-text\">Lad\u011bn\u00ed formy&#8230;-2<\/span> <span class=\"meta-nav\">&rarr;<\/span><\/a><\/p>\n","protected":false},"author":3,"featured_media":12113,"comment_status":"open","ping_status":"closed","sticky":false,"template":"","format":"standard","meta":[],"categories":[1],"tags":[],"_links":{"self":[{"href":"https:\/\/www.moravecteam.cz\/index.php?rest_route=\/wp\/v2\/posts\/12103"}],"collection":[{"href":"https:\/\/www.moravecteam.cz\/index.php?rest_route=\/wp\/v2\/posts"}],"about":[{"href":"https:\/\/www.moravecteam.cz\/index.php?rest_route=\/wp\/v2\/types\/post"}],"author":[{"embeddable":true,"href":"https:\/\/www.moravecteam.cz\/index.php?rest_route=\/wp\/v2\/users\/3"}],"replies":[{"embeddable":true,"href":"https:\/\/www.moravecteam.cz\/index.php?rest_route=%2Fwp%2Fv2%2Fcomments&post=12103"}],"version-history":[{"count":15,"href":"https:\/\/www.moravecteam.cz\/index.php?rest_route=\/wp\/v2\/posts\/12103\/revisions"}],"predecessor-version":[{"id":12142,"href":"https:\/\/www.moravecteam.cz\/index.php?rest_route=\/wp\/v2\/posts\/12103\/revisions\/12142"}],"wp:featuredmedia":[{"embeddable":true,"href":"https:\/\/www.moravecteam.cz\/index.php?rest_route=\/wp\/v2\/media\/12113"}],"wp:attachment":[{"href":"https:\/\/www.moravecteam.cz\/index.php?rest_route=%2Fwp%2Fv2%2Fmedia&parent=12103"}],"wp:term":[{"taxonomy":"category","embeddable":true,"href":"https:\/\/www.moravecteam.cz\/index.php?rest_route=%2Fwp%2Fv2%2Fcategories&post=12103"},{"taxonomy":"post_tag","embeddable":true,"href":"https:\/\/www.moravecteam.cz\/index.php?rest_route=%2Fwp%2Fv2%2Ftags&post=12103"}],"curies":[{"name":"wp","href":"https:\/\/api.w.org\/{rel}","templated":true}]}}