{"id":12129,"date":"2018-07-16T12:55:16","date_gmt":"2018-07-16T10:55:16","guid":{"rendered":"http:\/\/www.moravecteam.cz\/?p=12129"},"modified":"2018-07-16T12:55:50","modified_gmt":"2018-07-16T10:55:50","slug":"co-se-bude-dit-st29-4","status":"publish","type":"post","link":"https:\/\/www.moravecteam.cz\/?p=12129","title":{"rendered":"Co se bude d\u00edt? (ST29)"},"content":{"rendered":"<h5>\u00a0<span style=\"color: #800000;\">\u00dater\u00fd 17.7. 2018<\/span><\/h5>\n<p style=\"text-align: justify;\">Tr\u00e9nink na silni\u010dn\u00edch kolech s <strong><span style=\"color: #800000;\">Frantou Pad\u011brou<\/span><\/strong> a <span style=\"color: #800000;\"><strong>Jirkou \u0160t\u011bpan\u00edkem st.<\/strong>\u00a0<\/span>\u00a0Sraz bude\u00a0op\u011bt\u00a0\u00a0v 17.00 hodin\u00a0u budovy Z\u00e1kladn\u00ed \u0161koly v Bene\u0161ov\u011b. V p\u0159\u00edpad\u011b pot\u0159eby kontaktujte\u00a0Franti\u0161ka na\u00a0<span style=\"color: #800000;\"><strong>605 838 404.<\/strong><\/span><\/p>\n<h5><span style=\"color: #800000;\">St\u0159eda 18.7. 2018<\/span><\/h5>\n<p style=\"text-align: justify;\">MTB tr\u00e9nink rajdr\u016f MORAVEC Teamu pod veden\u00edm\u00a0\u00a0<strong><span style=\"color: #800000;\">Milana Tlamky (776 108 046)<\/span>,<\/strong>\u00a0tentokr\u00e1t ve Valchov\u011b. Sraz bude op\u011bt\u00a0\u00a0v\u00a017.00 hodin\u00a0na m\u00edstn\u00edm fotbalov\u00e9m h\u0159i\u0161ti (za kultur\u00e1kem).<\/p>\n<h5 style=\"text-align: justify;\"><strong><span style=\"color: #800000;\">P\u00e1tek 20.7. 2018<\/span><\/strong><\/h5>\n<p style=\"text-align: justify;\">P\u0159esun na z\u00e1vod MTB M\u010cR do Pece pod Sn\u011b\u017ekou. T\u00fdmov\u00e9 z\u00e1zem\u00ed bude pro na\u0161e jezdce p\u0159ipraveno od cca 16.00 hodin. Zde mrkn\u011bte na propozice: <strong><a href=\"http:\/\/www.moravecteam.cz\/?attachment_id=12132\" rel=\"attachment wp-att-12132\">MTB M\u010cR Pec pod Sn\u011b\u017ekou 2018 &#8211; propozice<\/a><\/strong>,<strong> <\/strong>zde najdete<strong><a href=\"http:\/\/www.biketourkrkonose.cz\/bike-vikend-mtb\/bike-vikend-mtb-program\/\"> dal\u0161\u00ed informace<\/a><\/strong>.<\/p>\n<h5><span style=\"color: #800000;\"><strong>Sobota 21.7. 2018<\/strong><\/span><\/h5>\n<p style=\"text-align: justify;\">Mistrovstv\u00ed \u010cesk\u00e9 republiky horsk\u00fdch kol v Peci pod Sn\u011b\u017ekou. Pojedou se: dopoledne z\u00e1vody UP HILL, odpoledne\u00a0kategorie d\u011bt\u00ed \u2013 MINIME + mlad\u0161\u00ed a star\u0161\u00ed \u017e\u00e1ci a \u017e\u00e1kyn\u011b. Zde mrkn\u011bte na propozice:\u00a0<a href=\"http:\/\/www.moravecteam.cz\/?attachment_id=12132\" rel=\"attachment wp-att-12132\"><strong>MTB M\u010cR Pec pod Sn\u011b\u017ekou 2018 &#8211; propozice<\/strong><\/a>\u00a0\u00a0<strong>, <\/strong>zde hledejte i <strong><a href=\"http:\/\/www.biketourkrkonose.cz\/bike-vikend-mtb\/bike-vikend-mtb-program\/\">dal\u0161\u00ed informace..<\/a><\/strong><\/p>\n<h5><span style=\"color: #800000;\">Ned\u011ble\u00a022.7. 2018<\/span><\/h5>\n<p style=\"text-align: justify;\">Mistrovstv\u00ed \u010cesk\u00e9 republiky horsk\u00fdch kol v Peci pod Sn\u011b\u017ekou. Pojedou se kategorie od kadet\u016f v\u010detn\u011b a star\u0161\u00ed. Zde mrkn\u011bte na propozice:<strong> <a href=\"http:\/\/www.moravecteam.cz\/?attachment_id=12132\" rel=\"attachment wp-att-12132\"><strong>MTB M\u010cR Pec pod Sn\u011b\u017ekou<\/strong> 2018 &#8211; propozice<\/a>,<\/strong> zde hledejte<strong> <a href=\"http:\/\/www.biketourkrkonose.cz\/bike-vikend-mtb\/bike-vikend-mtb-program\/\">dal\u0161\u00ed informace<\/a>.<\/strong><\/p>\n<h5><span style=\"color: #800000;\">AKCE T\u011aSN\u011a ZA HORIZONTEM<\/span><\/h5>\n<ul>\n<li style=\"text-align: justify;\">23.7. \u2013 27.7. 2018\u00a0&#8211; tradi\u010dn\u00ed odd\u00edlov\u00fd kemp \u2013 ka\u017edoro\u010dn\u00ed pr\u00e1zdninov\u00e9 riskantn\u00ed \u00a0putov\u00e1n\u00ed cestou-necestou \/ polem-nepolem je letos nasm\u011b\u0159ov\u00e1n do lokality T\u0159ebo\u0148ska. Z\u00e1kladna bude pobl\u00ed\u017e Suchdolu nad Lu\u017enic\u00ed, kde n\u00e1s pohost\u00ed\u00a0<strong><a href=\"http:\/\/www.kemp-tust.cz\/\">rekrea\u010dn\u00ed st\u0159edisko Tu\u0161\u0165.<\/a><\/strong>\u00a0Seznam state\u010dn\u00fdch, p\u0159ihl\u00e1\u0161en\u00fdch do akce,\u00a0 je ji\u017e uzav\u0159en.<\/li>\n<li style=\"text-align: justify;\">31.8. &#8211; 2.9. 2018 &#8211; soust\u0159ed\u011bn\u00ed\u00a0 na dolad\u011bn\u00ed formy p\u0159ed z\u00e1v\u011bre\u010dn\u00fdmi z\u00e1vody\u00a0MTB &#8222;Vrchoviny&#8220; ve Vyso\u010dina ar\u00e9n\u011b v Nov\u00e9m M\u011bst\u011b na Morav\u011b.. Podrobn\u011bj\u0161\u00ed informace V\u00e1m sd\u011bl\u00ed tren\u00e9r Milan Tlamka, lektorem na soust\u0159ed\u011bn\u00ed bude Milan Sp\u011b\u0161n\u00fd.<\/li>\n<\/ul>\n<h5><span style=\"color: #800000;\">AKCE T\u011aSN\u011a ZA DV\u011aMA HORIZONTY<\/span><\/h5>\n<p>10.2. \u2013 16.2. 2019\u00a0&#8211; zimn\u00ed soust\u0159ed\u011bn\u00ed MORAVEC Teamu, kdy se po roce vr\u00e1t\u00edme do Jesen\u00edk\u016f, na<a href=\"http:\/\/www.navrsi.eu\/\">\u00a0<strong>chatu N\u00e1vr\u0161\u00ed<\/strong><\/a><\/p>\n<p style=\"text-align: justify;\">\n","protected":false},"excerpt":{"rendered":"<p>\u00a0\u00dater\u00fd 17.7. 2018 Tr\u00e9nink na silni\u010dn\u00edch kolech s Frantou Pad\u011brou a Jirkou \u0160t\u011bpan\u00edkem st.\u00a0\u00a0Sraz bude\u00a0op\u011bt\u00a0\u00a0v 17.00 hodin\u00a0u budovy Z\u00e1kladn\u00ed \u0161koly v Bene\u0161ov\u011b. V p\u0159\u00edpad\u011b pot\u0159eby kontaktujte\u00a0Franti\u0161ka na\u00a0605 838 404. St\u0159eda 18.7. 2018 MTB tr\u00e9nink rajdr\u016f MORAVEC Teamu pod veden\u00edm\u00a0\u00a0Milana Tlamky (776 108 046),\u00a0tentokr\u00e1t ve Valchov\u011b. Sraz bude op\u011bt\u00a0\u00a0v\u00a017.00 hodin\u00a0na m\u00edstn\u00edm fotbalov\u00e9m h\u0159i\u0161ti (za kultur\u00e1kem). P\u00e1tek &hellip; <a href=\"https:\/\/www.moravecteam.cz\/?p=12129\" class=\"more-link\">Pokra\u010dov\u00e1n\u00ed textu <span class=\"screen-reader-text\">Co se bude d\u00edt? (ST29)<\/span> <span class=\"meta-nav\">&rarr;<\/span><\/a><\/p>\n","protected":false},"author":3,"featured_media":12137,"comment_status":"open","ping_status":"closed","sticky":false,"template":"","format":"standard","meta":[],"categories":[11],"tags":[],"_links":{"self":[{"href":"https:\/\/www.moravecteam.cz\/index.php?rest_route=\/wp\/v2\/posts\/12129"}],"collection":[{"href":"https:\/\/www.moravecteam.cz\/index.php?rest_route=\/wp\/v2\/posts"}],"about":[{"href":"https:\/\/www.moravecteam.cz\/index.php?rest_route=\/wp\/v2\/types\/post"}],"author":[{"embeddable":true,"href":"https:\/\/www.moravecteam.cz\/index.php?rest_route=\/wp\/v2\/users\/3"}],"replies":[{"embeddable":true,"href":"https:\/\/www.moravecteam.cz\/index.php?rest_route=%2Fwp%2Fv2%2Fcomments&post=12129"}],"version-history":[{"count":8,"href":"https:\/\/www.moravecteam.cz\/index.php?rest_route=\/wp\/v2\/posts\/12129\/revisions"}],"predecessor-version":[{"id":12139,"href":"https:\/\/www.moravecteam.cz\/index.php?rest_route=\/wp\/v2\/posts\/12129\/revisions\/12139"}],"wp:featuredmedia":[{"embeddable":true,"href":"https:\/\/www.moravecteam.cz\/index.php?rest_route=\/wp\/v2\/media\/12137"}],"wp:attachment":[{"href":"https:\/\/www.moravecteam.cz\/index.php?rest_route=%2Fwp%2Fv2%2Fmedia&parent=12129"}],"wp:term":[{"taxonomy":"category","embeddable":true,"href":"https:\/\/www.moravecteam.cz\/index.php?rest_route=%2Fwp%2Fv2%2Fcategories&post=12129"},{"taxonomy":"post_tag","embeddable":true,"href":"https:\/\/www.moravecteam.cz\/index.php?rest_route=%2Fwp%2Fv2%2Ftags&post=12129"}],"curies":[{"name":"wp","href":"https:\/\/api.w.org\/{rel}","templated":true}]}}