{"id":12143,"date":"2018-08-02T23:21:19","date_gmt":"2018-08-02T21:21:19","guid":{"rendered":"http:\/\/www.moravecteam.cz\/?p=12143"},"modified":"2018-08-03T23:54:23","modified_gmt":"2018-08-03T21:54:23","slug":"tri-zarezy","status":"publish","type":"post","link":"https:\/\/www.moravecteam.cz\/?p=12143","title":{"rendered":"T\u0159i z\u00e1\u0159ezy..!-2"},"content":{"rendered":"<p style=\"text-align: justify;\"><strong><span style=\"color: #800000;\">Na pomysln\u00e9 pa\u017eb\u011b MORAVEC Teamu se po ned\u00e1vno skon\u010den\u00e9m MTB Mistrovstv\u00ed \u010cesk\u00e9 republiky v Peci pod Sn\u011b\u017ekou sv\u011btlaj\u00ed t\u0159i \u010derstv\u00e9 z\u00e1\u0159ezy. N\u00e1\u0161 opatrn\u00fd optimismus p\u0159ed prvn\u00edm vrcholem sez\u00f3ny do\u0161el napln\u011bn\u00ed, kdy\u017e hned dva na\u0161i rajd\u0159i si z Krkono\u0161 vezou tituly vicemistr\u016f a bonusov\u011b se m\u016f\u017eeme pochlubit i jedn\u00edm celkov\u00fdm prvenstv\u00edm v \u010cesk\u00e9m poh\u00e1ru! Bravo MORAVEC!<\/span><\/strong><\/p>\n<figure id=\"attachment_12170\" aria-describedby=\"caption-attachment-12170\" style=\"width: 1690px\" class=\"wp-caption alignnone\"><a href=\"http:\/\/www.moravecteam.cz\/?attachment_id=12170\" rel=\"attachment wp-att-12170\"><img decoding=\"async\" loading=\"lazy\" class=\" wp-image-12170\" alt=\"DSC_0289\" src=\"http:\/\/www.moravecteam.cz\/wp-content\/uploads\/2018\/08\/DSC_0289.jpg\" width=\"1690\" height=\"2000\" srcset=\"https:\/\/www.moravecteam.cz\/wp-content\/uploads\/2018\/08\/DSC_0289.jpg 1690w, https:\/\/www.moravecteam.cz\/wp-content\/uploads\/2018\/08\/DSC_0289-253x300.jpg 253w, https:\/\/www.moravecteam.cz\/wp-content\/uploads\/2018\/08\/DSC_0289-865x1024.jpg 865w\" sizes=\"(max-width: 1690px) 100vw, 1690px\" \/><\/a><figcaption id=\"caption-attachment-12170\" class=\"wp-caption-text\">Am\u00e1lce Gottwaldov\u00e9 st\u0159\u00edbrn\u00e1 krkono\u0161sk\u00e1 &#8222;bedna&#8220; moc, moc slu\u0161ela!<\/figcaption><\/figure>\n<p style=\"text-align: justify;\">Na\u0161e krkono\u0161sk\u00e1 anab\u00e1ze za\u010dala u\u017e v p\u00e1tek, kdy prolog cel\u00e9mu mistrovstv\u00ed obstaral tradi\u010dn\u011b z\u00e1vod \u0161tafet. A byl to <strong><span style=\"color: #800000;\">Honza &#8222;D\u017eony&#8220; \u0160indel\u00e1\u0159<\/span><\/strong>, kter\u00fd v na\u0161em dresu vypomohl spole\u010dn\u00e9mu uskupen\u00ed <strong><span style=\"color: #800000;\">ETHIC Sport &#8211; MORAVEC<\/span><\/strong> Team a se sv\u00fdmi dv\u011bma b\u00fdval\u00fdmi t\u00fdmov\u00fdmi par\u0165\u00e1ky &#8211; Janou Tesa\u0159ovou a Dominikem Prudkem pak srdnat\u011b vzdorovali konkurenci dal\u0161\u00ed osmi siln\u00fdch t\u00fdm\u016f (v c\u00edli byla tato spole\u010dn\u00e1 \u0161tafeta nakonec sedm\u00e1, se ztr\u00e1tou asi \u010dty\u0159 minut na bronzovou p\u0159\u00ed\u010dku).<\/p>\n<figure id=\"attachment_12171\" aria-describedby=\"caption-attachment-12171\" style=\"width: 1553px\" class=\"wp-caption alignnone\"><a href=\"http:\/\/www.moravecteam.cz\/?attachment_id=12171\" rel=\"attachment wp-att-12171\"><img decoding=\"async\" loading=\"lazy\" class=\" wp-image-12171\" alt=\"20180704_155036_resized\" src=\"http:\/\/www.moravecteam.cz\/wp-content\/uploads\/2018\/08\/20180704_155036_resized.jpg\" width=\"1553\" height=\"1641\" srcset=\"https:\/\/www.moravecteam.cz\/wp-content\/uploads\/2018\/08\/20180704_155036_resized.jpg 1553w, https:\/\/www.moravecteam.cz\/wp-content\/uploads\/2018\/08\/20180704_155036_resized-25x25.jpg 25w, https:\/\/www.moravecteam.cz\/wp-content\/uploads\/2018\/08\/20180704_155036_resized-283x300.jpg 283w, https:\/\/www.moravecteam.cz\/wp-content\/uploads\/2018\/08\/20180704_155036_resized-969x1024.jpg 969w\" sizes=\"(max-width: 1553px) 100vw, 1553px\" \/><\/a><figcaption id=\"caption-attachment-12171\" class=\"wp-caption-text\">Spole\u010dnou \u0161tafetu ETHIC Sport &#8211; MORAVEC Team rozj\u00ed\u017ed\u011bl na prvn\u00edm \u00faseku n\u00e1\u0161 Honza &#8222;D\u017eony&#8220; \u0160indel\u00e1\u0159.<\/figcaption><\/figure>\n<p style=\"text-align: justify;\">Sobotn\u00ed program odstartoval dopoledn\u00ed z\u00e1vod do vrchu &#8211; UP HILL, kdy\u017e na startu jsme m\u011bli op\u011bt zastoupen\u00ed d\u00edky <strong><span style=\"color: #800000;\">Franti\u0161ku Pad\u011brovi<\/span>.<\/strong> Ten ve sv\u00e9 kategorii dos\u00e1hl na um\u00edst\u011bn\u00ed v TOP10 a v\u0161echny n\u00e1s tak pozitivn\u011b &#8222;navnadil&#8220; na odpoledn\u00ed z\u00e1vody d\u011bt\u00ed MINIME. A na\u0161e nad\u011bje do\u0161ly napln\u011bn\u00ed hned ve startu chlapc\u016f kategorie 3-4 roky , kdy se prvn\u00edm Vicemistrem stal n\u00e1\u0161 hork\u00fd favorit,\u00a0\u00a0<span style=\"color: #800000;\"><strong>Jon\u00e1\u0161ek Janovsk\u00fd!<\/strong><\/span>\u00a0P\u0159i sou\u010dtu \u010dty\u0159 p\u0159edchoz\u00edch v\u00edt\u011bzstv\u00ed a jednoho druh\u00e9ho m\u00edsta se tento mlad\u00fd talentovan\u00fd biker stal i celkov\u00fdm v\u00edt\u011bzem \u010cesk\u00e9ho poh\u00e1ru v t\u00e9to kategorii! Bravo MORAVEC, blahop\u0159ejeme!<\/p>\n<figure id=\"attachment_12148\" aria-describedby=\"caption-attachment-12148\" style=\"width: 1695px\" class=\"wp-caption alignnone\"><a href=\"http:\/\/www.moravecteam.cz\/?attachment_id=12148\" rel=\"attachment wp-att-12148\"><img decoding=\"async\" loading=\"lazy\" class=\" wp-image-12148\" alt=\"IMG_6443\" src=\"http:\/\/www.moravecteam.cz\/wp-content\/uploads\/2018\/07\/IMG_6443.jpg\" width=\"1695\" height=\"2000\" srcset=\"https:\/\/www.moravecteam.cz\/wp-content\/uploads\/2018\/07\/IMG_6443.jpg 1695w, https:\/\/www.moravecteam.cz\/wp-content\/uploads\/2018\/07\/IMG_6443-254x300.jpg 254w, https:\/\/www.moravecteam.cz\/wp-content\/uploads\/2018\/07\/IMG_6443-867x1024.jpg 867w\" sizes=\"(max-width: 1695px) 100vw, 1695px\" \/><\/a><figcaption id=\"caption-attachment-12148\" class=\"wp-caption-text\">Vicemistr \u010cR v kategorii chalpc\u016f ml\u00e1d\u00ed 3-4roky a celkov\u00fd v\u00edt\u011bz \u010cesk\u00e9ho poh\u00e1ru v t\u00e9to kategorii se jemenuje Jon\u00e1\u0161 Janovsk\u00fd (MORAVEC Team &#8211; jak jinak&#8230;)!<\/figcaption><\/figure>\n<p style=\"text-align: justify;\">Mile n\u00e1s p\u0159ekvapila a pot\u011b\u0161ila z\u00e1rove\u0148 &#8222;mistr\u00e1kov\u00e1&#8220; \u00fa\u010dast dvou na\u0161ich mlad\u00fdch posil pro leto\u0161n\u00ed sez\u00f3nu, kun\u0161t\u00e1tsk\u00fdch rajdr\u016f Jakuba a Tondy Dosko\u010dilov\u00fdch. D\u00edky <strong><span style=\"color: #800000;\">Jakubovi Dosko\u010dilovi<\/span><\/strong> jsme m\u011bli tedy v\u00fdjime\u010dn\u011b zastoupen\u00ed v z\u00e1vod\u011b chlapc\u016f kategorie 5-6 let a Kuba si vedl velmi srdnat\u011b! Uv\u00e1\u017e\u00edme-li jeho minimum zku\u0161enost\u00ed s podobn\u00fdm z\u00e1vody je jeho v\u00fdkon a um\u00edst\u011bn\u00ed (TOP10 mu unikla jen velmi t\u011bsn\u011b) do budoucna velk\u00fdm p\u0159\u00edslibem!<\/p>\n<figure id=\"attachment_12172\" aria-describedby=\"caption-attachment-12172\" style=\"width: 811px\" class=\"wp-caption alignnone\"><a href=\"http:\/\/www.moravecteam.cz\/?attachment_id=12172\" rel=\"attachment wp-att-12172\"><img decoding=\"async\" loading=\"lazy\" class=\" wp-image-12172\" alt=\"DSC_0169\" src=\"http:\/\/www.moravecteam.cz\/wp-content\/uploads\/2018\/08\/DSC_0169.jpg\" width=\"811\" height=\"921\" srcset=\"https:\/\/www.moravecteam.cz\/wp-content\/uploads\/2018\/08\/DSC_0169.jpg 811w, https:\/\/www.moravecteam.cz\/wp-content\/uploads\/2018\/08\/DSC_0169-264x300.jpg 264w\" sizes=\"(max-width: 811px) 100vw, 811px\" \/><\/a><figcaption id=\"caption-attachment-12172\" class=\"wp-caption-text\">Skute\u010dnou zkou\u0161ku ohn\u011bm si v &#8222;Peci&#8220; za\u017eil Tonda Dosko\u010dil&#8230; A obst\u00e1l se ct\u00ed!<\/figcaption><\/figure>\n<p style=\"text-align: justify;\">Co se t\u011bsn\u011b nepovedlo Jakubovi, to dok\u00e1zala ve startu d\u011bv\u010dat 7-8 let <strong><span style=\"color: #800000;\">Lucie Gottwaldov\u00e1<\/span><\/strong>, kter\u00e9 um\u00edst\u011bn\u00ed v TOP10 na &#8222;mistr\u00e1ku&#8220; ur\u010dit\u011b slu\u0161\u00ed, stejn\u011b\u00a0 tak n\u00e1s pot\u011b\u0161il i v\u00fdkon a v\u00fdsledek\u00a0 jej\u00ed t\u00fdmov\u00e9 kolegyn\u011b <span style=\"color: #800000;\"><strong>Zity \u017dern\u00ed\u010dkov\u00e9<\/strong><\/span>. V nabit\u00e9m startovn\u00edm poli se v t\u00e9to kategorii na\u0161e d\u011bv\u010data v\u016fbec neztratila! P\u0159i startu stajn\u00e9 kategorie chlapc\u016f p\u0159i\u0161el na \u0159adu druh\u00fd z dinastie Dosko\u010dil\u016f, <strong><span style=\"color: #800000;\">Tonda Dosko\u010dil.<\/span><\/strong> Ani on se t\u011b\u017ek\u00e9 konkurence nezalekl a neb\u00fdt technick\u00e9ho probl\u00e9mu, kter\u00fd ho na \u00fazk\u00e9 trati zbrzdil, mohl i on pom\u00fd\u0161let na um\u00edst\u011bn\u00ed v TOP10.<\/p>\n<figure id=\"attachment_12173\" aria-describedby=\"caption-attachment-12173\" style=\"width: 1708px\" class=\"wp-caption alignnone\"><a href=\"http:\/\/www.moravecteam.cz\/?attachment_id=12173\" rel=\"attachment wp-att-12173\"><img decoding=\"async\" loading=\"lazy\" class=\" wp-image-12173\" alt=\"DSC_0191\" src=\"http:\/\/www.moravecteam.cz\/wp-content\/uploads\/2018\/08\/DSC_0191.jpg\" width=\"1708\" height=\"1055\" srcset=\"https:\/\/www.moravecteam.cz\/wp-content\/uploads\/2018\/08\/DSC_0191.jpg 1708w, https:\/\/www.moravecteam.cz\/wp-content\/uploads\/2018\/08\/DSC_0191-300x185.jpg 300w, https:\/\/www.moravecteam.cz\/wp-content\/uploads\/2018\/08\/DSC_0191-1024x632.jpg 1024w\" sizes=\"(max-width: 1708px) 100vw, 1708px\" \/><\/a><figcaption id=\"caption-attachment-12173\" class=\"wp-caption-text\">T\u00fdmov\u00e1 souhra&#8230; Aneb: Matou\u0161 Lipensk\u00fd zvl\u00e1d\u00e1 n\u00e1ro\u010dn\u00fd v\u00fdjezd i d\u00edky podpo\u0159e mocn\u00e9ho povzbuzov\u00e1n\u00ed (nejen) Petry \u017dern\u00ed\u010dkov\u00e9!<\/figcaption><\/figure>\n<p style=\"text-align: justify;\">Na elitn\u00ed des\u00edtku dos\u00e1hl po z\u00e1sluze v kategorii chlapc\u016f 9-10 let dal\u0161\u00ed n\u00e1\u0161 reprezentant v krkono\u0161sk\u00e9m sobotn\u00edm odpoledni &#8211; <strong><span style=\"color: #800000;\">Matou\u0161 Lipensk\u00fd<\/span><\/strong> a n\u00e1sledn\u011b pak i t\u0159i jeho t\u00fdmov\u00e9 kolegyn\u011b stejn\u00e9ho ml\u00e1d\u00ed &#8211; <strong><span style=\"color: #800000;\">Just\u00fdnka Novotn\u00e1<\/span><\/strong>, <span style=\"color: #800000;\"><strong>Lucka Koudelkov\u00e1<\/strong><\/span> a <strong><span style=\"color: #800000;\">Bar\u010da Janovsk\u00e1,<\/span><\/strong> kdy p\u0159edev\u0161\u00edm Jus\u0165a na\u010dasovala formu na ten spr\u00e1vn\u00fd okam\u017eik a jej\u00ed 6. m\u00edsto v c\u00edli pro ni znamenalo v leto\u0161n\u00edm roce v\u00fdsledkov\u00e9 maximum!<\/p>\n<figure id=\"attachment_12147\" aria-describedby=\"caption-attachment-12147\" style=\"width: 2050px\" class=\"wp-caption alignnone\"><a href=\"http:\/\/www.moravecteam.cz\/?attachment_id=12147\" rel=\"attachment wp-att-12147\"><img decoding=\"async\" loading=\"lazy\" class=\" wp-image-12147\" alt=\"IMG_6420\" src=\"http:\/\/www.moravecteam.cz\/wp-content\/uploads\/2018\/07\/IMG_6420.jpg\" width=\"2050\" height=\"2616\" srcset=\"https:\/\/www.moravecteam.cz\/wp-content\/uploads\/2018\/07\/IMG_6420.jpg 2050w, https:\/\/www.moravecteam.cz\/wp-content\/uploads\/2018\/07\/IMG_6420-235x300.jpg 235w, https:\/\/www.moravecteam.cz\/wp-content\/uploads\/2018\/07\/IMG_6420-802x1024.jpg 802w\" sizes=\"(max-width: 2050px) 100vw, 2050px\" \/><\/a><figcaption id=\"caption-attachment-12147\" class=\"wp-caption-text\">Po bok Radima Kov\u00e1\u0159e, Nikoly Hlubinkov\u00e9, Adama Sekaniny, Ad\u00e9ly \u0160af\u00e1\u0159ov\u00e9, Dominka Prudka, Jany &#8222;D\u017eejn&#8220; Tesa\u0159ov\u00e9 \u010di Tom\u00e1\u0161e Tlamky &#8222;Contadora&#8220; se za\u0159adila Am\u00e1lka Gottwaldov\u00e1 &#8211; dal\u0161\u00ed medailistka z MTB M\u010cR v barv\u00e1ch MORAVEC Teamu!<\/figcaption><\/figure>\n<p style=\"text-align: justify;\">Tepov\u00e9 frekvence se v\u0161em na z\u00e1vodi\u0161ti &#8211; v\u010detn\u011b MORAVC\u016e &#8211;\u00a0 za\u010daly postupn\u011b zvy\u0161ovat s p\u0159ibl\u00ed\u017een\u00edm se doby start\u016f kategori\u00ed mlad\u0161\u00edch a star\u0161\u00edch \u017e\u00e1k\u016f a \u017e\u00e1ky\u0148, na kter\u00e9 bylo p\u0159ipraveno celkem hned osm borc\u016f a borek v na\u0161ich dresech. Jako prvn\u00ed se pustil do boje s t\u011b\u017ekou a po\u010detnou konkurenc\u00ed samojedin\u00fd mlad\u0161\u00ed \u017e\u00e1k <strong><span style=\"color: #800000;\">Maty\u00e1\u0161 Koudelka<\/span><\/strong> a n\u00e1sledn\u011b po n\u011bm vyrazila do z\u00e1vodu trojice stejn\u011b mlad\u00fdch na\u0161ich d\u00edvek &#8211; Am\u00e1lka Gottwaldov\u00e1, Ani\u010dka Han\u00e1kov\u00e1\u00a0 s Bar\u010dou Tlamkovou. V\u00fdsledkem\u00a0Jon\u00e1\u0161ka Janovsk\u00e9ho se v sobotu nechala inspirovat evidentn\u011b\u00a0<strong><span style=\"color: #800000;\">Am\u00e1lka Gottwaldov\u00e1<\/span><\/strong>. Po skv\u011bl\u00e9m v\u00fdkonu v z\u00e1vod\u011b, ve kter\u00e9m soustavn\u011b zrychlovala se i ona se m\u016f\u017ee aktu\u00e1ln\u011b py\u0161nit titulem Vicemistr \u010cR a i ona dos\u00e1hla kvalitn\u00edho v\u00fdsledku v celkov\u00e9m hodnocen\u00ed \u010cesk\u00e9ho poh\u00e1ru, kter\u00fdm 4. m\u00edsto bezesporu je. Bravo MORAVEC podruh\u00e9! Blahop\u0159ejeme!<\/p>\n<figure id=\"attachment_12174\" aria-describedby=\"caption-attachment-12174\" style=\"width: 887px\" class=\"wp-caption alignnone\"><a href=\"http:\/\/www.moravecteam.cz\/?attachment_id=12174\" rel=\"attachment wp-att-12174\"><img decoding=\"async\" loading=\"lazy\" class=\" wp-image-12174\" alt=\"DSC_0186\" src=\"http:\/\/www.moravecteam.cz\/wp-content\/uploads\/2018\/08\/DSC_0186.jpg\" width=\"887\" height=\"1035\" srcset=\"https:\/\/www.moravecteam.cz\/wp-content\/uploads\/2018\/08\/DSC_0186.jpg 887w, https:\/\/www.moravecteam.cz\/wp-content\/uploads\/2018\/08\/DSC_0186-257x300.jpg 257w, https:\/\/www.moravecteam.cz\/wp-content\/uploads\/2018\/08\/DSC_0186-877x1024.jpg 877w\" sizes=\"(max-width: 887px) 100vw, 887px\" \/><\/a><figcaption id=\"caption-attachment-12174\" class=\"wp-caption-text\">Jako lvice se &#8222;rvala&#8220; s t\u011b\u017ekou trat\u00ed i soupe\u0159kami v c\u00edli nakonec \u0161est\u00e1, Just\u00fdna Novotn\u00e1!<\/figcaption><\/figure>\n<p style=\"text-align: justify;\">V\u00fdborn\u011b &#8222;race&#8220; zajela i dv\u011b na\u0161e zb\u00fdvaj\u00edc\u00ed d\u011bv\u010data: <strong><span style=\"color: #800000;\">Ani\u010dce Han\u00e1kov\u00e9<\/span><\/strong> uniklo um\u00edst\u011bn\u00ed v TOP 10 t\u011bsn\u011b, stejn\u011b tak jako <strong><span style=\"color: #800000;\">Bar\u010de Tlamkov\u00e9<\/span><\/strong> um\u00edst\u011bn\u00ed v TOP20. V\u00fdborn\u011b si vedla v z\u00e1vod\u011b star\u0161\u00edch \u017e\u00e1ky\u0148 i dal\u0161\u00ed na\u0161e favoritka, v c\u00edli nakonec p\u00e1t\u00e1, <strong><span style=\"color: #800000;\">Eli\u0161ka Han\u00e1kov\u00e1<\/span><\/strong>, kterou od bronzu d\u011blilo v c\u00edli 25 vte\u0159inek&#8230; I ona, podobn\u011b jako Am\u00e1lka Gottwaldov\u00e1, bere letos celkov\u011b v \u010cP 4. m\u00edsto a vezmeme-li v \u00favahu, \u017ee jezdila v t\u00e9to kategorii letos jako &#8222;prvoro\u010da\u010dka&#8220;, je p\u0159edev\u0161\u00edm pro budoucnost velk\u00fdm p\u0159\u00edslibem!<\/p>\n<figure id=\"attachment_12175\" aria-describedby=\"caption-attachment-12175\" style=\"width: 1369px\" class=\"wp-caption alignnone\"><a href=\"http:\/\/www.moravecteam.cz\/?attachment_id=12175\" rel=\"attachment wp-att-12175\"><img decoding=\"async\" loading=\"lazy\" class=\" wp-image-12175\" alt=\"DSC_0255\" src=\"http:\/\/www.moravecteam.cz\/wp-content\/uploads\/2018\/08\/DSC_0255.jpg\" width=\"1369\" height=\"1039\" srcset=\"https:\/\/www.moravecteam.cz\/wp-content\/uploads\/2018\/08\/DSC_0255.jpg 1369w, https:\/\/www.moravecteam.cz\/wp-content\/uploads\/2018\/08\/DSC_0255-300x227.jpg 300w, https:\/\/www.moravecteam.cz\/wp-content\/uploads\/2018\/08\/DSC_0255-1024x777.jpg 1024w\" sizes=\"(max-width: 1369px) 100vw, 1369px\" \/><\/a><figcaption id=\"caption-attachment-12175\" class=\"wp-caption-text\">Eli\u0161ka Han\u00e1kov\u00e1 v pln\u00e9 rychlosti uh\u00e1n\u00ed za v\u00fdborn\u00fdm 5. m\u00edstem v z\u00e1vod\u011b star\u0161\u00edch \u017e\u00e1ky\u0148.<\/figcaption><\/figure>\n<p style=\"text-align: justify;\">Sobotn\u00ed program zakon\u010dil z\u00e1vod chlapc\u016f &#8211; star\u0161\u00edch \u017e\u00e1k\u016f, kter\u00fd byl z hladiska \u00fa\u010dasti ten den nejpo\u010detn\u011bj\u0161\u00ed. Celkem 68 borc\u016f vyrazilo na tra\u0165 v\u010detn\u011b t\u0159\u00ed na\u0161ich reprezentant\u016f &#8211; V\u00edtka Lipensk\u00e9ho, Romana \u0160indel\u00e1\u0159e a Luk\u00e1\u0161e Sedl\u00e1ka. Nejl\u00e9pa se da\u0159ilo <strong><span style=\"color: #800000;\">V\u00ed\u0165ovi Lipensk\u00e9mu<\/span><\/strong>, kter\u00fd letos podruh\u00e9 dojel &#8222;na body&#8220; a podobn\u011b jako Just\u00fdnka Novotn\u00e1, i on v &#8222;Peci&#8220; dos\u00e1hnul na svoje leto\u0161n\u00ed v\u00fdsledkov\u00e9 maximum! &#8222;Na bodech&#8220; mo\u017en\u00e1 mohl b\u00fdt i <strong><span style=\"color: #800000;\">Roman \u0160indel\u00e1\u0159<\/span><\/strong>, ale smeknut\u00fd \u0159et\u011bz zp\u016fsobil zdr\u017een\u00ed, kter\u00e9 se mu p\u0159es ve\u0161kerou snahu nepoda\u0159ilo dohnat&#8230; State\u010dn\u011b se s trat\u00ed i soupe\u0159i raval i <strong><span style=\"color: #800000;\">Luk\u00e1\u0161 Sedl\u00e1k<\/span><\/strong>, ale i pro n\u011bho je bodov\u00e1 meta zat\u00edm hodn\u011b vzd\u00e1len\u00e1&#8230; I zde je ale mo\u017en\u00e1 na m\u00edst\u011b p\u0159ipomenout, \u017ee v\u0161ichni t\u0159i tito na\u0161i rajd\u0159i byli letos mezi star\u0161\u00edmi \u017e\u00e1ky &#8222;prvoro\u010d\u00e1ky&#8220; a v\u00fdsledkov\u00fd posun se tedy d\u00e1 perspektivn\u011b v budoucnu jist\u011b o\u010dek\u00e1vat.<\/p>\n<figure id=\"attachment_12176\" aria-describedby=\"caption-attachment-12176\" style=\"width: 1296px\" class=\"wp-caption alignnone\"><a href=\"http:\/\/www.moravecteam.cz\/?attachment_id=12176\" rel=\"attachment wp-att-12176\"><img decoding=\"async\" loading=\"lazy\" class=\" wp-image-12176\" alt=\"DSC_0341\" src=\"http:\/\/www.moravecteam.cz\/wp-content\/uploads\/2018\/08\/DSC_0341.jpg\" width=\"1296\" height=\"1251\" srcset=\"https:\/\/www.moravecteam.cz\/wp-content\/uploads\/2018\/08\/DSC_0341.jpg 1296w, https:\/\/www.moravecteam.cz\/wp-content\/uploads\/2018\/08\/DSC_0341-25x25.jpg 25w, https:\/\/www.moravecteam.cz\/wp-content\/uploads\/2018\/08\/DSC_0341-300x289.jpg 300w, https:\/\/www.moravecteam.cz\/wp-content\/uploads\/2018\/08\/DSC_0341-1024x988.jpg 1024w\" sizes=\"(max-width: 1296px) 100vw, 1296px\" \/><\/a><figcaption id=\"caption-attachment-12176\" class=\"wp-caption-text\">V tomto okam\u017eiku \u0161lo je\u0161t\u011b v\u0161e podle pl\u00e1nu: Petr \u0160ich naj\u00ed\u017ed\u00ed do druh\u00e9ho kola z\u00e1vodu mu\u017e\u016f EXPERT na skv\u011bl\u00e9m 2. m\u00edst\u011b!<\/figcaption><\/figure>\n<p style=\"text-align: justify;\">\u017de se v sobotu ve\u010der dva tituly vicemistr\u016f ve stanu MORAVEC Teamu, slavili, nemus\u00edm p\u0159ipom\u00ednat&#8230; Na\u0161e krkon\u0161sk\u00e1 mise ale je\u0161t\u011b zdaleka sobotou nekon\u010dila. \u010cty\u0159i na\u0161i reprezentanti \u010dekali na sv\u00e9 starty a z\u00faro\u010den\u00ed poctiv\u00e9 p\u0159\u00edpravy je\u0161t\u011b v ned\u011bli. Jako tradi\u010dn\u011b \u0161el &#8222;do akce&#8220; nejd\u0159\u00edve n\u00e1\u0161 mu\u017e-EXPERT, <strong><span style=\"color: #800000;\">Petr \u0160ich.<\/span><\/strong> Ten u\u017e v Bed\u0159ichov\u011b a i v p\u0159ed\u0161l\u00fdch z\u00e1vodech (kdy ho sr\u00e1\u017eely zp\u011bt p\u0159edev\u0161\u00edm technick\u00e9 probl\u00e9my) nazna\u010doval trval\u00fd v\u00fdkonnostn\u00ed r\u016fst s medailov\u00fdmi v\u00fdsledkov\u00fdmi ambicemi. A toto Pe\u0165a potvrdil i v &#8222;Peci&#8220;.\u00a0 Bohu\u017eel ani p\u0159i &#8222;mistr\u00e1ku&#8220;\u00a0mu nedala pokoj pan\u00ed &#8222;Sm\u016fla&#8220;, kter\u00e1 ho tentor\u00e1t potr\u00e1pila formou defektu zadn\u00edho kola v okam\u017eiku, kdy se ve druh\u00e9m kole ze \u010dty\u0159 Petr pohyboval na skv\u011bl\u00e9m 2. m\u00edst\u011b! A aby toho &#8222;pechu&#8220; nebylo m\u00e1lo, defekt se stal t\u011bsn\u011b za depem&#8230; Tak\u017ee &#8222;Pe\u0165as&#8220; musel t\u00e9m\u011b\u0159 jedno cel\u00e9 kolo b\u011b\u017eet, aby po n\u00e1sledn\u00e9m rychl\u00e9m servisn\u00edm z\u00e1kroku vyrazil op\u011bt ke st\u00edhac\u00ed j\u00edzd\u011b, kdy mu v c\u00edli bylo odm\u011bnou za p\u0159\u00edkladnou bojovnost alespo\u0148 14. m\u00edsto&#8230;<\/p>\n<figure id=\"attachment_12177\" aria-describedby=\"caption-attachment-12177\" style=\"width: 1737px\" class=\"wp-caption alignnone\"><a href=\"http:\/\/www.moravecteam.cz\/?attachment_id=12177\" rel=\"attachment wp-att-12177\"><img decoding=\"async\" loading=\"lazy\" class=\" wp-image-12177\" alt=\"DSC_0388\" src=\"http:\/\/www.moravecteam.cz\/wp-content\/uploads\/2018\/08\/DSC_0388.jpg\" width=\"1737\" height=\"1404\" srcset=\"https:\/\/www.moravecteam.cz\/wp-content\/uploads\/2018\/08\/DSC_0388.jpg 1737w, https:\/\/www.moravecteam.cz\/wp-content\/uploads\/2018\/08\/DSC_0388-300x242.jpg 300w, https:\/\/www.moravecteam.cz\/wp-content\/uploads\/2018\/08\/DSC_0388-1024x827.jpg 1024w\" sizes=\"(max-width: 1737px) 100vw, 1737px\" \/><\/a><figcaption id=\"caption-attachment-12177\" class=\"wp-caption-text\">&#8222;D\u017eony&#8220; ml. v z\u00e1vod\u011b kadet\u016f postupn\u011b zrychloval, nech\u00e1val za sebou jednoho soupe\u0159e za druh\u00fdm a v c\u00edli mu bylo odm\u011bnou 13. m\u00edsto!<\/figcaption><\/figure>\n<p style=\"text-align: justify;\">V potlesku, kter\u00fdm jsme doprov\u00e1zeli state\u010dn\u00fd v\u00fdkon Petra \u0160icha jsme nepolevili ani p\u0159i startu kadet\u016f. <strong><span style=\"color: #800000;\">Honza &#8222;D\u017eony&#8220; \u0160indel\u00e1\u0159<\/span> <\/strong>tentokr\u00e1t velmi zku\u0161en\u011b rozvrnul s\u00edly a v pr\u016fb\u011bhu t\u0159\u00edkolov\u00e9ho z\u00e1vodu se z pozic ve t\u0159et\u00ed des\u00edtce dok\u00e1zal prosadit na 13. p\u0159\u00ed\u010dku! V tomto startu jsme tleskali jsme i na\u0161emu odchovanci, <span style=\"color: #800000;\"><strong>Tom\u00e1\u0161i Tlamkovi &#8222;Contadorovi&#8220;<\/strong><\/span>, kter\u00fd se suver\u00e9nn\u011b prosadil do TOP10! Na\u0161e dlan\u011b akusticky popoh\u00e1n\u011bly i juniora <strong><span style=\"color: #800000;\">Tom\u00e1\u0161e Dou\u0161ka<\/span><\/strong>. I on, podobn\u011b jako o mistrovsk\u00e9m v\u00edkendu v\u011bt\u0161ina MORAVC\u016e si posunul v Peci pod Sn\u011b\u017ekou svoje v\u00fdsledkov\u00e9 maximum a nejen, \u017ee letos podruh\u00e9 &#8222;zabodoval&#8220;, ale z\u00e1vod zvl\u00e1dnul s pln\u00fdm po\u010dtem kol! Na\u0161e sympatick\u00e9 \u00fa\u010dinkov\u00e1n\u00ed pak zavr\u0161ila poctiv\u00fdm v\u00fdkonem v z\u00e1vod\u011b kadetek leto\u0161n\u00ed novicka v z\u00e1vodech nejvy\u0161\u0161\u00ed n\u00e1rodn\u00ed bikov\u00e9 ligy\u00a0<strong><span style=\"color: #800000;\">Kl\u00e1ra Odehnalov\u00e1<\/span><\/strong>. T\u0159iadvacet reprezentant\u016f MORAVEC Teamu v Peci pod Sn\u011b\u017ekou potvrdilo, \u017ee i letos platilo z minul\u00fdch let pro MORAVEC upraven\u00e9 \u0159\u00edk\u00e1n\u00ed, \u017ee\u00a0 &#8222;Pec n\u00e1m sedla, Pec n\u00e1m sedla&#8230;&#8220;! Nezb\u00fdv\u00e1, ne\u017e pod\u011bkovat v\u0161em za poctiv\u00e9 v\u00fdkony &#8222;na doraz&#8220; a za vzorn\u00e9 repre MORAVCE, v\u010detn\u011b podp\u016frn\u00fdch t\u00fdm\u016f! V neposledn\u00ed \u0159ad\u011b i d\u00edk tren\u00e9r\u016fm, kte\u0159\u00ed svoje sv\u011b\u0159ence na prvn\u00ed vrchol sez\u0144y p\u0159ipravili\u00a0 veskrze profesion\u00e1ln\u011b\u00a0 a\u00a0 vskutku kvalitn\u011b. Bravo MORAVEC!<\/p>\n<figure id=\"attachment_12178\" aria-describedby=\"caption-attachment-12178\" style=\"width: 1375px\" class=\"wp-caption alignnone\"><a href=\"http:\/\/www.moravecteam.cz\/?attachment_id=12178\" rel=\"attachment wp-att-12178\"><img decoding=\"async\" loading=\"lazy\" class=\" wp-image-12178\" alt=\"DSC_0415\" src=\"http:\/\/www.moravecteam.cz\/wp-content\/uploads\/2018\/08\/DSC_0415.jpg\" width=\"1375\" height=\"1742\" srcset=\"https:\/\/www.moravecteam.cz\/wp-content\/uploads\/2018\/08\/DSC_0415.jpg 1375w, https:\/\/www.moravecteam.cz\/wp-content\/uploads\/2018\/08\/DSC_0415-236x300.jpg 236w, https:\/\/www.moravecteam.cz\/wp-content\/uploads\/2018\/08\/DSC_0415-808x1024.jpg 808w\" sizes=\"(max-width: 1375px) 100vw, 1375px\" \/><\/a><figcaption id=\"caption-attachment-12178\" class=\"wp-caption-text\">Dal\u0161\u00ed radost pro n\u00e1s v podob\u011b \u017eivotn\u00edho v\u00fdkonu a v\u00fdsledku Tom\u00e1\u0161e Dou\u0161ka v z\u00e1vod\u011b junior\u016f!<\/figcaption><\/figure>\n<p>Zde mrkn\u011bte na <strong><a href=\"https:\/\/sportsoft.cz\/cs\/zavod\/overview\/2431\">kompletn\u00ed v\u00fdsledkov\u00fd servis<\/a> <\/strong>a zde jsou u\u017e i hutn\u00e9 fotogalerie:<strong><a href=\"https:\/\/moravecteam.rajce.idnes.cz\/2018.07.21-22_MTB_MCR_Pec_pod_Snezkou\/\"><br \/>\n<\/a><\/strong><\/p>\n<ul>\n<li><strong><a href=\"https:\/\/moravecteam.rajce.idnes.cz\/2018.07.21-22_MTB_MCR_Pec_pod_Snezkou\/\">fotogalerie \u010d.1<\/a><\/strong><\/li>\n<li><strong><a href=\"https:\/\/moravecteam.rajce.idnes.cz\/2018.07.20-22_MTB_MCR_Pec_pod_Snezkou_-_1\/\">fotogalerie \u010d.2<\/a><\/strong><\/li>\n<li><strong><a href=\"https:\/\/moravecteam.rajce.idnes.cz\/2018.07.20-22_MTB_MCR_Pec_pod_Snezkou_-_2\/\">fotogalerie \u010d.3<\/a><\/strong><\/li>\n<li><strong><a href=\"https:\/\/moravecteam.rajce.idnes.cz\/2018.07.20-22_MTB_MCR_Pec_pod_Snezkou_-_3\/\">fotogalerie \u010d.4<\/a><\/strong><\/li>\n<li><strong><a href=\"https:\/\/moravecteam.rajce.idnes.cz\/2018.07.20-22_MTB_MCR_Pec_pod_Snezkou_-_4\/\">fotogalerie \u010d.5<\/a><\/strong><\/li>\n<li><strong><a href=\"https:\/\/moravecteam.rajce.idnes.cz\/2018.07.20-22_MTB_MCR_Pec_pod_Snezkou_-_5\/\">fotogalerie \u010d.6<\/a><\/strong><\/li>\n<\/ul>\n<p>Definitivn\u00ed celkov\u00fd sum\u00e1\u0159 na\u0161ich po M\u010cR v Peci pod Sn\u011b\u017ekou je tento:<\/p>\n<table border=\"1\" cellspacing=\"0\" cellpadding=\"0\">\n<tbody>\n<tr>\n<td valign=\"top\" width=\"73\"><strong><span style=\"color: #800000;\">Kategorie<\/span><\/strong><\/td>\n<td valign=\"top\" width=\"217\"><strong><span style=\"color: #800000;\">Um\u00edst\u011bn\u00ed v z\u00e1vod\u011b<\/span><\/strong><\/td>\n<td valign=\"top\" width=\"47\"><strong><span style=\"color: #800000;\">Startovalo<\/span><\/strong><\/td>\n<td valign=\"top\" width=\"85\"><strong><span style=\"color: #800000;\">Celkov\u011b \/\u00a0\u00a0\u00a0\u00a0\u00a0\u00a0\u00a0 startovalo<\/span><\/strong><\/td>\n<\/tr>\n<tr>\n<td valign=\"top\" width=\"73\"><strong><span style=\"color: #808080;\">3-4<\/span><\/strong><\/td>\n<td valign=\"top\" width=\"217\"><strong><span style=\"color: #808080;\">2. Jon\u00e1\u0161 Janovsk\u00fd<\/span><\/strong><\/td>\n<td valign=\"top\" width=\"47\"><strong><span style=\"color: #808080;\">2<\/span><\/strong><\/td>\n<td valign=\"top\" width=\"85\"><strong><span style=\"color: #808080;\">1.\/5<\/span><\/strong><\/td>\n<\/tr>\n<tr>\n<td valign=\"top\" width=\"73\">5-6<\/td>\n<td valign=\"top\" width=\"217\">11. Jakub Dosko\u010dil<\/td>\n<td valign=\"top\" width=\"47\">12<\/td>\n<td valign=\"top\" width=\"85\">16.\/32<\/td>\n<\/tr>\n<tr>\n<td rowspan=\"5\" valign=\"top\" width=\"73\">7-8<\/td>\n<td valign=\"top\" width=\"217\">10. Lucie Gottwaldov\u00e1<\/td>\n<td rowspan=\"5\" valign=\"top\" width=\"47\">26<\/td>\n<td valign=\"top\" width=\"85\">10.\/48<\/td>\n<\/tr>\n<tr>\n<td valign=\"top\" width=\"217\">17. Zita \u017dern\u00ed\u010dkov\u00e1<\/td>\n<td valign=\"top\" width=\"85\">21.\/48<\/td>\n<\/tr>\n<tr>\n<td valign=\"top\" width=\"217\">Veronika \u0160af\u00e1\u0159ov\u00e1 \u00a0&#8211; DNS<\/td>\n<td valign=\"top\" width=\"85\">26.\/48<\/td>\n<\/tr>\n<tr>\n<td valign=\"top\" width=\"217\">Magdal\u00e9na Barto\u0161ov\u00e1 &#8211; DNS<\/td>\n<td valign=\"top\" width=\"85\">28.\/48<\/td>\n<\/tr>\n<tr>\n<td valign=\"top\" width=\"217\">Marie Barto\u0161ov\u00e1 &#8211; DNS<\/td>\n<td valign=\"top\" width=\"85\">41.\/48<\/td>\n<\/tr>\n<tr>\n<td valign=\"top\" width=\"73\">7-8<\/td>\n<td valign=\"top\" width=\"217\">25. Anton\u00edn Dosko\u010dil<\/td>\n<td valign=\"top\" width=\"47\">28<\/td>\n<td valign=\"top\" width=\"85\">39.\/72<\/td>\n<\/tr>\n<tr>\n<td rowspan=\"3\" valign=\"top\" width=\"73\">9-10<\/td>\n<td valign=\"top\" width=\"217\">6. Just\u00fdna Novotn\u00e1<\/td>\n<td rowspan=\"3\" valign=\"top\" width=\"47\">22<\/td>\n<td valign=\"top\" width=\"85\">7.\/42<\/td>\n<\/tr>\n<tr>\n<td valign=\"top\" width=\"217\">7. Lucie Koudelkov\u00e1<\/td>\n<td valign=\"top\" width=\"85\">9.\/42<\/td>\n<\/tr>\n<tr>\n<td valign=\"top\" width=\"217\">8. Barbora Janovsk\u00e1<\/td>\n<td valign=\"top\" width=\"85\">6.\/42<\/td>\n<\/tr>\n<tr>\n<td valign=\"top\" width=\"73\">9-10<\/td>\n<td valign=\"top\" width=\"217\">10. Matou\u0161 Lipensk\u00fd<\/td>\n<td valign=\"top\" width=\"47\">37<\/td>\n<td valign=\"top\" width=\"85\">12.\/84<\/td>\n<\/tr>\n<tr>\n<td rowspan=\"3\" valign=\"top\" width=\"73\"><strong><span style=\"color: #808080;\">11-12<\/span><\/strong><strong><span style=\"color: #808080;\">\u00a0<\/span><\/strong><\/td>\n<td valign=\"top\" width=\"217\"><strong><span style=\"color: #808080;\">2. Am\u00e1lie Gottwaldov\u00e1<\/span><\/strong><\/td>\n<td rowspan=\"3\" valign=\"top\" width=\"47\"><strong><span style=\"color: #808080;\">31<\/span><\/strong><strong><span style=\"color: #808080;\">\u00a0<\/span><\/strong><\/td>\n<td valign=\"top\" width=\"85\"><strong><span style=\"color: #808080;\">4.\/46<\/span><\/strong><\/td>\n<\/tr>\n<tr>\n<td valign=\"top\" width=\"217\">11. Anna Han\u00e1kov\u00e1<\/td>\n<td valign=\"top\" width=\"85\">14.\/46<\/td>\n<\/tr>\n<tr>\n<td valign=\"top\" width=\"217\">22. Barbora Tlamkov\u00e1<\/td>\n<td valign=\"top\" width=\"85\">24.\/46<\/td>\n<\/tr>\n<tr>\n<td valign=\"top\" width=\"73\">11-12<\/td>\n<td valign=\"top\" width=\"217\">50. Maty\u00e1\u0161 Koudelka<\/td>\n<td valign=\"top\" width=\"47\">65<\/td>\n<td valign=\"top\" width=\"85\">60.\/111<\/td>\n<\/tr>\n<tr>\n<td valign=\"top\" width=\"73\">13-14<\/td>\n<td valign=\"top\" width=\"217\">5. Eli\u0161ka\u00a0 Han\u00e1kov\u00e1<\/td>\n<td valign=\"top\" width=\"47\">33<\/td>\n<td valign=\"top\" width=\"85\">4.\/53<\/td>\n<\/tr>\n<tr>\n<td rowspan=\"3\" valign=\"top\" width=\"73\">13-14<\/td>\n<td valign=\"top\" width=\"217\">36. V\u00edt Lipensk\u00fd<\/td>\n<td rowspan=\"3\" valign=\"top\" width=\"47\">68<\/td>\n<td valign=\"top\" width=\"85\">51.\/120<\/td>\n<\/tr>\n<tr>\n<td valign=\"top\" width=\"217\">56. Roman \u0160indel\u00e1\u0159<\/td>\n<td valign=\"top\" width=\"85\">nebodoval<\/td>\n<\/tr>\n<tr>\n<td valign=\"top\" width=\"217\">58. Luk\u00e1\u0161 Sedl\u00e1k<\/td>\n<td valign=\"top\" width=\"85\">nebodoval<\/td>\n<\/tr>\n<tr>\n<td rowspan=\"2\" valign=\"top\" width=\"73\">kadeti<\/td>\n<td valign=\"top\" width=\"217\">6. Tom\u00e1\u0161 Tlamka \u201eContador\u201c<\/td>\n<td rowspan=\"2\" valign=\"top\" width=\"47\">59<\/td>\n<td valign=\"top\" width=\"85\">6.\/103<\/td>\n<\/tr>\n<tr>\n<td valign=\"top\" width=\"217\">13. Honza \u201eD\u017eony\u201c \u0160indel\u00e1\u0159<\/td>\n<td valign=\"top\" width=\"85\">15.\/103<\/td>\n<\/tr>\n<tr>\n<td rowspan=\"2\" valign=\"top\" width=\"73\">kadetky<\/td>\n<td valign=\"top\" width=\"217\">25. Kl\u00e1ra Odehnalov\u00e1<\/td>\n<td rowspan=\"2\" valign=\"top\" width=\"47\">27<\/td>\n<td valign=\"top\" width=\"85\">27.\/45<\/td>\n<\/tr>\n<tr>\n<td valign=\"top\" width=\"217\">Krist\u00fdna Kol\u00e1\u0159ov\u00e1 &#8211; DNS<\/td>\n<td valign=\"top\" width=\"85\">42.\/45<\/td>\n<\/tr>\n<tr>\n<td rowspan=\"2\" valign=\"top\" width=\"73\">junio\u0159i<\/td>\n<td valign=\"top\" width=\"217\">30. Tom\u00e1\u0161 Dou\u0161ek<\/td>\n<td rowspan=\"2\" valign=\"top\" width=\"47\">48<\/td>\n<td valign=\"top\" width=\"85\">54.\/102<\/td>\n<\/tr>\n<tr>\n<td valign=\"top\" width=\"217\">Karel Vinick\u00fd &#8211; DNS<\/td>\n<td valign=\"top\" width=\"85\">nebodoval<\/td>\n<\/tr>\n<tr>\n<td valign=\"top\" width=\"73\">expert<\/td>\n<td valign=\"top\" width=\"217\">14. Petr \u0160ich<\/td>\n<td valign=\"top\" width=\"47\">19<\/td>\n<td valign=\"top\" width=\"85\">13.\/43<\/td>\n<\/tr>\n<\/tbody>\n<\/table>\n<p>&nbsp;<\/p>\n<figure id=\"attachment_12179\" aria-describedby=\"caption-attachment-12179\" style=\"width: 1284px\" class=\"wp-caption alignnone\"><a href=\"http:\/\/www.moravecteam.cz\/?attachment_id=12179\" rel=\"attachment wp-att-12179\"><img decoding=\"async\" loading=\"lazy\" class=\" wp-image-12179\" alt=\"IMG_6461\" src=\"http:\/\/www.moravecteam.cz\/wp-content\/uploads\/2018\/08\/IMG_6461.jpg\" width=\"1284\" height=\"1029\" srcset=\"https:\/\/www.moravecteam.cz\/wp-content\/uploads\/2018\/08\/IMG_6461.jpg 1284w, https:\/\/www.moravecteam.cz\/wp-content\/uploads\/2018\/08\/IMG_6461-300x240.jpg 300w, https:\/\/www.moravecteam.cz\/wp-content\/uploads\/2018\/08\/IMG_6461-1024x820.jpg 1024w\" sizes=\"(max-width: 1284px) 100vw, 1284px\" \/><\/a><figcaption id=\"caption-attachment-12179\" class=\"wp-caption-text\">Konec dobr\u00fd, v\u0161echno dobr\u00e9..!<\/figcaption><\/figure>\n<p>&nbsp;<\/p>\n<p>&nbsp;<\/p>\n","protected":false},"excerpt":{"rendered":"<p>Na pomysln\u00e9 pa\u017eb\u011b MORAVEC Teamu se po ned\u00e1vno skon\u010den\u00e9m MTB Mistrovstv\u00ed \u010cesk\u00e9 republiky v Peci pod Sn\u011b\u017ekou sv\u011btlaj\u00ed t\u0159i \u010derstv\u00e9 z\u00e1\u0159ezy. N\u00e1\u0161 opatrn\u00fd optimismus p\u0159ed prvn\u00edm vrcholem sez\u00f3ny do\u0161el napln\u011bn\u00ed, kdy\u017e hned dva na\u0161i rajd\u0159i si z Krkono\u0161 vezou tituly vicemistr\u016f a bonusov\u011b se m\u016f\u017eeme pochlubit i jedn\u00edm celkov\u00fdm prvenstv\u00edm v \u010cesk\u00e9m poh\u00e1ru! Bravo MORAVEC! &hellip; <a href=\"https:\/\/www.moravecteam.cz\/?p=12143\" class=\"more-link\">Pokra\u010dov\u00e1n\u00ed textu <span class=\"screen-reader-text\">T\u0159i z\u00e1\u0159ezy..!-2<\/span> <span class=\"meta-nav\">&rarr;<\/span><\/a><\/p>\n","protected":false},"author":3,"featured_media":12146,"comment_status":"open","ping_status":"closed","sticky":false,"template":"","format":"standard","meta":[],"categories":[1],"tags":[],"_links":{"self":[{"href":"https:\/\/www.moravecteam.cz\/index.php?rest_route=\/wp\/v2\/posts\/12143"}],"collection":[{"href":"https:\/\/www.moravecteam.cz\/index.php?rest_route=\/wp\/v2\/posts"}],"about":[{"href":"https:\/\/www.moravecteam.cz\/index.php?rest_route=\/wp\/v2\/types\/post"}],"author":[{"embeddable":true,"href":"https:\/\/www.moravecteam.cz\/index.php?rest_route=\/wp\/v2\/users\/3"}],"replies":[{"embeddable":true,"href":"https:\/\/www.moravecteam.cz\/index.php?rest_route=%2Fwp%2Fv2%2Fcomments&post=12143"}],"version-history":[{"count":16,"href":"https:\/\/www.moravecteam.cz\/index.php?rest_route=\/wp\/v2\/posts\/12143\/revisions"}],"predecessor-version":[{"id":12185,"href":"https:\/\/www.moravecteam.cz\/index.php?rest_route=\/wp\/v2\/posts\/12143\/revisions\/12185"}],"wp:featuredmedia":[{"embeddable":true,"href":"https:\/\/www.moravecteam.cz\/index.php?rest_route=\/wp\/v2\/media\/12146"}],"wp:attachment":[{"href":"https:\/\/www.moravecteam.cz\/index.php?rest_route=%2Fwp%2Fv2%2Fmedia&parent=12143"}],"wp:term":[{"taxonomy":"category","embeddable":true,"href":"https:\/\/www.moravecteam.cz\/index.php?rest_route=%2Fwp%2Fv2%2Fcategories&post=12143"},{"taxonomy":"post_tag","embeddable":true,"href":"https:\/\/www.moravecteam.cz\/index.php?rest_route=%2Fwp%2Fv2%2Ftags&post=12143"}],"curies":[{"name":"wp","href":"https:\/\/api.w.org\/{rel}","templated":true}]}}