{"id":12153,"date":"2018-07-22T23:55:41","date_gmt":"2018-07-22T21:55:41","guid":{"rendered":"http:\/\/www.moravecteam.cz\/?p=12153"},"modified":"2018-07-22T23:56:56","modified_gmt":"2018-07-22T21:56:56","slug":"co-se-bude-dit-st-3","status":"publish","type":"post","link":"https:\/\/www.moravecteam.cz\/?p=12153","title":{"rendered":"Co se bude d\u00edt? (ST30)"},"content":{"rendered":"<h5><span style=\"color: #800000;\"><strong>Pond\u011bl\u00ed 23.7.2018<\/strong><\/span><\/h5>\n<p style=\"text-align: justify;\">P\u0159esun dvoutuctov\u00e9 \u00fadern\u00e9 invazn\u00ed jednotky MORAVEC Teamu na odd\u00edlov\u00fd pr\u00e1zdninov\u00fd kemp do lokality T\u0159ebo\u0148ska. N\u00e1vrat je pl\u00e1nov\u00e1n na p\u00e1tek 27. \u010dervence. Tradi\u010dn\u011b riskantn\u00ed operace m\u00e1 tentokr\u00e1t kryc\u00ed n\u00e1zev <strong><span style=\"color: #800000;\">&#8222;D\u017dAMOLIDYN&#8220;<\/span><\/strong>.<\/p>\n<p style=\"text-align: justify;\">Proto\u017ee m\u00e1me za sebou n\u00e1ro\u010dn\u00fd prvn\u00ed vrchol sez\u00f3ny, kter\u00fdm bylo MTB M\u010cR v Peci pod Sn\u011b\u017ekou, <strong><span style=\"color: #800000;\">budou n\u00e1sleduj\u00edc\u00ed t\u0159i t\u00fddny regenere\u010dn\u00ed &#8211; bez organizovan\u00fdch \u00fatern\u00edch a st\u0159ede\u010dn\u00edch tr\u00e9nink\u016f.<\/span> <\/strong>V tomto obdob\u00ed tr\u00e9nujte individu\u00e1ln\u011b, tak, abyste se udr\u017eeli v odpov\u00eddaj\u00edc\u00ed form\u011b na z\u00e1vody druh\u00e9 poloviny MTB &#8222;Vrchoviny&#8220; jej\u00ed\u017e fin\u00e1le 28. z\u00e1\u0159\u00ed ve Vyso\u010dina ar\u00e9n\u011b bude pro n\u00e1s druh\u00fdm vrcholem sez\u00f3ny.<\/p>\n<p>&nbsp;<\/p>\n","protected":false},"excerpt":{"rendered":"<p>Pond\u011bl\u00ed 23.7.2018 P\u0159esun dvoutuctov\u00e9 \u00fadern\u00e9 invazn\u00ed jednotky MORAVEC Teamu na odd\u00edlov\u00fd pr\u00e1zdninov\u00fd kemp do lokality T\u0159ebo\u0148ska. N\u00e1vrat je pl\u00e1nov\u00e1n na p\u00e1tek 27. \u010dervence. Tradi\u010dn\u011b riskantn\u00ed operace m\u00e1 tentokr\u00e1t kryc\u00ed n\u00e1zev &#8222;D\u017dAMOLIDYN&#8220;. Proto\u017ee m\u00e1me za sebou n\u00e1ro\u010dn\u00fd prvn\u00ed vrchol sez\u00f3ny, kter\u00fdm bylo MTB M\u010cR v Peci pod Sn\u011b\u017ekou, budou n\u00e1sleduj\u00edc\u00ed t\u0159i t\u00fddny regenere\u010dn\u00ed &#8211; bez organizovan\u00fdch &hellip; <a href=\"https:\/\/www.moravecteam.cz\/?p=12153\" class=\"more-link\">Pokra\u010dov\u00e1n\u00ed textu <span class=\"screen-reader-text\">Co se bude d\u00edt? (ST30)<\/span> <span class=\"meta-nav\">&rarr;<\/span><\/a><\/p>\n","protected":false},"author":3,"featured_media":12155,"comment_status":"open","ping_status":"closed","sticky":false,"template":"","format":"standard","meta":[],"categories":[11],"tags":[],"_links":{"self":[{"href":"https:\/\/www.moravecteam.cz\/index.php?rest_route=\/wp\/v2\/posts\/12153"}],"collection":[{"href":"https:\/\/www.moravecteam.cz\/index.php?rest_route=\/wp\/v2\/posts"}],"about":[{"href":"https:\/\/www.moravecteam.cz\/index.php?rest_route=\/wp\/v2\/types\/post"}],"author":[{"embeddable":true,"href":"https:\/\/www.moravecteam.cz\/index.php?rest_route=\/wp\/v2\/users\/3"}],"replies":[{"embeddable":true,"href":"https:\/\/www.moravecteam.cz\/index.php?rest_route=%2Fwp%2Fv2%2Fcomments&post=12153"}],"version-history":[{"count":3,"href":"https:\/\/www.moravecteam.cz\/index.php?rest_route=\/wp\/v2\/posts\/12153\/revisions"}],"predecessor-version":[{"id":12157,"href":"https:\/\/www.moravecteam.cz\/index.php?rest_route=\/wp\/v2\/posts\/12153\/revisions\/12157"}],"wp:featuredmedia":[{"embeddable":true,"href":"https:\/\/www.moravecteam.cz\/index.php?rest_route=\/wp\/v2\/media\/12155"}],"wp:attachment":[{"href":"https:\/\/www.moravecteam.cz\/index.php?rest_route=%2Fwp%2Fv2%2Fmedia&parent=12153"}],"wp:term":[{"taxonomy":"category","embeddable":true,"href":"https:\/\/www.moravecteam.cz\/index.php?rest_route=%2Fwp%2Fv2%2Fcategories&post=12153"},{"taxonomy":"post_tag","embeddable":true,"href":"https:\/\/www.moravecteam.cz\/index.php?rest_route=%2Fwp%2Fv2%2Ftags&post=12153"}],"curies":[{"name":"wp","href":"https:\/\/api.w.org\/{rel}","templated":true}]}}