{"id":12160,"date":"2018-07-30T23:40:28","date_gmt":"2018-07-30T21:40:28","guid":{"rendered":"http:\/\/www.moravecteam.cz\/?p=12160"},"modified":"2018-07-30T23:40:28","modified_gmt":"2018-07-30T21:40:28","slug":"co-se-bude-dit-st31-2","status":"publish","type":"post","link":"https:\/\/www.moravecteam.cz\/?p=12160","title":{"rendered":"Co se bude d\u00edt? (ST31)"},"content":{"rendered":"<p style=\"text-align: justify;\"><strong><span style=\"color: #800000;\">Druh\u00fdm t\u00fddnem (ze t\u0159\u00ed) pokra\u010duje regenera\u010dn\u00ed obdob\u00ed &#8211;\u00a0 bez organizovan\u00fdch \u00fatern\u00edch a st\u0159ede\u010dn\u00edch tr\u00e9nink\u016f. I v tomto \u010dase tr\u00e9nujte individu\u00e1ln\u011b, tak, abyste se udr\u017eeli v odpov\u00eddaj\u00edc\u00ed form\u011b na z\u00e1vody druh\u00e9 poloviny MTB &#8222;Vrchoviny&#8220;, kter\u00e1 bude pokra\u010dovat nejbli\u017e\u0161\u00edm z\u00e1vodem v sobotu 11. srpna v Bukov\u00e9 a\u00a0 jej\u00ed\u017e fin\u00e1le v p\u00e1tek 28. z\u00e1\u0159\u00ed ve Vyso\u010dina ar\u00e9n\u011b bude pro n\u00e1s druh\u00fdm vrcholem sez\u00f3ny.<\/span><\/strong><\/p>\n<h5 style=\"text-align: justify;\"><strong><span style=\"color: #800000;\">Sobota 4. 8. 2018\u00a0<\/span><\/strong><\/h5>\n<p style=\"text-align: justify;\">Tradi\u010dn\u00ed MTB maraton Valchovsk\u00fd &#8222;Drti\u010d&#8220;. Zde studujte ji\u017e po\u0159adateli vydan\u00e9 propozice:\u00a0<strong><a href=\"http:\/\/www.moravecteam.cz\/?attachment_id=12161\" rel=\"attachment wp-att-12161\">Propozice 8.ro\u010dn\u00edk Drti\u010d 4.8 2018<\/a> <\/strong><a href=\"http:\/\/www.moravecteam.cz\/?attachment_id=12162\" rel=\"attachment wp-att-12162\"><img decoding=\"async\" loading=\"lazy\" class=\"alignnone size-full wp-image-12162\" alt=\"DRTIC_plakat_2018-page-001\" src=\"http:\/\/www.moravecteam.cz\/wp-content\/uploads\/2018\/07\/DRTIC_plakat_2018-page-001.jpg\" width=\"317\" height=\"450\" srcset=\"https:\/\/www.moravecteam.cz\/wp-content\/uploads\/2018\/07\/DRTIC_plakat_2018-page-001.jpg 317w, https:\/\/www.moravecteam.cz\/wp-content\/uploads\/2018\/07\/DRTIC_plakat_2018-page-001-211x300.jpg 211w\" sizes=\"(max-width: 317px) 100vw, 317px\" \/><\/a><\/p>\n","protected":false},"excerpt":{"rendered":"<p>Druh\u00fdm t\u00fddnem (ze t\u0159\u00ed) pokra\u010duje regenera\u010dn\u00ed obdob\u00ed &#8211;\u00a0 bez organizovan\u00fdch \u00fatern\u00edch a st\u0159ede\u010dn\u00edch tr\u00e9nink\u016f. I v tomto \u010dase tr\u00e9nujte individu\u00e1ln\u011b, tak, abyste se udr\u017eeli v odpov\u00eddaj\u00edc\u00ed form\u011b na z\u00e1vody druh\u00e9 poloviny MTB &#8222;Vrchoviny&#8220;, kter\u00e1 bude pokra\u010dovat nejbli\u017e\u0161\u00edm z\u00e1vodem v sobotu 11. srpna v Bukov\u00e9 a\u00a0 jej\u00ed\u017e fin\u00e1le v p\u00e1tek 28. z\u00e1\u0159\u00ed ve Vyso\u010dina ar\u00e9n\u011b bude &hellip; <a href=\"https:\/\/www.moravecteam.cz\/?p=12160\" class=\"more-link\">Pokra\u010dov\u00e1n\u00ed textu <span class=\"screen-reader-text\">Co se bude d\u00edt? (ST31)<\/span> <span class=\"meta-nav\">&rarr;<\/span><\/a><\/p>\n","protected":false},"author":3,"featured_media":12164,"comment_status":"open","ping_status":"closed","sticky":false,"template":"","format":"standard","meta":[],"categories":[11],"tags":[],"_links":{"self":[{"href":"https:\/\/www.moravecteam.cz\/index.php?rest_route=\/wp\/v2\/posts\/12160"}],"collection":[{"href":"https:\/\/www.moravecteam.cz\/index.php?rest_route=\/wp\/v2\/posts"}],"about":[{"href":"https:\/\/www.moravecteam.cz\/index.php?rest_route=\/wp\/v2\/types\/post"}],"author":[{"embeddable":true,"href":"https:\/\/www.moravecteam.cz\/index.php?rest_route=\/wp\/v2\/users\/3"}],"replies":[{"embeddable":true,"href":"https:\/\/www.moravecteam.cz\/index.php?rest_route=%2Fwp%2Fv2%2Fcomments&post=12160"}],"version-history":[{"count":1,"href":"https:\/\/www.moravecteam.cz\/index.php?rest_route=\/wp\/v2\/posts\/12160\/revisions"}],"predecessor-version":[{"id":12163,"href":"https:\/\/www.moravecteam.cz\/index.php?rest_route=\/wp\/v2\/posts\/12160\/revisions\/12163"}],"wp:featuredmedia":[{"embeddable":true,"href":"https:\/\/www.moravecteam.cz\/index.php?rest_route=\/wp\/v2\/media\/12164"}],"wp:attachment":[{"href":"https:\/\/www.moravecteam.cz\/index.php?rest_route=%2Fwp%2Fv2%2Fmedia&parent=12160"}],"wp:term":[{"taxonomy":"category","embeddable":true,"href":"https:\/\/www.moravecteam.cz\/index.php?rest_route=%2Fwp%2Fv2%2Fcategories&post=12160"},{"taxonomy":"post_tag","embeddable":true,"href":"https:\/\/www.moravecteam.cz\/index.php?rest_route=%2Fwp%2Fv2%2Ftags&post=12160"}],"curies":[{"name":"wp","href":"https:\/\/api.w.org\/{rel}","templated":true}]}}