{"id":12186,"date":"2018-08-06T22:43:09","date_gmt":"2018-08-06T20:43:09","guid":{"rendered":"http:\/\/www.moravecteam.cz\/?p=12186"},"modified":"2018-08-07T07:14:58","modified_gmt":"2018-08-07T05:14:58","slug":"okolo-trebone","status":"publish","type":"post","link":"https:\/\/www.moravecteam.cz\/?p=12186","title":{"rendered":"Okolo T\u0159ebon\u011b&#8230;"},"content":{"rendered":"<p style=\"text-align: justify;\"><strong><span style=\"color: #800000;\">Ano, pravda, okolo T\u0159ebon\u011b,\u00a0na mnoh\u00fdch m\u00edstech pasou se tam kon\u011b, p\u0159edev\u0161\u00edm je to ale krajina\u00a0zn\u00e1m\u00e1 d\u00edky legend\u00e1rn\u00edmu <a href=\"https:\/\/cs.wikipedia.org\/wiki\/Jakub_Kr%C4%8D%C3%ADn\">Jakubu Kr\u010d\u00ednovi <\/a>hustou s\u00edt\u00ed rybn\u00edk\u016f a p\u0159edev\u0161\u00edm &#8211; a to je n\u00e1pln\u00ed t\u00e9to aktuality &#8211; byla tato lokalita vybr\u00e1na pro leto\u0161ek v posledn\u00edm \u010dervencov\u00e9m t\u00fddnu jako c\u00edlov\u00fd prostor\u00a0l\u00e9ty ji\u017e tradi\u010dn\u00edho\u00a0cykloputov\u00e1n\u00ed MORAVEC Teamu.<\/span><\/strong><\/p>\n<figure id=\"attachment_12204\" aria-describedby=\"caption-attachment-12204\" style=\"width: 2000px\" class=\"wp-caption alignnone\"><a href=\"http:\/\/www.moravecteam.cz\/?attachment_id=12204\" rel=\"attachment wp-att-12204\"><img decoding=\"async\" loading=\"lazy\" class=\" wp-image-12204\" alt=\"02\" src=\"http:\/\/www.moravecteam.cz\/wp-content\/uploads\/2018\/08\/02.jpg\" width=\"2000\" height=\"1559\" srcset=\"https:\/\/www.moravecteam.cz\/wp-content\/uploads\/2018\/08\/02.jpg 2000w, https:\/\/www.moravecteam.cz\/wp-content\/uploads\/2018\/08\/02-300x233.jpg 300w, https:\/\/www.moravecteam.cz\/wp-content\/uploads\/2018\/08\/02-1024x798.jpg 1024w\" sizes=\"(max-width: 2000px) 100vw, 2000px\" \/><\/a><figcaption id=\"caption-attachment-12204\" class=\"wp-caption-text\">Na na\u0161em cykloputov\u00e1n\u00ed za\u017e\u00edv\u00e1me zpravidla nejedno zaj\u00edmav\u00e9 setk\u00e1n\u00ed&#8230;<\/figcaption><\/figure>\n<p style=\"text-align: justify;\">A byla to volba veskrze \u0161\u0165astn\u00e1. Rovinat\u00fd ter\u00e9n v t\u00e9to krajin\u011b byl regenera\u010dn\u00edm balz\u00e1mem pro v\u00edce jak \u00a0dvac\u00edtku state\u010dn\u00fdch (nejen) MORAVC\u016e, kte\u0159\u00ed se ani letos neb\u00e1li j\u00edt do riskantn\u00ed akce&#8230; V\u017edy\u0165\u00a0 kempu bezprost\u0159edn\u011b p\u0159edch\u00e1zela t\u0159\u00eddenn\u00ed dramatick\u00e1 bikov\u00e1 kl\u00e1n\u00ed v r\u00e1mci Mistrovstv\u00ed \u010cR v Peci pod Sn\u011b\u017ekou, za aktivn\u00ed a vesm\u011bs \u00fasp\u011b\u0161n\u00e9 \u00fa\u010dasti bezm\u00e1la dvou tuct\u016f borc\u016f a borek z MORAVCE. A na zklidn\u011bn\u00ed tepov\u00fdch frekvenc\u00ed z dramatick\u00fdch boj\u016f na &#8222;Krkono\u0161sk\u00e9m poli&#8220; nemohlo b\u00fdt ordinov\u00e1no za dan\u00e9 situace nic lep\u0161\u00edho, ne\u017e co jsme za\u017eili v posledn\u00edm pracovn\u00edm \u010dervencov\u00e9m t\u00fddnu na cest\u00e1ch &#8211; stezk\u00e1ch pro cyklisty v okol\u00ed T\u0159ebon\u011b.<\/p>\n<figure id=\"attachment_12206\" aria-describedby=\"caption-attachment-12206\" style=\"width: 1622px\" class=\"wp-caption alignnone\"><a href=\"http:\/\/www.moravecteam.cz\/?attachment_id=12206\" rel=\"attachment wp-att-12206\"><img decoding=\"async\" loading=\"lazy\" class=\" wp-image-12206\" alt=\"04\" src=\"http:\/\/www.moravecteam.cz\/wp-content\/uploads\/2018\/08\/04.jpg\" width=\"1622\" height=\"1104\" srcset=\"https:\/\/www.moravecteam.cz\/wp-content\/uploads\/2018\/08\/04.jpg 1622w, https:\/\/www.moravecteam.cz\/wp-content\/uploads\/2018\/08\/04-300x204.jpg 300w, https:\/\/www.moravecteam.cz\/wp-content\/uploads\/2018\/08\/04-1024x696.jpg 1024w\" sizes=\"(max-width: 1622px) 100vw, 1622px\" \/><\/a><figcaption id=\"caption-attachment-12206\" class=\"wp-caption-text\">T\u0159ebo\u0148 je moc kr\u00e1sn\u00e9 m\u011bste\u010dko, v pravd\u011b jako ze &#8222;\u0161katulky&#8220;&#8230;<\/figcaption><\/figure>\n<p style=\"text-align: justify;\">Bezva bylo i to, \u017ee jsme se mohli pln\u011b spolehnout na znalce m\u00edstn\u00edho ter\u00e9nu: od pond\u011bl\u00ed do st\u0159edy plnil neomyln\u011b funkci &#8222;stopa\u0159e&#8220; Libor Barto\u0161, aby od \u010dtvrtka do p\u00e1tku tento post velice profesion\u00e1ln\u011b p\u0159evzal Pe\u0165a N\u011bmec. Na\u0161e do\u010dasn\u00e1 z\u00e1kladna se nach\u00e1zela v rekrea\u010dn\u00edm st\u0159edisku Tu\u0161\u0165, vesni\u010dce, soused\u00edc\u00ed s mo\u017en\u00e1 v\u00edce zn\u00e1m\u00fdm (p\u0159edev\u0161\u00edm ve vod\u00e1ck\u00e9 komunit\u011b) Suchdolem nad Lu\u017enic\u00ed, kam jsme se v pr\u016fb\u011bhu pond\u011blka\u00a0 v\u0161ichni,\u00a0tentokr\u00e1t v\u00fdhradn\u011b invazn\u00edmi vozidly &#8211; p\u0159esunuli. Nicm\u00e9n\u011b od \u00fater\u00fd a\u017e do p\u00e1tku jsem denn\u011b poctiv\u011b zdol\u00e1valy tolik pot\u0159ebn\u00e9 regenera\u010dn\u00ed kilometry v p\u0159ekr\u00e1sn\u00e9 m\u00edstn\u00ed krajin\u011b. Po\u010das\u00ed n\u00e1m p\u0159\u00e1lo &#8222;do punt\u00edku&#8220; a \u017ee bylo mo\u017en\u00e1 teplotn\u011b tro\u0161ku nad pr\u016fm\u011br ani tak moc nevadilo: lesy, kter\u00e9 krajinu rybn\u00edk\u016f obklopuj\u00ed, n\u00e1m ka\u017ed\u00fd den poskytovaly blahod\u00e1rn\u00fd st\u00edn&#8230;<\/p>\n<figure id=\"attachment_12205\" aria-describedby=\"caption-attachment-12205\" style=\"width: 1536px\" class=\"wp-caption alignnone\"><a href=\"http:\/\/www.moravecteam.cz\/?attachment_id=12205\" rel=\"attachment wp-att-12205\"><img decoding=\"async\" loading=\"lazy\" class=\" wp-image-12205\" alt=\"03\" src=\"http:\/\/www.moravecteam.cz\/wp-content\/uploads\/2018\/08\/03.jpg\" width=\"1536\" height=\"1408\" srcset=\"https:\/\/www.moravecteam.cz\/wp-content\/uploads\/2018\/08\/03.jpg 1536w, https:\/\/www.moravecteam.cz\/wp-content\/uploads\/2018\/08\/03-300x275.jpg 300w, https:\/\/www.moravecteam.cz\/wp-content\/uploads\/2018\/08\/03-1024x938.jpg 1024w\" sizes=\"(max-width: 1536px) 100vw, 1536px\" \/><\/a><figcaption id=\"caption-attachment-12205\" class=\"wp-caption-text\">Dvoj\u010data?<\/figcaption><\/figure>\n<p style=\"text-align: justify;\">Po aklimatiza\u010dn\u00edm pond\u011blku jsme u\u017e v \u00fater\u00fd v 9.30 vyrazili na prvn\u00ed invazn\u00ed v\u00fdboj, kdy\u017e c\u00edlem bylo m\u011bste\u010dko T\u0159ebo\u0148, kter\u00e9 je proslul\u00e9 nejen m\u00edstn\u00edm z\u00e1mkem, ale i p\u0159ilehl\u00fdm rybn\u00edkem Sv\u011bt a tak\u00e9 nap\u0159\u00edklad hrobkou rodu Schwarzenberg\u016f. V\u0161echny tyto t\u0159i pozoruhodnosti jsme si pl\u00e1novan\u011b &#8222;schovali&#8220; a\u017e na \u010dtvrte\u010dn\u00ed v\u00fdpravu,\u00a0to v\u00a0\u00fater\u00fd n\u00e1m bohat\u011b sta\u010dilo &#8222;okouknout&#8220; a obdivovat m\u011bste\u010dko T\u0159ebo\u0148 v jeho prost\u00e9m, nicm\u00e9n\u011b kr\u00e1sn\u00e9m &#8222;z\u00e1kladn\u00edm levelu&#8220;. Po n\u00e1vratu na z\u00e1kladnu jsme s uspokojen\u00edm mohli konstatovat, \u017ee m\u00e1me &#8222;nakouceno&#8220; prvn\u00edch 52 km..! \u00datern\u00ed ve\u010der byl ve znamen\u00ed t\u00e1bor\u00e1ku a tak trochu sv\u00e1te\u010dn\u00ed: oslavili jsme Jon\u00e1\u0161ka Janovsk\u00e9ho &#8211; resp. jeho \u00fasp\u011bchy z &#8222;mistrovsk\u00e9 Pece&#8220; &#8211; titul vicemistra a jeho v\u00edt\u011bzstv\u00ed v leto\u0161n\u00edm \u010cesk\u00e9m poh\u00e1ru!<\/p>\n<figure id=\"attachment_12207\" aria-describedby=\"caption-attachment-12207\" style=\"width: 2000px\" class=\"wp-caption alignnone\"><a href=\"http:\/\/www.moravecteam.cz\/?attachment_id=12207\" rel=\"attachment wp-att-12207\"><img decoding=\"async\" loading=\"lazy\" class=\" wp-image-12207\" alt=\"05\" src=\"http:\/\/www.moravecteam.cz\/wp-content\/uploads\/2018\/08\/05.jpg\" width=\"2000\" height=\"954\" srcset=\"https:\/\/www.moravecteam.cz\/wp-content\/uploads\/2018\/08\/05.jpg 2000w, https:\/\/www.moravecteam.cz\/wp-content\/uploads\/2018\/08\/05-300x143.jpg 300w, https:\/\/www.moravecteam.cz\/wp-content\/uploads\/2018\/08\/05-1024x488.jpg 1024w\" sizes=\"(max-width: 2000px) 100vw, 2000px\" \/><\/a><figcaption id=\"caption-attachment-12207\" class=\"wp-caption-text\">MORAVCI i jako zdatn\u00ed plavci!<\/figcaption><\/figure>\n<p style=\"text-align: justify;\">Zat\u00edm co v \u00fater\u00fd jsme &#8222;brousili&#8220; od z\u00e1kladny z\u00e1padn\u011b, ve st\u0159edu to byl sm\u011br opa\u010dn\u00fd. V obci Lutov\u00e1 jsme za\u017eili prvn\u00ed a jedinou &#8222;horskou&#8220; pr\u00e9mii v r\u00e1mci cel\u00e9ho kempu &#8211;\u00a0v\u00fd\u0161lap k m\u00edstn\u00edmu kostelu a n\u00e1sledn\u011b k nedalek\u00e9 z\u0159\u00edcenin\u011b b\u00fdval\u00e9ho kostela. P\u0159esun do restaurace v obci Sta\u0148kov, kter\u00e1 je pov\u011bstn\u00e1 ryb\u00edmi specialitami, byl n\u00e1slednou d\u00edl\u010d\u00ed etapou na\u0161\u00ed st\u0159ede\u010dn\u00ed cesty. Po oba \u00favodn\u00ed dny vedla na\u0161e cesta kolem zatopen\u00e9ho p\u00edskov\u00e9ho lomu a Ti z n\u00e1s, kte\u0159\u00ed byli hodn\u011b koup\u00e1n\u00ed chtiv\u00ed, ani jednou neopomn\u011bli p\u0159ibrzdit a oddat se \u010dist\u00e9 p\u0159\u00edrodn\u00ed vod\u011b o teplot\u011b cca 24\u00b0C&#8230; A pro \u00faplnost dopln\u00edm, \u017ee i ve st\u0159edu jsme &#8222;nakroutili&#8220;\u00a0 op\u011bt (plus \/ m\u00ednus) \u00a0&#8222;pades\u00e1tku&#8220;&#8230;<\/p>\n<figure id=\"attachment_12208\" aria-describedby=\"caption-attachment-12208\" style=\"width: 2000px\" class=\"wp-caption alignnone\"><a href=\"http:\/\/www.moravecteam.cz\/?attachment_id=12208\" rel=\"attachment wp-att-12208\"><img decoding=\"async\" loading=\"lazy\" class=\" wp-image-12208\" alt=\"06\" src=\"http:\/\/www.moravecteam.cz\/wp-content\/uploads\/2018\/08\/06.jpg\" width=\"2000\" height=\"1144\" srcset=\"https:\/\/www.moravecteam.cz\/wp-content\/uploads\/2018\/08\/06.jpg 2000w, https:\/\/www.moravecteam.cz\/wp-content\/uploads\/2018\/08\/06-300x171.jpg 300w, https:\/\/www.moravecteam.cz\/wp-content\/uploads\/2018\/08\/06-1024x585.jpg 1024w\" sizes=\"(max-width: 2000px) 100vw, 2000px\" \/><\/a><figcaption id=\"caption-attachment-12208\" class=\"wp-caption-text\">U t\u00e1bor\u00e1ku slav\u00edme Jon\u00e1\u0161kova v\u00edt\u011bzsv\u00ed z Pece pod Sn\u011b\u017ekou.<\/figcaption><\/figure>\n<p style=\"text-align: justify;\">Na\u0161e dal\u0161\u00ed &#8211; u\u017e \u010dtvrte\u010dn\u00ed cyklo aktivity byly tro\u0161ku atypick\u00e9. S vyu\u017eit\u00edm na\u0161ich invazn\u00edch vozidel, jsme provedli v\u00fdsadek op\u011bt do T\u0159ebon\u011b, kde jsme si\u00a0p\u0159ed polednem\u00a0prohl\u00e9dli m\u00edstn\u00ed z\u00e1mek, v\u010detn\u011b jeho kr\u00e1sn\u00e9\u00a0 zahrady. \u00a0Po t\u00e9to n\u00e1v\u0161t\u011bv\u011b u\u017e nap\u0159\u00edklad (mimo jin\u00e9) v\u00edme, pro\u010d byl rodu Schwarzenberg\u016f\u00a0z\u00e1mek Orl\u00edk vr\u00e1cen a T\u0159ebo\u0148 ne&#8230; N\u00e1sledn\u011b vyv\u00e1d\u00edme &#8222;ze st\u00e1j\u00ed&#8220; (z invazn\u00edch vozidel) na\u0161e &#8222;o\u0159e&#8220;, hbit\u011b na n\u011b naskakujeme a \u0159\u00e1dn\u011b napru\u017een\u00ed vyr\u00e1\u017e\u00edme na cestu kolem Sv\u011bta! Samoz\u0159ejm\u011b \u0161lo o cestu kolem rybn\u00edka Sv\u011bt, p\u0159i n\u00ed\u017e jsme okoukli ji\u017e v\u00fd\u0161e zm\u00edn\u011bnou hrobku rodu Schwarzenberg\u016f, kter\u00e1 n\u00e1s &#8211; tedy alespo\u0148 m\u011b &#8211; svoj\u00ed velkorysost\u00ed a honosnost\u00ed &#8211; hodn\u011b udivila&#8230; Cesta kolem Sv\u011bta byla dobr\u00fdm tr\u00e9ninkem cross country, paradoxn\u011b ji Petr Koudelka\u00a0 musel jet bez p\u0159\u00edlby, kterou r\u00e1no na z\u00e1kladn\u011b zapomn\u011bl&#8230;\u00a0Ne nadarmo\u00a0se \u0159\u00edk\u00e1, \u017ee &#8222;Kov\u00e1\u0159ova kobyla chod\u00ed (\u010dasto) bosa&#8220;&#8230;<\/p>\n<figure id=\"attachment_12209\" aria-describedby=\"caption-attachment-12209\" style=\"width: 1271px\" class=\"wp-caption alignnone\"><a href=\"http:\/\/www.moravecteam.cz\/?attachment_id=12209\" rel=\"attachment wp-att-12209\"><img decoding=\"async\" loading=\"lazy\" class=\" wp-image-12209\" alt=\"07\" src=\"http:\/\/www.moravecteam.cz\/wp-content\/uploads\/2018\/08\/07.jpg\" width=\"1271\" height=\"976\" srcset=\"https:\/\/www.moravecteam.cz\/wp-content\/uploads\/2018\/08\/07.jpg 1271w, https:\/\/www.moravecteam.cz\/wp-content\/uploads\/2018\/08\/07-300x230.jpg 300w, https:\/\/www.moravecteam.cz\/wp-content\/uploads\/2018\/08\/07-1024x786.jpg 1024w\" sizes=\"(max-width: 1271px) 100vw, 1271px\" \/><\/a><figcaption id=\"caption-attachment-12209\" class=\"wp-caption-text\">Cestou \/ necestou kolem rybn\u00edk\u016f i ve st\u0159edu.<\/figcaption><\/figure>\n<p style=\"text-align: justify;\">\u010ctvrte\u010dn\u00ed ve\u010der byl v r\u00e1mci t\u0159ebo\u0148sk\u00e9 invaze na z\u00e1kladn\u011b Tu\u0161\u0165 ji\u017e na\u0161\u00edm spole\u010dn\u00fdm posledn\u00edm a tud\u00ed\u017e op\u011bt tro\u0161ku slavnostn\u011bj\u0161\u00edm. State\u010dn\u00e9 d\u011bti, kter\u00e9 do toho letos s n\u00e1mi srdnat\u011b \u0161ly, byly dekorov\u00e1ny medailemi, o grilovanou ve\u010de\u0159i se perfektn\u011b postaral n\u00e1\u0161 \u010dtvrte\u010dn\u00ed i p\u00e1te\u010dn\u00ed &#8222;v\u016fdce&#8220; Pe\u0165a N\u011bmec, po setm\u011bn\u00ed nechyb\u011bla ani stezka odvahy,\u00a0 po roce ani diskot\u00e9ka, kdy\u017e zdatn\u00fdmi &#8222;d\u00fdd\u017eejkami&#8220; se op\u011bt uk\u00e1zaly Sabina s Ad\u00e9lkou. Na\u0161e &#8222;d\u00fdza&#8220; dokonce p\u0159il\u00e1kala i hosta &#8211; \u017eenu mimo na\u0161i skupinu, vzhledem ale k nevhodnosti jej\u00edho tane\u010dn\u00edho \u00faboru, jsme ji \u00fa\u010dast mezi n\u00e1mi rad\u0161i vymluvili&#8230;<\/p>\n<figure id=\"attachment_12210\" aria-describedby=\"caption-attachment-12210\" style=\"width: 2000px\" class=\"wp-caption alignnone\"><a href=\"http:\/\/www.moravecteam.cz\/?attachment_id=12210\" rel=\"attachment wp-att-12210\"><img decoding=\"async\" loading=\"lazy\" class=\" wp-image-12210\" alt=\"08\" src=\"http:\/\/www.moravecteam.cz\/wp-content\/uploads\/2018\/08\/08.jpg\" width=\"2000\" height=\"1350\" srcset=\"https:\/\/www.moravecteam.cz\/wp-content\/uploads\/2018\/08\/08.jpg 2000w, https:\/\/www.moravecteam.cz\/wp-content\/uploads\/2018\/08\/08-300x202.jpg 300w, https:\/\/www.moravecteam.cz\/wp-content\/uploads\/2018\/08\/08-1024x691.jpg 1024w\" sizes=\"(max-width: 2000px) 100vw, 2000px\" \/><\/a><figcaption id=\"caption-attachment-12210\" class=\"wp-caption-text\">Spole\u010dn\u00e9 foto ve z\u0159\u00edcenin\u011b kostela nad obc\u00ed Lutov\u00e1.<\/figcaption><\/figure>\n<p style=\"text-align: justify;\">\u017de u\u017e taky v\u00edme, co \u017ee je to za n\u00e1poj se jm\u00e9nem Cola Pi\u0148\u00e1da (nebo Pi\u0148a Col\u00e1da? &#8211; nev\u00edm, po\u0159\u00e1d se mi to plete), kter\u00fd n\u00e1m ve \u010dtvrtek ve\u010der &#8222;ordinoval&#8220; ofici\u00e1ln\u00ed doktor na\u0161\u00ed v\u00fdprvy, Ivan Jur\u00e1nek, i\u00a0tato znalost\u00a0je d\u00edky leto\u0161n\u00edmu cyklo putov\u00e1n\u00ed. Kdo \u017ee je nov\u011b odd\u00edlovou pan\u00ed Kadrno\u0161kovou a kdo Jonat\u00e1nem, to u\u017e je taky obecn\u011b\u00a0v podv\u011bdom\u00ed&#8230; \u017de krom\u011b anglosask\u00e9ho jm\u00e9na na\u0161eho mal\u00e9ho \u0161ampi\u00f3na Jon\u00e1\u0161ka Janovsk\u00e9ho, kter\u00e9 zn\u00ed &#8222;D\u017eonas D\u017eanowsky&#8220; m\u00e1 tento borec po kempu u\u017e i jm\u00e9no ryze portugalsko \/ \u0161pan\u011blsk\u00e9 &#8211; &#8222;Joninho&#8220; (\u010dti D\u017eoni\u0148u) &#8211;\u00a0i toto je dal\u0161\u00ed pozitivn\u00ed v\u00fdsledek na\u0161\u00ed leto\u0161n\u00ed t\u0159ebo\u0148sk\u00e9 mise&#8230;<\/p>\n<figure id=\"attachment_12212\" aria-describedby=\"caption-attachment-12212\" style=\"width: 1429px\" class=\"wp-caption alignnone\"><a href=\"http:\/\/www.moravecteam.cz\/?attachment_id=12212\" rel=\"attachment wp-att-12212\"><img decoding=\"async\" loading=\"lazy\" class=\" wp-image-12212\" alt=\"09a\" src=\"http:\/\/www.moravecteam.cz\/wp-content\/uploads\/2018\/08\/09a.jpg\" width=\"1429\" height=\"1351\" srcset=\"https:\/\/www.moravecteam.cz\/wp-content\/uploads\/2018\/08\/09a.jpg 1429w, https:\/\/www.moravecteam.cz\/wp-content\/uploads\/2018\/08\/09a-25x25.jpg 25w, https:\/\/www.moravecteam.cz\/wp-content\/uploads\/2018\/08\/09a-300x283.jpg 300w, https:\/\/www.moravecteam.cz\/wp-content\/uploads\/2018\/08\/09a-1024x968.jpg 1024w\" sizes=\"(max-width: 1429px) 100vw, 1429px\" \/><\/a><figcaption id=\"caption-attachment-12212\" class=\"wp-caption-text\">Hrobka rodu Schwarzenberg. Par\u00e1dn\u00ed kousek&#8230;<\/figcaption><\/figure>\n<p style=\"text-align: justify;\">Kter\u00e1 ale \u010dtvrtkem zdaleka nekon\u010dila! Na\u0161e hladovost po je\u017ed\u011bn\u00ed n\u00e1m vydr\u017eela je\u0161t\u011b i v p\u00e1tek dopoledne, by\u0165 se u\u017e jednalo &#8222;pouze&#8220; asi o 12 km okruh,\u00a0jeho\u017e\u00a0prvn\u00edm c\u00edlem byl \u00a0zaj\u00edmav\u00fd sm\u011brov\u00fd ukazatel, pos\u00edlaj\u00edc\u00ed cestuj\u00edc\u00ed nap\u0159\u00edklad do m\u00edst, kde &#8222;z\u00e1da ztr\u00e1cej\u00ed sv\u00e9 slu\u0161n\u00e9 jm\u00e9no&#8220;\u00a0 a n\u00e1sledn\u00e1 zaj\u00ed\u017e\u010fka do cukr\u00e1rny s v\u00fdborn\u00fdmi z\u00e1kusky, k\u00e1vi\u010dkou a pivem zna\u010dky &#8222;Bernard&#8220;. Cukry bylo zkr\u00e1tka nutno pr\u016fb\u011b\u017en\u011b dopl\u0148ovat&#8230; Samoz\u0159ejm\u011b po erudovan\u00fdm l\u00e9ka\u0159sk\u00fdm (man\u017eel\u00e9 Jur\u00e1nkovi) a tren\u00e9rsk\u00fdm (Milan Tlamka) dohledem&#8230; Sladk\u00e1 to p\u00e1te\u010dn\u00ed poledn\u00ed te\u010dka za pohodov\u00fdm, slun\u00ed\u010dkem pro\u0161pikovan\u00fdm \u00a0a\u00a0legrac\u00ed, \u00fasm\u011bvy \u00a0a dobrou n\u00e1ladou\u00a0&#8222;navon\u011bn\u00fdm&#8220;\u00a0je\u017ed\u011bn\u00edm \u00a0sem tam okolo T\u0159ebon\u011b&#8230;<\/p>\n<figure id=\"attachment_12213\" aria-describedby=\"caption-attachment-12213\" style=\"width: 2000px\" class=\"wp-caption alignnone\"><a href=\"http:\/\/www.moravecteam.cz\/?attachment_id=12213\" rel=\"attachment wp-att-12213\"><img decoding=\"async\" loading=\"lazy\" class=\" wp-image-12213\" alt=\"10\" src=\"http:\/\/www.moravecteam.cz\/wp-content\/uploads\/2018\/08\/10.jpg\" width=\"2000\" height=\"1881\" srcset=\"https:\/\/www.moravecteam.cz\/wp-content\/uploads\/2018\/08\/10.jpg 2000w, https:\/\/www.moravecteam.cz\/wp-content\/uploads\/2018\/08\/10-25x25.jpg 25w, https:\/\/www.moravecteam.cz\/wp-content\/uploads\/2018\/08\/10-300x282.jpg 300w, https:\/\/www.moravecteam.cz\/wp-content\/uploads\/2018\/08\/10-1024x963.jpg 1024w\" sizes=\"(max-width: 2000px) 100vw, 2000px\" \/><\/a><figcaption id=\"caption-attachment-12213\" class=\"wp-caption-text\">Tak kam se d\u00e1me tentokr\u00e1t?<\/figcaption><\/figure>\n<p style=\"text-align: justify;\">A kdo byli skute\u010dn\u00ed hrdinov\u00e9 t\u011bch p\u011bti pohodov\u00fdch dn\u016f? Ur\u010dit\u011b mi d\u00e1te za pravdu, \u017ee &#8222;Joninho&#8220; Jon\u00e1\u0161ek Janovsk\u00fd s Leonkou Eclerovou. Oba toti\u017e najezdili t\u011bch celkov\u00fdch cca 130 km jako v\u0161ichni ostatn\u00ed, Leonka se nav\u00edc musela vyrovnat s otokem oka po p\u00edchnut\u00ed n\u011bjak\u00fdm hmyz\u00edm prev\u00edtem&#8230; Na dva dny se tak z n\u00ed v pravd\u011b stala &#8222;Jani\u010dka \u017di\u017ekov\u00e1&#8220;, a pr\u00e1v\u011b v t\u011bchto slo\u017eit\u00fdch hodin\u00e1ch uk\u00e1zala svoji state\u010dnost a odolnost! Bravo MORAVEC! Sem mrkn\u011bte na pr\u016fkazn\u00e9 fotogalerie, kter\u00e9 dokresluj\u00ed p\u0159edchoz\u00ed text:<\/p>\n<ul>\n<li><strong><a href=\"https:\/\/moravecteam.rajce.idnes.cz\/2018.07.23-24_Kemp_Tust_Trebonsko\/\">Fotogalerie \u010d.1<\/a><\/strong><\/li>\n<li><strong><a href=\"https:\/\/moravecteam.rajce.idnes.cz\/2018.07.25_Kemp_Tust_Trebonsko\/\">Fotogalerie \u010d.2<\/a><\/strong><\/li>\n<li><strong><a href=\"https:\/\/moravecteam.rajce.idnes.cz\/2018.07.26_Kemp_Tust_Trebonsko\/\">Fotogalerie \u010d.3<\/a><\/strong><\/li>\n<li><strong><a href=\"https:\/\/moravecteam.rajce.idnes.cz\/2018.07.27_Kemp_Tust_Trebonsko\/\">Fotogalerie \u010d.4<\/a><\/strong><\/li>\n<\/ul>\n<figure id=\"attachment_12214\" aria-describedby=\"caption-attachment-12214\" style=\"width: 1620px\" class=\"wp-caption alignnone\"><a href=\"http:\/\/www.moravecteam.cz\/?attachment_id=12214\" rel=\"attachment wp-att-12214\"><img decoding=\"async\" loading=\"lazy\" class=\" wp-image-12214\" alt=\"11\" src=\"http:\/\/www.moravecteam.cz\/wp-content\/uploads\/2018\/08\/11.jpg\" width=\"1620\" height=\"1236\" srcset=\"https:\/\/www.moravecteam.cz\/wp-content\/uploads\/2018\/08\/11.jpg 1620w, https:\/\/www.moravecteam.cz\/wp-content\/uploads\/2018\/08\/11-300x228.jpg 300w, https:\/\/www.moravecteam.cz\/wp-content\/uploads\/2018\/08\/11-1024x781.jpg 1024w\" sizes=\"(max-width: 1620px) 100vw, 1620px\" \/><\/a><figcaption id=\"caption-attachment-12214\" class=\"wp-caption-text\">MORAVCI okolo T\u0159ebon\u011b v akci.<\/figcaption><\/figure>\n<p style=\"text-align: justify;\">\n","protected":false},"excerpt":{"rendered":"<p>Ano, pravda, okolo T\u0159ebon\u011b,\u00a0na mnoh\u00fdch m\u00edstech pasou se tam kon\u011b, p\u0159edev\u0161\u00edm je to ale krajina\u00a0zn\u00e1m\u00e1 d\u00edky legend\u00e1rn\u00edmu Jakubu Kr\u010d\u00ednovi hustou s\u00edt\u00ed rybn\u00edk\u016f a p\u0159edev\u0161\u00edm &#8211; a to je n\u00e1pln\u00ed t\u00e9to aktuality &#8211; byla tato lokalita vybr\u00e1na pro leto\u0161ek v posledn\u00edm \u010dervencov\u00e9m t\u00fddnu jako c\u00edlov\u00fd prostor\u00a0l\u00e9ty ji\u017e tradi\u010dn\u00edho\u00a0cykloputov\u00e1n\u00ed MORAVEC Teamu. A byla to volba veskrze \u0161\u0165astn\u00e1. &hellip; <a href=\"https:\/\/www.moravecteam.cz\/?p=12186\" class=\"more-link\">Pokra\u010dov\u00e1n\u00ed textu <span class=\"screen-reader-text\">Okolo T\u0159ebon\u011b&#8230;<\/span> <span class=\"meta-nav\">&rarr;<\/span><\/a><\/p>\n","protected":false},"author":3,"featured_media":12203,"comment_status":"open","ping_status":"closed","sticky":false,"template":"","format":"standard","meta":[],"categories":[13],"tags":[],"_links":{"self":[{"href":"https:\/\/www.moravecteam.cz\/index.php?rest_route=\/wp\/v2\/posts\/12186"}],"collection":[{"href":"https:\/\/www.moravecteam.cz\/index.php?rest_route=\/wp\/v2\/posts"}],"about":[{"href":"https:\/\/www.moravecteam.cz\/index.php?rest_route=\/wp\/v2\/types\/post"}],"author":[{"embeddable":true,"href":"https:\/\/www.moravecteam.cz\/index.php?rest_route=\/wp\/v2\/users\/3"}],"replies":[{"embeddable":true,"href":"https:\/\/www.moravecteam.cz\/index.php?rest_route=%2Fwp%2Fv2%2Fcomments&post=12186"}],"version-history":[{"count":11,"href":"https:\/\/www.moravecteam.cz\/index.php?rest_route=\/wp\/v2\/posts\/12186\/revisions"}],"predecessor-version":[{"id":12221,"href":"https:\/\/www.moravecteam.cz\/index.php?rest_route=\/wp\/v2\/posts\/12186\/revisions\/12221"}],"wp:featuredmedia":[{"embeddable":true,"href":"https:\/\/www.moravecteam.cz\/index.php?rest_route=\/wp\/v2\/media\/12203"}],"wp:attachment":[{"href":"https:\/\/www.moravecteam.cz\/index.php?rest_route=%2Fwp%2Fv2%2Fmedia&parent=12186"}],"wp:term":[{"taxonomy":"category","embeddable":true,"href":"https:\/\/www.moravecteam.cz\/index.php?rest_route=%2Fwp%2Fv2%2Fcategories&post=12186"},{"taxonomy":"post_tag","embeddable":true,"href":"https:\/\/www.moravecteam.cz\/index.php?rest_route=%2Fwp%2Fv2%2Ftags&post=12186"}],"curies":[{"name":"wp","href":"https:\/\/api.w.org\/{rel}","templated":true}]}}